{"id":12903,"date":"2019-02-28T13:39:37","date_gmt":"2019-02-28T12:39:37","guid":{"rendered":"https:\/\/www.article-marketing.eu\/comunicatistampa\/?p=12903"},"modified":"2019-02-28T13:39:38","modified_gmt":"2019-02-28T12:39:38","slug":"si-arricchisce-la-linea-i-granripieni-di-fini-con-i-ravioli-pancetta-e-grana-padano","status":"publish","type":"post","link":"https:\/\/www.article-marketing.eu\/comunicatistampa\/si-arricchisce-la-linea-i-granripieni-di-fini-con-i-ravioli-pancetta-e-grana-padano\/","title":{"rendered":"Si arricchisce la linea \u201cI Granripieni\u201d di Fini con i Ravioli Pancetta e Grana Padano"},"content":{"rendered":"<p><em>Una nuova referenza nel segno della migliore tradizione culinaria italiana si aggiunge alla selezionata gamma di pasta fresca ripiena di Modena.<\/em><\/p>\n<p>\u201cI Granripieni\u201d di <strong>Fini<\/strong> \u2013 linea <strong>premium<\/strong> dello storico brand emiliano nato a Modena nel 1912 e specializzato nella pasta fresca ripiena \u2013 si arricchisce di una nuova sfiziosa proposta, perfetta per chi ricerca un gusto ricco e deciso preservando un abbinamento tradizionale tipico della tradizione culinaria del nostro Paese. Si tratta dei <strong>Ravioli Pancetta e Grana Padano<\/strong>: una ricetta saporita e appetitosa con una forte riconoscibilit\u00e0 in percentuale del <strong>grana padana DOP<\/strong>, certificato dal marchio del Consorzio, e il <strong>45% di ripieno<\/strong> all\u2019interno di un <strong>grande formato<\/strong> di raviolo in cui emerge il gusto inconfondibile della pancetta stesa affumicata.<\/p>\n<p>Un\u2019inedita variante della gi\u00e0 affermata linea \u201cI Granripieni\u201d, in costante crescita in termini del volume di vendita anche in virt\u00f9 del rilancio perseguito dal Gruppo Fini nel 2017, che riconferma ancora una volta la centralit\u00e0 attribuita dal consumatore italiano alla <strong>qualit\u00e0<\/strong> e all\u2019appagamento sensoriale, derivante da un\u2019accurata scelta delle migliori materie prime e da un\u2019attenta ricerca in tema di formati di pasta. Una linea, quella de \u201cI Granripieni\u201d, che ha registrato <strong>numeri positivi nel 2018<\/strong> e che, sull\u2019onda dei lanci pi\u00f9 recenti, vede crescere ancora il <strong>numero medio di referenze a scaffale<\/strong> <strong>in GDO<\/strong>. Segno positivo anche per la crescita dei <strong>volumi e delle rotazioni medie di base<\/strong> (+4,8%), a significare il buon riscontro ottenuto sul consumatore finale dai prodotti della gamma \u201ci Granripieni\u201d.<\/p>\n<p>A partire <strong>dal 18 marzo<\/strong>, quindi, sar\u00e0 possibile reperire a <strong>banco frigo<\/strong> la nuova proposta di pasta ripiena del Gruppo Fini accanto alle altre eccellenze della gamma \u201cI Granripieni\u201d, risultato di una meticolosa analisi di mercato volta a individuare le evoluzioni di gusto e le preferenze di consumo degli italiani in tema di pasta fresca ripiena.<\/p>\n<p>Tutti i formati de \u201cI Granripieni\u201d sono realizzati nella totale assenza di conservanti e aromi artificiali, grassi vegetali di palma e glutammato monosodico. Un assortimento di pasta fresca ripiena pensato per i consumatori che, con la garanzia di un grande gruppo alimentare, vogliono sperimentare il piacere del mangiare bene emiliano ogni giorno. Infatti pasta Fini ha mantenuto le caratteristiche di quella della tradizione modenese: <strong>sfoglia ruvida consistente e porosa, realizzata a partire da farine 100% italiane<\/strong>.<\/p>\n<p>&nbsp;<\/p>\n<p>Il <strong>Gruppo Fini SpA<\/strong>, societ\u00e0 a socio unico di propriet\u00e0 del fondo 100% italiano Paladin Capital Partners, \u00e8 una grande realt\u00e0 produttiva dell\u2019alimentare con sede a Modena. La societ\u00e0 \u00e8 titolare dei marchi Fini, nato nel 1912 ad opera di Telesforo Fini nel cuore dell\u2019Emilia, e Le Conserve della Nonna, storica realt\u00e0 di Ravarino (MO). FINI \u00e8 un brand leader nella pasta ripiena che rappresenta in Italia e nel mondo tutto il gusto della tradizione emiliana in cucina. Le Conserve della Nonna, nell\u2019ampia gamma di referenze tipiche, offre sughi, condimenti e confetture preparate secondo metodi tradizionali, con la sicurezza di un grande gruppo industriale.<\/p>\n<p><a href=\"http:\/\/www.nonsolobuono.it\">www.nonsolobuono.it<\/a><\/p>\n","protected":false},"excerpt":{"rendered":"<p>Una nuova referenza nel segno della migliore tradizione culinaria italiana si aggiunge alla selezionata gamma di pasta fresca ripiena di Modena. \u201cI Granripieni\u201d di Fini \u2013 linea premium dello storico brand emiliano nato a Modena nel 1912 e specializzato nella pasta fresca ripiena \u2013 si arricchisce di una nuova sfiziosa proposta, perfetta per chi ricerca un gusto ricco e deciso preservando un abbinamento tradizionale tipico della tradizione culinaria del nostro<\/p>\n<p><a class=\"continue-reading\" href=\"https:\/\/www.article-marketing.eu\/comunicatistampa\/si-arricchisce-la-linea-i-granripieni-di-fini-con-i-ravioli-pancetta-e-grana-padano\/\">Continue reading&#8230;<\/a><\/p>\n","protected":false},"author":397,"featured_media":0,"comment_status":"open","ping_status":"open","sticky":false,"template":"","format":"standard","meta":{"_monsterinsights_skip_tracking":false,"_monsterinsights_sitenote_active":false,"_monsterinsights_sitenote_note":"","_monsterinsights_sitenote_category":0,"footnotes":""},"categories":[388,78,404,393],"tags":[5183,5187,3213,5185,2584,5184,5186,3214,3881],"class_list":["post-12903","post","type-post","status-publish","format-standard","hentry","category-aziende","category-comunicati-stampa","category-cucina","category-prodotti","tag-azienda-alimentare","tag-grana-padano","tag-gruppo-fini","tag-i-granripieni","tag-modena","tag-non-solo-buono","tag-pancetta","tag-pasta-fresca-ripiena","tag-ravioli"],"yoast_head":"<!-- This site is optimized with the Yoast SEO plugin v27.3 - https:\/\/yoast.com\/product\/yoast-seo-wordpress\/ -->\n<title>Si arricchisce la linea \u201cI Granripieni\u201d di Fini con i Ravioli Pancetta e Grana Padano - Article Marketing<\/title>\n<meta name=\"robots\" content=\"index, follow, max-snippet:-1, max-image-preview:large, max-video-preview:-1\" \/>\n<link rel=\"canonical\" href=\"https:\/\/www.article-marketing.eu\/comunicatistampa\/si-arricchisce-la-linea-i-granripieni-di-fini-con-i-ravioli-pancetta-e-grana-padano\/\" \/>\n<meta property=\"og:locale\" content=\"it_IT\" \/>\n<meta property=\"og:type\" content=\"article\" \/>\n<meta property=\"og:title\" content=\"Si arricchisce la linea \u201cI Granripieni\u201d di Fini con i Ravioli Pancetta e Grana Padano - Article Marketing\" \/>\n<meta property=\"og:description\" content=\"Una nuova referenza nel segno della migliore tradizione culinaria italiana si aggiunge alla selezionata gamma di pasta fresca ripiena di Modena. \u201cI Granripieni\u201d di Fini \u2013 linea premium dello storico brand emiliano nato a Modena nel 1912 e specializzato nella pasta fresca ripiena \u2013 si arricchisce di una nuova sfiziosa proposta, perfetta per chi ricerca un gusto ricco e deciso preservando un abbinamento tradizionale tipico della tradizione culinaria del nostroContinue reading...\" \/>\n<meta property=\"og:url\" content=\"https:\/\/www.article-marketing.eu\/comunicatistampa\/si-arricchisce-la-linea-i-granripieni-di-fini-con-i-ravioli-pancetta-e-grana-padano\/\" \/>\n<meta property=\"og:site_name\" content=\"Article Marketing\" \/>\n<meta property=\"article:published_time\" content=\"2019-02-28T12:39:37+00:00\" \/>\n<meta property=\"article:modified_time\" content=\"2019-02-28T12:39:38+00:00\" \/>\n<meta name=\"author\" content=\"Borderline Agency\" \/>\n<meta name=\"twitter:card\" content=\"summary_large_image\" \/>\n<meta name=\"twitter:label1\" content=\"Scritto da\" \/>\n\t<meta name=\"twitter:data1\" content=\"Borderline Agency\" \/>\n\t<meta name=\"twitter:label2\" content=\"Tempo di lettura stimato\" \/>\n\t<meta name=\"twitter:data2\" content=\"2 minuti\" \/>\n<script type=\"application\/ld+json\" class=\"yoast-schema-graph\">{\"@context\":\"https:\\\/\\\/schema.org\",\"@graph\":[{\"@type\":\"Article\",\"@id\":\"https:\\\/\\\/www.article-marketing.eu\\\/comunicatistampa\\\/si-arricchisce-la-linea-i-granripieni-di-fini-con-i-ravioli-pancetta-e-grana-padano\\\/#article\",\"isPartOf\":{\"@id\":\"https:\\\/\\\/www.article-marketing.eu\\\/comunicatistampa\\\/si-arricchisce-la-linea-i-granripieni-di-fini-con-i-ravioli-pancetta-e-grana-padano\\\/\"},\"author\":{\"name\":\"Borderline Agency\",\"@id\":\"https:\\\/\\\/www.article-marketing.eu\\\/comunicatistampa\\\/#\\\/schema\\\/person\\\/1c4ab1c7aad84347e26e78235da6ff1b\"},\"headline\":\"Si arricchisce la linea \u201cI Granripieni\u201d di Fini con i Ravioli Pancetta e Grana Padano\",\"datePublished\":\"2019-02-28T12:39:37+00:00\",\"dateModified\":\"2019-02-28T12:39:38+00:00\",\"mainEntityOfPage\":{\"@id\":\"https:\\\/\\\/www.article-marketing.eu\\\/comunicatistampa\\\/si-arricchisce-la-linea-i-granripieni-di-fini-con-i-ravioli-pancetta-e-grana-padano\\\/\"},\"wordCount\":495,\"commentCount\":0,\"keywords\":[\"azienda alimentare\",\"grana padano\",\"Gruppo Fini\",\"I Granripieni\",\"Modena\",\"Non solo buono\",\"pancetta\",\"Pasta fresca ripiena\",\"Ravioli\"],\"articleSection\":[\"Aziende\",\"Comunicati stampa\",\"Cucina\",\"Prodotti\"],\"inLanguage\":\"it-IT\",\"potentialAction\":[{\"@type\":\"CommentAction\",\"name\":\"Comment\",\"target\":[\"https:\\\/\\\/www.article-marketing.eu\\\/comunicatistampa\\\/si-arricchisce-la-linea-i-granripieni-di-fini-con-i-ravioli-pancetta-e-grana-padano\\\/#respond\"]}]},{\"@type\":\"WebPage\",\"@id\":\"https:\\\/\\\/www.article-marketing.eu\\\/comunicatistampa\\\/si-arricchisce-la-linea-i-granripieni-di-fini-con-i-ravioli-pancetta-e-grana-padano\\\/\",\"url\":\"https:\\\/\\\/www.article-marketing.eu\\\/comunicatistampa\\\/si-arricchisce-la-linea-i-granripieni-di-fini-con-i-ravioli-pancetta-e-grana-padano\\\/\",\"name\":\"Si arricchisce la linea \u201cI Granripieni\u201d di Fini con i Ravioli Pancetta e Grana Padano - Article Marketing\",\"isPartOf\":{\"@id\":\"https:\\\/\\\/www.article-marketing.eu\\\/comunicatistampa\\\/#website\"},\"datePublished\":\"2019-02-28T12:39:37+00:00\",\"dateModified\":\"2019-02-28T12:39:38+00:00\",\"author\":{\"@id\":\"https:\\\/\\\/www.article-marketing.eu\\\/comunicatistampa\\\/#\\\/schema\\\/person\\\/1c4ab1c7aad84347e26e78235da6ff1b\"},\"breadcrumb\":{\"@id\":\"https:\\\/\\\/www.article-marketing.eu\\\/comunicatistampa\\\/si-arricchisce-la-linea-i-granripieni-di-fini-con-i-ravioli-pancetta-e-grana-padano\\\/#breadcrumb\"},\"inLanguage\":\"it-IT\",\"potentialAction\":[{\"@type\":\"ReadAction\",\"target\":[\"https:\\\/\\\/www.article-marketing.eu\\\/comunicatistampa\\\/si-arricchisce-la-linea-i-granripieni-di-fini-con-i-ravioli-pancetta-e-grana-padano\\\/\"]}]},{\"@type\":\"BreadcrumbList\",\"@id\":\"https:\\\/\\\/www.article-marketing.eu\\\/comunicatistampa\\\/si-arricchisce-la-linea-i-granripieni-di-fini-con-i-ravioli-pancetta-e-grana-padano\\\/#breadcrumb\",\"itemListElement\":[{\"@type\":\"ListItem\",\"position\":1,\"name\":\"Home\",\"item\":\"https:\\\/\\\/www.article-marketing.eu\\\/comunicatistampa\\\/\"},{\"@type\":\"ListItem\",\"position\":2,\"name\":\"Si arricchisce la linea \u201cI Granripieni\u201d di Fini con i Ravioli Pancetta e Grana Padano\"}]},{\"@type\":\"WebSite\",\"@id\":\"https:\\\/\\\/www.article-marketing.eu\\\/comunicatistampa\\\/#website\",\"url\":\"https:\\\/\\\/www.article-marketing.eu\\\/comunicatistampa\\\/\",\"name\":\"Article Marketing\",\"description\":\"article marketing &amp; press release\",\"potentialAction\":[{\"@type\":\"SearchAction\",\"target\":{\"@type\":\"EntryPoint\",\"urlTemplate\":\"https:\\\/\\\/www.article-marketing.eu\\\/comunicatistampa\\\/?s={search_term_string}\"},\"query-input\":{\"@type\":\"PropertyValueSpecification\",\"valueRequired\":true,\"valueName\":\"search_term_string\"}}],\"inLanguage\":\"it-IT\"},{\"@type\":\"Person\",\"@id\":\"https:\\\/\\\/www.article-marketing.eu\\\/comunicatistampa\\\/#\\\/schema\\\/person\\\/1c4ab1c7aad84347e26e78235da6ff1b\",\"name\":\"Borderline Agency\",\"image\":{\"@type\":\"ImageObject\",\"inLanguage\":\"it-IT\",\"@id\":\"https:\\\/\\\/secure.gravatar.com\\\/avatar\\\/741fa053101610cb0be7dc835c116926549ae4ae2142ff35eac04d78fda61461?s=96&d=mm&r=g\",\"url\":\"https:\\\/\\\/secure.gravatar.com\\\/avatar\\\/741fa053101610cb0be7dc835c116926549ae4ae2142ff35eac04d78fda61461?s=96&d=mm&r=g\",\"contentUrl\":\"https:\\\/\\\/secure.gravatar.com\\\/avatar\\\/741fa053101610cb0be7dc835c116926549ae4ae2142ff35eac04d78fda61461?s=96&d=mm&r=g\",\"caption\":\"Borderline Agency\"},\"url\":\"https:\\\/\\\/www.article-marketing.eu\\\/comunicatistampa\\\/author\\\/borderline-agency\\\/\"}]}<\/script>\n<!-- \/ Yoast SEO plugin. -->","yoast_head_json":{"title":"Si arricchisce la linea \u201cI Granripieni\u201d di Fini con i Ravioli Pancetta e Grana Padano - Article Marketing","robots":{"index":"index","follow":"follow","max-snippet":"max-snippet:-1","max-image-preview":"max-image-preview:large","max-video-preview":"max-video-preview:-1"},"canonical":"https:\/\/www.article-marketing.eu\/comunicatistampa\/si-arricchisce-la-linea-i-granripieni-di-fini-con-i-ravioli-pancetta-e-grana-padano\/","og_locale":"it_IT","og_type":"article","og_title":"Si arricchisce la linea \u201cI Granripieni\u201d di Fini con i Ravioli Pancetta e Grana Padano - Article Marketing","og_description":"Una nuova referenza nel segno della migliore tradizione culinaria italiana si aggiunge alla selezionata gamma di pasta fresca ripiena di Modena. \u201cI Granripieni\u201d di Fini \u2013 linea premium dello storico brand emiliano nato a Modena nel 1912 e specializzato nella pasta fresca ripiena \u2013 si arricchisce di una nuova sfiziosa proposta, perfetta per chi ricerca un gusto ricco e deciso preservando un abbinamento tradizionale tipico della tradizione culinaria del nostroContinue reading...","og_url":"https:\/\/www.article-marketing.eu\/comunicatistampa\/si-arricchisce-la-linea-i-granripieni-di-fini-con-i-ravioli-pancetta-e-grana-padano\/","og_site_name":"Article Marketing","article_published_time":"2019-02-28T12:39:37+00:00","article_modified_time":"2019-02-28T12:39:38+00:00","author":"Borderline Agency","twitter_card":"summary_large_image","twitter_misc":{"Scritto da":"Borderline Agency","Tempo di lettura stimato":"2 minuti"},"schema":{"@context":"https:\/\/schema.org","@graph":[{"@type":"Article","@id":"https:\/\/www.article-marketing.eu\/comunicatistampa\/si-arricchisce-la-linea-i-granripieni-di-fini-con-i-ravioli-pancetta-e-grana-padano\/#article","isPartOf":{"@id":"https:\/\/www.article-marketing.eu\/comunicatistampa\/si-arricchisce-la-linea-i-granripieni-di-fini-con-i-ravioli-pancetta-e-grana-padano\/"},"author":{"name":"Borderline Agency","@id":"https:\/\/www.article-marketing.eu\/comunicatistampa\/#\/schema\/person\/1c4ab1c7aad84347e26e78235da6ff1b"},"headline":"Si arricchisce la linea \u201cI Granripieni\u201d di Fini con i Ravioli Pancetta e Grana Padano","datePublished":"2019-02-28T12:39:37+00:00","dateModified":"2019-02-28T12:39:38+00:00","mainEntityOfPage":{"@id":"https:\/\/www.article-marketing.eu\/comunicatistampa\/si-arricchisce-la-linea-i-granripieni-di-fini-con-i-ravioli-pancetta-e-grana-padano\/"},"wordCount":495,"commentCount":0,"keywords":["azienda alimentare","grana padano","Gruppo Fini","I Granripieni","Modena","Non solo buono","pancetta","Pasta fresca ripiena","Ravioli"],"articleSection":["Aziende","Comunicati stampa","Cucina","Prodotti"],"inLanguage":"it-IT","potentialAction":[{"@type":"CommentAction","name":"Comment","target":["https:\/\/www.article-marketing.eu\/comunicatistampa\/si-arricchisce-la-linea-i-granripieni-di-fini-con-i-ravioli-pancetta-e-grana-padano\/#respond"]}]},{"@type":"WebPage","@id":"https:\/\/www.article-marketing.eu\/comunicatistampa\/si-arricchisce-la-linea-i-granripieni-di-fini-con-i-ravioli-pancetta-e-grana-padano\/","url":"https:\/\/www.article-marketing.eu\/comunicatistampa\/si-arricchisce-la-linea-i-granripieni-di-fini-con-i-ravioli-pancetta-e-grana-padano\/","name":"Si arricchisce la linea \u201cI Granripieni\u201d di Fini con i Ravioli Pancetta e Grana Padano - Article Marketing","isPartOf":{"@id":"https:\/\/www.article-marketing.eu\/comunicatistampa\/#website"},"datePublished":"2019-02-28T12:39:37+00:00","dateModified":"2019-02-28T12:39:38+00:00","author":{"@id":"https:\/\/www.article-marketing.eu\/comunicatistampa\/#\/schema\/person\/1c4ab1c7aad84347e26e78235da6ff1b"},"breadcrumb":{"@id":"https:\/\/www.article-marketing.eu\/comunicatistampa\/si-arricchisce-la-linea-i-granripieni-di-fini-con-i-ravioli-pancetta-e-grana-padano\/#breadcrumb"},"inLanguage":"it-IT","potentialAction":[{"@type":"ReadAction","target":["https:\/\/www.article-marketing.eu\/comunicatistampa\/si-arricchisce-la-linea-i-granripieni-di-fini-con-i-ravioli-pancetta-e-grana-padano\/"]}]},{"@type":"BreadcrumbList","@id":"https:\/\/www.article-marketing.eu\/comunicatistampa\/si-arricchisce-la-linea-i-granripieni-di-fini-con-i-ravioli-pancetta-e-grana-padano\/#breadcrumb","itemListElement":[{"@type":"ListItem","position":1,"name":"Home","item":"https:\/\/www.article-marketing.eu\/comunicatistampa\/"},{"@type":"ListItem","position":2,"name":"Si arricchisce la linea \u201cI Granripieni\u201d di Fini con i Ravioli Pancetta e Grana Padano"}]},{"@type":"WebSite","@id":"https:\/\/www.article-marketing.eu\/comunicatistampa\/#website","url":"https:\/\/www.article-marketing.eu\/comunicatistampa\/","name":"Article Marketing","description":"article marketing &amp; press release","potentialAction":[{"@type":"SearchAction","target":{"@type":"EntryPoint","urlTemplate":"https:\/\/www.article-marketing.eu\/comunicatistampa\/?s={search_term_string}"},"query-input":{"@type":"PropertyValueSpecification","valueRequired":true,"valueName":"search_term_string"}}],"inLanguage":"it-IT"},{"@type":"Person","@id":"https:\/\/www.article-marketing.eu\/comunicatistampa\/#\/schema\/person\/1c4ab1c7aad84347e26e78235da6ff1b","name":"Borderline Agency","image":{"@type":"ImageObject","inLanguage":"it-IT","@id":"https:\/\/secure.gravatar.com\/avatar\/741fa053101610cb0be7dc835c116926549ae4ae2142ff35eac04d78fda61461?s=96&d=mm&r=g","url":"https:\/\/secure.gravatar.com\/avatar\/741fa053101610cb0be7dc835c116926549ae4ae2142ff35eac04d78fda61461?s=96&d=mm&r=g","contentUrl":"https:\/\/secure.gravatar.com\/avatar\/741fa053101610cb0be7dc835c116926549ae4ae2142ff35eac04d78fda61461?s=96&d=mm&r=g","caption":"Borderline Agency"},"url":"https:\/\/www.article-marketing.eu\/comunicatistampa\/author\/borderline-agency\/"}]}},"_links":{"self":[{"href":"https:\/\/www.article-marketing.eu\/comunicatistampa\/wp-json\/wp\/v2\/posts\/12903","targetHints":{"allow":["GET"]}}],"collection":[{"href":"https:\/\/www.article-marketing.eu\/comunicatistampa\/wp-json\/wp\/v2\/posts"}],"about":[{"href":"https:\/\/www.article-marketing.eu\/comunicatistampa\/wp-json\/wp\/v2\/types\/post"}],"author":[{"embeddable":true,"href":"https:\/\/www.article-marketing.eu\/comunicatistampa\/wp-json\/wp\/v2\/users\/397"}],"replies":[{"embeddable":true,"href":"https:\/\/www.article-marketing.eu\/comunicatistampa\/wp-json\/wp\/v2\/comments?post=12903"}],"version-history":[{"count":3,"href":"https:\/\/www.article-marketing.eu\/comunicatistampa\/wp-json\/wp\/v2\/posts\/12903\/revisions"}],"predecessor-version":[{"id":12935,"href":"https:\/\/www.article-marketing.eu\/comunicatistampa\/wp-json\/wp\/v2\/posts\/12903\/revisions\/12935"}],"wp:attachment":[{"href":"https:\/\/www.article-marketing.eu\/comunicatistampa\/wp-json\/wp\/v2\/media?parent=12903"}],"wp:term":[{"taxonomy":"category","embeddable":true,"href":"https:\/\/www.article-marketing.eu\/comunicatistampa\/wp-json\/wp\/v2\/categories?post=12903"},{"taxonomy":"post_tag","embeddable":true,"href":"https:\/\/www.article-marketing.eu\/comunicatistampa\/wp-json\/wp\/v2\/tags?post=12903"}],"curies":[{"name":"wp","href":"https:\/\/api.w.org\/{rel}","templated":true}]}}