{"id":12919,"date":"2019-02-28T13:40:51","date_gmt":"2019-02-28T12:40:51","guid":{"rendered":"https:\/\/www.article-marketing.eu\/comunicatistampa\/?p=12919"},"modified":"2019-02-28T13:40:51","modified_gmt":"2019-02-28T12:40:51","slug":"il-tema-del-viaggio-per-il-tuo-giorno-piu-bello","status":"publish","type":"post","link":"https:\/\/www.article-marketing.eu\/comunicatistampa\/il-tema-del-viaggio-per-il-tuo-giorno-piu-bello\/","title":{"rendered":"Il tema del viaggio per il tuo giorno pi\u00f9 bello"},"content":{"rendered":"<p>Chi non ha mai sognato, almeno una volta nella vita, di &#8220;staccare la spina&#8221; e partire per un lungo viaggio alla scoperta di luoghi magici e suggestivi?<\/p>\n<p>Il tema del viaggio ci accomuna tutti, indipendentemente dai gusti, dal carattere e dallo stile di vita. E allora, perch\u00e8 non utilizzarlo per regalarsi un evento importante dal sapore unico?<\/p>\n<h2>Matrimonio, cresima, comunione<\/h2>\n<p>Organizzare un matrimonio, una cresima, una comunione o altro evento particolare non \u00e8 mai semplice: oltre agli aspetti pratici, c&#8217;\u00e8 l&#8217;inevitabile difficolt\u00e0 del trovare quel &#8220;tocco&#8221; personale in grado di colpire l&#8217;immaginazione e di restare nella memoria. Attingere al viaggio per creare un filo conduttore \u00e8 in tal senso l&#8217;idea vincente.<\/p>\n<p>Cartografica Visceglia, azienda leader nel settore della cartografia di pregio, ti aiuta a realizzare il tema viaggio dei tuoi sogni grazie alla sua splendida scelta di cartine antiche, vintage e moderne e al suo efficiente servizio di personalizzazione.<\/p>\n<p>Le stampe sono riproduzioni degli originali del prestigioso Archivio Cartografico Visceglia: ineccepibili dal punto di vista dei riferimenti geografici, ti offrono grafiche pregevoli e colori di grande finezza.<\/p>\n<p>I materiali sui quali viene effettuata la stampa, dalla carta al legno, sono tutti di eccelsa qualit\u00e0, aspetto che garantisce resa perfetta, resistenza e lunga durata.<\/p>\n<p>Una volta scelta la stampa geografica che preferisci, potrai usarla per personalizzare tutti gli elementi del tuo tema: decorazioni per la sala del ricevimento come fiori, centrotavola, segnaposto, farfalle, girandole e conetti portaconfetti; oggetti particolari come le bottoniere per lo sposo e i testimoni, il portafedi, il tableau de mariage e il bouquet della sposa.<\/p>\n<p>Con la tua carta geografica preferita, Visceglia ti offre anche la possibilit\u00e0 di creare tante deliziose bomboniere, come le candele, i quaderni di viaggio, le scatoline e le tovagliette all&#8217;americana.<\/p>\n<p>L&#8217;ampia disponibilit\u00e0 di soggetti e colori ti consente di trovare facilmente la stampa pi\u00f9 adatta al tuo stile: un planisfero antico, ad esempio, sar\u00e0 perfetto per un matrimonio classico ed elegante, mentre una prima comunione avr\u00e0 la sua giusta cornice con i vivaci colori di una cartina moderna.<\/p>\n<p>Ispirati alla magia delle carte geografiche e rendi indimenticabili tutti i tuoi momenti speciali.<\/p>\n<h2><a href=\"https:\/\/www.visceglia.it\/it\/62-matrimonio-comunioni\">Per saperne di pi\u00f9 &gt;&gt;<\/a><\/h2>\n","protected":false},"excerpt":{"rendered":"<p>Chi non ha mai sognato, almeno una volta nella vita, di &#8220;staccare la spina&#8221; e partire per un lungo viaggio alla scoperta di luoghi magici e suggestivi? Il tema del viaggio ci accomuna tutti, indipendentemente dai gusti, dal carattere e dallo stile di vita. E allora, perch\u00e8 non utilizzarlo per regalarsi un evento importante dal sapore unico? Matrimonio, cresima, comunione Organizzare un matrimonio, una cresima, una comunione o altro evento<\/p>\n<p><a class=\"continue-reading\" href=\"https:\/\/www.article-marketing.eu\/comunicatistampa\/il-tema-del-viaggio-per-il-tuo-giorno-piu-bello\/\">Continue reading&#8230;<\/a><\/p>\n","protected":false},"author":81,"featured_media":0,"comment_status":"open","ping_status":"open","sticky":false,"template":"","format":"standard","meta":{"_monsterinsights_skip_tracking":false,"_monsterinsights_sitenote_active":false,"_monsterinsights_sitenote_note":"","_monsterinsights_sitenote_category":0,"footnotes":""},"categories":[392,394],"tags":[1489,5205,5204,714],"class_list":["post-12919","post","type-post","status-publish","format-standard","hentry","category-eventi","category-servizi","tag-carte-geografiche","tag-comunione","tag-cresima","tag-matrimonio"],"yoast_head":"<!-- This site is optimized with the Yoast SEO plugin v27.3 - https:\/\/yoast.com\/product\/yoast-seo-wordpress\/ -->\n<title>Il tema del viaggio per il tuo giorno pi\u00f9 bello - Article Marketing<\/title>\n<meta name=\"robots\" content=\"index, follow, max-snippet:-1, max-image-preview:large, max-video-preview:-1\" \/>\n<link rel=\"canonical\" href=\"https:\/\/www.article-marketing.eu\/comunicatistampa\/il-tema-del-viaggio-per-il-tuo-giorno-piu-bello\/\" \/>\n<meta property=\"og:locale\" content=\"it_IT\" \/>\n<meta property=\"og:type\" content=\"article\" \/>\n<meta property=\"og:title\" content=\"Il tema del viaggio per il tuo giorno pi\u00f9 bello\" \/>\n<meta property=\"og:description\" content=\"Organizzare un matrimonio, una cresima, una comunione o altro evento particolare non \u00e8 mai semplice: oltre agli aspetti pratici, c&#039;\u00e8 l&#039;inevitabile difficolt\u00e0 del trovare quel &quot;tocco&quot; personale in grado di colpire l&#039;immaginazione e di restare nella memoria. Attingere al viaggio per creare un filo conduttore \u00e8 in tal senso l&#039;idea vincente.\" \/>\n<meta property=\"og:url\" content=\"https:\/\/www.article-marketing.eu\/comunicatistampa\/il-tema-del-viaggio-per-il-tuo-giorno-piu-bello\/\" \/>\n<meta property=\"og:site_name\" content=\"Article Marketing\" \/>\n<meta property=\"article:published_time\" content=\"2019-02-28T12:40:51+00:00\" \/>\n<meta name=\"author\" content=\"Visceglia\" \/>\n<meta name=\"twitter:card\" content=\"summary_large_image\" \/>\n<meta name=\"twitter:title\" content=\"Il tema del viaggio per il tuo giorno pi\u00f9 bello\" \/>\n<meta name=\"twitter:description\" content=\"Organizzare un matrimonio, una cresima, una comunione o altro evento particolare non \u00e8 mai semplice: oltre agli aspetti pratici, c&#039;\u00e8 l&#039;inevitabile difficolt\u00e0 del trovare quel &quot;tocco&quot; personale in grado di colpire l&#039;immaginazione e di restare nella memoria. Attingere al viaggio per creare un filo conduttore \u00e8 in tal senso l&#039;idea vincente.\" \/>\n<meta name=\"twitter:label1\" content=\"Scritto da\" \/>\n\t<meta name=\"twitter:data1\" content=\"Visceglia\" \/>\n\t<meta name=\"twitter:label2\" content=\"Tempo di lettura stimato\" \/>\n\t<meta name=\"twitter:data2\" content=\"2 minuti\" \/>\n<script type=\"application\/ld+json\" class=\"yoast-schema-graph\">{\"@context\":\"https:\\\/\\\/schema.org\",\"@graph\":[{\"@type\":\"Article\",\"@id\":\"https:\\\/\\\/www.article-marketing.eu\\\/comunicatistampa\\\/il-tema-del-viaggio-per-il-tuo-giorno-piu-bello\\\/#article\",\"isPartOf\":{\"@id\":\"https:\\\/\\\/www.article-marketing.eu\\\/comunicatistampa\\\/il-tema-del-viaggio-per-il-tuo-giorno-piu-bello\\\/\"},\"author\":{\"name\":\"Visceglia\",\"@id\":\"https:\\\/\\\/www.article-marketing.eu\\\/comunicatistampa\\\/#\\\/schema\\\/person\\\/4d14ba6f13faa910ce6282d42f74a30b\"},\"headline\":\"Il tema del viaggio per il tuo giorno pi\u00f9 bello\",\"datePublished\":\"2019-02-28T12:40:51+00:00\",\"mainEntityOfPage\":{\"@id\":\"https:\\\/\\\/www.article-marketing.eu\\\/comunicatistampa\\\/il-tema-del-viaggio-per-il-tuo-giorno-piu-bello\\\/\"},\"wordCount\":364,\"commentCount\":0,\"keywords\":[\"carte geografiche\",\"comunione\",\"cresima\",\"matrimonio\"],\"articleSection\":[\"Eventi\",\"Servizi\"],\"inLanguage\":\"it-IT\",\"potentialAction\":[{\"@type\":\"CommentAction\",\"name\":\"Comment\",\"target\":[\"https:\\\/\\\/www.article-marketing.eu\\\/comunicatistampa\\\/il-tema-del-viaggio-per-il-tuo-giorno-piu-bello\\\/#respond\"]}]},{\"@type\":\"WebPage\",\"@id\":\"https:\\\/\\\/www.article-marketing.eu\\\/comunicatistampa\\\/il-tema-del-viaggio-per-il-tuo-giorno-piu-bello\\\/\",\"url\":\"https:\\\/\\\/www.article-marketing.eu\\\/comunicatistampa\\\/il-tema-del-viaggio-per-il-tuo-giorno-piu-bello\\\/\",\"name\":\"Il tema del viaggio per il tuo giorno pi\u00f9 bello - Article Marketing\",\"isPartOf\":{\"@id\":\"https:\\\/\\\/www.article-marketing.eu\\\/comunicatistampa\\\/#website\"},\"datePublished\":\"2019-02-28T12:40:51+00:00\",\"author\":{\"@id\":\"https:\\\/\\\/www.article-marketing.eu\\\/comunicatistampa\\\/#\\\/schema\\\/person\\\/4d14ba6f13faa910ce6282d42f74a30b\"},\"breadcrumb\":{\"@id\":\"https:\\\/\\\/www.article-marketing.eu\\\/comunicatistampa\\\/il-tema-del-viaggio-per-il-tuo-giorno-piu-bello\\\/#breadcrumb\"},\"inLanguage\":\"it-IT\",\"potentialAction\":[{\"@type\":\"ReadAction\",\"target\":[\"https:\\\/\\\/www.article-marketing.eu\\\/comunicatistampa\\\/il-tema-del-viaggio-per-il-tuo-giorno-piu-bello\\\/\"]}]},{\"@type\":\"BreadcrumbList\",\"@id\":\"https:\\\/\\\/www.article-marketing.eu\\\/comunicatistampa\\\/il-tema-del-viaggio-per-il-tuo-giorno-piu-bello\\\/#breadcrumb\",\"itemListElement\":[{\"@type\":\"ListItem\",\"position\":1,\"name\":\"Home\",\"item\":\"https:\\\/\\\/www.article-marketing.eu\\\/comunicatistampa\\\/\"},{\"@type\":\"ListItem\",\"position\":2,\"name\":\"Il tema del viaggio per il tuo giorno pi\u00f9 bello\"}]},{\"@type\":\"WebSite\",\"@id\":\"https:\\\/\\\/www.article-marketing.eu\\\/comunicatistampa\\\/#website\",\"url\":\"https:\\\/\\\/www.article-marketing.eu\\\/comunicatistampa\\\/\",\"name\":\"Article Marketing\",\"description\":\"article marketing &amp; press release\",\"potentialAction\":[{\"@type\":\"SearchAction\",\"target\":{\"@type\":\"EntryPoint\",\"urlTemplate\":\"https:\\\/\\\/www.article-marketing.eu\\\/comunicatistampa\\\/?s={search_term_string}\"},\"query-input\":{\"@type\":\"PropertyValueSpecification\",\"valueRequired\":true,\"valueName\":\"search_term_string\"}}],\"inLanguage\":\"it-IT\"},{\"@type\":\"Person\",\"@id\":\"https:\\\/\\\/www.article-marketing.eu\\\/comunicatistampa\\\/#\\\/schema\\\/person\\\/4d14ba6f13faa910ce6282d42f74a30b\",\"name\":\"Visceglia\",\"image\":{\"@type\":\"ImageObject\",\"inLanguage\":\"it-IT\",\"@id\":\"https:\\\/\\\/secure.gravatar.com\\\/avatar\\\/a0351dc2f94509c3d5cdf6e8a49bfd9004215a4dd093d7ee26594c6dabc6af28?s=96&d=mm&r=g\",\"url\":\"https:\\\/\\\/secure.gravatar.com\\\/avatar\\\/a0351dc2f94509c3d5cdf6e8a49bfd9004215a4dd093d7ee26594c6dabc6af28?s=96&d=mm&r=g\",\"contentUrl\":\"https:\\\/\\\/secure.gravatar.com\\\/avatar\\\/a0351dc2f94509c3d5cdf6e8a49bfd9004215a4dd093d7ee26594c6dabc6af28?s=96&d=mm&r=g\",\"caption\":\"Visceglia\"},\"url\":\"https:\\\/\\\/www.article-marketing.eu\\\/comunicatistampa\\\/author\\\/visceglia\\\/\"}]}<\/script>\n<!-- \/ Yoast SEO plugin. -->","yoast_head_json":{"title":"Il tema del viaggio per il tuo giorno pi\u00f9 bello - Article Marketing","robots":{"index":"index","follow":"follow","max-snippet":"max-snippet:-1","max-image-preview":"max-image-preview:large","max-video-preview":"max-video-preview:-1"},"canonical":"https:\/\/www.article-marketing.eu\/comunicatistampa\/il-tema-del-viaggio-per-il-tuo-giorno-piu-bello\/","og_locale":"it_IT","og_type":"article","og_title":"Il tema del viaggio per il tuo giorno pi\u00f9 bello","og_description":"Organizzare un matrimonio, una cresima, una comunione o altro evento particolare non \u00e8 mai semplice: oltre agli aspetti pratici, c'\u00e8 l'inevitabile difficolt\u00e0 del trovare quel \"tocco\" personale in grado di colpire l'immaginazione e di restare nella memoria. Attingere al viaggio per creare un filo conduttore \u00e8 in tal senso l'idea vincente.","og_url":"https:\/\/www.article-marketing.eu\/comunicatistampa\/il-tema-del-viaggio-per-il-tuo-giorno-piu-bello\/","og_site_name":"Article Marketing","article_published_time":"2019-02-28T12:40:51+00:00","author":"Visceglia","twitter_card":"summary_large_image","twitter_title":"Il tema del viaggio per il tuo giorno pi\u00f9 bello","twitter_description":"Organizzare un matrimonio, una cresima, una comunione o altro evento particolare non \u00e8 mai semplice: oltre agli aspetti pratici, c'\u00e8 l'inevitabile difficolt\u00e0 del trovare quel \"tocco\" personale in grado di colpire l'immaginazione e di restare nella memoria. Attingere al viaggio per creare un filo conduttore \u00e8 in tal senso l'idea vincente.","twitter_misc":{"Scritto da":"Visceglia","Tempo di lettura stimato":"2 minuti"},"schema":{"@context":"https:\/\/schema.org","@graph":[{"@type":"Article","@id":"https:\/\/www.article-marketing.eu\/comunicatistampa\/il-tema-del-viaggio-per-il-tuo-giorno-piu-bello\/#article","isPartOf":{"@id":"https:\/\/www.article-marketing.eu\/comunicatistampa\/il-tema-del-viaggio-per-il-tuo-giorno-piu-bello\/"},"author":{"name":"Visceglia","@id":"https:\/\/www.article-marketing.eu\/comunicatistampa\/#\/schema\/person\/4d14ba6f13faa910ce6282d42f74a30b"},"headline":"Il tema del viaggio per il tuo giorno pi\u00f9 bello","datePublished":"2019-02-28T12:40:51+00:00","mainEntityOfPage":{"@id":"https:\/\/www.article-marketing.eu\/comunicatistampa\/il-tema-del-viaggio-per-il-tuo-giorno-piu-bello\/"},"wordCount":364,"commentCount":0,"keywords":["carte geografiche","comunione","cresima","matrimonio"],"articleSection":["Eventi","Servizi"],"inLanguage":"it-IT","potentialAction":[{"@type":"CommentAction","name":"Comment","target":["https:\/\/www.article-marketing.eu\/comunicatistampa\/il-tema-del-viaggio-per-il-tuo-giorno-piu-bello\/#respond"]}]},{"@type":"WebPage","@id":"https:\/\/www.article-marketing.eu\/comunicatistampa\/il-tema-del-viaggio-per-il-tuo-giorno-piu-bello\/","url":"https:\/\/www.article-marketing.eu\/comunicatistampa\/il-tema-del-viaggio-per-il-tuo-giorno-piu-bello\/","name":"Il tema del viaggio per il tuo giorno pi\u00f9 bello - Article Marketing","isPartOf":{"@id":"https:\/\/www.article-marketing.eu\/comunicatistampa\/#website"},"datePublished":"2019-02-28T12:40:51+00:00","author":{"@id":"https:\/\/www.article-marketing.eu\/comunicatistampa\/#\/schema\/person\/4d14ba6f13faa910ce6282d42f74a30b"},"breadcrumb":{"@id":"https:\/\/www.article-marketing.eu\/comunicatistampa\/il-tema-del-viaggio-per-il-tuo-giorno-piu-bello\/#breadcrumb"},"inLanguage":"it-IT","potentialAction":[{"@type":"ReadAction","target":["https:\/\/www.article-marketing.eu\/comunicatistampa\/il-tema-del-viaggio-per-il-tuo-giorno-piu-bello\/"]}]},{"@type":"BreadcrumbList","@id":"https:\/\/www.article-marketing.eu\/comunicatistampa\/il-tema-del-viaggio-per-il-tuo-giorno-piu-bello\/#breadcrumb","itemListElement":[{"@type":"ListItem","position":1,"name":"Home","item":"https:\/\/www.article-marketing.eu\/comunicatistampa\/"},{"@type":"ListItem","position":2,"name":"Il tema del viaggio per il tuo giorno pi\u00f9 bello"}]},{"@type":"WebSite","@id":"https:\/\/www.article-marketing.eu\/comunicatistampa\/#website","url":"https:\/\/www.article-marketing.eu\/comunicatistampa\/","name":"Article Marketing","description":"article marketing &amp; press release","potentialAction":[{"@type":"SearchAction","target":{"@type":"EntryPoint","urlTemplate":"https:\/\/www.article-marketing.eu\/comunicatistampa\/?s={search_term_string}"},"query-input":{"@type":"PropertyValueSpecification","valueRequired":true,"valueName":"search_term_string"}}],"inLanguage":"it-IT"},{"@type":"Person","@id":"https:\/\/www.article-marketing.eu\/comunicatistampa\/#\/schema\/person\/4d14ba6f13faa910ce6282d42f74a30b","name":"Visceglia","image":{"@type":"ImageObject","inLanguage":"it-IT","@id":"https:\/\/secure.gravatar.com\/avatar\/a0351dc2f94509c3d5cdf6e8a49bfd9004215a4dd093d7ee26594c6dabc6af28?s=96&d=mm&r=g","url":"https:\/\/secure.gravatar.com\/avatar\/a0351dc2f94509c3d5cdf6e8a49bfd9004215a4dd093d7ee26594c6dabc6af28?s=96&d=mm&r=g","contentUrl":"https:\/\/secure.gravatar.com\/avatar\/a0351dc2f94509c3d5cdf6e8a49bfd9004215a4dd093d7ee26594c6dabc6af28?s=96&d=mm&r=g","caption":"Visceglia"},"url":"https:\/\/www.article-marketing.eu\/comunicatistampa\/author\/visceglia\/"}]}},"_links":{"self":[{"href":"https:\/\/www.article-marketing.eu\/comunicatistampa\/wp-json\/wp\/v2\/posts\/12919","targetHints":{"allow":["GET"]}}],"collection":[{"href":"https:\/\/www.article-marketing.eu\/comunicatistampa\/wp-json\/wp\/v2\/posts"}],"about":[{"href":"https:\/\/www.article-marketing.eu\/comunicatistampa\/wp-json\/wp\/v2\/types\/post"}],"author":[{"embeddable":true,"href":"https:\/\/www.article-marketing.eu\/comunicatistampa\/wp-json\/wp\/v2\/users\/81"}],"replies":[{"embeddable":true,"href":"https:\/\/www.article-marketing.eu\/comunicatistampa\/wp-json\/wp\/v2\/comments?post=12919"}],"version-history":[{"count":2,"href":"https:\/\/www.article-marketing.eu\/comunicatistampa\/wp-json\/wp\/v2\/posts\/12919\/revisions"}],"predecessor-version":[{"id":12939,"href":"https:\/\/www.article-marketing.eu\/comunicatistampa\/wp-json\/wp\/v2\/posts\/12919\/revisions\/12939"}],"wp:attachment":[{"href":"https:\/\/www.article-marketing.eu\/comunicatistampa\/wp-json\/wp\/v2\/media?parent=12919"}],"wp:term":[{"taxonomy":"category","embeddable":true,"href":"https:\/\/www.article-marketing.eu\/comunicatistampa\/wp-json\/wp\/v2\/categories?post=12919"},{"taxonomy":"post_tag","embeddable":true,"href":"https:\/\/www.article-marketing.eu\/comunicatistampa\/wp-json\/wp\/v2\/tags?post=12919"}],"curies":[{"name":"wp","href":"https:\/\/api.w.org\/{rel}","templated":true}]}}