{"id":12926,"date":"2019-02-28T13:43:41","date_gmt":"2019-02-28T12:43:41","guid":{"rendered":"https:\/\/www.article-marketing.eu\/comunicatistampa\/?p=12926"},"modified":"2019-02-28T13:43:41","modified_gmt":"2019-02-28T12:43:41","slug":"lhaute-cuisine-di-ingruppo-in-campo-insieme-allistituto-mario-negri-per-la-giornata-internazionale-delle-malattie-rare-2019","status":"publish","type":"post","link":"https:\/\/www.article-marketing.eu\/comunicatistampa\/lhaute-cuisine-di-ingruppo-in-campo-insieme-allistituto-mario-negri-per-la-giornata-internazionale-delle-malattie-rare-2019\/","title":{"rendered":"L\u2019Haute Cuisine di InGruppo in campo insieme all\u2019Istituto Mario Negri per la Giornata Internazionale delle Malattie Rare 2019"},"content":{"rendered":"<p>Ci sono momenti <em>rari<\/em> che nella vita vanno <em>assaporati<\/em>. Uno di questi sar\u00e0 <strong>gioved\u00ec 28 febbraio <\/strong>concedendosi un pranzo o una cena nei 20 ristoranti di <strong>INGRUPPO <\/strong>in occasione della <strong>Giornata Internazionale delle<\/strong> <strong>Malattie Rare 2019.<\/strong> Abbracciando il motto della Giornata, \u00abShow your rare, show you care\u00bb, i ristoratori, per ogni menu degustato, devolveranno 15 euro all\u2019<strong>Istituto Mario Negri<\/strong> che da oltre 25 anni \u00e8 impegnato nella ricerca sulle malattie rare.<\/p>\n<p><strong>\u00a0<\/strong><\/p>\n<p>L\u2019Organizzazione Mondiale della Sanit\u00e0 stima che vi siano tra le 6.000 e le 7.000 malattie rare descritte. Si parla di 1,5 milioni di pazienti in Italia e addirittura di decine di milioni in tutta Europa. In base ai dati coordinati dal Registro nazionale malattie rare dell&#8217;Istituto Superiore di Sanit\u00e0,\u00a0<strong>in Italia si stimano 20 casi di malattie rare ogni 10.000 abitanti e ogni anno vengono segnalati <\/strong>dalle oltre 200 strutture sanitarie diffuse in tutta la penisola<strong> circa 19.000 nuovi casi<\/strong>. Una condizione molto sentita anche in Lombardia dove i pazienti con malattie rare riconosciute dal sistema delle esenzioni sono circa 60.000, di cui <strong>oltre 6.500 nella provincia di Bergamo<\/strong>. Numeri che richiedono un ripensamento nei sistemi di assistenza tanto che il tema dell\u2019edizione 2019 \u00e8 <strong>\u00abIntegriamo l\u2019Assistenza Sanitaria con l\u2019Assistenza Sociale\u00bb<\/strong>.<\/p>\n<p><strong>\u00a0<\/strong><\/p>\n<p>Dal 1992, anno in cui \u00e8 nato il <strong>Centro di Ricerche Cliniche per le Malattie Rare \u201cAldo e Cele Dacc\u00f2\u201d <\/strong>a Ranica (BG), l\u2019Istituto Mario Negri ha contribuito ad accrescere la consapevolezza del problema tramite campagne di sensibilizzazione, ha offerto ai pazienti sostegno, accompagnamento e informazioni utili supportate da elevate conoscenze scientifiche e tecnologie all\u2019avanguardia, ha realizzato molti progetti sulla ricerca di base, epidemiologica e clinica, accompagnati da un forte impegno nella divulgazione e nella formazione dei giovani ricercatori. Oggi il Centro Dacc\u00f2 \u00e8 una realt\u00e0 di riferimento nel contesto nazionale e internazionale e dal 2001 \u00e8 Centro di Coordinamento della Rete Regionale per le Malattie Rare in Lombardia.<\/p>\n<p>Anche i ristoranti di INGRUPPO contribuiscono a sensibilizzare il pubblico, rendendo il piacere a tavola uno strumento per <strong>rafforzare la coesione sociale e lo spirito di comunit\u00e0<\/strong>. L\u2019alta cucina di Ingruppo \u00e8 infatti un potentissimo <strong>veicolo di cultura <\/strong>a tutti i livelli: cultura del cibo, delle materie prime, delle antiche tradizioni e, in questo caso, della solidariet\u00e0. Con il format dell\u2019iniziativa \u2013 ora giunta alla sua settima edizione \u2013, infatti, i piatti di haute cuisine preparati dagli chef, incontrano palati e gusti del tutto nuovi, affascinando avventori che mai, altrimenti, avrebbero sperimentato le meraviglie dell\u2019alta cucina, propronendo loro \u201cmenu ragionati\u201d con cui comprendere il valore <em>educativo<\/em> del cibo.<\/p>\n<p>Secondo quando riferito dai 20 ristoratori che partecipano all\u2019iniziativa \u2013 A\u2019anteprima,\u00a0Al Vigneto,\u00a0Antica Osteria Dei Camel\u00ec,\u00a0Casual Ristorante,\u00a0Collina,\u00a0Cucina Cereda,\u00a0Da Vittorio,\u00a0Frosio,\u00a0Il Saraceno,\u00a0La Caprese,\u00a0Lio Pellegrini,\u00a0Loro,\u00a0Osteria Della\u00a0Brughiera,\u00a0Posta,\u00a0Roof Garden Restaurant,\u00a0Tenuta Casa Virginia, Ristorante Enrico Bartolini Al Mudec,\u00a0Trussardi Alla Scala,\u00a0Sadler e Pomiroeu Giancarlo Morelli &#8211; infatti, INGRUPPO ha non solo portato nei ristoranti una <strong>nuova clientela<\/strong> ma in molti casi ne ha favorito la <strong>fidelizzazione<\/strong>.<\/p>\n<p>Il format piace proprio a tutti: dalle coppie ai gruppi di amici di et\u00e0 diverse, con un particolare interesse dimostrato soprattutto tra i <strong>30 e i 50 anni<\/strong>. E di anno in anno l\u2019interesse cresce, come dimostrato anche dall\u2019affluenza del 2019 che mostra gi\u00e0 il segno \u201cpi\u00f9\u201d rispetto alle edizioni precedenti, soprattutto nei finesettimana. Un\u2019attenzione che corre anche via social, con il <strong>profilo Facebook<\/strong> ufficiale dell\u2019inziativa seguito da 7 mila persone, con una media di 10 mila visualizzazioni a post. Trend che, c\u2019\u00e8 da scommettere, trainer\u00e0 anche il neonato <strong>profilo Instagram<\/strong> mentre il <strong>sito web<\/strong> dell\u2019iniziativa <u><a href=\"http:\/\/www.ingruppo.bg.it\/\">www.ingruppo.bg.it<\/a> <\/u>attira gi\u00e0 in media 1.800 visitatori al giorno. E alla crescita quantitativa si associa quella qualitativa. I ristoratori, infatti, sostengono che ormai INGRUPPO sia scelto non solo per i vantaggi in termini di prezzo, ma per il piacere di conoscere una cucina di alta qualit\u00e0, apprezzandone le peculiarit\u00e0 a 360 gradi.<\/p>\n<p>&nbsp;<\/p>\n<p><strong>LA GIORNATA INTERNAZIONALE DELLE MALATTIE RARE<\/strong><\/p>\n<p>La giornata nasce come appello mondiale ai politici, alle istituzioni, ai ricercatori, alle aziende, per porre al centro dell\u2019attenzione e dare visibilit\u00e0 alle malattie rare, ai pazienti, alle loro famiglie e agli operatori sanitari che li seguono condividendone difficolt\u00e0 e speranze. Le malattie rare sono una priorit\u00e0 di sanit\u00e0 pubblica. La conoscenza e l\u2019informazione sono prioritarie, e la campagna di sensibilizzazione internazionale che si attiva ogni anno con la Giornata delle Malattie Rare \u00e8 lo strumento migliore per far conoscere all\u2019opinione pubblica l\u2019esistenza delle malattie rare, ad ascoltare chi ne \u00e8 colpito, a capirne i bisogni e a pensare a tutte le possibili soluzioni nella ricerca, nell\u2019accesso alle cure e nell\u2019assistenza. Pur interessando ciascuna un piccolo numero di malati, infatti, le malattie rare sono solo apparentemente un problema di pochi: l\u2019Organizzazione Mondiale della Sanit\u00e0 stima ve ne siano circa 7.000 e, solo in Italia, sarebbero un milione e mezzo le persone colpite. \u00c8 dunque importante l\u2019aiuto di tutti.<\/p>\n<p>&nbsp;<\/p>\n<p><strong>INGRUPPO<\/strong><\/p>\n<p><strong>INGRUPPO<\/strong> <strong>Dal 15 al 30 aprile 2019, con l\u2019esclusione del 14 febbraio e del 21 aprile (giorno di Pasqua), i ristoranti aderenti all\u2019iniziativa offriranno la possibilit\u00e0 di consumare menu completi<\/strong> (almeno un antipasto, un primo, un secondo e un dolce) comprensivi di vino, bevande e caff\u00e8, <strong>al costo prestabilito di 60,00 euro a persona<\/strong>. Fanno eccezione solo A\u2019Anteprima, Da Vittorio, Enrico Bartolini Mudec e Sadler in cui <strong>il costo sar\u00e0 di 120\u20ac a persona<\/strong>. Chi dovesse decidere di utilizzare l\u2019opzione \u201cDiritto di Tappo\u201d dovr\u00e0 prevedere un costo di 10\u20ac aggiuntivo. La formula \u00e8 valida sia a pranzo che a cena compatibilmente con i giorni di apertura dei locali. La prenotazione pu\u00f2 essere effettuata via telefono o via e-mail, direttamente al ristorante, specificando la richiesta del menu \u201cINGRUPPO\u201d.<\/p>\n<p>&nbsp;<\/p>\n<p><strong>ISTITUTO MARIO NEGRI<\/strong><\/p>\n<p>L\u2019<strong>Istituto di Ricerche Farmacologiche Mario Negri<\/strong> <strong>IRCCS<\/strong> \u00e8 una fondazione privata senza scopo di lucro che opera nel campo della ricerca biomedica. Il suo fine \u00e8 contribuire alla difesa della salute e della vita umana. Nato a Milano nel 1963, oggi ha tre sedi: <strong>Milano<\/strong>, Bergamo, con il <strong>Centro Anna Maria Astori<\/strong> all\u2019interno del Parco Kilometro Rosso, e Ranica (BG) con il <strong>Centro di Ricerche Cliniche per le Malattie Rare \u201cAldo e Cele Dacc\u00f2\u201d<\/strong> e vi lavorano circa 700 persone. L\u2019Istituto non brevetta le proprie scoperte e ha sempre mantenuto la propria indipendenza, schierandosi dalla parte degli ammalati.<\/p>\n<p>&nbsp;<\/p>\n<p><strong>I NUMERI<\/strong><\/p>\n<p><strong>Le malattie rare: i numeri di un problema globale <\/strong><\/p>\n<p>&#8211; Tra 6.000 e 7.000 le malattie rare descritte<\/p>\n<p>&#8211; L\u201980% ha un\u2019origine genetica e spesso si manifesta nell\u2019infanzia<\/p>\n<p>&#8211; Complessivamente le malattie rare interesserebbero il 3% della popolazione<\/p>\n<p>&#8211; In Italia si stima siano colpiti almeno un milione e mezzo di individui<\/p>\n<p>&#8211; In Lombardia i pazienti con malattie rare riconosciute dal sistema delle esenzioni sono circa 60.000<\/p>\n<p>&#8211; Oltre 6.500 nella provincia di Bergamo<\/p>\n<p><strong><u>\u00a0<\/u><\/strong><\/p>\n<p><strong>Mario Negri: i numeri dell\u2019attivit\u00e0 dedicata alle malattie rare<\/strong><\/p>\n<p><strong>27.321<\/strong> \u00a0 richieste di informazioni da parte di pazienti, familiari e operatori sanitari<br \/>\n<strong>3.174<\/strong> \u00a0\u00a0\u00a0 pazienti e loro familiari di cui si conservano campioni biologici nella Biobanca malattie rare<br \/>\n<strong>2.500<\/strong> \u00a0\u00a0\u00a0 pazienti inseriti in tre Registri di malattie rare<br \/>\n<strong>994 <\/strong>\u00a0\u00a0\u00a0\u00a0\u00a0\u00a0\u00a0 malattie rare segnalate al centro<br \/>\n<strong>325<\/strong>\u00a0\u00a0\u00a0\u00a0\u00a0\u00a0\u00a0\u00a0 associazioni italiane di pazienti e familiari in contatto con il Centro<br \/>\n<strong>776<\/strong>\u00a0\u00a0\u00a0\u00a0\u00a0\u00a0\u00a0\u00a0 mutazioni genetiche trovate<\/p>\n<p><strong>131<\/strong>\u00a0\u00a0\u00a0\u00a0\u00a0\u00a0\u00a0\u00a0 geni studiati<\/p>\n","protected":false},"excerpt":{"rendered":"<p>Ci sono momenti rari che nella vita vanno assaporati. Uno di questi sar\u00e0 gioved\u00ec 28 febbraio concedendosi un pranzo o una cena nei 20 ristoranti di INGRUPPO in occasione della Giornata Internazionale delle Malattie Rare 2019. Abbracciando il motto della Giornata, \u00abShow your rare, show you care\u00bb, i ristoratori, per ogni menu degustato, devolveranno 15 euro all\u2019Istituto Mario Negri che da oltre 25 anni \u00e8 impegnato nella ricerca sulle malattie<\/p>\n<p><a class=\"continue-reading\" href=\"https:\/\/www.article-marketing.eu\/comunicatistampa\/lhaute-cuisine-di-ingruppo-in-campo-insieme-allistituto-mario-negri-per-la-giornata-internazionale-delle-malattie-rare-2019\/\">Continue reading&#8230;<\/a><\/p>\n","protected":false},"author":1855,"featured_media":0,"comment_status":"open","ping_status":"open","sticky":false,"template":"","format":"standard","meta":{"_monsterinsights_skip_tracking":false,"_monsterinsights_sitenote_active":false,"_monsterinsights_sitenote_note":"","_monsterinsights_sitenote_category":0,"footnotes":""},"categories":[78],"tags":[5211,5209,5210],"class_list":["post-12926","post","type-post","status-publish","format-standard","hentry","category-comunicati-stampa","tag-giornata-malattie-rare","tag-ingruppo","tag-istituto-mario-negri"],"yoast_head":"<!-- This site is optimized with the Yoast SEO plugin v27.3 - https:\/\/yoast.com\/product\/yoast-seo-wordpress\/ -->\n<title>L\u2019Haute Cuisine di InGruppo in campo insieme all\u2019Istituto Mario Negri per la Giornata Internazionale delle Malattie Rare 2019 - Article Marketing<\/title>\n<meta name=\"robots\" content=\"index, follow, max-snippet:-1, max-image-preview:large, max-video-preview:-1\" \/>\n<link rel=\"canonical\" href=\"https:\/\/www.article-marketing.eu\/comunicatistampa\/lhaute-cuisine-di-ingruppo-in-campo-insieme-allistituto-mario-negri-per-la-giornata-internazionale-delle-malattie-rare-2019\/\" \/>\n<meta property=\"og:locale\" content=\"it_IT\" \/>\n<meta property=\"og:type\" content=\"article\" \/>\n<meta property=\"og:title\" content=\"L\u2019Haute Cuisine di InGruppo in campo insieme all\u2019Istituto Mario Negri per la Giornata Internazionale delle Malattie Rare 2019 - Article Marketing\" \/>\n<meta property=\"og:description\" content=\"Ci sono momenti rari che nella vita vanno assaporati. Uno di questi sar\u00e0 gioved\u00ec 28 febbraio concedendosi un pranzo o una cena nei 20 ristoranti di INGRUPPO in occasione della Giornata Internazionale delle Malattie Rare 2019. Abbracciando il motto della Giornata, \u00abShow your rare, show you care\u00bb, i ristoratori, per ogni menu degustato, devolveranno 15 euro all\u2019Istituto Mario Negri che da oltre 25 anni \u00e8 impegnato nella ricerca sulle malattieContinue reading...\" \/>\n<meta property=\"og:url\" content=\"https:\/\/www.article-marketing.eu\/comunicatistampa\/lhaute-cuisine-di-ingruppo-in-campo-insieme-allistituto-mario-negri-per-la-giornata-internazionale-delle-malattie-rare-2019\/\" \/>\n<meta property=\"og:site_name\" content=\"Article Marketing\" \/>\n<meta property=\"article:published_time\" content=\"2019-02-28T12:43:41+00:00\" \/>\n<meta name=\"author\" content=\"Redaclem\" \/>\n<meta name=\"twitter:card\" content=\"summary_large_image\" \/>\n<meta name=\"twitter:label1\" content=\"Scritto da\" \/>\n\t<meta name=\"twitter:data1\" content=\"Redaclem\" \/>\n\t<meta name=\"twitter:label2\" content=\"Tempo di lettura stimato\" \/>\n\t<meta name=\"twitter:data2\" content=\"6 minuti\" \/>\n<script type=\"application\/ld+json\" class=\"yoast-schema-graph\">{\"@context\":\"https:\\\/\\\/schema.org\",\"@graph\":[{\"@type\":\"Article\",\"@id\":\"https:\\\/\\\/www.article-marketing.eu\\\/comunicatistampa\\\/lhaute-cuisine-di-ingruppo-in-campo-insieme-allistituto-mario-negri-per-la-giornata-internazionale-delle-malattie-rare-2019\\\/#article\",\"isPartOf\":{\"@id\":\"https:\\\/\\\/www.article-marketing.eu\\\/comunicatistampa\\\/lhaute-cuisine-di-ingruppo-in-campo-insieme-allistituto-mario-negri-per-la-giornata-internazionale-delle-malattie-rare-2019\\\/\"},\"author\":{\"name\":\"Redaclem\",\"@id\":\"https:\\\/\\\/www.article-marketing.eu\\\/comunicatistampa\\\/#\\\/schema\\\/person\\\/c0aa725eee5df8460e0adf901fde0c88\"},\"headline\":\"L\u2019Haute Cuisine di InGruppo in campo insieme all\u2019Istituto Mario Negri per la Giornata Internazionale delle Malattie Rare 2019\",\"datePublished\":\"2019-02-28T12:43:41+00:00\",\"mainEntityOfPage\":{\"@id\":\"https:\\\/\\\/www.article-marketing.eu\\\/comunicatistampa\\\/lhaute-cuisine-di-ingruppo-in-campo-insieme-allistituto-mario-negri-per-la-giornata-internazionale-delle-malattie-rare-2019\\\/\"},\"wordCount\":1181,\"commentCount\":0,\"keywords\":[\"giornata malattie rare\",\"ingruppo\",\"istituto mario negri\"],\"articleSection\":[\"Comunicati stampa\"],\"inLanguage\":\"it-IT\",\"potentialAction\":[{\"@type\":\"CommentAction\",\"name\":\"Comment\",\"target\":[\"https:\\\/\\\/www.article-marketing.eu\\\/comunicatistampa\\\/lhaute-cuisine-di-ingruppo-in-campo-insieme-allistituto-mario-negri-per-la-giornata-internazionale-delle-malattie-rare-2019\\\/#respond\"]}]},{\"@type\":\"WebPage\",\"@id\":\"https:\\\/\\\/www.article-marketing.eu\\\/comunicatistampa\\\/lhaute-cuisine-di-ingruppo-in-campo-insieme-allistituto-mario-negri-per-la-giornata-internazionale-delle-malattie-rare-2019\\\/\",\"url\":\"https:\\\/\\\/www.article-marketing.eu\\\/comunicatistampa\\\/lhaute-cuisine-di-ingruppo-in-campo-insieme-allistituto-mario-negri-per-la-giornata-internazionale-delle-malattie-rare-2019\\\/\",\"name\":\"L\u2019Haute Cuisine di InGruppo in campo insieme all\u2019Istituto Mario Negri per la Giornata Internazionale delle Malattie Rare 2019 - Article Marketing\",\"isPartOf\":{\"@id\":\"https:\\\/\\\/www.article-marketing.eu\\\/comunicatistampa\\\/#website\"},\"datePublished\":\"2019-02-28T12:43:41+00:00\",\"author\":{\"@id\":\"https:\\\/\\\/www.article-marketing.eu\\\/comunicatistampa\\\/#\\\/schema\\\/person\\\/c0aa725eee5df8460e0adf901fde0c88\"},\"breadcrumb\":{\"@id\":\"https:\\\/\\\/www.article-marketing.eu\\\/comunicatistampa\\\/lhaute-cuisine-di-ingruppo-in-campo-insieme-allistituto-mario-negri-per-la-giornata-internazionale-delle-malattie-rare-2019\\\/#breadcrumb\"},\"inLanguage\":\"it-IT\",\"potentialAction\":[{\"@type\":\"ReadAction\",\"target\":[\"https:\\\/\\\/www.article-marketing.eu\\\/comunicatistampa\\\/lhaute-cuisine-di-ingruppo-in-campo-insieme-allistituto-mario-negri-per-la-giornata-internazionale-delle-malattie-rare-2019\\\/\"]}]},{\"@type\":\"BreadcrumbList\",\"@id\":\"https:\\\/\\\/www.article-marketing.eu\\\/comunicatistampa\\\/lhaute-cuisine-di-ingruppo-in-campo-insieme-allistituto-mario-negri-per-la-giornata-internazionale-delle-malattie-rare-2019\\\/#breadcrumb\",\"itemListElement\":[{\"@type\":\"ListItem\",\"position\":1,\"name\":\"Home\",\"item\":\"https:\\\/\\\/www.article-marketing.eu\\\/comunicatistampa\\\/\"},{\"@type\":\"ListItem\",\"position\":2,\"name\":\"L\u2019Haute Cuisine di InGruppo in campo insieme all\u2019Istituto Mario Negri per la Giornata Internazionale delle Malattie Rare 2019\"}]},{\"@type\":\"WebSite\",\"@id\":\"https:\\\/\\\/www.article-marketing.eu\\\/comunicatistampa\\\/#website\",\"url\":\"https:\\\/\\\/www.article-marketing.eu\\\/comunicatistampa\\\/\",\"name\":\"Article Marketing\",\"description\":\"article marketing &amp; press release\",\"potentialAction\":[{\"@type\":\"SearchAction\",\"target\":{\"@type\":\"EntryPoint\",\"urlTemplate\":\"https:\\\/\\\/www.article-marketing.eu\\\/comunicatistampa\\\/?s={search_term_string}\"},\"query-input\":{\"@type\":\"PropertyValueSpecification\",\"valueRequired\":true,\"valueName\":\"search_term_string\"}}],\"inLanguage\":\"it-IT\"},{\"@type\":\"Person\",\"@id\":\"https:\\\/\\\/www.article-marketing.eu\\\/comunicatistampa\\\/#\\\/schema\\\/person\\\/c0aa725eee5df8460e0adf901fde0c88\",\"name\":\"Redaclem\",\"image\":{\"@type\":\"ImageObject\",\"inLanguage\":\"it-IT\",\"@id\":\"https:\\\/\\\/secure.gravatar.com\\\/avatar\\\/4c7e41f332a0583344a91d7d39723533da9b2d0df7737c2d8c69553168c2191e?s=96&d=mm&r=g\",\"url\":\"https:\\\/\\\/secure.gravatar.com\\\/avatar\\\/4c7e41f332a0583344a91d7d39723533da9b2d0df7737c2d8c69553168c2191e?s=96&d=mm&r=g\",\"contentUrl\":\"https:\\\/\\\/secure.gravatar.com\\\/avatar\\\/4c7e41f332a0583344a91d7d39723533da9b2d0df7737c2d8c69553168c2191e?s=96&d=mm&r=g\",\"caption\":\"Redaclem\"},\"url\":\"https:\\\/\\\/www.article-marketing.eu\\\/comunicatistampa\\\/author\\\/redaclem\\\/\"}]}<\/script>\n<!-- \/ Yoast SEO plugin. -->","yoast_head_json":{"title":"L\u2019Haute Cuisine di InGruppo in campo insieme all\u2019Istituto Mario Negri per la Giornata Internazionale delle Malattie Rare 2019 - Article Marketing","robots":{"index":"index","follow":"follow","max-snippet":"max-snippet:-1","max-image-preview":"max-image-preview:large","max-video-preview":"max-video-preview:-1"},"canonical":"https:\/\/www.article-marketing.eu\/comunicatistampa\/lhaute-cuisine-di-ingruppo-in-campo-insieme-allistituto-mario-negri-per-la-giornata-internazionale-delle-malattie-rare-2019\/","og_locale":"it_IT","og_type":"article","og_title":"L\u2019Haute Cuisine di InGruppo in campo insieme all\u2019Istituto Mario Negri per la Giornata Internazionale delle Malattie Rare 2019 - Article Marketing","og_description":"Ci sono momenti rari che nella vita vanno assaporati. Uno di questi sar\u00e0 gioved\u00ec 28 febbraio concedendosi un pranzo o una cena nei 20 ristoranti di INGRUPPO in occasione della Giornata Internazionale delle Malattie Rare 2019. Abbracciando il motto della Giornata, \u00abShow your rare, show you care\u00bb, i ristoratori, per ogni menu degustato, devolveranno 15 euro all\u2019Istituto Mario Negri che da oltre 25 anni \u00e8 impegnato nella ricerca sulle malattieContinue reading...","og_url":"https:\/\/www.article-marketing.eu\/comunicatistampa\/lhaute-cuisine-di-ingruppo-in-campo-insieme-allistituto-mario-negri-per-la-giornata-internazionale-delle-malattie-rare-2019\/","og_site_name":"Article Marketing","article_published_time":"2019-02-28T12:43:41+00:00","author":"Redaclem","twitter_card":"summary_large_image","twitter_misc":{"Scritto da":"Redaclem","Tempo di lettura stimato":"6 minuti"},"schema":{"@context":"https:\/\/schema.org","@graph":[{"@type":"Article","@id":"https:\/\/www.article-marketing.eu\/comunicatistampa\/lhaute-cuisine-di-ingruppo-in-campo-insieme-allistituto-mario-negri-per-la-giornata-internazionale-delle-malattie-rare-2019\/#article","isPartOf":{"@id":"https:\/\/www.article-marketing.eu\/comunicatistampa\/lhaute-cuisine-di-ingruppo-in-campo-insieme-allistituto-mario-negri-per-la-giornata-internazionale-delle-malattie-rare-2019\/"},"author":{"name":"Redaclem","@id":"https:\/\/www.article-marketing.eu\/comunicatistampa\/#\/schema\/person\/c0aa725eee5df8460e0adf901fde0c88"},"headline":"L\u2019Haute Cuisine di InGruppo in campo insieme all\u2019Istituto Mario Negri per la Giornata Internazionale delle Malattie Rare 2019","datePublished":"2019-02-28T12:43:41+00:00","mainEntityOfPage":{"@id":"https:\/\/www.article-marketing.eu\/comunicatistampa\/lhaute-cuisine-di-ingruppo-in-campo-insieme-allistituto-mario-negri-per-la-giornata-internazionale-delle-malattie-rare-2019\/"},"wordCount":1181,"commentCount":0,"keywords":["giornata malattie rare","ingruppo","istituto mario negri"],"articleSection":["Comunicati stampa"],"inLanguage":"it-IT","potentialAction":[{"@type":"CommentAction","name":"Comment","target":["https:\/\/www.article-marketing.eu\/comunicatistampa\/lhaute-cuisine-di-ingruppo-in-campo-insieme-allistituto-mario-negri-per-la-giornata-internazionale-delle-malattie-rare-2019\/#respond"]}]},{"@type":"WebPage","@id":"https:\/\/www.article-marketing.eu\/comunicatistampa\/lhaute-cuisine-di-ingruppo-in-campo-insieme-allistituto-mario-negri-per-la-giornata-internazionale-delle-malattie-rare-2019\/","url":"https:\/\/www.article-marketing.eu\/comunicatistampa\/lhaute-cuisine-di-ingruppo-in-campo-insieme-allistituto-mario-negri-per-la-giornata-internazionale-delle-malattie-rare-2019\/","name":"L\u2019Haute Cuisine di InGruppo in campo insieme all\u2019Istituto Mario Negri per la Giornata Internazionale delle Malattie Rare 2019 - Article Marketing","isPartOf":{"@id":"https:\/\/www.article-marketing.eu\/comunicatistampa\/#website"},"datePublished":"2019-02-28T12:43:41+00:00","author":{"@id":"https:\/\/www.article-marketing.eu\/comunicatistampa\/#\/schema\/person\/c0aa725eee5df8460e0adf901fde0c88"},"breadcrumb":{"@id":"https:\/\/www.article-marketing.eu\/comunicatistampa\/lhaute-cuisine-di-ingruppo-in-campo-insieme-allistituto-mario-negri-per-la-giornata-internazionale-delle-malattie-rare-2019\/#breadcrumb"},"inLanguage":"it-IT","potentialAction":[{"@type":"ReadAction","target":["https:\/\/www.article-marketing.eu\/comunicatistampa\/lhaute-cuisine-di-ingruppo-in-campo-insieme-allistituto-mario-negri-per-la-giornata-internazionale-delle-malattie-rare-2019\/"]}]},{"@type":"BreadcrumbList","@id":"https:\/\/www.article-marketing.eu\/comunicatistampa\/lhaute-cuisine-di-ingruppo-in-campo-insieme-allistituto-mario-negri-per-la-giornata-internazionale-delle-malattie-rare-2019\/#breadcrumb","itemListElement":[{"@type":"ListItem","position":1,"name":"Home","item":"https:\/\/www.article-marketing.eu\/comunicatistampa\/"},{"@type":"ListItem","position":2,"name":"L\u2019Haute Cuisine di InGruppo in campo insieme all\u2019Istituto Mario Negri per la Giornata Internazionale delle Malattie Rare 2019"}]},{"@type":"WebSite","@id":"https:\/\/www.article-marketing.eu\/comunicatistampa\/#website","url":"https:\/\/www.article-marketing.eu\/comunicatistampa\/","name":"Article Marketing","description":"article marketing &amp; press release","potentialAction":[{"@type":"SearchAction","target":{"@type":"EntryPoint","urlTemplate":"https:\/\/www.article-marketing.eu\/comunicatistampa\/?s={search_term_string}"},"query-input":{"@type":"PropertyValueSpecification","valueRequired":true,"valueName":"search_term_string"}}],"inLanguage":"it-IT"},{"@type":"Person","@id":"https:\/\/www.article-marketing.eu\/comunicatistampa\/#\/schema\/person\/c0aa725eee5df8460e0adf901fde0c88","name":"Redaclem","image":{"@type":"ImageObject","inLanguage":"it-IT","@id":"https:\/\/secure.gravatar.com\/avatar\/4c7e41f332a0583344a91d7d39723533da9b2d0df7737c2d8c69553168c2191e?s=96&d=mm&r=g","url":"https:\/\/secure.gravatar.com\/avatar\/4c7e41f332a0583344a91d7d39723533da9b2d0df7737c2d8c69553168c2191e?s=96&d=mm&r=g","contentUrl":"https:\/\/secure.gravatar.com\/avatar\/4c7e41f332a0583344a91d7d39723533da9b2d0df7737c2d8c69553168c2191e?s=96&d=mm&r=g","caption":"Redaclem"},"url":"https:\/\/www.article-marketing.eu\/comunicatistampa\/author\/redaclem\/"}]}},"_links":{"self":[{"href":"https:\/\/www.article-marketing.eu\/comunicatistampa\/wp-json\/wp\/v2\/posts\/12926","targetHints":{"allow":["GET"]}}],"collection":[{"href":"https:\/\/www.article-marketing.eu\/comunicatistampa\/wp-json\/wp\/v2\/posts"}],"about":[{"href":"https:\/\/www.article-marketing.eu\/comunicatistampa\/wp-json\/wp\/v2\/types\/post"}],"author":[{"embeddable":true,"href":"https:\/\/www.article-marketing.eu\/comunicatistampa\/wp-json\/wp\/v2\/users\/1855"}],"replies":[{"embeddable":true,"href":"https:\/\/www.article-marketing.eu\/comunicatistampa\/wp-json\/wp\/v2\/comments?post=12926"}],"version-history":[{"count":2,"href":"https:\/\/www.article-marketing.eu\/comunicatistampa\/wp-json\/wp\/v2\/posts\/12926\/revisions"}],"predecessor-version":[{"id":12943,"href":"https:\/\/www.article-marketing.eu\/comunicatistampa\/wp-json\/wp\/v2\/posts\/12926\/revisions\/12943"}],"wp:attachment":[{"href":"https:\/\/www.article-marketing.eu\/comunicatistampa\/wp-json\/wp\/v2\/media?parent=12926"}],"wp:term":[{"taxonomy":"category","embeddable":true,"href":"https:\/\/www.article-marketing.eu\/comunicatistampa\/wp-json\/wp\/v2\/categories?post=12926"},{"taxonomy":"post_tag","embeddable":true,"href":"https:\/\/www.article-marketing.eu\/comunicatistampa\/wp-json\/wp\/v2\/tags?post=12926"}],"curies":[{"name":"wp","href":"https:\/\/api.w.org\/{rel}","templated":true}]}}