{"id":13014,"date":"2019-03-28T18:27:23","date_gmt":"2019-03-28T17:27:23","guid":{"rendered":"https:\/\/www.article-marketing.eu\/comunicatistampa\/?p=13014"},"modified":"2019-03-28T18:27:23","modified_gmt":"2019-03-28T17:27:23","slug":"dalla-terra-al-cuore-con-campagnola","status":"publish","type":"post","link":"https:\/\/www.article-marketing.eu\/comunicatistampa\/dalla-terra-al-cuore-con-campagnola\/","title":{"rendered":"Dalla terra al cuore con Campagnola"},"content":{"rendered":"<p><em>Forte dello sviluppo internazionale e della consolidata presenza sul mercato estero, l\u2019\u2019azienda emiliana non perde di vista il legame con il territorio e sceglie di abbracciare alcuni importanti progetti solidali.<\/em><\/p>\n<p>Dalla <strong>mobilit\u00e0<\/strong> alla <strong>ricerca scientifica<\/strong>, dalla <strong>salute<\/strong> alle <strong>manifestazioni locali<\/strong> volte alla sponsorizzazione del territorio e delle sue infinite potenzialit\u00e0.<\/p>\n<p>L\u2019azienda <strong>Campagnola<\/strong>, da oltre 60 anni a Zola Predosa, nelle immediate vicinanze di Bologna, dove avvenne la fondazione nel 1958 da parte del Comm. Pio Vittorio Ferretti, continua lungo il percorso dell\u2019impegno responsabile appoggiando alcune iniziative locali dal forte valore e dall\u2019effettiva <strong>utilit\u00e0 sociale<\/strong>.<\/p>\n<p>Una delle prime occasioni del 2019 si ripresenter\u00e0 marted\u00ec <strong>26 marzo<\/strong>, quando presso il Teatro Comunale L. Betti di <strong>Casalecchio di Reno<\/strong> (in Piazza del Popolo 1) avr\u00e0 luogo lo spettacolo di danza e l\u2019incontro con <strong>Simona Atzori<\/strong>, talentuosa ballerina e pittrice nota, tra le altre cose, per aver ricoperto il ruolo di Ambasciatrice per la danza nel corso del Giubileo 2000. Lo spettacolo artistico che la vedr\u00e0 protagonista verr\u00e0 messo in scena a favore della campagna solidale<strong> #LOTTOANCHIO<\/strong>, indetta dell\u2019<strong>A.G.E.O.P.<\/strong> (Associazione Genitori Ematologia Oncologica Pediatrica) con l\u2019obiettivo di realizzare una <strong><em>\u201cTeen Room\u201d<\/em><\/strong> nel Reparto di Oncoematologia Pediatrica del Policlinico Sant\u2019Orsola Malpighi.<\/p>\n<p>Una sponsorizzazione che non vuole rappresentare un caso isolato, per l\u2019azienda di Zola Predosa: da molti anni prosegue il sostegno a una preziosa iniziativa del territorio ascrivibile all\u2019universo della mobilit\u00e0, volta a consegnare dei <strong>mezzi attrezzati <\/strong>per agevolare il<strong> trasferimento di anziani e persone con disabilit\u00e0 motorie<\/strong>. Analogo obiettivo, per Campagnola, ha la sovvenzione al <strong>Centro Ambulanze<\/strong> del Comune che ospita la sede dell\u2019azienda, per garantire alla cittadinanza una tempestiva assistenza in caso di urgenza e primaria necessit\u00e0.<\/p>\n<p>Un\u2019attenzione particolare sar\u00e0 riservata anche alla divulgazione scientifica, grazie all\u2019esperienza e alla professionalit\u00e0 del <strong>gastroenterologo Prof. Roda<\/strong> che si impegner\u00e0 a diffondere, mediante un ciclo di incontri informativi, l\u2019importanza della prevenzione e delle terapie mediche per un corretto approccio alla propria salute. Per chi vive la natura e opera per essa, il collegamento tra nutrizione e benessere \u00e8 quotidianamente percepito.<\/p>\n<p>Non mancher\u00e0 inoltre lo spazio per le manifestazioni locali, da sempre momento di aggregazione e condivisione delle pi\u00f9 antiche tradizioni gastronomiche. Ad inserirsi in questa direzione sar\u00e0 la Festa della Domenica in Albis (concorso <strong>Torta di Riso<\/strong>) organizzata dall\u2019Osteria del Pignotto con il supporto del Comune di Zola Predosa. Il ricavato della kermesse \u2013 che si terr\u00e0 il 28 aprile presso la suggestiva cornice di Palazzo Albergati con l\u2019attiva partecipazione di Campagnola, grazie a un corner dedicatole \u2013 verr\u00e0 devoluto a <strong>FANEP<\/strong> per aiutare i bambini affetti da patologie neuropsichiatriche e da disturbi del comportamento alimentare.<\/p>\n<p>La responsabilit\u00e0 sociale dell\u2019azienda emiliana ha radici antiche e costituisce uno dei valori fondanti della sua espansione, rivolta al mercato nazionale e internazionale per diffondere la qualit\u00e0 del made in Italy e il know-how di una realt\u00e0 continuamente sottoposta a innovazione e ricerca, ma anche strettamente legata alla terra che l\u2019ha vista compiere i primi passi nel campo della meccanica agricola professionale. Senza confini, Campagnola spazia dalle iniziative locali a quelle nazionali ed internazionali, valutando le esigenze, l\u2019incidenza e la contingenza delle situazioni bisognose di supporto.<\/p>\n<p><a href=\"http:\/\/www.campagnola.it\">www.campagnola.it<\/a><\/p>\n","protected":false},"excerpt":{"rendered":"<p>Forte dello sviluppo internazionale e della consolidata presenza sul mercato estero, l\u2019\u2019azienda emiliana non perde di vista il legame con il territorio e sceglie di abbracciare alcuni importanti progetti solidali. Dalla mobilit\u00e0 alla ricerca scientifica, dalla salute alle manifestazioni locali volte alla sponsorizzazione del territorio e delle sue infinite potenzialit\u00e0. L\u2019azienda Campagnola, da oltre 60 anni a Zola Predosa, nelle immediate vicinanze di Bologna, dove avvenne la fondazione nel 1958<\/p>\n<p><a class=\"continue-reading\" href=\"https:\/\/www.article-marketing.eu\/comunicatistampa\/dalla-terra-al-cuore-con-campagnola\/\">Continue reading&#8230;<\/a><\/p>\n","protected":false},"author":397,"featured_media":0,"comment_status":"open","ping_status":"open","sticky":false,"template":"","format":"standard","meta":{"_monsterinsights_skip_tracking":false,"_monsterinsights_sitenote_active":false,"_monsterinsights_sitenote_note":"","_monsterinsights_sitenote_category":0,"footnotes":""},"categories":[388,78,365,392,371,362],"tags":[3994,5261,2375,5258,5257,4305,204,3993,5259,5016,5260,5263,875,5262],"class_list":["post-13014","post","type-post","status-publish","format-standard","hentry","category-aziende","category-comunicati-stampa","category-diversamente-abili","category-eventi","category-medicina","category-societa","tag-abbacchiatori","tag-ageop","tag-agricoltura","tag-attrezzature-elettromeccaniche","tag-attrezzature-pneumatiche","tag-campagnola","tag-eventi","tag-forbici","tag-impegno-sociale","tag-meccanica-agricola","tag-responsabilita-sociale","tag-simona-atzori","tag-solidarieta","tag-spettacolo-di-danza"],"yoast_head":"<!-- This site is optimized with the Yoast SEO plugin v27.3 - https:\/\/yoast.com\/product\/yoast-seo-wordpress\/ -->\n<title>Dalla terra al cuore con Campagnola - Article Marketing<\/title>\n<meta name=\"robots\" content=\"index, follow, max-snippet:-1, max-image-preview:large, max-video-preview:-1\" \/>\n<link rel=\"canonical\" href=\"https:\/\/www.article-marketing.eu\/comunicatistampa\/dalla-terra-al-cuore-con-campagnola\/\" \/>\n<meta property=\"og:locale\" content=\"it_IT\" \/>\n<meta property=\"og:type\" content=\"article\" \/>\n<meta property=\"og:title\" content=\"Dalla terra al cuore con Campagnola - Article Marketing\" \/>\n<meta property=\"og:description\" content=\"Forte dello sviluppo internazionale e della consolidata presenza sul mercato estero, l\u2019\u2019azienda emiliana non perde di vista il legame con il territorio e sceglie di abbracciare alcuni importanti progetti solidali. Dalla mobilit\u00e0 alla ricerca scientifica, dalla salute alle manifestazioni locali volte alla sponsorizzazione del territorio e delle sue infinite potenzialit\u00e0. L\u2019azienda Campagnola, da oltre 60 anni a Zola Predosa, nelle immediate vicinanze di Bologna, dove avvenne la fondazione nel 1958Continue reading...\" \/>\n<meta property=\"og:url\" content=\"https:\/\/www.article-marketing.eu\/comunicatistampa\/dalla-terra-al-cuore-con-campagnola\/\" \/>\n<meta property=\"og:site_name\" content=\"Article Marketing\" \/>\n<meta property=\"article:published_time\" content=\"2019-03-28T17:27:23+00:00\" \/>\n<meta name=\"author\" content=\"Borderline Agency\" \/>\n<meta name=\"twitter:card\" content=\"summary_large_image\" \/>\n<meta name=\"twitter:label1\" content=\"Scritto da\" \/>\n\t<meta name=\"twitter:data1\" content=\"Borderline Agency\" \/>\n\t<meta name=\"twitter:label2\" content=\"Tempo di lettura stimato\" \/>\n\t<meta name=\"twitter:data2\" content=\"3 minuti\" \/>\n<script type=\"application\/ld+json\" class=\"yoast-schema-graph\">{\"@context\":\"https:\\\/\\\/schema.org\",\"@graph\":[{\"@type\":\"Article\",\"@id\":\"https:\\\/\\\/www.article-marketing.eu\\\/comunicatistampa\\\/dalla-terra-al-cuore-con-campagnola\\\/#article\",\"isPartOf\":{\"@id\":\"https:\\\/\\\/www.article-marketing.eu\\\/comunicatistampa\\\/dalla-terra-al-cuore-con-campagnola\\\/\"},\"author\":{\"name\":\"Borderline Agency\",\"@id\":\"https:\\\/\\\/www.article-marketing.eu\\\/comunicatistampa\\\/#\\\/schema\\\/person\\\/1c4ab1c7aad84347e26e78235da6ff1b\"},\"headline\":\"Dalla terra al cuore con Campagnola\",\"datePublished\":\"2019-03-28T17:27:23+00:00\",\"mainEntityOfPage\":{\"@id\":\"https:\\\/\\\/www.article-marketing.eu\\\/comunicatistampa\\\/dalla-terra-al-cuore-con-campagnola\\\/\"},\"wordCount\":538,\"commentCount\":0,\"keywords\":[\"abbacchiatori\",\"AGEOP\",\"agricoltura\",\"attrezzature elettromeccaniche\",\"attrezzature pneumatiche\",\"Campagnola\",\"eventi\",\"forbici\",\"impegno sociale\",\"meccanica agricola\",\"responsabilit\u00e0 sociale\",\"Simona Atzori\",\"solidariet\u00e0\",\"spettacolo di danza\"],\"articleSection\":[\"Aziende\",\"Comunicati stampa\",\"Diversamente abili\",\"Eventi\",\"Medicina\",\"Societ\u00e0\"],\"inLanguage\":\"it-IT\",\"potentialAction\":[{\"@type\":\"CommentAction\",\"name\":\"Comment\",\"target\":[\"https:\\\/\\\/www.article-marketing.eu\\\/comunicatistampa\\\/dalla-terra-al-cuore-con-campagnola\\\/#respond\"]}]},{\"@type\":\"WebPage\",\"@id\":\"https:\\\/\\\/www.article-marketing.eu\\\/comunicatistampa\\\/dalla-terra-al-cuore-con-campagnola\\\/\",\"url\":\"https:\\\/\\\/www.article-marketing.eu\\\/comunicatistampa\\\/dalla-terra-al-cuore-con-campagnola\\\/\",\"name\":\"Dalla terra al cuore con Campagnola - Article Marketing\",\"isPartOf\":{\"@id\":\"https:\\\/\\\/www.article-marketing.eu\\\/comunicatistampa\\\/#website\"},\"datePublished\":\"2019-03-28T17:27:23+00:00\",\"author\":{\"@id\":\"https:\\\/\\\/www.article-marketing.eu\\\/comunicatistampa\\\/#\\\/schema\\\/person\\\/1c4ab1c7aad84347e26e78235da6ff1b\"},\"breadcrumb\":{\"@id\":\"https:\\\/\\\/www.article-marketing.eu\\\/comunicatistampa\\\/dalla-terra-al-cuore-con-campagnola\\\/#breadcrumb\"},\"inLanguage\":\"it-IT\",\"potentialAction\":[{\"@type\":\"ReadAction\",\"target\":[\"https:\\\/\\\/www.article-marketing.eu\\\/comunicatistampa\\\/dalla-terra-al-cuore-con-campagnola\\\/\"]}]},{\"@type\":\"BreadcrumbList\",\"@id\":\"https:\\\/\\\/www.article-marketing.eu\\\/comunicatistampa\\\/dalla-terra-al-cuore-con-campagnola\\\/#breadcrumb\",\"itemListElement\":[{\"@type\":\"ListItem\",\"position\":1,\"name\":\"Home\",\"item\":\"https:\\\/\\\/www.article-marketing.eu\\\/comunicatistampa\\\/\"},{\"@type\":\"ListItem\",\"position\":2,\"name\":\"Dalla terra al cuore con Campagnola\"}]},{\"@type\":\"WebSite\",\"@id\":\"https:\\\/\\\/www.article-marketing.eu\\\/comunicatistampa\\\/#website\",\"url\":\"https:\\\/\\\/www.article-marketing.eu\\\/comunicatistampa\\\/\",\"name\":\"Article Marketing\",\"description\":\"article marketing &amp; press release\",\"potentialAction\":[{\"@type\":\"SearchAction\",\"target\":{\"@type\":\"EntryPoint\",\"urlTemplate\":\"https:\\\/\\\/www.article-marketing.eu\\\/comunicatistampa\\\/?s={search_term_string}\"},\"query-input\":{\"@type\":\"PropertyValueSpecification\",\"valueRequired\":true,\"valueName\":\"search_term_string\"}}],\"inLanguage\":\"it-IT\"},{\"@type\":\"Person\",\"@id\":\"https:\\\/\\\/www.article-marketing.eu\\\/comunicatistampa\\\/#\\\/schema\\\/person\\\/1c4ab1c7aad84347e26e78235da6ff1b\",\"name\":\"Borderline Agency\",\"image\":{\"@type\":\"ImageObject\",\"inLanguage\":\"it-IT\",\"@id\":\"https:\\\/\\\/secure.gravatar.com\\\/avatar\\\/741fa053101610cb0be7dc835c116926549ae4ae2142ff35eac04d78fda61461?s=96&d=mm&r=g\",\"url\":\"https:\\\/\\\/secure.gravatar.com\\\/avatar\\\/741fa053101610cb0be7dc835c116926549ae4ae2142ff35eac04d78fda61461?s=96&d=mm&r=g\",\"contentUrl\":\"https:\\\/\\\/secure.gravatar.com\\\/avatar\\\/741fa053101610cb0be7dc835c116926549ae4ae2142ff35eac04d78fda61461?s=96&d=mm&r=g\",\"caption\":\"Borderline Agency\"},\"url\":\"https:\\\/\\\/www.article-marketing.eu\\\/comunicatistampa\\\/author\\\/borderline-agency\\\/\"}]}<\/script>\n<!-- \/ Yoast SEO plugin. -->","yoast_head_json":{"title":"Dalla terra al cuore con Campagnola - Article Marketing","robots":{"index":"index","follow":"follow","max-snippet":"max-snippet:-1","max-image-preview":"max-image-preview:large","max-video-preview":"max-video-preview:-1"},"canonical":"https:\/\/www.article-marketing.eu\/comunicatistampa\/dalla-terra-al-cuore-con-campagnola\/","og_locale":"it_IT","og_type":"article","og_title":"Dalla terra al cuore con Campagnola - Article Marketing","og_description":"Forte dello sviluppo internazionale e della consolidata presenza sul mercato estero, l\u2019\u2019azienda emiliana non perde di vista il legame con il territorio e sceglie di abbracciare alcuni importanti progetti solidali. Dalla mobilit\u00e0 alla ricerca scientifica, dalla salute alle manifestazioni locali volte alla sponsorizzazione del territorio e delle sue infinite potenzialit\u00e0. L\u2019azienda Campagnola, da oltre 60 anni a Zola Predosa, nelle immediate vicinanze di Bologna, dove avvenne la fondazione nel 1958Continue reading...","og_url":"https:\/\/www.article-marketing.eu\/comunicatistampa\/dalla-terra-al-cuore-con-campagnola\/","og_site_name":"Article Marketing","article_published_time":"2019-03-28T17:27:23+00:00","author":"Borderline Agency","twitter_card":"summary_large_image","twitter_misc":{"Scritto da":"Borderline Agency","Tempo di lettura stimato":"3 minuti"},"schema":{"@context":"https:\/\/schema.org","@graph":[{"@type":"Article","@id":"https:\/\/www.article-marketing.eu\/comunicatistampa\/dalla-terra-al-cuore-con-campagnola\/#article","isPartOf":{"@id":"https:\/\/www.article-marketing.eu\/comunicatistampa\/dalla-terra-al-cuore-con-campagnola\/"},"author":{"name":"Borderline Agency","@id":"https:\/\/www.article-marketing.eu\/comunicatistampa\/#\/schema\/person\/1c4ab1c7aad84347e26e78235da6ff1b"},"headline":"Dalla terra al cuore con Campagnola","datePublished":"2019-03-28T17:27:23+00:00","mainEntityOfPage":{"@id":"https:\/\/www.article-marketing.eu\/comunicatistampa\/dalla-terra-al-cuore-con-campagnola\/"},"wordCount":538,"commentCount":0,"keywords":["abbacchiatori","AGEOP","agricoltura","attrezzature elettromeccaniche","attrezzature pneumatiche","Campagnola","eventi","forbici","impegno sociale","meccanica agricola","responsabilit\u00e0 sociale","Simona Atzori","solidariet\u00e0","spettacolo di danza"],"articleSection":["Aziende","Comunicati stampa","Diversamente abili","Eventi","Medicina","Societ\u00e0"],"inLanguage":"it-IT","potentialAction":[{"@type":"CommentAction","name":"Comment","target":["https:\/\/www.article-marketing.eu\/comunicatistampa\/dalla-terra-al-cuore-con-campagnola\/#respond"]}]},{"@type":"WebPage","@id":"https:\/\/www.article-marketing.eu\/comunicatistampa\/dalla-terra-al-cuore-con-campagnola\/","url":"https:\/\/www.article-marketing.eu\/comunicatistampa\/dalla-terra-al-cuore-con-campagnola\/","name":"Dalla terra al cuore con Campagnola - Article Marketing","isPartOf":{"@id":"https:\/\/www.article-marketing.eu\/comunicatistampa\/#website"},"datePublished":"2019-03-28T17:27:23+00:00","author":{"@id":"https:\/\/www.article-marketing.eu\/comunicatistampa\/#\/schema\/person\/1c4ab1c7aad84347e26e78235da6ff1b"},"breadcrumb":{"@id":"https:\/\/www.article-marketing.eu\/comunicatistampa\/dalla-terra-al-cuore-con-campagnola\/#breadcrumb"},"inLanguage":"it-IT","potentialAction":[{"@type":"ReadAction","target":["https:\/\/www.article-marketing.eu\/comunicatistampa\/dalla-terra-al-cuore-con-campagnola\/"]}]},{"@type":"BreadcrumbList","@id":"https:\/\/www.article-marketing.eu\/comunicatistampa\/dalla-terra-al-cuore-con-campagnola\/#breadcrumb","itemListElement":[{"@type":"ListItem","position":1,"name":"Home","item":"https:\/\/www.article-marketing.eu\/comunicatistampa\/"},{"@type":"ListItem","position":2,"name":"Dalla terra al cuore con Campagnola"}]},{"@type":"WebSite","@id":"https:\/\/www.article-marketing.eu\/comunicatistampa\/#website","url":"https:\/\/www.article-marketing.eu\/comunicatistampa\/","name":"Article Marketing","description":"article marketing &amp; press release","potentialAction":[{"@type":"SearchAction","target":{"@type":"EntryPoint","urlTemplate":"https:\/\/www.article-marketing.eu\/comunicatistampa\/?s={search_term_string}"},"query-input":{"@type":"PropertyValueSpecification","valueRequired":true,"valueName":"search_term_string"}}],"inLanguage":"it-IT"},{"@type":"Person","@id":"https:\/\/www.article-marketing.eu\/comunicatistampa\/#\/schema\/person\/1c4ab1c7aad84347e26e78235da6ff1b","name":"Borderline Agency","image":{"@type":"ImageObject","inLanguage":"it-IT","@id":"https:\/\/secure.gravatar.com\/avatar\/741fa053101610cb0be7dc835c116926549ae4ae2142ff35eac04d78fda61461?s=96&d=mm&r=g","url":"https:\/\/secure.gravatar.com\/avatar\/741fa053101610cb0be7dc835c116926549ae4ae2142ff35eac04d78fda61461?s=96&d=mm&r=g","contentUrl":"https:\/\/secure.gravatar.com\/avatar\/741fa053101610cb0be7dc835c116926549ae4ae2142ff35eac04d78fda61461?s=96&d=mm&r=g","caption":"Borderline Agency"},"url":"https:\/\/www.article-marketing.eu\/comunicatistampa\/author\/borderline-agency\/"}]}},"_links":{"self":[{"href":"https:\/\/www.article-marketing.eu\/comunicatistampa\/wp-json\/wp\/v2\/posts\/13014","targetHints":{"allow":["GET"]}}],"collection":[{"href":"https:\/\/www.article-marketing.eu\/comunicatistampa\/wp-json\/wp\/v2\/posts"}],"about":[{"href":"https:\/\/www.article-marketing.eu\/comunicatistampa\/wp-json\/wp\/v2\/types\/post"}],"author":[{"embeddable":true,"href":"https:\/\/www.article-marketing.eu\/comunicatistampa\/wp-json\/wp\/v2\/users\/397"}],"replies":[{"embeddable":true,"href":"https:\/\/www.article-marketing.eu\/comunicatistampa\/wp-json\/wp\/v2\/comments?post=13014"}],"version-history":[{"count":2,"href":"https:\/\/www.article-marketing.eu\/comunicatistampa\/wp-json\/wp\/v2\/posts\/13014\/revisions"}],"predecessor-version":[{"id":13047,"href":"https:\/\/www.article-marketing.eu\/comunicatistampa\/wp-json\/wp\/v2\/posts\/13014\/revisions\/13047"}],"wp:attachment":[{"href":"https:\/\/www.article-marketing.eu\/comunicatistampa\/wp-json\/wp\/v2\/media?parent=13014"}],"wp:term":[{"taxonomy":"category","embeddable":true,"href":"https:\/\/www.article-marketing.eu\/comunicatistampa\/wp-json\/wp\/v2\/categories?post=13014"},{"taxonomy":"post_tag","embeddable":true,"href":"https:\/\/www.article-marketing.eu\/comunicatistampa\/wp-json\/wp\/v2\/tags?post=13014"}],"curies":[{"name":"wp","href":"https:\/\/api.w.org\/{rel}","templated":true}]}}