{"id":13310,"date":"2019-06-02T18:31:35","date_gmt":"2019-06-02T16:31:35","guid":{"rendered":"https:\/\/www.article-marketing.eu\/comunicatistampa\/?p=13310"},"modified":"2019-06-02T18:31:35","modified_gmt":"2019-06-02T16:31:35","slug":"unalleanza-per-il-sociale","status":"publish","type":"post","link":"https:\/\/www.article-marketing.eu\/comunicatistampa\/unalleanza-per-il-sociale\/","title":{"rendered":"Un\u2019alleanza per il sociale"},"content":{"rendered":"<p><em>Con la sponsorizzazione del progetto \u201cUn automezzo per\u2026\u201d Bioagrotech abbraccia l\u2019impegno nel sociale in partnership con la Cooperativa Sociale Pubblicit\u00e0 Solidale, sottoscrivendo il progetto di sostegno per i prossimi quattro anni.<\/em><\/p>\n<p>Esordio nel sociale a sostegno della disabilit\u00e0.\u00a0<strong>Bioagrotech srl<\/strong>, azienda della Repubblica di San Marino specializzata nella produzione e commercializzazione di\u00a0fertilizzanti e trattamenti organici per l\u2019agricoltura biologica, ha sostenuto, in sinergia con altre realt\u00e0 aziendali, il<strong> progetto \u201cUn automezzo per\u2026\u201d <\/strong>promosso dalla <strong>cooperativa Pubblicit\u00e0 Solidale <\/strong>a favore della<strong> Fondazione Centro Anch\u2019io<\/strong>, ONLUS impegnata nella cura e nella tutela di ragazzi con disabilit\u00e0 intellettive.<\/p>\n<p><strong>Gioved\u00ec 30 maggio<\/strong> alle 17.30, presso la sede della Fondazione Centro Anch\u2019io (Via Rivo Fontanelle, 183 \u2013 Gualdicciolo) si \u00e8 tenuta la<strong> cerimonia di consegna di un automezzo<\/strong> Renault Trafic<strong> attrezzato per il trasporto dei disabili<\/strong> alla presenza di tutte le realt\u00e0 aderenti all\u2019iniziativa.<\/p>\n<p>La macchina \u00e8 stata fornita alla Fondazione in comodato d\u2019uso gratuito per 4 anni e avr\u00e0 l\u2019obiettivo di <strong>permettere ai ragazzi di svolgere visite mediche, ricreative <\/strong>e tutte le attivit\u00e0 necessarie per condurre una vita autonoma, serena e dignitosa.<\/p>\n<p><strong>Alla cerimonia ufficiale<\/strong>, aperta ai media locali, sono intervenute le <strong>istituzioni di San Marino<\/strong>, rappresentate dal Segretario di Stato Sanit\u00e0 e Sicurezza Sociale <strong>Maria Chiara Baglioni<\/strong>, che insieme a <strong>PierPaolo Tomasi<\/strong> &#8211; Presidente della Pubblicit\u00e0 Solidale &#8211; e a <strong>Milva Ceccoli<\/strong> \u2013 Presidente della Fondazione Onlus Centro Anch\u2019io &#8211; ha suggellato l\u2019atto conclusivo di questa importante attivit\u00e0 solidale, capace di coinvolgere i maggiori player del territorio.<\/p>\n<p>P<strong>er Bioagrotech Srl la partecipazione a questa iniziativa non rappresenta un evento una tantum<\/strong>, ma si colloca all\u2019interno di un percorso all\u2019insegna della responsabilit\u00e0 sociale. <strong>Biogrotech Srl, infatti, si \u00e8 impegnata a sponsorizzare nei prossimi quattro anni i progetti di Pubblicit\u00e0 Solidale<\/strong>, Societ\u00e0 Cooperativa attiva su tutto il territorio nazionale nella creazione di sinergie tra il pubblico e il privato a favore di progetti dedicati alle fasce deboli, con particolare attenzione verso le persone colpite da difficolt\u00e0 motorie e psicologiche.<\/p>\n<p>E non \u00e8 tutto: <strong>in futuro l\u2019azienda sanmarinese ha in programma di indirizzare il proprio intervento anche su altri versanti<\/strong>, rimanendo coerente con le tematiche che pi\u00f9 si accostano alla sua sensibilit\u00e0 e alla sua vision. L\u2019obiettivo contingente \u00e8 quello di sostenere<strong> altre associazioni del territorio <\/strong>con un particolare riguardo nei confronti delle<strong> realt\u00e0 che si battono per la tutela ambientale<\/strong>. Una problematica cara a Bioagrotech Srl, da sempre impegnata a promuovere, attraverso la sua attivit\u00e0, un <strong>modello di agricoltura biologica e sostenibile<\/strong>, tesa a conservare la <strong>biodiversit\u00e0<\/strong> e la <strong>ricchezza del suolo<\/strong>.<\/p>\n<p><strong>Bioagrotech srl<\/strong> \u00e8 un\u2019azienda della Repubblica di San Marino specializzata nello studio, nella lavorazione e nella commercializzazione di fertilizzanti e substrati organici e minerali ideali per le esigenze dell\u2019agricoltura biologica<strong>, <\/strong>biodinamica e a lotta integrata. Dal 2011 propone trattamenti innovativi per un\u2019agricoltura all\u2019insegna del rispetto dell\u2019ambiente e della biodiversit\u00e0. I prodotti Bioagrotech potenziano le difese naturali delle piante e arricchiscono il suolo: in tal modo permettono di ridurre notevolmente l\u2019uso di fitofarmaci, riducendo anche la loro presenza residuale sui raccolti.<\/p>\n<p><a href=\"http:\/\/www.bioagrotech.com\">www.bioagrotech.com<\/a><\/p>\n<p>&nbsp;<\/p>\n","protected":false},"excerpt":{"rendered":"<p>Con la sponsorizzazione del progetto \u201cUn automezzo per\u2026\u201d Bioagrotech abbraccia l\u2019impegno nel sociale in partnership con la Cooperativa Sociale Pubblicit\u00e0 Solidale, sottoscrivendo il progetto di sostegno per i prossimi quattro anni. Esordio nel sociale a sostegno della disabilit\u00e0.\u00a0Bioagrotech srl, azienda della Repubblica di San Marino specializzata nella produzione e commercializzazione di\u00a0fertilizzanti e trattamenti organici per l\u2019agricoltura biologica, ha sostenuto, in sinergia con altre realt\u00e0 aziendali, il progetto \u201cUn automezzo per\u2026\u201d<\/p>\n<p><a class=\"continue-reading\" href=\"https:\/\/www.article-marketing.eu\/comunicatistampa\/unalleanza-per-il-sociale\/\">Continue reading&#8230;<\/a><\/p>\n","protected":false},"author":397,"featured_media":0,"comment_status":"open","ping_status":"open","sticky":false,"template":"","format":"standard","meta":{"_monsterinsights_skip_tracking":false,"_monsterinsights_sitenote_active":false,"_monsterinsights_sitenote_note":"","_monsterinsights_sitenote_category":0,"footnotes":""},"categories":[78],"tags":[5418,5422,5420,5419,5421,875,5423,5424,1574],"class_list":["post-13310","post","type-post","status-publish","format-standard","hentry","category-comunicati-stampa","tag-bioagrotech-srl","tag-biodiversita","tag-fondazione-centro-anchio","tag-pubblicita-solidale","tag-san-marino","tag-solidarieta","tag-terzo-settore","tag-trasporto-disabili","tag-tutela-ambientale"],"yoast_head":"<!-- This site is optimized with the Yoast SEO plugin v27.3 - https:\/\/yoast.com\/product\/yoast-seo-wordpress\/ -->\n<title>Un\u2019alleanza per il sociale - Article Marketing<\/title>\n<meta name=\"robots\" content=\"index, follow, max-snippet:-1, max-image-preview:large, max-video-preview:-1\" \/>\n<link rel=\"canonical\" href=\"https:\/\/www.article-marketing.eu\/comunicatistampa\/unalleanza-per-il-sociale\/\" \/>\n<meta property=\"og:locale\" content=\"it_IT\" \/>\n<meta property=\"og:type\" content=\"article\" \/>\n<meta property=\"og:title\" content=\"Un\u2019alleanza per il sociale - Article Marketing\" \/>\n<meta property=\"og:description\" content=\"Con la sponsorizzazione del progetto \u201cUn automezzo per\u2026\u201d Bioagrotech abbraccia l\u2019impegno nel sociale in partnership con la Cooperativa Sociale Pubblicit\u00e0 Solidale, sottoscrivendo il progetto di sostegno per i prossimi quattro anni. Esordio nel sociale a sostegno della disabilit\u00e0.\u00a0Bioagrotech srl, azienda della Repubblica di San Marino specializzata nella produzione e commercializzazione di\u00a0fertilizzanti e trattamenti organici per l\u2019agricoltura biologica, ha sostenuto, in sinergia con altre realt\u00e0 aziendali, il progetto \u201cUn automezzo per\u2026\u201dContinue reading...\" \/>\n<meta property=\"og:url\" content=\"https:\/\/www.article-marketing.eu\/comunicatistampa\/unalleanza-per-il-sociale\/\" \/>\n<meta property=\"og:site_name\" content=\"Article Marketing\" \/>\n<meta property=\"article:published_time\" content=\"2019-06-02T16:31:35+00:00\" \/>\n<meta name=\"author\" content=\"Borderline Agency\" \/>\n<meta name=\"twitter:card\" content=\"summary_large_image\" \/>\n<meta name=\"twitter:label1\" content=\"Scritto da\" \/>\n\t<meta name=\"twitter:data1\" content=\"Borderline Agency\" \/>\n\t<meta name=\"twitter:label2\" content=\"Tempo di lettura stimato\" \/>\n\t<meta name=\"twitter:data2\" content=\"3 minuti\" \/>\n<script type=\"application\/ld+json\" class=\"yoast-schema-graph\">{\"@context\":\"https:\\\/\\\/schema.org\",\"@graph\":[{\"@type\":\"Article\",\"@id\":\"https:\\\/\\\/www.article-marketing.eu\\\/comunicatistampa\\\/unalleanza-per-il-sociale\\\/#article\",\"isPartOf\":{\"@id\":\"https:\\\/\\\/www.article-marketing.eu\\\/comunicatistampa\\\/unalleanza-per-il-sociale\\\/\"},\"author\":{\"name\":\"Borderline Agency\",\"@id\":\"https:\\\/\\\/www.article-marketing.eu\\\/comunicatistampa\\\/#\\\/schema\\\/person\\\/1c4ab1c7aad84347e26e78235da6ff1b\"},\"headline\":\"Un\u2019alleanza per il sociale\",\"datePublished\":\"2019-06-02T16:31:35+00:00\",\"mainEntityOfPage\":{\"@id\":\"https:\\\/\\\/www.article-marketing.eu\\\/comunicatistampa\\\/unalleanza-per-il-sociale\\\/\"},\"wordCount\":512,\"commentCount\":0,\"keywords\":[\"Bioagrotech Srl\",\"Biodiversit\u00e0\",\"Fondazione Centro Anch'io\",\"Pubblicit\u00e0 Solidale\",\"San Marino\",\"solidariet\u00e0\",\"Terzo settore\",\"Trasporto disabili\",\"tutela ambientale\"],\"articleSection\":[\"Comunicati stampa\"],\"inLanguage\":\"it-IT\",\"potentialAction\":[{\"@type\":\"CommentAction\",\"name\":\"Comment\",\"target\":[\"https:\\\/\\\/www.article-marketing.eu\\\/comunicatistampa\\\/unalleanza-per-il-sociale\\\/#respond\"]}]},{\"@type\":\"WebPage\",\"@id\":\"https:\\\/\\\/www.article-marketing.eu\\\/comunicatistampa\\\/unalleanza-per-il-sociale\\\/\",\"url\":\"https:\\\/\\\/www.article-marketing.eu\\\/comunicatistampa\\\/unalleanza-per-il-sociale\\\/\",\"name\":\"Un\u2019alleanza per il sociale - Article Marketing\",\"isPartOf\":{\"@id\":\"https:\\\/\\\/www.article-marketing.eu\\\/comunicatistampa\\\/#website\"},\"datePublished\":\"2019-06-02T16:31:35+00:00\",\"author\":{\"@id\":\"https:\\\/\\\/www.article-marketing.eu\\\/comunicatistampa\\\/#\\\/schema\\\/person\\\/1c4ab1c7aad84347e26e78235da6ff1b\"},\"breadcrumb\":{\"@id\":\"https:\\\/\\\/www.article-marketing.eu\\\/comunicatistampa\\\/unalleanza-per-il-sociale\\\/#breadcrumb\"},\"inLanguage\":\"it-IT\",\"potentialAction\":[{\"@type\":\"ReadAction\",\"target\":[\"https:\\\/\\\/www.article-marketing.eu\\\/comunicatistampa\\\/unalleanza-per-il-sociale\\\/\"]}]},{\"@type\":\"BreadcrumbList\",\"@id\":\"https:\\\/\\\/www.article-marketing.eu\\\/comunicatistampa\\\/unalleanza-per-il-sociale\\\/#breadcrumb\",\"itemListElement\":[{\"@type\":\"ListItem\",\"position\":1,\"name\":\"Home\",\"item\":\"https:\\\/\\\/www.article-marketing.eu\\\/comunicatistampa\\\/\"},{\"@type\":\"ListItem\",\"position\":2,\"name\":\"Un\u2019alleanza per il sociale\"}]},{\"@type\":\"WebSite\",\"@id\":\"https:\\\/\\\/www.article-marketing.eu\\\/comunicatistampa\\\/#website\",\"url\":\"https:\\\/\\\/www.article-marketing.eu\\\/comunicatistampa\\\/\",\"name\":\"Article Marketing\",\"description\":\"article marketing &amp; press release\",\"potentialAction\":[{\"@type\":\"SearchAction\",\"target\":{\"@type\":\"EntryPoint\",\"urlTemplate\":\"https:\\\/\\\/www.article-marketing.eu\\\/comunicatistampa\\\/?s={search_term_string}\"},\"query-input\":{\"@type\":\"PropertyValueSpecification\",\"valueRequired\":true,\"valueName\":\"search_term_string\"}}],\"inLanguage\":\"it-IT\"},{\"@type\":\"Person\",\"@id\":\"https:\\\/\\\/www.article-marketing.eu\\\/comunicatistampa\\\/#\\\/schema\\\/person\\\/1c4ab1c7aad84347e26e78235da6ff1b\",\"name\":\"Borderline Agency\",\"image\":{\"@type\":\"ImageObject\",\"inLanguage\":\"it-IT\",\"@id\":\"https:\\\/\\\/secure.gravatar.com\\\/avatar\\\/741fa053101610cb0be7dc835c116926549ae4ae2142ff35eac04d78fda61461?s=96&d=mm&r=g\",\"url\":\"https:\\\/\\\/secure.gravatar.com\\\/avatar\\\/741fa053101610cb0be7dc835c116926549ae4ae2142ff35eac04d78fda61461?s=96&d=mm&r=g\",\"contentUrl\":\"https:\\\/\\\/secure.gravatar.com\\\/avatar\\\/741fa053101610cb0be7dc835c116926549ae4ae2142ff35eac04d78fda61461?s=96&d=mm&r=g\",\"caption\":\"Borderline Agency\"},\"url\":\"https:\\\/\\\/www.article-marketing.eu\\\/comunicatistampa\\\/author\\\/borderline-agency\\\/\"}]}<\/script>\n<!-- \/ Yoast SEO plugin. -->","yoast_head_json":{"title":"Un\u2019alleanza per il sociale - Article Marketing","robots":{"index":"index","follow":"follow","max-snippet":"max-snippet:-1","max-image-preview":"max-image-preview:large","max-video-preview":"max-video-preview:-1"},"canonical":"https:\/\/www.article-marketing.eu\/comunicatistampa\/unalleanza-per-il-sociale\/","og_locale":"it_IT","og_type":"article","og_title":"Un\u2019alleanza per il sociale - Article Marketing","og_description":"Con la sponsorizzazione del progetto \u201cUn automezzo per\u2026\u201d Bioagrotech abbraccia l\u2019impegno nel sociale in partnership con la Cooperativa Sociale Pubblicit\u00e0 Solidale, sottoscrivendo il progetto di sostegno per i prossimi quattro anni. Esordio nel sociale a sostegno della disabilit\u00e0.\u00a0Bioagrotech srl, azienda della Repubblica di San Marino specializzata nella produzione e commercializzazione di\u00a0fertilizzanti e trattamenti organici per l\u2019agricoltura biologica, ha sostenuto, in sinergia con altre realt\u00e0 aziendali, il progetto \u201cUn automezzo per\u2026\u201dContinue reading...","og_url":"https:\/\/www.article-marketing.eu\/comunicatistampa\/unalleanza-per-il-sociale\/","og_site_name":"Article Marketing","article_published_time":"2019-06-02T16:31:35+00:00","author":"Borderline Agency","twitter_card":"summary_large_image","twitter_misc":{"Scritto da":"Borderline Agency","Tempo di lettura stimato":"3 minuti"},"schema":{"@context":"https:\/\/schema.org","@graph":[{"@type":"Article","@id":"https:\/\/www.article-marketing.eu\/comunicatistampa\/unalleanza-per-il-sociale\/#article","isPartOf":{"@id":"https:\/\/www.article-marketing.eu\/comunicatistampa\/unalleanza-per-il-sociale\/"},"author":{"name":"Borderline Agency","@id":"https:\/\/www.article-marketing.eu\/comunicatistampa\/#\/schema\/person\/1c4ab1c7aad84347e26e78235da6ff1b"},"headline":"Un\u2019alleanza per il sociale","datePublished":"2019-06-02T16:31:35+00:00","mainEntityOfPage":{"@id":"https:\/\/www.article-marketing.eu\/comunicatistampa\/unalleanza-per-il-sociale\/"},"wordCount":512,"commentCount":0,"keywords":["Bioagrotech Srl","Biodiversit\u00e0","Fondazione Centro Anch'io","Pubblicit\u00e0 Solidale","San Marino","solidariet\u00e0","Terzo settore","Trasporto disabili","tutela ambientale"],"articleSection":["Comunicati stampa"],"inLanguage":"it-IT","potentialAction":[{"@type":"CommentAction","name":"Comment","target":["https:\/\/www.article-marketing.eu\/comunicatistampa\/unalleanza-per-il-sociale\/#respond"]}]},{"@type":"WebPage","@id":"https:\/\/www.article-marketing.eu\/comunicatistampa\/unalleanza-per-il-sociale\/","url":"https:\/\/www.article-marketing.eu\/comunicatistampa\/unalleanza-per-il-sociale\/","name":"Un\u2019alleanza per il sociale - Article Marketing","isPartOf":{"@id":"https:\/\/www.article-marketing.eu\/comunicatistampa\/#website"},"datePublished":"2019-06-02T16:31:35+00:00","author":{"@id":"https:\/\/www.article-marketing.eu\/comunicatistampa\/#\/schema\/person\/1c4ab1c7aad84347e26e78235da6ff1b"},"breadcrumb":{"@id":"https:\/\/www.article-marketing.eu\/comunicatistampa\/unalleanza-per-il-sociale\/#breadcrumb"},"inLanguage":"it-IT","potentialAction":[{"@type":"ReadAction","target":["https:\/\/www.article-marketing.eu\/comunicatistampa\/unalleanza-per-il-sociale\/"]}]},{"@type":"BreadcrumbList","@id":"https:\/\/www.article-marketing.eu\/comunicatistampa\/unalleanza-per-il-sociale\/#breadcrumb","itemListElement":[{"@type":"ListItem","position":1,"name":"Home","item":"https:\/\/www.article-marketing.eu\/comunicatistampa\/"},{"@type":"ListItem","position":2,"name":"Un\u2019alleanza per il sociale"}]},{"@type":"WebSite","@id":"https:\/\/www.article-marketing.eu\/comunicatistampa\/#website","url":"https:\/\/www.article-marketing.eu\/comunicatistampa\/","name":"Article Marketing","description":"article marketing &amp; press release","potentialAction":[{"@type":"SearchAction","target":{"@type":"EntryPoint","urlTemplate":"https:\/\/www.article-marketing.eu\/comunicatistampa\/?s={search_term_string}"},"query-input":{"@type":"PropertyValueSpecification","valueRequired":true,"valueName":"search_term_string"}}],"inLanguage":"it-IT"},{"@type":"Person","@id":"https:\/\/www.article-marketing.eu\/comunicatistampa\/#\/schema\/person\/1c4ab1c7aad84347e26e78235da6ff1b","name":"Borderline Agency","image":{"@type":"ImageObject","inLanguage":"it-IT","@id":"https:\/\/secure.gravatar.com\/avatar\/741fa053101610cb0be7dc835c116926549ae4ae2142ff35eac04d78fda61461?s=96&d=mm&r=g","url":"https:\/\/secure.gravatar.com\/avatar\/741fa053101610cb0be7dc835c116926549ae4ae2142ff35eac04d78fda61461?s=96&d=mm&r=g","contentUrl":"https:\/\/secure.gravatar.com\/avatar\/741fa053101610cb0be7dc835c116926549ae4ae2142ff35eac04d78fda61461?s=96&d=mm&r=g","caption":"Borderline Agency"},"url":"https:\/\/www.article-marketing.eu\/comunicatistampa\/author\/borderline-agency\/"}]}},"_links":{"self":[{"href":"https:\/\/www.article-marketing.eu\/comunicatistampa\/wp-json\/wp\/v2\/posts\/13310","targetHints":{"allow":["GET"]}}],"collection":[{"href":"https:\/\/www.article-marketing.eu\/comunicatistampa\/wp-json\/wp\/v2\/posts"}],"about":[{"href":"https:\/\/www.article-marketing.eu\/comunicatistampa\/wp-json\/wp\/v2\/types\/post"}],"author":[{"embeddable":true,"href":"https:\/\/www.article-marketing.eu\/comunicatistampa\/wp-json\/wp\/v2\/users\/397"}],"replies":[{"embeddable":true,"href":"https:\/\/www.article-marketing.eu\/comunicatistampa\/wp-json\/wp\/v2\/comments?post=13310"}],"version-history":[{"count":2,"href":"https:\/\/www.article-marketing.eu\/comunicatistampa\/wp-json\/wp\/v2\/posts\/13310\/revisions"}],"predecessor-version":[{"id":13317,"href":"https:\/\/www.article-marketing.eu\/comunicatistampa\/wp-json\/wp\/v2\/posts\/13310\/revisions\/13317"}],"wp:attachment":[{"href":"https:\/\/www.article-marketing.eu\/comunicatistampa\/wp-json\/wp\/v2\/media?parent=13310"}],"wp:term":[{"taxonomy":"category","embeddable":true,"href":"https:\/\/www.article-marketing.eu\/comunicatistampa\/wp-json\/wp\/v2\/categories?post=13310"},{"taxonomy":"post_tag","embeddable":true,"href":"https:\/\/www.article-marketing.eu\/comunicatistampa\/wp-json\/wp\/v2\/tags?post=13310"}],"curies":[{"name":"wp","href":"https:\/\/api.w.org\/{rel}","templated":true}]}}