{"id":13331,"date":"2019-06-06T22:11:40","date_gmt":"2019-06-06T20:11:40","guid":{"rendered":"https:\/\/www.article-marketing.eu\/comunicatistampa\/?p=13331"},"modified":"2019-06-06T22:11:40","modified_gmt":"2019-06-06T20:11:40","slug":"sbullit-action-alla-camera-dei-deputati-a-fine-giugno-la-presentazione-dellapp-contro-il-bullismo","status":"publish","type":"post","link":"https:\/\/www.article-marketing.eu\/comunicatistampa\/sbullit-action-alla-camera-dei-deputati-a-fine-giugno-la-presentazione-dellapp-contro-il-bullismo\/","title":{"rendered":"Sbullit Action alla Camera dei Deputati: a fine Giugno la presentazione dell\u2019app contro il bullismo"},"content":{"rendered":"<p><em>Grazie all\u2019appoggio dell\u2019On. Riccardo Marchetti, Fondazione Vento Onlus e Digital Ideators presenteranno alla Camera dei Deputati Sbullit Action, l\u2019app game sviluppata per sensibilizzare le nuove generazioni al fenomeno del bullismo e stimolare le competenze per la vita: cittadinanza attiva, spirito critico, creativo, capacit\u00e0 di collaborazione e iniziativa<\/em><\/p>\n<p><strong>A fine Giugno Sbullit Action<\/strong>, <strong>l\u2019app game di prevenzione contro il bullismo <\/strong>\u2013 <strong>promossa e realizzata dalla Fondazione Vento Onlus <\/strong>in sinergia con<strong> Digital Ideators<\/strong> web agency di Pesaro specializzata in servizi web a 360 gradi -, <strong>sar\u00e0 presentata alla Camera dei Deputati.<\/strong> <strong>L&#8217;iniziativa<\/strong> resa possibile grazie all&#8217;appoggio dell&#8217;On. Riccardo Marchetti, Vice Presidente della Commissione Giustizia della Camera dei Deputati, e del Dr. Angelo Bertoglio presidente dell\u2019ass. AVRI, <strong>nasce con lo scopo di portare il progetto educativo nelle scuole di tutta Italia a partire gi\u00e0 dal prossimo anno<\/strong> (2019-2020).<\/p>\n<p><strong>Sbullit Action<\/strong>, che gode del<strong> patrocinio della regione Marche, della provincia di Pesaro e Urbino, del comune di Fano e di altri enti tra cui Scout d\u2019Europa FSE e Comitato Italiano Paralimpico, <\/strong>si \u00e8 fatta carico del disagio giovanile e di quella che oggi \u00e8 una delle sue forme pi\u00f9 acute e inquietanti, il bullismo: un fenomeno che ha un peso sociale sull\u2019intera collettivit\u00e0 e genera danni non solo nei confronti delle vittime ma anche di chi lo pratica, familiari inclusi.<\/p>\n<p><strong>\u00a0<\/strong>Accattivante, giocosa, informale e facilmente fruibile. <strong>L\u2019app mira a coinvolgere milioni di adolescenti in un percorso educativo che comprende diverse tematiche<\/strong>: dall&#8217;uso sobrio e corretto dello smartphone, al comportamento etico nei confronti dei propri coetanei, fino al riconoscimento del proprio ruolo nello sviluppo dei rapporti familiari, interpersonali e sociali.\u00a0La strada per raggiungere questi obiettivi \u00e8 ovviamente il gioco e la competizione.<\/p>\n<p><strong>L&#8217;app dispone di tre principali funzioni<\/strong>: Mega Quiz, Caccia all&#8217;Invisibile e Social. <strong>La prima<\/strong> permette agli studenti di darsi battaglia in <strong>un quiz a tempo<\/strong> con domande in materia di educazione civica e tematiche sociali. <strong>Caccia all&#8217;Invisibile<\/strong>, invece, \u00e8 una<strong> rivisitazione<\/strong> in chiave moderna <strong>della classica caccia al tesoro<\/strong>. Si configura come gioco di gruppo in cui le squadre si sfidano andando alla scoperta delle citt\u00e0 altrui, con l&#8217;obiettivo di rispondere ad una serie di domande.\u00a0<strong>Infine, c&#8217;\u00e8 la fruizione SOCIAL<\/strong>, uno spazio sicuro nei quale tutti i fruitori dell\u2019app possono condividere storie e racconti di solidariet\u00e0 e amicizia, esempi virtuosi diametralmente opposti all&#8217;odio.<\/p>\n<p>Per Fondazione Vento Onlus e Digital Ideators, <strong>l\u2019incontro che si terr\u00e0 alla Camera dei Deputati a fine Giugno<\/strong> rappresenta un momento fondamentale per dare visibilit\u00e0 nazionale al progetto e cominciare a perseguire il suo scopo: <strong>costruire e diffondere tra le nuove generazioni il seme di una nuova cultura<\/strong>, basata su valori come solidariet\u00e0, collaborazione e iniziativa.<\/p>\n<p>&nbsp;<\/p>\n","protected":false},"excerpt":{"rendered":"<p>Grazie all\u2019appoggio dell\u2019On. Riccardo Marchetti, Fondazione Vento Onlus e Digital Ideators presenteranno alla Camera dei Deputati Sbullit Action, l\u2019app game sviluppata per sensibilizzare le nuove generazioni al fenomeno del bullismo e stimolare le competenze per la vita: cittadinanza attiva, spirito critico, creativo, capacit\u00e0 di collaborazione e iniziativa A fine Giugno Sbullit Action, l\u2019app game di prevenzione contro il bullismo \u2013 promossa e realizzata dalla Fondazione Vento Onlus in sinergia con<\/p>\n<p><a class=\"continue-reading\" href=\"https:\/\/www.article-marketing.eu\/comunicatistampa\/sbullit-action-alla-camera-dei-deputati-a-fine-giugno-la-presentazione-dellapp-contro-il-bullismo\/\">Continue reading&#8230;<\/a><\/p>\n","protected":false},"author":397,"featured_media":0,"comment_status":"open","ping_status":"open","sticky":false,"template":"","format":"standard","meta":{"_monsterinsights_skip_tracking":false,"_monsterinsights_sitenote_active":false,"_monsterinsights_sitenote_note":"","_monsterinsights_sitenote_category":0,"footnotes":""},"categories":[78],"tags":[5448,5446,5449,5160,5031,3889,5447,5445],"class_list":["post-13331","post","type-post","status-publish","format-standard","hentry","category-comunicati-stampa","tag-app-game","tag-bullismo","tag-camera-dei-deputati","tag-digital-ideators","tag-educazione","tag-prevenzione","tag-progetto-di-prevenzione","tag-sbullit-action"],"yoast_head":"<!-- This site is optimized with the Yoast SEO plugin v27.3 - https:\/\/yoast.com\/product\/yoast-seo-wordpress\/ -->\n<title>Sbullit Action alla Camera dei Deputati: a fine Giugno la presentazione dell\u2019app contro il bullismo - Article Marketing<\/title>\n<meta name=\"robots\" content=\"index, follow, max-snippet:-1, max-image-preview:large, max-video-preview:-1\" \/>\n<link rel=\"canonical\" href=\"https:\/\/www.article-marketing.eu\/comunicatistampa\/sbullit-action-alla-camera-dei-deputati-a-fine-giugno-la-presentazione-dellapp-contro-il-bullismo\/\" \/>\n<meta property=\"og:locale\" content=\"it_IT\" \/>\n<meta property=\"og:type\" content=\"article\" \/>\n<meta property=\"og:title\" content=\"Sbullit Action alla Camera dei Deputati: a fine Giugno la presentazione dell\u2019app contro il bullismo - Article Marketing\" \/>\n<meta property=\"og:description\" content=\"Grazie all\u2019appoggio dell\u2019On. Riccardo Marchetti, Fondazione Vento Onlus e Digital Ideators presenteranno alla Camera dei Deputati Sbullit Action, l\u2019app game sviluppata per sensibilizzare le nuove generazioni al fenomeno del bullismo e stimolare le competenze per la vita: cittadinanza attiva, spirito critico, creativo, capacit\u00e0 di collaborazione e iniziativa A fine Giugno Sbullit Action, l\u2019app game di prevenzione contro il bullismo \u2013 promossa e realizzata dalla Fondazione Vento Onlus in sinergia conContinue reading...\" \/>\n<meta property=\"og:url\" content=\"https:\/\/www.article-marketing.eu\/comunicatistampa\/sbullit-action-alla-camera-dei-deputati-a-fine-giugno-la-presentazione-dellapp-contro-il-bullismo\/\" \/>\n<meta property=\"og:site_name\" content=\"Article Marketing\" \/>\n<meta property=\"article:published_time\" content=\"2019-06-06T20:11:40+00:00\" \/>\n<meta name=\"author\" content=\"Borderline Agency\" \/>\n<meta name=\"twitter:card\" content=\"summary_large_image\" \/>\n<meta name=\"twitter:label1\" content=\"Scritto da\" \/>\n\t<meta name=\"twitter:data1\" content=\"Borderline Agency\" \/>\n\t<meta name=\"twitter:label2\" content=\"Tempo di lettura stimato\" \/>\n\t<meta name=\"twitter:data2\" content=\"2 minuti\" \/>\n<script type=\"application\/ld+json\" class=\"yoast-schema-graph\">{\"@context\":\"https:\\\/\\\/schema.org\",\"@graph\":[{\"@type\":\"Article\",\"@id\":\"https:\\\/\\\/www.article-marketing.eu\\\/comunicatistampa\\\/sbullit-action-alla-camera-dei-deputati-a-fine-giugno-la-presentazione-dellapp-contro-il-bullismo\\\/#article\",\"isPartOf\":{\"@id\":\"https:\\\/\\\/www.article-marketing.eu\\\/comunicatistampa\\\/sbullit-action-alla-camera-dei-deputati-a-fine-giugno-la-presentazione-dellapp-contro-il-bullismo\\\/\"},\"author\":{\"name\":\"Borderline Agency\",\"@id\":\"https:\\\/\\\/www.article-marketing.eu\\\/comunicatistampa\\\/#\\\/schema\\\/person\\\/1c4ab1c7aad84347e26e78235da6ff1b\"},\"headline\":\"Sbullit Action alla Camera dei Deputati: a fine Giugno la presentazione dell\u2019app contro il bullismo\",\"datePublished\":\"2019-06-06T20:11:40+00:00\",\"mainEntityOfPage\":{\"@id\":\"https:\\\/\\\/www.article-marketing.eu\\\/comunicatistampa\\\/sbullit-action-alla-camera-dei-deputati-a-fine-giugno-la-presentazione-dellapp-contro-il-bullismo\\\/\"},\"wordCount\":460,\"commentCount\":0,\"keywords\":[\"App Game\",\"Bullismo\",\"Camera dei Deputati\",\"Digital Ideators\",\"educazione\",\"prevenzione\",\"Progetto di prevenzione\",\"Sbullit Action\"],\"articleSection\":[\"Comunicati stampa\"],\"inLanguage\":\"it-IT\",\"potentialAction\":[{\"@type\":\"CommentAction\",\"name\":\"Comment\",\"target\":[\"https:\\\/\\\/www.article-marketing.eu\\\/comunicatistampa\\\/sbullit-action-alla-camera-dei-deputati-a-fine-giugno-la-presentazione-dellapp-contro-il-bullismo\\\/#respond\"]}]},{\"@type\":\"WebPage\",\"@id\":\"https:\\\/\\\/www.article-marketing.eu\\\/comunicatistampa\\\/sbullit-action-alla-camera-dei-deputati-a-fine-giugno-la-presentazione-dellapp-contro-il-bullismo\\\/\",\"url\":\"https:\\\/\\\/www.article-marketing.eu\\\/comunicatistampa\\\/sbullit-action-alla-camera-dei-deputati-a-fine-giugno-la-presentazione-dellapp-contro-il-bullismo\\\/\",\"name\":\"Sbullit Action alla Camera dei Deputati: a fine Giugno la presentazione dell\u2019app contro il bullismo - Article Marketing\",\"isPartOf\":{\"@id\":\"https:\\\/\\\/www.article-marketing.eu\\\/comunicatistampa\\\/#website\"},\"datePublished\":\"2019-06-06T20:11:40+00:00\",\"author\":{\"@id\":\"https:\\\/\\\/www.article-marketing.eu\\\/comunicatistampa\\\/#\\\/schema\\\/person\\\/1c4ab1c7aad84347e26e78235da6ff1b\"},\"breadcrumb\":{\"@id\":\"https:\\\/\\\/www.article-marketing.eu\\\/comunicatistampa\\\/sbullit-action-alla-camera-dei-deputati-a-fine-giugno-la-presentazione-dellapp-contro-il-bullismo\\\/#breadcrumb\"},\"inLanguage\":\"it-IT\",\"potentialAction\":[{\"@type\":\"ReadAction\",\"target\":[\"https:\\\/\\\/www.article-marketing.eu\\\/comunicatistampa\\\/sbullit-action-alla-camera-dei-deputati-a-fine-giugno-la-presentazione-dellapp-contro-il-bullismo\\\/\"]}]},{\"@type\":\"BreadcrumbList\",\"@id\":\"https:\\\/\\\/www.article-marketing.eu\\\/comunicatistampa\\\/sbullit-action-alla-camera-dei-deputati-a-fine-giugno-la-presentazione-dellapp-contro-il-bullismo\\\/#breadcrumb\",\"itemListElement\":[{\"@type\":\"ListItem\",\"position\":1,\"name\":\"Home\",\"item\":\"https:\\\/\\\/www.article-marketing.eu\\\/comunicatistampa\\\/\"},{\"@type\":\"ListItem\",\"position\":2,\"name\":\"Sbullit Action alla Camera dei Deputati: a fine Giugno la presentazione dell\u2019app contro il bullismo\"}]},{\"@type\":\"WebSite\",\"@id\":\"https:\\\/\\\/www.article-marketing.eu\\\/comunicatistampa\\\/#website\",\"url\":\"https:\\\/\\\/www.article-marketing.eu\\\/comunicatistampa\\\/\",\"name\":\"Article Marketing\",\"description\":\"article marketing &amp; press release\",\"potentialAction\":[{\"@type\":\"SearchAction\",\"target\":{\"@type\":\"EntryPoint\",\"urlTemplate\":\"https:\\\/\\\/www.article-marketing.eu\\\/comunicatistampa\\\/?s={search_term_string}\"},\"query-input\":{\"@type\":\"PropertyValueSpecification\",\"valueRequired\":true,\"valueName\":\"search_term_string\"}}],\"inLanguage\":\"it-IT\"},{\"@type\":\"Person\",\"@id\":\"https:\\\/\\\/www.article-marketing.eu\\\/comunicatistampa\\\/#\\\/schema\\\/person\\\/1c4ab1c7aad84347e26e78235da6ff1b\",\"name\":\"Borderline Agency\",\"image\":{\"@type\":\"ImageObject\",\"inLanguage\":\"it-IT\",\"@id\":\"https:\\\/\\\/secure.gravatar.com\\\/avatar\\\/741fa053101610cb0be7dc835c116926549ae4ae2142ff35eac04d78fda61461?s=96&d=mm&r=g\",\"url\":\"https:\\\/\\\/secure.gravatar.com\\\/avatar\\\/741fa053101610cb0be7dc835c116926549ae4ae2142ff35eac04d78fda61461?s=96&d=mm&r=g\",\"contentUrl\":\"https:\\\/\\\/secure.gravatar.com\\\/avatar\\\/741fa053101610cb0be7dc835c116926549ae4ae2142ff35eac04d78fda61461?s=96&d=mm&r=g\",\"caption\":\"Borderline Agency\"},\"url\":\"https:\\\/\\\/www.article-marketing.eu\\\/comunicatistampa\\\/author\\\/borderline-agency\\\/\"}]}<\/script>\n<!-- \/ Yoast SEO plugin. -->","yoast_head_json":{"title":"Sbullit Action alla Camera dei Deputati: a fine Giugno la presentazione dell\u2019app contro il bullismo - Article Marketing","robots":{"index":"index","follow":"follow","max-snippet":"max-snippet:-1","max-image-preview":"max-image-preview:large","max-video-preview":"max-video-preview:-1"},"canonical":"https:\/\/www.article-marketing.eu\/comunicatistampa\/sbullit-action-alla-camera-dei-deputati-a-fine-giugno-la-presentazione-dellapp-contro-il-bullismo\/","og_locale":"it_IT","og_type":"article","og_title":"Sbullit Action alla Camera dei Deputati: a fine Giugno la presentazione dell\u2019app contro il bullismo - Article Marketing","og_description":"Grazie all\u2019appoggio dell\u2019On. Riccardo Marchetti, Fondazione Vento Onlus e Digital Ideators presenteranno alla Camera dei Deputati Sbullit Action, l\u2019app game sviluppata per sensibilizzare le nuove generazioni al fenomeno del bullismo e stimolare le competenze per la vita: cittadinanza attiva, spirito critico, creativo, capacit\u00e0 di collaborazione e iniziativa A fine Giugno Sbullit Action, l\u2019app game di prevenzione contro il bullismo \u2013 promossa e realizzata dalla Fondazione Vento Onlus in sinergia conContinue reading...","og_url":"https:\/\/www.article-marketing.eu\/comunicatistampa\/sbullit-action-alla-camera-dei-deputati-a-fine-giugno-la-presentazione-dellapp-contro-il-bullismo\/","og_site_name":"Article Marketing","article_published_time":"2019-06-06T20:11:40+00:00","author":"Borderline Agency","twitter_card":"summary_large_image","twitter_misc":{"Scritto da":"Borderline Agency","Tempo di lettura stimato":"2 minuti"},"schema":{"@context":"https:\/\/schema.org","@graph":[{"@type":"Article","@id":"https:\/\/www.article-marketing.eu\/comunicatistampa\/sbullit-action-alla-camera-dei-deputati-a-fine-giugno-la-presentazione-dellapp-contro-il-bullismo\/#article","isPartOf":{"@id":"https:\/\/www.article-marketing.eu\/comunicatistampa\/sbullit-action-alla-camera-dei-deputati-a-fine-giugno-la-presentazione-dellapp-contro-il-bullismo\/"},"author":{"name":"Borderline Agency","@id":"https:\/\/www.article-marketing.eu\/comunicatistampa\/#\/schema\/person\/1c4ab1c7aad84347e26e78235da6ff1b"},"headline":"Sbullit Action alla Camera dei Deputati: a fine Giugno la presentazione dell\u2019app contro il bullismo","datePublished":"2019-06-06T20:11:40+00:00","mainEntityOfPage":{"@id":"https:\/\/www.article-marketing.eu\/comunicatistampa\/sbullit-action-alla-camera-dei-deputati-a-fine-giugno-la-presentazione-dellapp-contro-il-bullismo\/"},"wordCount":460,"commentCount":0,"keywords":["App Game","Bullismo","Camera dei Deputati","Digital Ideators","educazione","prevenzione","Progetto di prevenzione","Sbullit Action"],"articleSection":["Comunicati stampa"],"inLanguage":"it-IT","potentialAction":[{"@type":"CommentAction","name":"Comment","target":["https:\/\/www.article-marketing.eu\/comunicatistampa\/sbullit-action-alla-camera-dei-deputati-a-fine-giugno-la-presentazione-dellapp-contro-il-bullismo\/#respond"]}]},{"@type":"WebPage","@id":"https:\/\/www.article-marketing.eu\/comunicatistampa\/sbullit-action-alla-camera-dei-deputati-a-fine-giugno-la-presentazione-dellapp-contro-il-bullismo\/","url":"https:\/\/www.article-marketing.eu\/comunicatistampa\/sbullit-action-alla-camera-dei-deputati-a-fine-giugno-la-presentazione-dellapp-contro-il-bullismo\/","name":"Sbullit Action alla Camera dei Deputati: a fine Giugno la presentazione dell\u2019app contro il bullismo - Article Marketing","isPartOf":{"@id":"https:\/\/www.article-marketing.eu\/comunicatistampa\/#website"},"datePublished":"2019-06-06T20:11:40+00:00","author":{"@id":"https:\/\/www.article-marketing.eu\/comunicatistampa\/#\/schema\/person\/1c4ab1c7aad84347e26e78235da6ff1b"},"breadcrumb":{"@id":"https:\/\/www.article-marketing.eu\/comunicatistampa\/sbullit-action-alla-camera-dei-deputati-a-fine-giugno-la-presentazione-dellapp-contro-il-bullismo\/#breadcrumb"},"inLanguage":"it-IT","potentialAction":[{"@type":"ReadAction","target":["https:\/\/www.article-marketing.eu\/comunicatistampa\/sbullit-action-alla-camera-dei-deputati-a-fine-giugno-la-presentazione-dellapp-contro-il-bullismo\/"]}]},{"@type":"BreadcrumbList","@id":"https:\/\/www.article-marketing.eu\/comunicatistampa\/sbullit-action-alla-camera-dei-deputati-a-fine-giugno-la-presentazione-dellapp-contro-il-bullismo\/#breadcrumb","itemListElement":[{"@type":"ListItem","position":1,"name":"Home","item":"https:\/\/www.article-marketing.eu\/comunicatistampa\/"},{"@type":"ListItem","position":2,"name":"Sbullit Action alla Camera dei Deputati: a fine Giugno la presentazione dell\u2019app contro il bullismo"}]},{"@type":"WebSite","@id":"https:\/\/www.article-marketing.eu\/comunicatistampa\/#website","url":"https:\/\/www.article-marketing.eu\/comunicatistampa\/","name":"Article Marketing","description":"article marketing &amp; press release","potentialAction":[{"@type":"SearchAction","target":{"@type":"EntryPoint","urlTemplate":"https:\/\/www.article-marketing.eu\/comunicatistampa\/?s={search_term_string}"},"query-input":{"@type":"PropertyValueSpecification","valueRequired":true,"valueName":"search_term_string"}}],"inLanguage":"it-IT"},{"@type":"Person","@id":"https:\/\/www.article-marketing.eu\/comunicatistampa\/#\/schema\/person\/1c4ab1c7aad84347e26e78235da6ff1b","name":"Borderline Agency","image":{"@type":"ImageObject","inLanguage":"it-IT","@id":"https:\/\/secure.gravatar.com\/avatar\/741fa053101610cb0be7dc835c116926549ae4ae2142ff35eac04d78fda61461?s=96&d=mm&r=g","url":"https:\/\/secure.gravatar.com\/avatar\/741fa053101610cb0be7dc835c116926549ae4ae2142ff35eac04d78fda61461?s=96&d=mm&r=g","contentUrl":"https:\/\/secure.gravatar.com\/avatar\/741fa053101610cb0be7dc835c116926549ae4ae2142ff35eac04d78fda61461?s=96&d=mm&r=g","caption":"Borderline Agency"},"url":"https:\/\/www.article-marketing.eu\/comunicatistampa\/author\/borderline-agency\/"}]}},"_links":{"self":[{"href":"https:\/\/www.article-marketing.eu\/comunicatistampa\/wp-json\/wp\/v2\/posts\/13331","targetHints":{"allow":["GET"]}}],"collection":[{"href":"https:\/\/www.article-marketing.eu\/comunicatistampa\/wp-json\/wp\/v2\/posts"}],"about":[{"href":"https:\/\/www.article-marketing.eu\/comunicatistampa\/wp-json\/wp\/v2\/types\/post"}],"author":[{"embeddable":true,"href":"https:\/\/www.article-marketing.eu\/comunicatistampa\/wp-json\/wp\/v2\/users\/397"}],"replies":[{"embeddable":true,"href":"https:\/\/www.article-marketing.eu\/comunicatistampa\/wp-json\/wp\/v2\/comments?post=13331"}],"version-history":[{"count":2,"href":"https:\/\/www.article-marketing.eu\/comunicatistampa\/wp-json\/wp\/v2\/posts\/13331\/revisions"}],"predecessor-version":[{"id":13333,"href":"https:\/\/www.article-marketing.eu\/comunicatistampa\/wp-json\/wp\/v2\/posts\/13331\/revisions\/13333"}],"wp:attachment":[{"href":"https:\/\/www.article-marketing.eu\/comunicatistampa\/wp-json\/wp\/v2\/media?parent=13331"}],"wp:term":[{"taxonomy":"category","embeddable":true,"href":"https:\/\/www.article-marketing.eu\/comunicatistampa\/wp-json\/wp\/v2\/categories?post=13331"},{"taxonomy":"post_tag","embeddable":true,"href":"https:\/\/www.article-marketing.eu\/comunicatistampa\/wp-json\/wp\/v2\/tags?post=13331"}],"curies":[{"name":"wp","href":"https:\/\/api.w.org\/{rel}","templated":true}]}}