{"id":1338,"date":"2017-03-22T04:35:13","date_gmt":"2017-03-22T03:35:13","guid":{"rendered":"http:\/\/www.article-marketing.eu\/comunicatistampa\/?p=1338"},"modified":"2017-03-22T04:35:13","modified_gmt":"2017-03-22T03:35:13","slug":"international-summer-school-in-vatican-law","status":"publish","type":"post","link":"https:\/\/www.article-marketing.eu\/comunicatistampa\/international-summer-school-in-vatican-law\/","title":{"rendered":"International Summer School in Vatican Law"},"content":{"rendered":"<p><em><strong>All&#8217;Universit\u00e0 LUMSA \u00e8 gi\u00e0 tempo si Summer School &#8211;<\/strong><\/em> Due settimane estive di <strong>full immersion per acquisire le conoscenze fondamentali dell\u2019ordinamento giuridico vaticano<\/strong>. Metodologie didattiche dal taglio internazionale e <strong>lezioni tenute esclusivamente in lingua inglese<\/strong>. Un corpo docenti formato dai principali esperti in materia affiancati, in qualit\u00e0 di visiting professor, da autorevoli responsabili degli organismi della Santa Sede.\u00a0Tutto questo \u00e8 l\u2019<strong><em>International Summer School in Vatican Law<\/em><\/strong>, un nuovo (siamo alla prima edizione) percorso di studio davvero unico nel contesto accademico italiano promosso da <strong>LUMSA \u2013<\/strong> <strong>Libera Universit\u00e0 Ss. Assunta<\/strong> <strong>con il partenariato delle pi\u00f9 importanti istituzioni dello Stato della Citt\u00e0 del Vaticano<\/strong>.\u00a0Un\u2019<strong>innovativa proposta didattica<\/strong> (che si inserisce nel ricco panorama di master, scuole di specializzazione e corsi di alta formazione proposti dall\u2019Ateneo) <strong>pensata per fornire una specifica preparazione professionale sugli aspetti sostanziali e processuali del diritto vaticano e sulle sue connessioni col diritto canonico<\/strong>.<\/p>\n<p><strong>Al via dal 17 luglio<\/strong>, la Summer School \u00e8 rivolta a giovani studiosi di diritto internazionale, diritto comunitario, diritto canonico e diritto ecclesiastico italiani e stranieri ma anche a tutti quei professionisti che hanno rapporti con le istituzioni della Santa Sede e della Citt\u00e0 del Vaticano. <strong>Un excursus a 360\u00b0 sulle tematiche fondamentali dell\u2019ordinamento giuridico dello Stato della Citt\u00e0 del Vaticano tenuto dai principali esperti in materia<\/strong>: dal rapporto col diritto canonico a un\u2019analisi dal sistema finanziario e monetario, dallo studio dei principi costitutivi e delle fonti a un focus sulla normativa antiriciclaggio e sull\u2019ordinamento giudiziario. Completano il percorso di studio puntuali approfondimenti sul diritto penale, civile, amministrativo, processuale e del lavoro, <strong>per un totale di oltre 60 ore di didattica frontale alternate a workshop e visite guidate alle principali strutture della Curia e a luoghi di interesse specifico<\/strong> come il Tribunale dello Stato della Citt\u00e0 del Vaticano, i Giardini Vaticani, il Supremo Tribunale della Segnatura Apostolica, i Musei Vaticani, la Cappella Sistina e la Villa Pontificia di Castel Gandolfo. Un iter formativo dalle tante sfaccettature capace di fornire i dettagli del sapere giuridico vaticano e, al contempo, di offrire un\u2019attenta panoramica storico-culturale sul territorio e le istituzioni di riferimento.\u00a0Seppur racchiuso geograficamente all&#8217;interno del territorio italiano lo Stato della Citt\u00e0 del Vaticano <strong>\u00e8 un ente sovrano<\/strong>, con un suo popolo, una sua moneta (oggi inquadrata nelle dinamiche dell&#8217;euro) e un suo sistema giuridico con un proprio apparato legislativo, giudiziario e amministrativo. Quello proposto dalla Summer School \u00e8 un iter formativo mirato che apre le porte alla comprensione di tale sistema e alla conoscenza dei suoi principali riferimenti normativi.\u00a0<strong>Il tutto, come detto, esclusivamente in lingua inglese. Le iscrizioni sono aperte, c\u2019\u00e8 tempo fino al 31 maggio<\/strong>.<\/p>\n<p>&nbsp;<\/p>\n<p>In virt\u00f9 del suo carattere spiccatamente internazionale, la Summer School \u00e8 aperta a studenti provenienti da fuori Roma. Per facilitare la partecipazione alle lezioni e la permanenza in citt\u00e0, l\u2019universit\u00e0 LUMSA offre loro la <strong>possibilit\u00e0 di alloggiare a prezzi convenzionati presso la residenza <em>Regina Mundi<\/em><\/strong> (Piazzale Aldo Moro, 9) che si trova nel cuore pulsante del quartier di San Lorenzo, a pochi passi dalla fermata delle Metropolitana e dalle due principali stazioni ferroviarie della citt\u00e0.<\/p>\n<p><strong>Per ulteriori informazioni<\/strong><\/p>\n<ul>\n<li>lumsa.it\/corsi_altri_corsi_formazione_international_summer_school_vatican_law_it<\/li>\n<li><a href=\"mailto:lumsavaticanlaw@lumsa.it\">lumsavaticanlaw@lumsa.it<\/a><\/li>\n<li>Tutor: Dottoressa Elena Costantino \u2013 tel. (+ 39) 335.7325210<\/li>\n<\/ul>\n","protected":false},"excerpt":{"rendered":"<p>All&#8217;Universit\u00e0 LUMSA \u00e8 gi\u00e0 tempo si Summer School &#8211; Due settimane estive di full immersion per acquisire le conoscenze fondamentali dell\u2019ordinamento giuridico vaticano. Metodologie didattiche dal taglio internazionale e lezioni tenute esclusivamente in lingua inglese. Un corpo docenti formato dai principali esperti in materia affiancati, in qualit\u00e0 di visiting professor, da autorevoli responsabili degli organismi della Santa Sede.\u00a0Tutto questo \u00e8 l\u2019International Summer School in Vatican Law, un nuovo (siamo alla<\/p>\n<p><a class=\"continue-reading\" href=\"https:\/\/www.article-marketing.eu\/comunicatistampa\/international-summer-school-in-vatican-law\/\">Continue reading&#8230;<\/a><\/p>\n","protected":false},"author":171,"featured_media":0,"comment_status":"open","ping_status":"open","sticky":false,"template":"","format":"standard","meta":{"_monsterinsights_skip_tracking":false,"_monsterinsights_sitenote_active":false,"_monsterinsights_sitenote_note":"","_monsterinsights_sitenote_category":0,"footnotes":""},"categories":[78],"tags":[],"class_list":["post-1338","post","type-post","status-publish","format-standard","hentry","category-comunicati-stampa"],"yoast_head":"<!-- This site is optimized with the Yoast SEO plugin v27.3 - https:\/\/yoast.com\/product\/yoast-seo-wordpress\/ -->\n<title>International Summer School in Vatican Law - Article Marketing<\/title>\n<meta name=\"robots\" content=\"index, follow, max-snippet:-1, max-image-preview:large, max-video-preview:-1\" \/>\n<link rel=\"canonical\" href=\"https:\/\/www.article-marketing.eu\/comunicatistampa\/international-summer-school-in-vatican-law\/\" \/>\n<meta property=\"og:locale\" content=\"it_IT\" \/>\n<meta property=\"og:type\" content=\"article\" \/>\n<meta property=\"og:title\" content=\"International Summer School in Vatican Law - Article Marketing\" \/>\n<meta property=\"og:description\" content=\"All&#8217;Universit\u00e0 LUMSA \u00e8 gi\u00e0 tempo si Summer School &#8211; Due settimane estive di full immersion per acquisire le conoscenze fondamentali dell\u2019ordinamento giuridico vaticano. Metodologie didattiche dal taglio internazionale e lezioni tenute esclusivamente in lingua inglese. Un corpo docenti formato dai principali esperti in materia affiancati, in qualit\u00e0 di visiting professor, da autorevoli responsabili degli organismi della Santa Sede.\u00a0Tutto questo \u00e8 l\u2019International Summer School in Vatican Law, un nuovo (siamo allaContinue reading...\" \/>\n<meta property=\"og:url\" content=\"https:\/\/www.article-marketing.eu\/comunicatistampa\/international-summer-school-in-vatican-law\/\" \/>\n<meta property=\"og:site_name\" content=\"Article Marketing\" \/>\n<meta property=\"article:published_time\" content=\"2017-03-22T03:35:13+00:00\" \/>\n<meta name=\"author\" content=\"Francesco Pieri\" \/>\n<meta name=\"twitter:card\" content=\"summary_large_image\" \/>\n<meta name=\"twitter:label1\" content=\"Scritto da\" \/>\n\t<meta name=\"twitter:data1\" content=\"Francesco Pieri\" \/>\n\t<meta name=\"twitter:label2\" content=\"Tempo di lettura stimato\" \/>\n\t<meta name=\"twitter:data2\" content=\"3 minuti\" \/>\n<script type=\"application\/ld+json\" class=\"yoast-schema-graph\">{\"@context\":\"https:\\\/\\\/schema.org\",\"@graph\":[{\"@type\":\"Article\",\"@id\":\"https:\\\/\\\/www.article-marketing.eu\\\/comunicatistampa\\\/international-summer-school-in-vatican-law\\\/#article\",\"isPartOf\":{\"@id\":\"https:\\\/\\\/www.article-marketing.eu\\\/comunicatistampa\\\/international-summer-school-in-vatican-law\\\/\"},\"author\":{\"name\":\"Francesco Pieri\",\"@id\":\"https:\\\/\\\/www.article-marketing.eu\\\/comunicatistampa\\\/#\\\/schema\\\/person\\\/b7fc003b64baa7773a101e3ea7c8b559\"},\"headline\":\"International Summer School in Vatican Law\",\"datePublished\":\"2017-03-22T03:35:13+00:00\",\"mainEntityOfPage\":{\"@id\":\"https:\\\/\\\/www.article-marketing.eu\\\/comunicatistampa\\\/international-summer-school-in-vatican-law\\\/\"},\"wordCount\":535,\"commentCount\":0,\"articleSection\":[\"Comunicati stampa\"],\"inLanguage\":\"it-IT\",\"potentialAction\":[{\"@type\":\"CommentAction\",\"name\":\"Comment\",\"target\":[\"https:\\\/\\\/www.article-marketing.eu\\\/comunicatistampa\\\/international-summer-school-in-vatican-law\\\/#respond\"]}]},{\"@type\":\"WebPage\",\"@id\":\"https:\\\/\\\/www.article-marketing.eu\\\/comunicatistampa\\\/international-summer-school-in-vatican-law\\\/\",\"url\":\"https:\\\/\\\/www.article-marketing.eu\\\/comunicatistampa\\\/international-summer-school-in-vatican-law\\\/\",\"name\":\"International Summer School in Vatican Law - Article Marketing\",\"isPartOf\":{\"@id\":\"https:\\\/\\\/www.article-marketing.eu\\\/comunicatistampa\\\/#website\"},\"datePublished\":\"2017-03-22T03:35:13+00:00\",\"author\":{\"@id\":\"https:\\\/\\\/www.article-marketing.eu\\\/comunicatistampa\\\/#\\\/schema\\\/person\\\/b7fc003b64baa7773a101e3ea7c8b559\"},\"breadcrumb\":{\"@id\":\"https:\\\/\\\/www.article-marketing.eu\\\/comunicatistampa\\\/international-summer-school-in-vatican-law\\\/#breadcrumb\"},\"inLanguage\":\"it-IT\",\"potentialAction\":[{\"@type\":\"ReadAction\",\"target\":[\"https:\\\/\\\/www.article-marketing.eu\\\/comunicatistampa\\\/international-summer-school-in-vatican-law\\\/\"]}]},{\"@type\":\"BreadcrumbList\",\"@id\":\"https:\\\/\\\/www.article-marketing.eu\\\/comunicatistampa\\\/international-summer-school-in-vatican-law\\\/#breadcrumb\",\"itemListElement\":[{\"@type\":\"ListItem\",\"position\":1,\"name\":\"Home\",\"item\":\"https:\\\/\\\/www.article-marketing.eu\\\/comunicatistampa\\\/\"},{\"@type\":\"ListItem\",\"position\":2,\"name\":\"International Summer School in Vatican Law\"}]},{\"@type\":\"WebSite\",\"@id\":\"https:\\\/\\\/www.article-marketing.eu\\\/comunicatistampa\\\/#website\",\"url\":\"https:\\\/\\\/www.article-marketing.eu\\\/comunicatistampa\\\/\",\"name\":\"Article Marketing\",\"description\":\"article marketing &amp; press release\",\"potentialAction\":[{\"@type\":\"SearchAction\",\"target\":{\"@type\":\"EntryPoint\",\"urlTemplate\":\"https:\\\/\\\/www.article-marketing.eu\\\/comunicatistampa\\\/?s={search_term_string}\"},\"query-input\":{\"@type\":\"PropertyValueSpecification\",\"valueRequired\":true,\"valueName\":\"search_term_string\"}}],\"inLanguage\":\"it-IT\"},{\"@type\":\"Person\",\"@id\":\"https:\\\/\\\/www.article-marketing.eu\\\/comunicatistampa\\\/#\\\/schema\\\/person\\\/b7fc003b64baa7773a101e3ea7c8b559\",\"name\":\"Francesco Pieri\",\"image\":{\"@type\":\"ImageObject\",\"inLanguage\":\"it-IT\",\"@id\":\"https:\\\/\\\/secure.gravatar.com\\\/avatar\\\/6febf5aaef728a2aabefb37c0e69588f15ee58663ffda78f8c71f5a78b32158e?s=96&d=mm&r=g\",\"url\":\"https:\\\/\\\/secure.gravatar.com\\\/avatar\\\/6febf5aaef728a2aabefb37c0e69588f15ee58663ffda78f8c71f5a78b32158e?s=96&d=mm&r=g\",\"contentUrl\":\"https:\\\/\\\/secure.gravatar.com\\\/avatar\\\/6febf5aaef728a2aabefb37c0e69588f15ee58663ffda78f8c71f5a78b32158e?s=96&d=mm&r=g\",\"caption\":\"Francesco Pieri\"},\"url\":\"https:\\\/\\\/www.article-marketing.eu\\\/comunicatistampa\\\/author\\\/francesco-pieri\\\/\"}]}<\/script>\n<!-- \/ Yoast SEO plugin. -->","yoast_head_json":{"title":"International Summer School in Vatican Law - Article Marketing","robots":{"index":"index","follow":"follow","max-snippet":"max-snippet:-1","max-image-preview":"max-image-preview:large","max-video-preview":"max-video-preview:-1"},"canonical":"https:\/\/www.article-marketing.eu\/comunicatistampa\/international-summer-school-in-vatican-law\/","og_locale":"it_IT","og_type":"article","og_title":"International Summer School in Vatican Law - Article Marketing","og_description":"All&#8217;Universit\u00e0 LUMSA \u00e8 gi\u00e0 tempo si Summer School &#8211; Due settimane estive di full immersion per acquisire le conoscenze fondamentali dell\u2019ordinamento giuridico vaticano. Metodologie didattiche dal taglio internazionale e lezioni tenute esclusivamente in lingua inglese. Un corpo docenti formato dai principali esperti in materia affiancati, in qualit\u00e0 di visiting professor, da autorevoli responsabili degli organismi della Santa Sede.\u00a0Tutto questo \u00e8 l\u2019International Summer School in Vatican Law, un nuovo (siamo allaContinue reading...","og_url":"https:\/\/www.article-marketing.eu\/comunicatistampa\/international-summer-school-in-vatican-law\/","og_site_name":"Article Marketing","article_published_time":"2017-03-22T03:35:13+00:00","author":"Francesco Pieri","twitter_card":"summary_large_image","twitter_misc":{"Scritto da":"Francesco Pieri","Tempo di lettura stimato":"3 minuti"},"schema":{"@context":"https:\/\/schema.org","@graph":[{"@type":"Article","@id":"https:\/\/www.article-marketing.eu\/comunicatistampa\/international-summer-school-in-vatican-law\/#article","isPartOf":{"@id":"https:\/\/www.article-marketing.eu\/comunicatistampa\/international-summer-school-in-vatican-law\/"},"author":{"name":"Francesco Pieri","@id":"https:\/\/www.article-marketing.eu\/comunicatistampa\/#\/schema\/person\/b7fc003b64baa7773a101e3ea7c8b559"},"headline":"International Summer School in Vatican Law","datePublished":"2017-03-22T03:35:13+00:00","mainEntityOfPage":{"@id":"https:\/\/www.article-marketing.eu\/comunicatistampa\/international-summer-school-in-vatican-law\/"},"wordCount":535,"commentCount":0,"articleSection":["Comunicati stampa"],"inLanguage":"it-IT","potentialAction":[{"@type":"CommentAction","name":"Comment","target":["https:\/\/www.article-marketing.eu\/comunicatistampa\/international-summer-school-in-vatican-law\/#respond"]}]},{"@type":"WebPage","@id":"https:\/\/www.article-marketing.eu\/comunicatistampa\/international-summer-school-in-vatican-law\/","url":"https:\/\/www.article-marketing.eu\/comunicatistampa\/international-summer-school-in-vatican-law\/","name":"International Summer School in Vatican Law - Article Marketing","isPartOf":{"@id":"https:\/\/www.article-marketing.eu\/comunicatistampa\/#website"},"datePublished":"2017-03-22T03:35:13+00:00","author":{"@id":"https:\/\/www.article-marketing.eu\/comunicatistampa\/#\/schema\/person\/b7fc003b64baa7773a101e3ea7c8b559"},"breadcrumb":{"@id":"https:\/\/www.article-marketing.eu\/comunicatistampa\/international-summer-school-in-vatican-law\/#breadcrumb"},"inLanguage":"it-IT","potentialAction":[{"@type":"ReadAction","target":["https:\/\/www.article-marketing.eu\/comunicatistampa\/international-summer-school-in-vatican-law\/"]}]},{"@type":"BreadcrumbList","@id":"https:\/\/www.article-marketing.eu\/comunicatistampa\/international-summer-school-in-vatican-law\/#breadcrumb","itemListElement":[{"@type":"ListItem","position":1,"name":"Home","item":"https:\/\/www.article-marketing.eu\/comunicatistampa\/"},{"@type":"ListItem","position":2,"name":"International Summer School in Vatican Law"}]},{"@type":"WebSite","@id":"https:\/\/www.article-marketing.eu\/comunicatistampa\/#website","url":"https:\/\/www.article-marketing.eu\/comunicatistampa\/","name":"Article Marketing","description":"article marketing &amp; press release","potentialAction":[{"@type":"SearchAction","target":{"@type":"EntryPoint","urlTemplate":"https:\/\/www.article-marketing.eu\/comunicatistampa\/?s={search_term_string}"},"query-input":{"@type":"PropertyValueSpecification","valueRequired":true,"valueName":"search_term_string"}}],"inLanguage":"it-IT"},{"@type":"Person","@id":"https:\/\/www.article-marketing.eu\/comunicatistampa\/#\/schema\/person\/b7fc003b64baa7773a101e3ea7c8b559","name":"Francesco Pieri","image":{"@type":"ImageObject","inLanguage":"it-IT","@id":"https:\/\/secure.gravatar.com\/avatar\/6febf5aaef728a2aabefb37c0e69588f15ee58663ffda78f8c71f5a78b32158e?s=96&d=mm&r=g","url":"https:\/\/secure.gravatar.com\/avatar\/6febf5aaef728a2aabefb37c0e69588f15ee58663ffda78f8c71f5a78b32158e?s=96&d=mm&r=g","contentUrl":"https:\/\/secure.gravatar.com\/avatar\/6febf5aaef728a2aabefb37c0e69588f15ee58663ffda78f8c71f5a78b32158e?s=96&d=mm&r=g","caption":"Francesco Pieri"},"url":"https:\/\/www.article-marketing.eu\/comunicatistampa\/author\/francesco-pieri\/"}]}},"_links":{"self":[{"href":"https:\/\/www.article-marketing.eu\/comunicatistampa\/wp-json\/wp\/v2\/posts\/1338","targetHints":{"allow":["GET"]}}],"collection":[{"href":"https:\/\/www.article-marketing.eu\/comunicatistampa\/wp-json\/wp\/v2\/posts"}],"about":[{"href":"https:\/\/www.article-marketing.eu\/comunicatistampa\/wp-json\/wp\/v2\/types\/post"}],"author":[{"embeddable":true,"href":"https:\/\/www.article-marketing.eu\/comunicatistampa\/wp-json\/wp\/v2\/users\/171"}],"replies":[{"embeddable":true,"href":"https:\/\/www.article-marketing.eu\/comunicatistampa\/wp-json\/wp\/v2\/comments?post=1338"}],"version-history":[{"count":2,"href":"https:\/\/www.article-marketing.eu\/comunicatistampa\/wp-json\/wp\/v2\/posts\/1338\/revisions"}],"predecessor-version":[{"id":1398,"href":"https:\/\/www.article-marketing.eu\/comunicatistampa\/wp-json\/wp\/v2\/posts\/1338\/revisions\/1398"}],"wp:attachment":[{"href":"https:\/\/www.article-marketing.eu\/comunicatistampa\/wp-json\/wp\/v2\/media?parent=1338"}],"wp:term":[{"taxonomy":"category","embeddable":true,"href":"https:\/\/www.article-marketing.eu\/comunicatistampa\/wp-json\/wp\/v2\/categories?post=1338"},{"taxonomy":"post_tag","embeddable":true,"href":"https:\/\/www.article-marketing.eu\/comunicatistampa\/wp-json\/wp\/v2\/tags?post=1338"}],"curies":[{"name":"wp","href":"https:\/\/api.w.org\/{rel}","templated":true}]}}