{"id":13516,"date":"2019-07-30T20:48:10","date_gmt":"2019-07-30T18:48:10","guid":{"rendered":"https:\/\/www.article-marketing.eu\/comunicatistampa\/?p=13516"},"modified":"2019-07-30T20:48:10","modified_gmt":"2019-07-30T18:48:10","slug":"complementi-darredo-per-la-zona-notte-team-7-presenta-la-nuova-collezione-mylon","status":"publish","type":"post","link":"https:\/\/www.article-marketing.eu\/comunicatistampa\/complementi-darredo-per-la-zona-notte-team-7-presenta-la-nuova-collezione-mylon\/","title":{"rendered":"Complementi d\u2019arredo per la zona notte:  TEAM 7 presenta la nuova collezione mylon"},"content":{"rendered":"<p>La camera da letto ideale? Spaziosa e personalizzata. Una camera dove arredo e complementi rispecchiano lo stile di chi la vive, senza per\u00f2 sovraccaricare troppo l\u2019ambiente e lasciando alla stanza un aspetto arioso e ordinato. Un ambiente sano e naturale, dove potersi rilassare e ricaricare le energie.<\/p>\n<p>Con la nuova collezione mylon dedicata alla zona notte e firmata dal designer Jacob Strobel, TEAM 7 propone una serie di complementi coordinati e personalizzabili, realizzati in puro legno naturale e ispirati all\u2019affascinante letto mylon.<\/p>\n<p>Caratterizzati da uno stile minimal e senza tempo, i nuovi protagonisti della collezione mylon offrono soluzioni intelligenti per organizzare vestiti ed effetti personali all\u2019interno della camera, lasciando pieno spazio ai sogni e al piacere del riposo.<\/p>\n<p>Come tutti gli arredi TEAM 7, anche i nuovi complementi mylon sono totalmente privi di formaldeide e sono trattati con soli olii naturali. Ci\u00f2 consente di mantenere intatte le preziose propriet\u00e0 benefiche del legno. Su tutte, il suo naturale effetto antibatterico e antistatico, oltre che la sua capacit\u00e0 di assorbire e rilasciare l\u2019umidit\u00e0 nell\u2019aria, preservando cos\u00ec all\u2019interno della camera un clima salubre e piacevole.<\/p>\n<p>La nuova collezione mylon include: i nuovi comodini, la panca, le cassettiere e la nuova consolle a incastro per letti TEAM 7.<\/p>\n<p>comodino mylon<\/p>\n<p>Design lineare e spigoli arrotondati richiamano l\u2019elegante struttura del letto mylon. L\u2019ampio cassetto permette di custodire libri, occhiali e piccoli oggetti. In alternativa al cassetto, il comodino mylon \u00e8 disponibile anche in versione a giorno con ripiano d\u2019appoggio, posizionato ad altezza normale o comfort<\/p>\n<p>cassettiera mylon<\/p>\n<p>Disponibile in tre diverse larghezze (84,8-, 104,8- o 134,8- cm) e nella versione a tre o cinque cassetti, la nuova cassettiera mylon offre generoso spazio per riporre vestiti, accessori o gioielli. I piedini possono essere regolati in altezza e, grazie alla sporgenza del ripiano superiore, la cassettiera pu\u00f2 essere posizionata direttamente contro la parete. Perfetta sia all\u2019interno della camera, sia nelle stanze adiacenti per creare un\u2019armoniosa continuit\u00e0 con il resto della casa.<\/p>\n<p>panca mylon<\/p>\n<p>Pratica ed elegante, la panca mylon disegnata da Jacob Strobel completa e<br \/>\narricchisce la configurazione della zona notte. Posizionata ai piedi del letto, o lungo una parete della stanza o, perch\u00e9 no, del corridoio, la nuova panca mylon \u00e8 disponibile a partire da una lunghezza di 90 cm. Il coperchio imbottito funge da comoda seduta e pu\u00f2 essere rivestito in tessuto o in pelle. Aperto, offre un ampio vano ideale per riporre coperte, cuscini o vestiti.<\/p>\n<p>consolle a incastro universale per letti TEAM 7<\/p>\n<p>Per chi \u00e8 alla ricerca di un ripiano d\u2019appoggio in pi\u00f9 vicino al letto, o per chi predilige al posto dei comodini soluzioni mobili e flessibili: la nuova consolle a incastro in legno naturale disegnata da Jacob Strobel pu\u00f2 essere fissata a tutti i letti TEAM 7 (fatta eccezione per iI modello riletto) e, grazie ad un comodo gancio, si adatta ai diversi spessori della struttura. Nella versione completa di luce hi-light!, si trasforma in un perfetto ripiano da lettura.<\/p>\n","protected":false},"excerpt":{"rendered":"<p>La camera da letto ideale? Spaziosa e personalizzata. Una camera dove arredo e complementi rispecchiano lo stile di chi la vive, senza per\u00f2 sovraccaricare troppo l\u2019ambiente e lasciando alla stanza un aspetto arioso e ordinato. Un ambiente sano e naturale, dove potersi rilassare e ricaricare le energie. Con la nuova collezione mylon dedicata alla zona notte e firmata dal designer Jacob Strobel, TEAM 7 propone una serie di complementi coordinati<\/p>\n<p><a class=\"continue-reading\" href=\"https:\/\/www.article-marketing.eu\/comunicatistampa\/complementi-darredo-per-la-zona-notte-team-7-presenta-la-nuova-collezione-mylon\/\">Continue reading&#8230;<\/a><\/p>\n","protected":false},"author":3353,"featured_media":0,"comment_status":"open","ping_status":"open","sticky":false,"template":"","format":"standard","meta":{"_monsterinsights_skip_tracking":false,"_monsterinsights_sitenote_active":false,"_monsterinsights_sitenote_note":"","_monsterinsights_sitenote_category":0,"footnotes":""},"categories":[415,403,78,406,393],"tags":[5579,1114,5571,843,5543,4496,5575,5568,5574,5577,248,1460,5578,5570,5569,5573,5576,5572,3613,5566,5567,858,5013],"class_list":["post-13516","post","type-post","status-publish","format-standard","hentry","category-architecture","category-casa","category-comunicati-stampa","category-interni","category-prodotti","tag-agenzia-comunicazione-udine","tag-arredamento","tag-arredi-coordinati","tag-arredo","tag-blu-wom","tag-camera-da-letto","tag-cassettiera","tag-collezione-mylon","tag-comodino","tag-consolle-a-incastro","tag-design","tag-designer","tag-jacob-strobel","tag-legno-naturale","tag-mylon","tag-no-formaldeide","tag-panca-letto","tag-personalizzabile","tag-pr","tag-team-7","tag-team7","tag-ufficio-stampa","tag-zona-notte"],"yoast_head":"<!-- This site is optimized with the Yoast SEO plugin v27.3 - https:\/\/yoast.com\/product\/yoast-seo-wordpress\/ -->\n<title>Complementi d\u2019arredo per la zona notte: TEAM 7 presenta la nuova collezione mylon - Article Marketing<\/title>\n<meta name=\"robots\" content=\"index, follow, max-snippet:-1, max-image-preview:large, max-video-preview:-1\" \/>\n<link rel=\"canonical\" href=\"https:\/\/www.article-marketing.eu\/comunicatistampa\/complementi-darredo-per-la-zona-notte-team-7-presenta-la-nuova-collezione-mylon\/\" \/>\n<meta property=\"og:locale\" content=\"it_IT\" \/>\n<meta property=\"og:type\" content=\"article\" \/>\n<meta property=\"og:title\" content=\"Complementi d\u2019arredo per la zona notte: TEAM 7 presenta la nuova collezione mylon - Article Marketing\" \/>\n<meta property=\"og:description\" content=\"La camera da letto ideale? Spaziosa e personalizzata. Una camera dove arredo e complementi rispecchiano lo stile di chi la vive, senza per\u00f2 sovraccaricare troppo l\u2019ambiente e lasciando alla stanza un aspetto arioso e ordinato. Un ambiente sano e naturale, dove potersi rilassare e ricaricare le energie. Con la nuova collezione mylon dedicata alla zona notte e firmata dal designer Jacob Strobel, TEAM 7 propone una serie di complementi coordinatiContinue reading...\" \/>\n<meta property=\"og:url\" content=\"https:\/\/www.article-marketing.eu\/comunicatistampa\/complementi-darredo-per-la-zona-notte-team-7-presenta-la-nuova-collezione-mylon\/\" \/>\n<meta property=\"og:site_name\" content=\"Article Marketing\" \/>\n<meta property=\"article:published_time\" content=\"2019-07-30T18:48:10+00:00\" \/>\n<meta name=\"author\" content=\"bluwom\" \/>\n<meta name=\"twitter:card\" content=\"summary_large_image\" \/>\n<meta name=\"twitter:label1\" content=\"Scritto da\" \/>\n\t<meta name=\"twitter:data1\" content=\"bluwom\" \/>\n\t<meta name=\"twitter:label2\" content=\"Tempo di lettura stimato\" \/>\n\t<meta name=\"twitter:data2\" content=\"2 minuti\" \/>\n<script type=\"application\/ld+json\" class=\"yoast-schema-graph\">{\"@context\":\"https:\\\/\\\/schema.org\",\"@graph\":[{\"@type\":\"Article\",\"@id\":\"https:\\\/\\\/www.article-marketing.eu\\\/comunicatistampa\\\/complementi-darredo-per-la-zona-notte-team-7-presenta-la-nuova-collezione-mylon\\\/#article\",\"isPartOf\":{\"@id\":\"https:\\\/\\\/www.article-marketing.eu\\\/comunicatistampa\\\/complementi-darredo-per-la-zona-notte-team-7-presenta-la-nuova-collezione-mylon\\\/\"},\"author\":{\"name\":\"bluwom\",\"@id\":\"https:\\\/\\\/www.article-marketing.eu\\\/comunicatistampa\\\/#\\\/schema\\\/person\\\/716426e1abbf170a90ffd86ebe8353ba\"},\"headline\":\"Complementi d\u2019arredo per la zona notte: TEAM 7 presenta la nuova collezione mylon\",\"datePublished\":\"2019-07-30T18:48:10+00:00\",\"mainEntityOfPage\":{\"@id\":\"https:\\\/\\\/www.article-marketing.eu\\\/comunicatistampa\\\/complementi-darredo-per-la-zona-notte-team-7-presenta-la-nuova-collezione-mylon\\\/\"},\"wordCount\":506,\"commentCount\":0,\"keywords\":[\"agenzia comunicazione Udine\",\"arredamento\",\"arredi coordinati\",\"arredo\",\"Blu Wom\",\"camera da letto\",\"cassettiera\",\"collezione mylon\",\"comodino\",\"consolle a incastro\",\"design\",\"Designer\",\"Jacob Strobel\",\"legno naturale\",\"mylon\",\"no formaldeide\",\"panca letto\",\"personalizzabile\",\"pr\",\"TEAM 7\",\"TEAM7\",\"ufficio stampa\",\"zona notte\"],\"articleSection\":[\"Architecture\",\"Casa\",\"Comunicati stampa\",\"Interni\",\"Prodotti\"],\"inLanguage\":\"it-IT\",\"potentialAction\":[{\"@type\":\"CommentAction\",\"name\":\"Comment\",\"target\":[\"https:\\\/\\\/www.article-marketing.eu\\\/comunicatistampa\\\/complementi-darredo-per-la-zona-notte-team-7-presenta-la-nuova-collezione-mylon\\\/#respond\"]}]},{\"@type\":\"WebPage\",\"@id\":\"https:\\\/\\\/www.article-marketing.eu\\\/comunicatistampa\\\/complementi-darredo-per-la-zona-notte-team-7-presenta-la-nuova-collezione-mylon\\\/\",\"url\":\"https:\\\/\\\/www.article-marketing.eu\\\/comunicatistampa\\\/complementi-darredo-per-la-zona-notte-team-7-presenta-la-nuova-collezione-mylon\\\/\",\"name\":\"Complementi d\u2019arredo per la zona notte: TEAM 7 presenta la nuova collezione mylon - Article Marketing\",\"isPartOf\":{\"@id\":\"https:\\\/\\\/www.article-marketing.eu\\\/comunicatistampa\\\/#website\"},\"datePublished\":\"2019-07-30T18:48:10+00:00\",\"author\":{\"@id\":\"https:\\\/\\\/www.article-marketing.eu\\\/comunicatistampa\\\/#\\\/schema\\\/person\\\/716426e1abbf170a90ffd86ebe8353ba\"},\"breadcrumb\":{\"@id\":\"https:\\\/\\\/www.article-marketing.eu\\\/comunicatistampa\\\/complementi-darredo-per-la-zona-notte-team-7-presenta-la-nuova-collezione-mylon\\\/#breadcrumb\"},\"inLanguage\":\"it-IT\",\"potentialAction\":[{\"@type\":\"ReadAction\",\"target\":[\"https:\\\/\\\/www.article-marketing.eu\\\/comunicatistampa\\\/complementi-darredo-per-la-zona-notte-team-7-presenta-la-nuova-collezione-mylon\\\/\"]}]},{\"@type\":\"BreadcrumbList\",\"@id\":\"https:\\\/\\\/www.article-marketing.eu\\\/comunicatistampa\\\/complementi-darredo-per-la-zona-notte-team-7-presenta-la-nuova-collezione-mylon\\\/#breadcrumb\",\"itemListElement\":[{\"@type\":\"ListItem\",\"position\":1,\"name\":\"Home\",\"item\":\"https:\\\/\\\/www.article-marketing.eu\\\/comunicatistampa\\\/\"},{\"@type\":\"ListItem\",\"position\":2,\"name\":\"Complementi d\u2019arredo per la zona notte: TEAM 7 presenta la nuova collezione mylon\"}]},{\"@type\":\"WebSite\",\"@id\":\"https:\\\/\\\/www.article-marketing.eu\\\/comunicatistampa\\\/#website\",\"url\":\"https:\\\/\\\/www.article-marketing.eu\\\/comunicatistampa\\\/\",\"name\":\"Article Marketing\",\"description\":\"article marketing &amp; press release\",\"potentialAction\":[{\"@type\":\"SearchAction\",\"target\":{\"@type\":\"EntryPoint\",\"urlTemplate\":\"https:\\\/\\\/www.article-marketing.eu\\\/comunicatistampa\\\/?s={search_term_string}\"},\"query-input\":{\"@type\":\"PropertyValueSpecification\",\"valueRequired\":true,\"valueName\":\"search_term_string\"}}],\"inLanguage\":\"it-IT\"},{\"@type\":\"Person\",\"@id\":\"https:\\\/\\\/www.article-marketing.eu\\\/comunicatistampa\\\/#\\\/schema\\\/person\\\/716426e1abbf170a90ffd86ebe8353ba\",\"name\":\"bluwom\",\"image\":{\"@type\":\"ImageObject\",\"inLanguage\":\"it-IT\",\"@id\":\"https:\\\/\\\/secure.gravatar.com\\\/avatar\\\/74be6e2f88876c33bad596f31ee09c0ed99506aef659025b3d1894a95898afab?s=96&d=mm&r=g\",\"url\":\"https:\\\/\\\/secure.gravatar.com\\\/avatar\\\/74be6e2f88876c33bad596f31ee09c0ed99506aef659025b3d1894a95898afab?s=96&d=mm&r=g\",\"contentUrl\":\"https:\\\/\\\/secure.gravatar.com\\\/avatar\\\/74be6e2f88876c33bad596f31ee09c0ed99506aef659025b3d1894a95898afab?s=96&d=mm&r=g\",\"caption\":\"bluwom\"},\"url\":\"https:\\\/\\\/www.article-marketing.eu\\\/comunicatistampa\\\/author\\\/bluwom\\\/\"}]}<\/script>\n<!-- \/ Yoast SEO plugin. -->","yoast_head_json":{"title":"Complementi d\u2019arredo per la zona notte: TEAM 7 presenta la nuova collezione mylon - Article Marketing","robots":{"index":"index","follow":"follow","max-snippet":"max-snippet:-1","max-image-preview":"max-image-preview:large","max-video-preview":"max-video-preview:-1"},"canonical":"https:\/\/www.article-marketing.eu\/comunicatistampa\/complementi-darredo-per-la-zona-notte-team-7-presenta-la-nuova-collezione-mylon\/","og_locale":"it_IT","og_type":"article","og_title":"Complementi d\u2019arredo per la zona notte: TEAM 7 presenta la nuova collezione mylon - Article Marketing","og_description":"La camera da letto ideale? Spaziosa e personalizzata. Una camera dove arredo e complementi rispecchiano lo stile di chi la vive, senza per\u00f2 sovraccaricare troppo l\u2019ambiente e lasciando alla stanza un aspetto arioso e ordinato. Un ambiente sano e naturale, dove potersi rilassare e ricaricare le energie. Con la nuova collezione mylon dedicata alla zona notte e firmata dal designer Jacob Strobel, TEAM 7 propone una serie di complementi coordinatiContinue reading...","og_url":"https:\/\/www.article-marketing.eu\/comunicatistampa\/complementi-darredo-per-la-zona-notte-team-7-presenta-la-nuova-collezione-mylon\/","og_site_name":"Article Marketing","article_published_time":"2019-07-30T18:48:10+00:00","author":"bluwom","twitter_card":"summary_large_image","twitter_misc":{"Scritto da":"bluwom","Tempo di lettura stimato":"2 minuti"},"schema":{"@context":"https:\/\/schema.org","@graph":[{"@type":"Article","@id":"https:\/\/www.article-marketing.eu\/comunicatistampa\/complementi-darredo-per-la-zona-notte-team-7-presenta-la-nuova-collezione-mylon\/#article","isPartOf":{"@id":"https:\/\/www.article-marketing.eu\/comunicatistampa\/complementi-darredo-per-la-zona-notte-team-7-presenta-la-nuova-collezione-mylon\/"},"author":{"name":"bluwom","@id":"https:\/\/www.article-marketing.eu\/comunicatistampa\/#\/schema\/person\/716426e1abbf170a90ffd86ebe8353ba"},"headline":"Complementi d\u2019arredo per la zona notte: TEAM 7 presenta la nuova collezione mylon","datePublished":"2019-07-30T18:48:10+00:00","mainEntityOfPage":{"@id":"https:\/\/www.article-marketing.eu\/comunicatistampa\/complementi-darredo-per-la-zona-notte-team-7-presenta-la-nuova-collezione-mylon\/"},"wordCount":506,"commentCount":0,"keywords":["agenzia comunicazione Udine","arredamento","arredi coordinati","arredo","Blu Wom","camera da letto","cassettiera","collezione mylon","comodino","consolle a incastro","design","Designer","Jacob Strobel","legno naturale","mylon","no formaldeide","panca letto","personalizzabile","pr","TEAM 7","TEAM7","ufficio stampa","zona notte"],"articleSection":["Architecture","Casa","Comunicati stampa","Interni","Prodotti"],"inLanguage":"it-IT","potentialAction":[{"@type":"CommentAction","name":"Comment","target":["https:\/\/www.article-marketing.eu\/comunicatistampa\/complementi-darredo-per-la-zona-notte-team-7-presenta-la-nuova-collezione-mylon\/#respond"]}]},{"@type":"WebPage","@id":"https:\/\/www.article-marketing.eu\/comunicatistampa\/complementi-darredo-per-la-zona-notte-team-7-presenta-la-nuova-collezione-mylon\/","url":"https:\/\/www.article-marketing.eu\/comunicatistampa\/complementi-darredo-per-la-zona-notte-team-7-presenta-la-nuova-collezione-mylon\/","name":"Complementi d\u2019arredo per la zona notte: TEAM 7 presenta la nuova collezione mylon - Article Marketing","isPartOf":{"@id":"https:\/\/www.article-marketing.eu\/comunicatistampa\/#website"},"datePublished":"2019-07-30T18:48:10+00:00","author":{"@id":"https:\/\/www.article-marketing.eu\/comunicatistampa\/#\/schema\/person\/716426e1abbf170a90ffd86ebe8353ba"},"breadcrumb":{"@id":"https:\/\/www.article-marketing.eu\/comunicatistampa\/complementi-darredo-per-la-zona-notte-team-7-presenta-la-nuova-collezione-mylon\/#breadcrumb"},"inLanguage":"it-IT","potentialAction":[{"@type":"ReadAction","target":["https:\/\/www.article-marketing.eu\/comunicatistampa\/complementi-darredo-per-la-zona-notte-team-7-presenta-la-nuova-collezione-mylon\/"]}]},{"@type":"BreadcrumbList","@id":"https:\/\/www.article-marketing.eu\/comunicatistampa\/complementi-darredo-per-la-zona-notte-team-7-presenta-la-nuova-collezione-mylon\/#breadcrumb","itemListElement":[{"@type":"ListItem","position":1,"name":"Home","item":"https:\/\/www.article-marketing.eu\/comunicatistampa\/"},{"@type":"ListItem","position":2,"name":"Complementi d\u2019arredo per la zona notte: TEAM 7 presenta la nuova collezione mylon"}]},{"@type":"WebSite","@id":"https:\/\/www.article-marketing.eu\/comunicatistampa\/#website","url":"https:\/\/www.article-marketing.eu\/comunicatistampa\/","name":"Article Marketing","description":"article marketing &amp; press release","potentialAction":[{"@type":"SearchAction","target":{"@type":"EntryPoint","urlTemplate":"https:\/\/www.article-marketing.eu\/comunicatistampa\/?s={search_term_string}"},"query-input":{"@type":"PropertyValueSpecification","valueRequired":true,"valueName":"search_term_string"}}],"inLanguage":"it-IT"},{"@type":"Person","@id":"https:\/\/www.article-marketing.eu\/comunicatistampa\/#\/schema\/person\/716426e1abbf170a90ffd86ebe8353ba","name":"bluwom","image":{"@type":"ImageObject","inLanguage":"it-IT","@id":"https:\/\/secure.gravatar.com\/avatar\/74be6e2f88876c33bad596f31ee09c0ed99506aef659025b3d1894a95898afab?s=96&d=mm&r=g","url":"https:\/\/secure.gravatar.com\/avatar\/74be6e2f88876c33bad596f31ee09c0ed99506aef659025b3d1894a95898afab?s=96&d=mm&r=g","contentUrl":"https:\/\/secure.gravatar.com\/avatar\/74be6e2f88876c33bad596f31ee09c0ed99506aef659025b3d1894a95898afab?s=96&d=mm&r=g","caption":"bluwom"},"url":"https:\/\/www.article-marketing.eu\/comunicatistampa\/author\/bluwom\/"}]}},"_links":{"self":[{"href":"https:\/\/www.article-marketing.eu\/comunicatistampa\/wp-json\/wp\/v2\/posts\/13516","targetHints":{"allow":["GET"]}}],"collection":[{"href":"https:\/\/www.article-marketing.eu\/comunicatistampa\/wp-json\/wp\/v2\/posts"}],"about":[{"href":"https:\/\/www.article-marketing.eu\/comunicatistampa\/wp-json\/wp\/v2\/types\/post"}],"author":[{"embeddable":true,"href":"https:\/\/www.article-marketing.eu\/comunicatistampa\/wp-json\/wp\/v2\/users\/3353"}],"replies":[{"embeddable":true,"href":"https:\/\/www.article-marketing.eu\/comunicatistampa\/wp-json\/wp\/v2\/comments?post=13516"}],"version-history":[{"count":2,"href":"https:\/\/www.article-marketing.eu\/comunicatistampa\/wp-json\/wp\/v2\/posts\/13516\/revisions"}],"predecessor-version":[{"id":13527,"href":"https:\/\/www.article-marketing.eu\/comunicatistampa\/wp-json\/wp\/v2\/posts\/13516\/revisions\/13527"}],"wp:attachment":[{"href":"https:\/\/www.article-marketing.eu\/comunicatistampa\/wp-json\/wp\/v2\/media?parent=13516"}],"wp:term":[{"taxonomy":"category","embeddable":true,"href":"https:\/\/www.article-marketing.eu\/comunicatistampa\/wp-json\/wp\/v2\/categories?post=13516"},{"taxonomy":"post_tag","embeddable":true,"href":"https:\/\/www.article-marketing.eu\/comunicatistampa\/wp-json\/wp\/v2\/tags?post=13516"}],"curies":[{"name":"wp","href":"https:\/\/api.w.org\/{rel}","templated":true}]}}