{"id":13744,"date":"2019-10-17T19:25:40","date_gmt":"2019-10-17T17:25:40","guid":{"rendered":"https:\/\/www.article-marketing.eu\/comunicatistampa\/?p=13744"},"modified":"2019-10-17T19:25:40","modified_gmt":"2019-10-17T17:25:40","slug":"carenza-vitamina-d-negli-anziani-lo-studio-italiano","status":"publish","type":"post","link":"https:\/\/www.article-marketing.eu\/comunicatistampa\/carenza-vitamina-d-negli-anziani-lo-studio-italiano\/","title":{"rendered":"Carenza vitamina D negli anziani, lo studio italiano"},"content":{"rendered":"<p>Un recente studio italiano ha evidenziato come i nostri<strong> anziani abbiano una carenza di vitamina D<\/strong> molto importante, frutto di errati stili di vita e di abitudini alimentari. Assieme allo staff del portale di Casefamigliaecasediriposo.it, specializzato in ricerca di <a href=\"https:\/\/www.casefamigliaecasediriposo.it\/PD_casefamigliaperanziani\/\">case famiglia per anziani<\/a> e case di riposo, facciamo assieme il punto della situazione.<\/p>\n<h2>Cosa dice lo studio<\/h2>\n<p>Lo studio sulla vitamina D negli anziani \u00e8 stato realizzato dall&#8217;Osservatorio Nutrizionale Grana Padano in collaborazione con l&#8217;Associazione Brain and Malnutrition, analizzando un campione di over 60 composto da 450 soggetti. A ciascuno di loro sono stati fatti gli esami di routine per risalire ai<strong> livelli di vitamina D nel sangue<\/strong>, ma soprattutto \u00e8 stato chiesto loro quali fossero le proprie abitudini alimentari e lo stile di vita seguito.<\/p>\n<p>I risultati hanno dimostrato una stretta correlazione fra coloro che avevano bassi livelli di vitamina D, ovvero la maggior parte del campione, e le ore passate all&#8217;aria aperta al sole. Infatti, la vitamina D si assimila al meglio con l&#8217;esposizione al sole, grazie ai raggi ultravioletti.<\/p>\n<h2>Cosa fare se l&#8217;anziano ha carenza di vitamina D<\/h2>\n<p>Da ci\u00f2 si evince che la <strong>carenza di vitamina D negli anziani<\/strong> \u00e8 una realt\u00e0 fin troppo diffusa e che, considerate le conseguenze che tale carenza portano, \u00e8 bene rivolgersi eseguire controlli periodici sotto la guida del proprio medico di fiducia.<\/p>\n<p>In linea generale, possiamo dire che solo in casi gravi e specifici il medico consiglia l&#8217;assunzione di integratori di vitamina D per gli anziani, almeno nel nostro Paese, dove le ore di insolazione sono davvero molte durante tutto l&#8217;anno. Con molta pi\u00f9 probabilit\u00e0 verr\u00e0 consigliato di esporsi maggiormente al sole, anche nelle giornate non propriamente estive e di variare la propria alimentazione arricchendola di alimenti sia animali, che vegetali.<\/p>\n<p><strong>Il fai da te<\/strong>, specie per ci\u00f2 che riguarda la salute ed il benessere degli anziani, <strong>\u00e8 altamente sconsigliato<\/strong> e anche un semplice integratore potrebbe fare contrasto con altri medicinali e causare problemi complessi da gestire.<\/p>\n","protected":false},"excerpt":{"rendered":"<p>Un recente studio italiano ha evidenziato come i nostri anziani abbiano una carenza di vitamina D molto importante, frutto di errati stili di vita e di abitudini alimentari. Assieme allo staff del portale di Casefamigliaecasediriposo.it, specializzato in ricerca di case famiglia per anziani e case di riposo, facciamo assieme il punto della situazione. Cosa dice lo studio Lo studio sulla vitamina D negli anziani \u00e8 stato realizzato dall&#8217;Osservatorio Nutrizionale Grana<\/p>\n<p><a class=\"continue-reading\" href=\"https:\/\/www.article-marketing.eu\/comunicatistampa\/carenza-vitamina-d-negli-anziani-lo-studio-italiano\/\">Continue reading&#8230;<\/a><\/p>\n","protected":false},"author":3037,"featured_media":0,"comment_status":"open","ping_status":"open","sticky":false,"template":"","format":"standard","meta":{"_monsterinsights_skip_tracking":false,"_monsterinsights_sitenote_active":false,"_monsterinsights_sitenote_note":"","_monsterinsights_sitenote_category":0,"footnotes":""},"categories":[370],"tags":[3554,5629,5694],"class_list":["post-13744","post","type-post","status-publish","format-standard","hentry","category-dieta-e-nutrizione","tag-anziani","tag-salute-anziani","tag-vitamina-d"],"yoast_head":"<!-- This site is optimized with the Yoast SEO plugin v27.3 - https:\/\/yoast.com\/product\/yoast-seo-wordpress\/ -->\n<title>Carenza vitamina D negli anziani, lo studio italiano - Article Marketing<\/title>\n<meta name=\"description\" content=\"Il problema degli anziani con carenza di vitamina D \u00e8 sempre pik\u00f9 diffuso. Ne parliamo in questo interessante approfondimento citando uno studio italiano.\" \/>\n<meta name=\"robots\" content=\"index, follow, max-snippet:-1, max-image-preview:large, max-video-preview:-1\" \/>\n<link rel=\"canonical\" href=\"https:\/\/www.article-marketing.eu\/comunicatistampa\/carenza-vitamina-d-negli-anziani-lo-studio-italiano\/\" \/>\n<meta property=\"og:locale\" content=\"it_IT\" \/>\n<meta property=\"og:type\" content=\"article\" \/>\n<meta property=\"og:title\" content=\"Carenza vitamina D negli anziani, lo studio italiano - Article Marketing\" \/>\n<meta property=\"og:description\" content=\"Il problema degli anziani con carenza di vitamina D \u00e8 sempre pik\u00f9 diffuso. Ne parliamo in questo interessante approfondimento citando uno studio italiano.\" \/>\n<meta property=\"og:url\" content=\"https:\/\/www.article-marketing.eu\/comunicatistampa\/carenza-vitamina-d-negli-anziani-lo-studio-italiano\/\" \/>\n<meta property=\"og:site_name\" content=\"Article Marketing\" \/>\n<meta property=\"article:published_time\" content=\"2019-10-17T17:25:40+00:00\" \/>\n<meta name=\"author\" content=\"Laura Landi\" \/>\n<meta name=\"twitter:card\" content=\"summary_large_image\" \/>\n<meta name=\"twitter:label1\" content=\"Scritto da\" \/>\n\t<meta name=\"twitter:data1\" content=\"Laura Landi\" \/>\n\t<meta name=\"twitter:label2\" content=\"Tempo di lettura stimato\" \/>\n\t<meta name=\"twitter:data2\" content=\"2 minuti\" \/>\n<script type=\"application\/ld+json\" class=\"yoast-schema-graph\">{\"@context\":\"https:\\\/\\\/schema.org\",\"@graph\":[{\"@type\":\"Article\",\"@id\":\"https:\\\/\\\/www.article-marketing.eu\\\/comunicatistampa\\\/carenza-vitamina-d-negli-anziani-lo-studio-italiano\\\/#article\",\"isPartOf\":{\"@id\":\"https:\\\/\\\/www.article-marketing.eu\\\/comunicatistampa\\\/carenza-vitamina-d-negli-anziani-lo-studio-italiano\\\/\"},\"author\":{\"name\":\"Laura Landi\",\"@id\":\"https:\\\/\\\/www.article-marketing.eu\\\/comunicatistampa\\\/#\\\/schema\\\/person\\\/21caf3d73340b694672956fe79d5fbea\"},\"headline\":\"Carenza vitamina D negli anziani, lo studio italiano\",\"datePublished\":\"2019-10-17T17:25:40+00:00\",\"mainEntityOfPage\":{\"@id\":\"https:\\\/\\\/www.article-marketing.eu\\\/comunicatistampa\\\/carenza-vitamina-d-negli-anziani-lo-studio-italiano\\\/\"},\"wordCount\":329,\"commentCount\":0,\"keywords\":[\"anziani\",\"salute anziani\",\"vitamina d\"],\"articleSection\":[\"Dieta e Nutrizione\"],\"inLanguage\":\"it-IT\",\"potentialAction\":[{\"@type\":\"CommentAction\",\"name\":\"Comment\",\"target\":[\"https:\\\/\\\/www.article-marketing.eu\\\/comunicatistampa\\\/carenza-vitamina-d-negli-anziani-lo-studio-italiano\\\/#respond\"]}]},{\"@type\":\"WebPage\",\"@id\":\"https:\\\/\\\/www.article-marketing.eu\\\/comunicatistampa\\\/carenza-vitamina-d-negli-anziani-lo-studio-italiano\\\/\",\"url\":\"https:\\\/\\\/www.article-marketing.eu\\\/comunicatistampa\\\/carenza-vitamina-d-negli-anziani-lo-studio-italiano\\\/\",\"name\":\"Carenza vitamina D negli anziani, lo studio italiano - Article Marketing\",\"isPartOf\":{\"@id\":\"https:\\\/\\\/www.article-marketing.eu\\\/comunicatistampa\\\/#website\"},\"datePublished\":\"2019-10-17T17:25:40+00:00\",\"author\":{\"@id\":\"https:\\\/\\\/www.article-marketing.eu\\\/comunicatistampa\\\/#\\\/schema\\\/person\\\/21caf3d73340b694672956fe79d5fbea\"},\"description\":\"Il problema degli anziani con carenza di vitamina D \u00e8 sempre pik\u00f9 diffuso. Ne parliamo in questo interessante approfondimento citando uno studio italiano.\",\"breadcrumb\":{\"@id\":\"https:\\\/\\\/www.article-marketing.eu\\\/comunicatistampa\\\/carenza-vitamina-d-negli-anziani-lo-studio-italiano\\\/#breadcrumb\"},\"inLanguage\":\"it-IT\",\"potentialAction\":[{\"@type\":\"ReadAction\",\"target\":[\"https:\\\/\\\/www.article-marketing.eu\\\/comunicatistampa\\\/carenza-vitamina-d-negli-anziani-lo-studio-italiano\\\/\"]}]},{\"@type\":\"BreadcrumbList\",\"@id\":\"https:\\\/\\\/www.article-marketing.eu\\\/comunicatistampa\\\/carenza-vitamina-d-negli-anziani-lo-studio-italiano\\\/#breadcrumb\",\"itemListElement\":[{\"@type\":\"ListItem\",\"position\":1,\"name\":\"Home\",\"item\":\"https:\\\/\\\/www.article-marketing.eu\\\/comunicatistampa\\\/\"},{\"@type\":\"ListItem\",\"position\":2,\"name\":\"Carenza vitamina D negli anziani, lo studio italiano\"}]},{\"@type\":\"WebSite\",\"@id\":\"https:\\\/\\\/www.article-marketing.eu\\\/comunicatistampa\\\/#website\",\"url\":\"https:\\\/\\\/www.article-marketing.eu\\\/comunicatistampa\\\/\",\"name\":\"Article Marketing\",\"description\":\"article marketing &amp; press release\",\"potentialAction\":[{\"@type\":\"SearchAction\",\"target\":{\"@type\":\"EntryPoint\",\"urlTemplate\":\"https:\\\/\\\/www.article-marketing.eu\\\/comunicatistampa\\\/?s={search_term_string}\"},\"query-input\":{\"@type\":\"PropertyValueSpecification\",\"valueRequired\":true,\"valueName\":\"search_term_string\"}}],\"inLanguage\":\"it-IT\"},{\"@type\":\"Person\",\"@id\":\"https:\\\/\\\/www.article-marketing.eu\\\/comunicatistampa\\\/#\\\/schema\\\/person\\\/21caf3d73340b694672956fe79d5fbea\",\"name\":\"Laura Landi\",\"image\":{\"@type\":\"ImageObject\",\"inLanguage\":\"it-IT\",\"@id\":\"https:\\\/\\\/secure.gravatar.com\\\/avatar\\\/b87bf576ec43766f60723096f00d550d47183b180ce632e7748e3e6200ccac04?s=96&d=mm&r=g\",\"url\":\"https:\\\/\\\/secure.gravatar.com\\\/avatar\\\/b87bf576ec43766f60723096f00d550d47183b180ce632e7748e3e6200ccac04?s=96&d=mm&r=g\",\"contentUrl\":\"https:\\\/\\\/secure.gravatar.com\\\/avatar\\\/b87bf576ec43766f60723096f00d550d47183b180ce632e7748e3e6200ccac04?s=96&d=mm&r=g\",\"caption\":\"Laura Landi\"},\"url\":\"https:\\\/\\\/www.article-marketing.eu\\\/comunicatistampa\\\/author\\\/laura-landi\\\/\"}]}<\/script>\n<!-- \/ Yoast SEO plugin. -->","yoast_head_json":{"title":"Carenza vitamina D negli anziani, lo studio italiano - Article Marketing","description":"Il problema degli anziani con carenza di vitamina D \u00e8 sempre pik\u00f9 diffuso. Ne parliamo in questo interessante approfondimento citando uno studio italiano.","robots":{"index":"index","follow":"follow","max-snippet":"max-snippet:-1","max-image-preview":"max-image-preview:large","max-video-preview":"max-video-preview:-1"},"canonical":"https:\/\/www.article-marketing.eu\/comunicatistampa\/carenza-vitamina-d-negli-anziani-lo-studio-italiano\/","og_locale":"it_IT","og_type":"article","og_title":"Carenza vitamina D negli anziani, lo studio italiano - Article Marketing","og_description":"Il problema degli anziani con carenza di vitamina D \u00e8 sempre pik\u00f9 diffuso. Ne parliamo in questo interessante approfondimento citando uno studio italiano.","og_url":"https:\/\/www.article-marketing.eu\/comunicatistampa\/carenza-vitamina-d-negli-anziani-lo-studio-italiano\/","og_site_name":"Article Marketing","article_published_time":"2019-10-17T17:25:40+00:00","author":"Laura Landi","twitter_card":"summary_large_image","twitter_misc":{"Scritto da":"Laura Landi","Tempo di lettura stimato":"2 minuti"},"schema":{"@context":"https:\/\/schema.org","@graph":[{"@type":"Article","@id":"https:\/\/www.article-marketing.eu\/comunicatistampa\/carenza-vitamina-d-negli-anziani-lo-studio-italiano\/#article","isPartOf":{"@id":"https:\/\/www.article-marketing.eu\/comunicatistampa\/carenza-vitamina-d-negli-anziani-lo-studio-italiano\/"},"author":{"name":"Laura Landi","@id":"https:\/\/www.article-marketing.eu\/comunicatistampa\/#\/schema\/person\/21caf3d73340b694672956fe79d5fbea"},"headline":"Carenza vitamina D negli anziani, lo studio italiano","datePublished":"2019-10-17T17:25:40+00:00","mainEntityOfPage":{"@id":"https:\/\/www.article-marketing.eu\/comunicatistampa\/carenza-vitamina-d-negli-anziani-lo-studio-italiano\/"},"wordCount":329,"commentCount":0,"keywords":["anziani","salute anziani","vitamina d"],"articleSection":["Dieta e Nutrizione"],"inLanguage":"it-IT","potentialAction":[{"@type":"CommentAction","name":"Comment","target":["https:\/\/www.article-marketing.eu\/comunicatistampa\/carenza-vitamina-d-negli-anziani-lo-studio-italiano\/#respond"]}]},{"@type":"WebPage","@id":"https:\/\/www.article-marketing.eu\/comunicatistampa\/carenza-vitamina-d-negli-anziani-lo-studio-italiano\/","url":"https:\/\/www.article-marketing.eu\/comunicatistampa\/carenza-vitamina-d-negli-anziani-lo-studio-italiano\/","name":"Carenza vitamina D negli anziani, lo studio italiano - Article Marketing","isPartOf":{"@id":"https:\/\/www.article-marketing.eu\/comunicatistampa\/#website"},"datePublished":"2019-10-17T17:25:40+00:00","author":{"@id":"https:\/\/www.article-marketing.eu\/comunicatistampa\/#\/schema\/person\/21caf3d73340b694672956fe79d5fbea"},"description":"Il problema degli anziani con carenza di vitamina D \u00e8 sempre pik\u00f9 diffuso. Ne parliamo in questo interessante approfondimento citando uno studio italiano.","breadcrumb":{"@id":"https:\/\/www.article-marketing.eu\/comunicatistampa\/carenza-vitamina-d-negli-anziani-lo-studio-italiano\/#breadcrumb"},"inLanguage":"it-IT","potentialAction":[{"@type":"ReadAction","target":["https:\/\/www.article-marketing.eu\/comunicatistampa\/carenza-vitamina-d-negli-anziani-lo-studio-italiano\/"]}]},{"@type":"BreadcrumbList","@id":"https:\/\/www.article-marketing.eu\/comunicatistampa\/carenza-vitamina-d-negli-anziani-lo-studio-italiano\/#breadcrumb","itemListElement":[{"@type":"ListItem","position":1,"name":"Home","item":"https:\/\/www.article-marketing.eu\/comunicatistampa\/"},{"@type":"ListItem","position":2,"name":"Carenza vitamina D negli anziani, lo studio italiano"}]},{"@type":"WebSite","@id":"https:\/\/www.article-marketing.eu\/comunicatistampa\/#website","url":"https:\/\/www.article-marketing.eu\/comunicatistampa\/","name":"Article Marketing","description":"article marketing &amp; press release","potentialAction":[{"@type":"SearchAction","target":{"@type":"EntryPoint","urlTemplate":"https:\/\/www.article-marketing.eu\/comunicatistampa\/?s={search_term_string}"},"query-input":{"@type":"PropertyValueSpecification","valueRequired":true,"valueName":"search_term_string"}}],"inLanguage":"it-IT"},{"@type":"Person","@id":"https:\/\/www.article-marketing.eu\/comunicatistampa\/#\/schema\/person\/21caf3d73340b694672956fe79d5fbea","name":"Laura Landi","image":{"@type":"ImageObject","inLanguage":"it-IT","@id":"https:\/\/secure.gravatar.com\/avatar\/b87bf576ec43766f60723096f00d550d47183b180ce632e7748e3e6200ccac04?s=96&d=mm&r=g","url":"https:\/\/secure.gravatar.com\/avatar\/b87bf576ec43766f60723096f00d550d47183b180ce632e7748e3e6200ccac04?s=96&d=mm&r=g","contentUrl":"https:\/\/secure.gravatar.com\/avatar\/b87bf576ec43766f60723096f00d550d47183b180ce632e7748e3e6200ccac04?s=96&d=mm&r=g","caption":"Laura Landi"},"url":"https:\/\/www.article-marketing.eu\/comunicatistampa\/author\/laura-landi\/"}]}},"_links":{"self":[{"href":"https:\/\/www.article-marketing.eu\/comunicatistampa\/wp-json\/wp\/v2\/posts\/13744","targetHints":{"allow":["GET"]}}],"collection":[{"href":"https:\/\/www.article-marketing.eu\/comunicatistampa\/wp-json\/wp\/v2\/posts"}],"about":[{"href":"https:\/\/www.article-marketing.eu\/comunicatistampa\/wp-json\/wp\/v2\/types\/post"}],"author":[{"embeddable":true,"href":"https:\/\/www.article-marketing.eu\/comunicatistampa\/wp-json\/wp\/v2\/users\/3037"}],"replies":[{"embeddable":true,"href":"https:\/\/www.article-marketing.eu\/comunicatistampa\/wp-json\/wp\/v2\/comments?post=13744"}],"version-history":[{"count":2,"href":"https:\/\/www.article-marketing.eu\/comunicatistampa\/wp-json\/wp\/v2\/posts\/13744\/revisions"}],"predecessor-version":[{"id":13748,"href":"https:\/\/www.article-marketing.eu\/comunicatistampa\/wp-json\/wp\/v2\/posts\/13744\/revisions\/13748"}],"wp:attachment":[{"href":"https:\/\/www.article-marketing.eu\/comunicatistampa\/wp-json\/wp\/v2\/media?parent=13744"}],"wp:term":[{"taxonomy":"category","embeddable":true,"href":"https:\/\/www.article-marketing.eu\/comunicatistampa\/wp-json\/wp\/v2\/categories?post=13744"},{"taxonomy":"post_tag","embeddable":true,"href":"https:\/\/www.article-marketing.eu\/comunicatistampa\/wp-json\/wp\/v2\/tags?post=13744"}],"curies":[{"name":"wp","href":"https:\/\/api.w.org\/{rel}","templated":true}]}}