{"id":13779,"date":"2019-10-25T13:42:38","date_gmt":"2019-10-25T11:42:38","guid":{"rendered":"https:\/\/www.article-marketing.eu\/comunicatistampa\/?p=13779"},"modified":"2019-10-25T13:42:38","modified_gmt":"2019-10-25T11:42:38","slug":"equasi-inverno-cosa-mi-metto-vorrei-la-pelle-nera","status":"publish","type":"post","link":"https:\/\/www.article-marketing.eu\/comunicatistampa\/equasi-inverno-cosa-mi-metto-vorrei-la-pelle-nera\/","title":{"rendered":"E&#8217;quasi inverno, cosa mi metto? Vorrei la pelle nera !!"},"content":{"rendered":"<p>L&#8217; inverno \u0117 alle porte e si preannuncia all&#8217;insegna del nero. Non sto parlando per\u00f3 di previsioni metereologiche, bensi del nuovo trend, e cio\u00e8 la <strong><a href=\"https:\/\/www.invogamagazine.it\/i-capi-in-pelle-sono-la-tendenza-cool-del-momento-scopri-la-nostra-selezione\/\" target=\"_blank\" rel=\"noopener noreferrer\">pelle nera<\/a><\/strong>: un grande classico che non passa mai di moda; anche perch\u00e9 ha mille sfaccettature : puo&#8217; conferire un tocco dark e dunque grintoso al look, oppure un fascino intrigante, misterioso o, ancora, sexyDietro le quinte dello scenario moda occhieggiano alcuni capi iconici che a breve ci consentiranno di fare tuffi nel passato&#8230;La pelle nera compare infatti a partire dagli anni &#8220;30 con le dive hollywoodiane che nei primi film sonorizzati spesso vestivano mantelle o impermeabili di pelle nera cerata: ad esempio la grande diva Greta Garbo, nel film Anna Christie ne indossava uno che sottolineava la sua bellezza eterea. I lineamenti perfetti, il biondo dei capelli e l&#8217; incarnato diafano risaltavano grazie alla morbidezza scura e graffiante dell&#8217; impermeabile in pelle nera. Questo \u0117 un esempio di quanto un particolare capo d&#8217;abbigliamento pu\u00f6 rendere unico un outfit. Nel caso di Greta Garbo l&#8217;impermeabile in pelle scura ha in effetti creato contrasti inusuali avvantaggiando non poco la regia del film. Anche perch\u00e9 all&#8217; epoca le pellicole a colori non esistevano ! ( Il merito va certamente riconosciuto anche al regista per avere attuato questa vincente strategia ).La pelle nera la si ritrova in seguito negli anni 50, esaltata per esempio dal fascino ribelle di Marlon Brando, piuttosto che dal cantante di turno e altri personaggi famosi, idoli immortali da sempre emulati e fonti di ispirazione delle &#8220;masse generazionali&#8221;Da allora, naturalmente, la moda ne ha fatta di strada e ha vestito orde di ragazzi, riuscendo &#8211; come il pi\u00f9 duttile dei materiali &#8211; a trasformarsi di continuo e ad interpretare stili e tendenze completamente differenti tra loro , ed oggi le nuove dive sono le <a href=\"https:\/\/www.invogamagazine.it\/\" target=\"_blank\" rel=\"noopener noreferrer\">influencers<\/a>, sono loro ad ispirare i nostri outfit piu&#8217; glam, le prime a indossare i capi in pelle ( non esclusivamente neri, pure il rosso fa tendenza ) molto piu curati nei dettagli rispetto al passato, rivisitati nei particolari e spesso resi pi\u00f9 femminili da rouches, volant, applicazioni di strass e altri accessori.Non solo abiti, soprabiti e trench lunghi ma pure il mitico giacchino &#8220;chiodo&#8221; alla Fonzie di Happy days riemergera&#8217; tra pochi giorni con furore nelle vetrine degli shop !Eppoi i pantaloni, larghi e svasati anni &#8220;70 o quell skinny da rock-metallari anni 90; biker, giacche fluide, gonne tr\u00e8s chic, super raffinate di media lunghezza; che dire poi delle borsette, dei guanti e delle scarpe ?! Originali e aggressive oppure classiche e femminilissime; d\u00e9collet\u00e9 e stivaletti anfibi, la pelle nera quest\u2019anno invade le collezioni in modo deciso ma gentile nel medesimo tempo.La pelle total black e&#8217; un autentico evergreen e ora che arriva il freddo e&#8217; tempo di esagerare, di osare. Ci sono annate speciali per\u00f2, nelle quali la pelle nera ha un posto davvero preponderante negli armadi e negli outfit pi\u00f9 cool. Ebbene, \u00e8 il caso dell&#8217; inverno 2019\/20. Ecco come la indosseremo tra pochissimo !Qui vedi solo alcune proposte&#8230;..ma se sei tanto curiosa <strong><a href=\"http:\/\/MODAI CAPI IN PELLE SONO LA TENDENZA COOL DEL MOMENTO SCOPRI LA NOSTRA SELEZIONE!\" target=\"_blank\" rel=\"noopener noreferrer\">scopri una gallery molto pi\u00f9 esauriente: leggi e guarda le foto su Invoga Magazine.<\/a><\/strong><\/p>\n","protected":false},"excerpt":{"rendered":"<p>L&#8217; inverno \u0117 alle porte e si preannuncia all&#8217;insegna del nero. Non sto parlando per\u00f3 di previsioni metereologiche, bensi del nuovo trend, e cio\u00e8 la pelle nera: un grande classico che non passa mai di moda; anche perch\u00e9 ha mille sfaccettature : puo&#8217; conferire un tocco dark e dunque grintoso al look, oppure un fascino intrigante, misterioso o, ancora, sexyDietro le quinte dello scenario moda occhieggiano alcuni capi iconici che<\/p>\n<p><a class=\"continue-reading\" href=\"https:\/\/www.article-marketing.eu\/comunicatistampa\/equasi-inverno-cosa-mi-metto-vorrei-la-pelle-nera\/\">Continue reading&#8230;<\/a><\/p>\n","protected":false},"author":4998,"featured_media":0,"comment_status":"open","ping_status":"open","sticky":false,"template":"","format":"standard","meta":{"_monsterinsights_skip_tracking":false,"_monsterinsights_sitenote_active":false,"_monsterinsights_sitenote_note":"","_monsterinsights_sitenote_category":0,"footnotes":""},"categories":[363],"tags":[1193,5716,5717,5714,5713,5719,715,5000,5711,5721,5715,5720,5712,5718,5722],"class_list":["post-13779","post","type-post","status-publish","format-standard","hentry","category-abbigliamento-e-accessori","tag-accessori","tag-accessori-pelle","tag-borsa-in-nappa","tag-giacche-in-pelle","tag-ginna-pelle","tag-max-mara","tag-moda","tag-pelle","tag-pelle-nera","tag-pinko","tag-scarpe-in-pelle","tag-scervino","tag-skinny","tag-stivali-pelle","tag-versace"],"yoast_head":"<!-- This site is optimized with the Yoast SEO plugin v27.3 - https:\/\/yoast.com\/product\/yoast-seo-wordpress\/ -->\n<title>E&#039;quasi inverno, cosa mi metto? Vorrei la pelle nera !! - Article Marketing<\/title>\n<meta name=\"robots\" content=\"index, follow, max-snippet:-1, max-image-preview:large, max-video-preview:-1\" \/>\n<link rel=\"canonical\" href=\"https:\/\/www.article-marketing.eu\/comunicatistampa\/equasi-inverno-cosa-mi-metto-vorrei-la-pelle-nera\/\" \/>\n<meta property=\"og:locale\" content=\"it_IT\" \/>\n<meta property=\"og:type\" content=\"article\" \/>\n<meta property=\"og:title\" content=\"E&#039;quasi inverno, cosa mi metto? Vorrei la pelle nera !! - Article Marketing\" \/>\n<meta property=\"og:description\" content=\"L&#8217; inverno \u0117 alle porte e si preannuncia all&#8217;insegna del nero. Non sto parlando per\u00f3 di previsioni metereologiche, bensi del nuovo trend, e cio\u00e8 la pelle nera: un grande classico che non passa mai di moda; anche perch\u00e9 ha mille sfaccettature : puo&#8217; conferire un tocco dark e dunque grintoso al look, oppure un fascino intrigante, misterioso o, ancora, sexyDietro le quinte dello scenario moda occhieggiano alcuni capi iconici cheContinue reading...\" \/>\n<meta property=\"og:url\" content=\"https:\/\/www.article-marketing.eu\/comunicatistampa\/equasi-inverno-cosa-mi-metto-vorrei-la-pelle-nera\/\" \/>\n<meta property=\"og:site_name\" content=\"Article Marketing\" \/>\n<meta property=\"article:published_time\" content=\"2019-10-25T11:42:38+00:00\" \/>\n<meta name=\"author\" content=\"Rossartificiale\" \/>\n<meta name=\"twitter:card\" content=\"summary_large_image\" \/>\n<meta name=\"twitter:label1\" content=\"Scritto da\" \/>\n\t<meta name=\"twitter:data1\" content=\"Rossartificiale\" \/>\n\t<meta name=\"twitter:label2\" content=\"Tempo di lettura stimato\" \/>\n\t<meta name=\"twitter:data2\" content=\"3 minuti\" \/>\n<script type=\"application\/ld+json\" class=\"yoast-schema-graph\">{\"@context\":\"https:\\\/\\\/schema.org\",\"@graph\":[{\"@type\":\"Article\",\"@id\":\"https:\\\/\\\/www.article-marketing.eu\\\/comunicatistampa\\\/equasi-inverno-cosa-mi-metto-vorrei-la-pelle-nera\\\/#article\",\"isPartOf\":{\"@id\":\"https:\\\/\\\/www.article-marketing.eu\\\/comunicatistampa\\\/equasi-inverno-cosa-mi-metto-vorrei-la-pelle-nera\\\/\"},\"author\":{\"name\":\"Rossartificiale\",\"@id\":\"https:\\\/\\\/www.article-marketing.eu\\\/comunicatistampa\\\/#\\\/schema\\\/person\\\/2f75900bc3a76dfe3d65e0fbeaf71d83\"},\"headline\":\"E&#8217;quasi inverno, cosa mi metto? Vorrei la pelle nera !!\",\"datePublished\":\"2019-10-25T11:42:38+00:00\",\"mainEntityOfPage\":{\"@id\":\"https:\\\/\\\/www.article-marketing.eu\\\/comunicatistampa\\\/equasi-inverno-cosa-mi-metto-vorrei-la-pelle-nera\\\/\"},\"wordCount\":522,\"commentCount\":0,\"keywords\":[\"accessori\",\"accessori pelle\",\"borsa in nappa\",\"giacche in pelle\",\"ginna pelle\",\"max mara\",\"moda\",\"pelle\",\"pelle nera\",\"pinko\",\"scarpe in pelle\",\"scervino\",\"skinny\",\"stivali pelle\",\"versace\"],\"articleSection\":[\"Abbigliamento e accessori\"],\"inLanguage\":\"it-IT\",\"potentialAction\":[{\"@type\":\"CommentAction\",\"name\":\"Comment\",\"target\":[\"https:\\\/\\\/www.article-marketing.eu\\\/comunicatistampa\\\/equasi-inverno-cosa-mi-metto-vorrei-la-pelle-nera\\\/#respond\"]}]},{\"@type\":\"WebPage\",\"@id\":\"https:\\\/\\\/www.article-marketing.eu\\\/comunicatistampa\\\/equasi-inverno-cosa-mi-metto-vorrei-la-pelle-nera\\\/\",\"url\":\"https:\\\/\\\/www.article-marketing.eu\\\/comunicatistampa\\\/equasi-inverno-cosa-mi-metto-vorrei-la-pelle-nera\\\/\",\"name\":\"E'quasi inverno, cosa mi metto? Vorrei la pelle nera !! - Article Marketing\",\"isPartOf\":{\"@id\":\"https:\\\/\\\/www.article-marketing.eu\\\/comunicatistampa\\\/#website\"},\"datePublished\":\"2019-10-25T11:42:38+00:00\",\"author\":{\"@id\":\"https:\\\/\\\/www.article-marketing.eu\\\/comunicatistampa\\\/#\\\/schema\\\/person\\\/2f75900bc3a76dfe3d65e0fbeaf71d83\"},\"breadcrumb\":{\"@id\":\"https:\\\/\\\/www.article-marketing.eu\\\/comunicatistampa\\\/equasi-inverno-cosa-mi-metto-vorrei-la-pelle-nera\\\/#breadcrumb\"},\"inLanguage\":\"it-IT\",\"potentialAction\":[{\"@type\":\"ReadAction\",\"target\":[\"https:\\\/\\\/www.article-marketing.eu\\\/comunicatistampa\\\/equasi-inverno-cosa-mi-metto-vorrei-la-pelle-nera\\\/\"]}]},{\"@type\":\"BreadcrumbList\",\"@id\":\"https:\\\/\\\/www.article-marketing.eu\\\/comunicatistampa\\\/equasi-inverno-cosa-mi-metto-vorrei-la-pelle-nera\\\/#breadcrumb\",\"itemListElement\":[{\"@type\":\"ListItem\",\"position\":1,\"name\":\"Home\",\"item\":\"https:\\\/\\\/www.article-marketing.eu\\\/comunicatistampa\\\/\"},{\"@type\":\"ListItem\",\"position\":2,\"name\":\"E&#8217;quasi inverno, cosa mi metto? Vorrei la pelle nera !!\"}]},{\"@type\":\"WebSite\",\"@id\":\"https:\\\/\\\/www.article-marketing.eu\\\/comunicatistampa\\\/#website\",\"url\":\"https:\\\/\\\/www.article-marketing.eu\\\/comunicatistampa\\\/\",\"name\":\"Article Marketing\",\"description\":\"article marketing &amp; press release\",\"potentialAction\":[{\"@type\":\"SearchAction\",\"target\":{\"@type\":\"EntryPoint\",\"urlTemplate\":\"https:\\\/\\\/www.article-marketing.eu\\\/comunicatistampa\\\/?s={search_term_string}\"},\"query-input\":{\"@type\":\"PropertyValueSpecification\",\"valueRequired\":true,\"valueName\":\"search_term_string\"}}],\"inLanguage\":\"it-IT\"},{\"@type\":\"Person\",\"@id\":\"https:\\\/\\\/www.article-marketing.eu\\\/comunicatistampa\\\/#\\\/schema\\\/person\\\/2f75900bc3a76dfe3d65e0fbeaf71d83\",\"name\":\"Rossartificiale\",\"image\":{\"@type\":\"ImageObject\",\"inLanguage\":\"it-IT\",\"@id\":\"https:\\\/\\\/secure.gravatar.com\\\/avatar\\\/9861ef2785394bbb46e0346677c97393d30d5d419b654fdf166d838e55ee9936?s=96&d=mm&r=g\",\"url\":\"https:\\\/\\\/secure.gravatar.com\\\/avatar\\\/9861ef2785394bbb46e0346677c97393d30d5d419b654fdf166d838e55ee9936?s=96&d=mm&r=g\",\"contentUrl\":\"https:\\\/\\\/secure.gravatar.com\\\/avatar\\\/9861ef2785394bbb46e0346677c97393d30d5d419b654fdf166d838e55ee9936?s=96&d=mm&r=g\",\"caption\":\"Rossartificiale\"},\"url\":\"https:\\\/\\\/www.article-marketing.eu\\\/comunicatistampa\\\/author\\\/rossartificiale\\\/\"}]}<\/script>\n<!-- \/ Yoast SEO plugin. -->","yoast_head_json":{"title":"E'quasi inverno, cosa mi metto? Vorrei la pelle nera !! - Article Marketing","robots":{"index":"index","follow":"follow","max-snippet":"max-snippet:-1","max-image-preview":"max-image-preview:large","max-video-preview":"max-video-preview:-1"},"canonical":"https:\/\/www.article-marketing.eu\/comunicatistampa\/equasi-inverno-cosa-mi-metto-vorrei-la-pelle-nera\/","og_locale":"it_IT","og_type":"article","og_title":"E'quasi inverno, cosa mi metto? Vorrei la pelle nera !! - Article Marketing","og_description":"L&#8217; inverno \u0117 alle porte e si preannuncia all&#8217;insegna del nero. Non sto parlando per\u00f3 di previsioni metereologiche, bensi del nuovo trend, e cio\u00e8 la pelle nera: un grande classico che non passa mai di moda; anche perch\u00e9 ha mille sfaccettature : puo&#8217; conferire un tocco dark e dunque grintoso al look, oppure un fascino intrigante, misterioso o, ancora, sexyDietro le quinte dello scenario moda occhieggiano alcuni capi iconici cheContinue reading...","og_url":"https:\/\/www.article-marketing.eu\/comunicatistampa\/equasi-inverno-cosa-mi-metto-vorrei-la-pelle-nera\/","og_site_name":"Article Marketing","article_published_time":"2019-10-25T11:42:38+00:00","author":"Rossartificiale","twitter_card":"summary_large_image","twitter_misc":{"Scritto da":"Rossartificiale","Tempo di lettura stimato":"3 minuti"},"schema":{"@context":"https:\/\/schema.org","@graph":[{"@type":"Article","@id":"https:\/\/www.article-marketing.eu\/comunicatistampa\/equasi-inverno-cosa-mi-metto-vorrei-la-pelle-nera\/#article","isPartOf":{"@id":"https:\/\/www.article-marketing.eu\/comunicatistampa\/equasi-inverno-cosa-mi-metto-vorrei-la-pelle-nera\/"},"author":{"name":"Rossartificiale","@id":"https:\/\/www.article-marketing.eu\/comunicatistampa\/#\/schema\/person\/2f75900bc3a76dfe3d65e0fbeaf71d83"},"headline":"E&#8217;quasi inverno, cosa mi metto? Vorrei la pelle nera !!","datePublished":"2019-10-25T11:42:38+00:00","mainEntityOfPage":{"@id":"https:\/\/www.article-marketing.eu\/comunicatistampa\/equasi-inverno-cosa-mi-metto-vorrei-la-pelle-nera\/"},"wordCount":522,"commentCount":0,"keywords":["accessori","accessori pelle","borsa in nappa","giacche in pelle","ginna pelle","max mara","moda","pelle","pelle nera","pinko","scarpe in pelle","scervino","skinny","stivali pelle","versace"],"articleSection":["Abbigliamento e accessori"],"inLanguage":"it-IT","potentialAction":[{"@type":"CommentAction","name":"Comment","target":["https:\/\/www.article-marketing.eu\/comunicatistampa\/equasi-inverno-cosa-mi-metto-vorrei-la-pelle-nera\/#respond"]}]},{"@type":"WebPage","@id":"https:\/\/www.article-marketing.eu\/comunicatistampa\/equasi-inverno-cosa-mi-metto-vorrei-la-pelle-nera\/","url":"https:\/\/www.article-marketing.eu\/comunicatistampa\/equasi-inverno-cosa-mi-metto-vorrei-la-pelle-nera\/","name":"E'quasi inverno, cosa mi metto? Vorrei la pelle nera !! - Article Marketing","isPartOf":{"@id":"https:\/\/www.article-marketing.eu\/comunicatistampa\/#website"},"datePublished":"2019-10-25T11:42:38+00:00","author":{"@id":"https:\/\/www.article-marketing.eu\/comunicatistampa\/#\/schema\/person\/2f75900bc3a76dfe3d65e0fbeaf71d83"},"breadcrumb":{"@id":"https:\/\/www.article-marketing.eu\/comunicatistampa\/equasi-inverno-cosa-mi-metto-vorrei-la-pelle-nera\/#breadcrumb"},"inLanguage":"it-IT","potentialAction":[{"@type":"ReadAction","target":["https:\/\/www.article-marketing.eu\/comunicatistampa\/equasi-inverno-cosa-mi-metto-vorrei-la-pelle-nera\/"]}]},{"@type":"BreadcrumbList","@id":"https:\/\/www.article-marketing.eu\/comunicatistampa\/equasi-inverno-cosa-mi-metto-vorrei-la-pelle-nera\/#breadcrumb","itemListElement":[{"@type":"ListItem","position":1,"name":"Home","item":"https:\/\/www.article-marketing.eu\/comunicatistampa\/"},{"@type":"ListItem","position":2,"name":"E&#8217;quasi inverno, cosa mi metto? Vorrei la pelle nera !!"}]},{"@type":"WebSite","@id":"https:\/\/www.article-marketing.eu\/comunicatistampa\/#website","url":"https:\/\/www.article-marketing.eu\/comunicatistampa\/","name":"Article Marketing","description":"article marketing &amp; press release","potentialAction":[{"@type":"SearchAction","target":{"@type":"EntryPoint","urlTemplate":"https:\/\/www.article-marketing.eu\/comunicatistampa\/?s={search_term_string}"},"query-input":{"@type":"PropertyValueSpecification","valueRequired":true,"valueName":"search_term_string"}}],"inLanguage":"it-IT"},{"@type":"Person","@id":"https:\/\/www.article-marketing.eu\/comunicatistampa\/#\/schema\/person\/2f75900bc3a76dfe3d65e0fbeaf71d83","name":"Rossartificiale","image":{"@type":"ImageObject","inLanguage":"it-IT","@id":"https:\/\/secure.gravatar.com\/avatar\/9861ef2785394bbb46e0346677c97393d30d5d419b654fdf166d838e55ee9936?s=96&d=mm&r=g","url":"https:\/\/secure.gravatar.com\/avatar\/9861ef2785394bbb46e0346677c97393d30d5d419b654fdf166d838e55ee9936?s=96&d=mm&r=g","contentUrl":"https:\/\/secure.gravatar.com\/avatar\/9861ef2785394bbb46e0346677c97393d30d5d419b654fdf166d838e55ee9936?s=96&d=mm&r=g","caption":"Rossartificiale"},"url":"https:\/\/www.article-marketing.eu\/comunicatistampa\/author\/rossartificiale\/"}]}},"_links":{"self":[{"href":"https:\/\/www.article-marketing.eu\/comunicatistampa\/wp-json\/wp\/v2\/posts\/13779","targetHints":{"allow":["GET"]}}],"collection":[{"href":"https:\/\/www.article-marketing.eu\/comunicatistampa\/wp-json\/wp\/v2\/posts"}],"about":[{"href":"https:\/\/www.article-marketing.eu\/comunicatistampa\/wp-json\/wp\/v2\/types\/post"}],"author":[{"embeddable":true,"href":"https:\/\/www.article-marketing.eu\/comunicatistampa\/wp-json\/wp\/v2\/users\/4998"}],"replies":[{"embeddable":true,"href":"https:\/\/www.article-marketing.eu\/comunicatistampa\/wp-json\/wp\/v2\/comments?post=13779"}],"version-history":[{"count":2,"href":"https:\/\/www.article-marketing.eu\/comunicatistampa\/wp-json\/wp\/v2\/posts\/13779\/revisions"}],"predecessor-version":[{"id":13793,"href":"https:\/\/www.article-marketing.eu\/comunicatistampa\/wp-json\/wp\/v2\/posts\/13779\/revisions\/13793"}],"wp:attachment":[{"href":"https:\/\/www.article-marketing.eu\/comunicatistampa\/wp-json\/wp\/v2\/media?parent=13779"}],"wp:term":[{"taxonomy":"category","embeddable":true,"href":"https:\/\/www.article-marketing.eu\/comunicatistampa\/wp-json\/wp\/v2\/categories?post=13779"},{"taxonomy":"post_tag","embeddable":true,"href":"https:\/\/www.article-marketing.eu\/comunicatistampa\/wp-json\/wp\/v2\/tags?post=13779"}],"curies":[{"name":"wp","href":"https:\/\/api.w.org\/{rel}","templated":true}]}}