{"id":13785,"date":"2019-10-25T13:43:23","date_gmt":"2019-10-25T11:43:23","guid":{"rendered":"https:\/\/www.article-marketing.eu\/comunicatistampa\/?p=13785"},"modified":"2019-10-25T13:43:23","modified_gmt":"2019-10-25T11:43:23","slug":"manutenzione-caldaia-in-autunno-adesso-e-il-momento-giusto","status":"publish","type":"post","link":"https:\/\/www.article-marketing.eu\/comunicatistampa\/manutenzione-caldaia-in-autunno-adesso-e-il-momento-giusto\/","title":{"rendered":"Manutenzione caldaia in autunno, adesso \u00e8 il momento giusto!"},"content":{"rendered":"<p>Il clima \u00e8 ancora mite e la nostra caldaia \u00e8 ancora a riposo e deputata alla semplice produzione di acqua calda sanitaria: \u00e8 adesso, allora, <strong>il momento giusto per effettuare la manutenzione ordinaria<\/strong>! Infatti, prima che venga di nuovo acceso il riscaldamento, \u00e8 bene fare un chek up al proprio impianto, cos\u00ec da sapere con certezza che \u00e8 tutto ok e che si \u00e8 pronti ad affrontare il freddo non rinunciando al proprio comfort domestico.<\/p>\n<h2>L&#8217;importanza della manutenzione<\/h2>\n<p>Eseguire la <strong>manutenzione ordinaria alla caldaia<\/strong> consente ai tuoi impianti di funzionare al massimo delle prestazioni ed in piena sicurezza, abbassando drasticamente il rischio di blocchi della caldaia o altri malfunzionamenti. Infatti, attraverso il controllo periodico il tecnico potr\u00e0 stabilire, di volta in volta, se ci sono lavorazioni da eseguire, se \u00e8 il caso di sostituire un pezzo ormai troppo usurato, nonch\u00e9 provvedere alla pulizia dell&#8217;impianto.<\/p>\n<p>Inoltre, lo ricordiamo, la manutenzione \u00e8 obbligatoria per legge da eseguire ogni anno e tale intervento andr\u00e0 inscritto all&#8217;interno del libretto d&#8217;impianto da mostrare in caso di controlli.<\/p>\n<h2>Quando fare la manutenzione<\/h2>\n<p>In linea generale, la manutenzione della caldaia pu\u00f2 essere eseguita in ogni periodo dell&#8217;anno, ma le stagioni di mezzo sono i momenti perfetti perch\u00e9 il riscaldamento non \u00e8 attivo. In questo modo, ci si trova preparati all&#8217;accensione dei termosifoni e non si hanno brutte sorprese: a chi piace rimanere senza riscaldamento o acqua calda sanitaria nel bel mezzo dell&#8217;inverno? A nessuno, ovvio! Per tale motivo, \u00e8 assolutamente fondamentale mettere in calendario la manutenzione ordinaria del proprio impianto e non tralasciare eventuali lavorazioni necessarie per avere una caldaia perfettamente funzionante.<\/p>\n<p>Naturalmente, \u00e8 fondamentale altres\u00ec avvalersi di tecnici professionisti e specializzati, che possano rilasciare anche la documentazione del caso, specie nella situazione in cui alla manutenzione corrisponda anche il rinnovo del bollino blu o verde per la caldaia.<\/p>\n<p>Si ringrazia per la consulenza tecnica lo staff del centro <a href=\"https:\/\/www.idrofast.it\/\">assistenza caldaie di Firenze<\/a>, Idrofast.<\/p>\n","protected":false},"excerpt":{"rendered":"<p>Il clima \u00e8 ancora mite e la nostra caldaia \u00e8 ancora a riposo e deputata alla semplice produzione di acqua calda sanitaria: \u00e8 adesso, allora, il momento giusto per effettuare la manutenzione ordinaria! Infatti, prima che venga di nuovo acceso il riscaldamento, \u00e8 bene fare un chek up al proprio impianto, cos\u00ec da sapere con certezza che \u00e8 tutto ok e che si \u00e8 pronti ad affrontare il freddo non<\/p>\n<p><a class=\"continue-reading\" href=\"https:\/\/www.article-marketing.eu\/comunicatistampa\/manutenzione-caldaia-in-autunno-adesso-e-il-momento-giusto\/\">Continue reading&#8230;<\/a><\/p>\n","protected":false},"author":3037,"featured_media":0,"comment_status":"open","ping_status":"open","sticky":false,"template":"","format":"standard","meta":{"_monsterinsights_skip_tracking":false,"_monsterinsights_sitenote_active":false,"_monsterinsights_sitenote_note":"","_monsterinsights_sitenote_category":0,"footnotes":""},"categories":[403],"tags":[5729,2235,5730,3111],"class_list":["post-13785","post","type-post","status-publish","format-standard","hentry","category-casa","tag-assistenza-caldaie-firenze","tag-caldaie","tag-manutenzione-caldaia","tag-riscaldamento"],"yoast_head":"<!-- This site is optimized with the Yoast SEO plugin v27.3 - https:\/\/yoast.com\/product\/yoast-seo-wordpress\/ -->\n<title>Manutenzione caldaia in autunno, adesso \u00e8 il momento giusto! - Article Marketing<\/title>\n<meta name=\"robots\" content=\"index, follow, max-snippet:-1, max-image-preview:large, max-video-preview:-1\" \/>\n<link rel=\"canonical\" href=\"https:\/\/www.article-marketing.eu\/comunicatistampa\/manutenzione-caldaia-in-autunno-adesso-e-il-momento-giusto\/\" \/>\n<meta property=\"og:locale\" content=\"it_IT\" \/>\n<meta property=\"og:type\" content=\"article\" \/>\n<meta property=\"og:title\" content=\"Manutenzione caldaia in autunno, adesso \u00e8 il momento giusto! - Article Marketing\" \/>\n<meta property=\"og:description\" content=\"Il clima \u00e8 ancora mite e la nostra caldaia \u00e8 ancora a riposo e deputata alla semplice produzione di acqua calda sanitaria: \u00e8 adesso, allora, il momento giusto per effettuare la manutenzione ordinaria! Infatti, prima che venga di nuovo acceso il riscaldamento, \u00e8 bene fare un chek up al proprio impianto, cos\u00ec da sapere con certezza che \u00e8 tutto ok e che si \u00e8 pronti ad affrontare il freddo nonContinue reading...\" \/>\n<meta property=\"og:url\" content=\"https:\/\/www.article-marketing.eu\/comunicatistampa\/manutenzione-caldaia-in-autunno-adesso-e-il-momento-giusto\/\" \/>\n<meta property=\"og:site_name\" content=\"Article Marketing\" \/>\n<meta property=\"article:published_time\" content=\"2019-10-25T11:43:23+00:00\" \/>\n<meta name=\"author\" content=\"Laura Landi\" \/>\n<meta name=\"twitter:card\" content=\"summary_large_image\" \/>\n<meta name=\"twitter:label1\" content=\"Scritto da\" \/>\n\t<meta name=\"twitter:data1\" content=\"Laura Landi\" \/>\n\t<meta name=\"twitter:label2\" content=\"Tempo di lettura stimato\" \/>\n\t<meta name=\"twitter:data2\" content=\"2 minuti\" \/>\n<script type=\"application\/ld+json\" class=\"yoast-schema-graph\">{\"@context\":\"https:\\\/\\\/schema.org\",\"@graph\":[{\"@type\":\"Article\",\"@id\":\"https:\\\/\\\/www.article-marketing.eu\\\/comunicatistampa\\\/manutenzione-caldaia-in-autunno-adesso-e-il-momento-giusto\\\/#article\",\"isPartOf\":{\"@id\":\"https:\\\/\\\/www.article-marketing.eu\\\/comunicatistampa\\\/manutenzione-caldaia-in-autunno-adesso-e-il-momento-giusto\\\/\"},\"author\":{\"name\":\"Laura Landi\",\"@id\":\"https:\\\/\\\/www.article-marketing.eu\\\/comunicatistampa\\\/#\\\/schema\\\/person\\\/21caf3d73340b694672956fe79d5fbea\"},\"headline\":\"Manutenzione caldaia in autunno, adesso \u00e8 il momento giusto!\",\"datePublished\":\"2019-10-25T11:43:23+00:00\",\"mainEntityOfPage\":{\"@id\":\"https:\\\/\\\/www.article-marketing.eu\\\/comunicatistampa\\\/manutenzione-caldaia-in-autunno-adesso-e-il-momento-giusto\\\/\"},\"wordCount\":314,\"commentCount\":0,\"keywords\":[\"assistenza caldaie firenze\",\"caldaie\",\"manutenzione caldaia\",\"riscaldamento\"],\"articleSection\":[\"Casa\"],\"inLanguage\":\"it-IT\",\"potentialAction\":[{\"@type\":\"CommentAction\",\"name\":\"Comment\",\"target\":[\"https:\\\/\\\/www.article-marketing.eu\\\/comunicatistampa\\\/manutenzione-caldaia-in-autunno-adesso-e-il-momento-giusto\\\/#respond\"]}]},{\"@type\":\"WebPage\",\"@id\":\"https:\\\/\\\/www.article-marketing.eu\\\/comunicatistampa\\\/manutenzione-caldaia-in-autunno-adesso-e-il-momento-giusto\\\/\",\"url\":\"https:\\\/\\\/www.article-marketing.eu\\\/comunicatistampa\\\/manutenzione-caldaia-in-autunno-adesso-e-il-momento-giusto\\\/\",\"name\":\"Manutenzione caldaia in autunno, adesso \u00e8 il momento giusto! - Article Marketing\",\"isPartOf\":{\"@id\":\"https:\\\/\\\/www.article-marketing.eu\\\/comunicatistampa\\\/#website\"},\"datePublished\":\"2019-10-25T11:43:23+00:00\",\"author\":{\"@id\":\"https:\\\/\\\/www.article-marketing.eu\\\/comunicatistampa\\\/#\\\/schema\\\/person\\\/21caf3d73340b694672956fe79d5fbea\"},\"breadcrumb\":{\"@id\":\"https:\\\/\\\/www.article-marketing.eu\\\/comunicatistampa\\\/manutenzione-caldaia-in-autunno-adesso-e-il-momento-giusto\\\/#breadcrumb\"},\"inLanguage\":\"it-IT\",\"potentialAction\":[{\"@type\":\"ReadAction\",\"target\":[\"https:\\\/\\\/www.article-marketing.eu\\\/comunicatistampa\\\/manutenzione-caldaia-in-autunno-adesso-e-il-momento-giusto\\\/\"]}]},{\"@type\":\"BreadcrumbList\",\"@id\":\"https:\\\/\\\/www.article-marketing.eu\\\/comunicatistampa\\\/manutenzione-caldaia-in-autunno-adesso-e-il-momento-giusto\\\/#breadcrumb\",\"itemListElement\":[{\"@type\":\"ListItem\",\"position\":1,\"name\":\"Home\",\"item\":\"https:\\\/\\\/www.article-marketing.eu\\\/comunicatistampa\\\/\"},{\"@type\":\"ListItem\",\"position\":2,\"name\":\"Manutenzione caldaia in autunno, adesso \u00e8 il momento giusto!\"}]},{\"@type\":\"WebSite\",\"@id\":\"https:\\\/\\\/www.article-marketing.eu\\\/comunicatistampa\\\/#website\",\"url\":\"https:\\\/\\\/www.article-marketing.eu\\\/comunicatistampa\\\/\",\"name\":\"Article Marketing\",\"description\":\"article marketing &amp; press release\",\"potentialAction\":[{\"@type\":\"SearchAction\",\"target\":{\"@type\":\"EntryPoint\",\"urlTemplate\":\"https:\\\/\\\/www.article-marketing.eu\\\/comunicatistampa\\\/?s={search_term_string}\"},\"query-input\":{\"@type\":\"PropertyValueSpecification\",\"valueRequired\":true,\"valueName\":\"search_term_string\"}}],\"inLanguage\":\"it-IT\"},{\"@type\":\"Person\",\"@id\":\"https:\\\/\\\/www.article-marketing.eu\\\/comunicatistampa\\\/#\\\/schema\\\/person\\\/21caf3d73340b694672956fe79d5fbea\",\"name\":\"Laura Landi\",\"image\":{\"@type\":\"ImageObject\",\"inLanguage\":\"it-IT\",\"@id\":\"https:\\\/\\\/secure.gravatar.com\\\/avatar\\\/b87bf576ec43766f60723096f00d550d47183b180ce632e7748e3e6200ccac04?s=96&d=mm&r=g\",\"url\":\"https:\\\/\\\/secure.gravatar.com\\\/avatar\\\/b87bf576ec43766f60723096f00d550d47183b180ce632e7748e3e6200ccac04?s=96&d=mm&r=g\",\"contentUrl\":\"https:\\\/\\\/secure.gravatar.com\\\/avatar\\\/b87bf576ec43766f60723096f00d550d47183b180ce632e7748e3e6200ccac04?s=96&d=mm&r=g\",\"caption\":\"Laura Landi\"},\"url\":\"https:\\\/\\\/www.article-marketing.eu\\\/comunicatistampa\\\/author\\\/laura-landi\\\/\"}]}<\/script>\n<!-- \/ Yoast SEO plugin. -->","yoast_head_json":{"title":"Manutenzione caldaia in autunno, adesso \u00e8 il momento giusto! - Article Marketing","robots":{"index":"index","follow":"follow","max-snippet":"max-snippet:-1","max-image-preview":"max-image-preview:large","max-video-preview":"max-video-preview:-1"},"canonical":"https:\/\/www.article-marketing.eu\/comunicatistampa\/manutenzione-caldaia-in-autunno-adesso-e-il-momento-giusto\/","og_locale":"it_IT","og_type":"article","og_title":"Manutenzione caldaia in autunno, adesso \u00e8 il momento giusto! - Article Marketing","og_description":"Il clima \u00e8 ancora mite e la nostra caldaia \u00e8 ancora a riposo e deputata alla semplice produzione di acqua calda sanitaria: \u00e8 adesso, allora, il momento giusto per effettuare la manutenzione ordinaria! Infatti, prima che venga di nuovo acceso il riscaldamento, \u00e8 bene fare un chek up al proprio impianto, cos\u00ec da sapere con certezza che \u00e8 tutto ok e che si \u00e8 pronti ad affrontare il freddo nonContinue reading...","og_url":"https:\/\/www.article-marketing.eu\/comunicatistampa\/manutenzione-caldaia-in-autunno-adesso-e-il-momento-giusto\/","og_site_name":"Article Marketing","article_published_time":"2019-10-25T11:43:23+00:00","author":"Laura Landi","twitter_card":"summary_large_image","twitter_misc":{"Scritto da":"Laura Landi","Tempo di lettura stimato":"2 minuti"},"schema":{"@context":"https:\/\/schema.org","@graph":[{"@type":"Article","@id":"https:\/\/www.article-marketing.eu\/comunicatistampa\/manutenzione-caldaia-in-autunno-adesso-e-il-momento-giusto\/#article","isPartOf":{"@id":"https:\/\/www.article-marketing.eu\/comunicatistampa\/manutenzione-caldaia-in-autunno-adesso-e-il-momento-giusto\/"},"author":{"name":"Laura Landi","@id":"https:\/\/www.article-marketing.eu\/comunicatistampa\/#\/schema\/person\/21caf3d73340b694672956fe79d5fbea"},"headline":"Manutenzione caldaia in autunno, adesso \u00e8 il momento giusto!","datePublished":"2019-10-25T11:43:23+00:00","mainEntityOfPage":{"@id":"https:\/\/www.article-marketing.eu\/comunicatistampa\/manutenzione-caldaia-in-autunno-adesso-e-il-momento-giusto\/"},"wordCount":314,"commentCount":0,"keywords":["assistenza caldaie firenze","caldaie","manutenzione caldaia","riscaldamento"],"articleSection":["Casa"],"inLanguage":"it-IT","potentialAction":[{"@type":"CommentAction","name":"Comment","target":["https:\/\/www.article-marketing.eu\/comunicatistampa\/manutenzione-caldaia-in-autunno-adesso-e-il-momento-giusto\/#respond"]}]},{"@type":"WebPage","@id":"https:\/\/www.article-marketing.eu\/comunicatistampa\/manutenzione-caldaia-in-autunno-adesso-e-il-momento-giusto\/","url":"https:\/\/www.article-marketing.eu\/comunicatistampa\/manutenzione-caldaia-in-autunno-adesso-e-il-momento-giusto\/","name":"Manutenzione caldaia in autunno, adesso \u00e8 il momento giusto! - Article Marketing","isPartOf":{"@id":"https:\/\/www.article-marketing.eu\/comunicatistampa\/#website"},"datePublished":"2019-10-25T11:43:23+00:00","author":{"@id":"https:\/\/www.article-marketing.eu\/comunicatistampa\/#\/schema\/person\/21caf3d73340b694672956fe79d5fbea"},"breadcrumb":{"@id":"https:\/\/www.article-marketing.eu\/comunicatistampa\/manutenzione-caldaia-in-autunno-adesso-e-il-momento-giusto\/#breadcrumb"},"inLanguage":"it-IT","potentialAction":[{"@type":"ReadAction","target":["https:\/\/www.article-marketing.eu\/comunicatistampa\/manutenzione-caldaia-in-autunno-adesso-e-il-momento-giusto\/"]}]},{"@type":"BreadcrumbList","@id":"https:\/\/www.article-marketing.eu\/comunicatistampa\/manutenzione-caldaia-in-autunno-adesso-e-il-momento-giusto\/#breadcrumb","itemListElement":[{"@type":"ListItem","position":1,"name":"Home","item":"https:\/\/www.article-marketing.eu\/comunicatistampa\/"},{"@type":"ListItem","position":2,"name":"Manutenzione caldaia in autunno, adesso \u00e8 il momento giusto!"}]},{"@type":"WebSite","@id":"https:\/\/www.article-marketing.eu\/comunicatistampa\/#website","url":"https:\/\/www.article-marketing.eu\/comunicatistampa\/","name":"Article Marketing","description":"article marketing &amp; press release","potentialAction":[{"@type":"SearchAction","target":{"@type":"EntryPoint","urlTemplate":"https:\/\/www.article-marketing.eu\/comunicatistampa\/?s={search_term_string}"},"query-input":{"@type":"PropertyValueSpecification","valueRequired":true,"valueName":"search_term_string"}}],"inLanguage":"it-IT"},{"@type":"Person","@id":"https:\/\/www.article-marketing.eu\/comunicatistampa\/#\/schema\/person\/21caf3d73340b694672956fe79d5fbea","name":"Laura Landi","image":{"@type":"ImageObject","inLanguage":"it-IT","@id":"https:\/\/secure.gravatar.com\/avatar\/b87bf576ec43766f60723096f00d550d47183b180ce632e7748e3e6200ccac04?s=96&d=mm&r=g","url":"https:\/\/secure.gravatar.com\/avatar\/b87bf576ec43766f60723096f00d550d47183b180ce632e7748e3e6200ccac04?s=96&d=mm&r=g","contentUrl":"https:\/\/secure.gravatar.com\/avatar\/b87bf576ec43766f60723096f00d550d47183b180ce632e7748e3e6200ccac04?s=96&d=mm&r=g","caption":"Laura Landi"},"url":"https:\/\/www.article-marketing.eu\/comunicatistampa\/author\/laura-landi\/"}]}},"_links":{"self":[{"href":"https:\/\/www.article-marketing.eu\/comunicatistampa\/wp-json\/wp\/v2\/posts\/13785","targetHints":{"allow":["GET"]}}],"collection":[{"href":"https:\/\/www.article-marketing.eu\/comunicatistampa\/wp-json\/wp\/v2\/posts"}],"about":[{"href":"https:\/\/www.article-marketing.eu\/comunicatistampa\/wp-json\/wp\/v2\/types\/post"}],"author":[{"embeddable":true,"href":"https:\/\/www.article-marketing.eu\/comunicatistampa\/wp-json\/wp\/v2\/users\/3037"}],"replies":[{"embeddable":true,"href":"https:\/\/www.article-marketing.eu\/comunicatistampa\/wp-json\/wp\/v2\/comments?post=13785"}],"version-history":[{"count":3,"href":"https:\/\/www.article-marketing.eu\/comunicatistampa\/wp-json\/wp\/v2\/posts\/13785\/revisions"}],"predecessor-version":[{"id":13795,"href":"https:\/\/www.article-marketing.eu\/comunicatistampa\/wp-json\/wp\/v2\/posts\/13785\/revisions\/13795"}],"wp:attachment":[{"href":"https:\/\/www.article-marketing.eu\/comunicatistampa\/wp-json\/wp\/v2\/media?parent=13785"}],"wp:term":[{"taxonomy":"category","embeddable":true,"href":"https:\/\/www.article-marketing.eu\/comunicatistampa\/wp-json\/wp\/v2\/categories?post=13785"},{"taxonomy":"post_tag","embeddable":true,"href":"https:\/\/www.article-marketing.eu\/comunicatistampa\/wp-json\/wp\/v2\/tags?post=13785"}],"curies":[{"name":"wp","href":"https:\/\/api.w.org\/{rel}","templated":true}]}}