{"id":13924,"date":"2019-12-15T10:10:34","date_gmt":"2019-12-15T09:10:34","guid":{"rendered":"https:\/\/www.article-marketing.eu\/comunicatistampa\/?p=13924"},"modified":"2019-12-15T10:10:34","modified_gmt":"2019-12-15T09:10:34","slug":"il-matrimonio-invernale-a-villa-marta-villa-ricevimenti-roma","status":"publish","type":"post","link":"https:\/\/www.article-marketing.eu\/comunicatistampa\/il-matrimonio-invernale-a-villa-marta-villa-ricevimenti-roma\/","title":{"rendered":"Il Matrimonio invernale a Villa Marta (Villa ricevimenti Roma)"},"content":{"rendered":"<p>Tessitore Ricevimenti organizza in esclusiva a Villa Marta Roma il matrimonio invernale<\/p>\n<p>Si crede sempre che la primavera sia la stagione dei matrimoni, qui a Villa Marta per\u00f2 \u00e8 sempre il periodo adatto per festeggiare le proprie nozze; anche in pieno inverno provate ad immaginarlo..<\/p>\n<p>Entrare attraversando il nostro primo grande giardino per poi trovarsi a bordo piscina dov\u2019\u00e8 tutto \u00e8 illuminato dalle candele che donano un\u2019aria molto fiabesca, al nostro ampio salone bianco illuminato dai colori freddi come l\u2019argento o il celeste e scaldato dalle molteplici candele profumate.<\/p>\n<p>Dopo esservi accomodati seguendo l\u2019ordine dei tavoli raffigurati nel tableau, ad esempio un grande fiocco di neve, potrete gustare i nostri innumerevoli piatti invernali, dalle calde zuppe al risotto servito direttamente nella Zucca.<\/p>\n<p>Potreste effettuare il taglio della torta a bordo piscina sotto lo scintillio delle fontane luminose, passare all\u2019angolo della confettata dove potrete assaggiare confetti di tutti i gusti che ovviamente seguirebbero la gradazione dei colori invernali, dal bianco passando per i toni dell\u2019azzurro e finendo con i blu, per creare un vero angolo a tema ghiaccio.<\/p>\n<p>Insomma, qui a Villa Marta anche con il freddo potrete godervi la vostra favola nel migliore dei modi!<br \/>\nIl nostro staff, insieme con il signor Tessitore, sar\u00e0 lieto di esaudire ogni vostro desiderio e di rendere il vostro giorno pi\u00f9 bello il pi\u00f9 speciale e magico possibile.<\/p>\n<p>Veniteci a trovare presso la nostra struttura di Villa Marta in Via Tommaso Traetta, 141 Infernetto\/Roma.<\/p>\n<p>Villa Marta by Tessitore Ricevimenti<br \/>\nVilla Ricevimenti Roma &#8211; Villa Matrimonio Roma<br \/>\nVia Tommaso Traetta 141, 00124 Roma<br \/>\nTEL 0650934514<br \/>\n<a href=\"http:\/\/www.tessitorericevimenti.it\">http:\/\/www.tessitorericevimenti.it<\/a><\/p>\n","protected":false},"excerpt":{"rendered":"<p>Tessitore Ricevimenti organizza in esclusiva a Villa Marta Roma il matrimonio invernale Si crede sempre che la primavera sia la stagione dei matrimoni, qui a Villa Marta per\u00f2 \u00e8 sempre il periodo adatto per festeggiare le proprie nozze; anche in pieno inverno provate ad immaginarlo.. Entrare attraversando il nostro primo grande giardino per poi trovarsi a bordo piscina dov\u2019\u00e8 tutto \u00e8 illuminato dalle candele che donano un\u2019aria molto fiabesca, al<\/p>\n<p><a class=\"continue-reading\" href=\"https:\/\/www.article-marketing.eu\/comunicatistampa\/il-matrimonio-invernale-a-villa-marta-villa-ricevimenti-roma\/\">Continue reading&#8230;<\/a><\/p>\n","protected":false},"author":570,"featured_media":0,"comment_status":"open","ping_status":"open","sticky":false,"template":"","format":"standard","meta":{"_monsterinsights_skip_tracking":false,"_monsterinsights_sitenote_active":false,"_monsterinsights_sitenote_note":"","_monsterinsights_sitenote_category":0,"footnotes":""},"categories":[78,368,391],"tags":[3309,2214,3308,2215],"class_list":["post-13924","post","type-post","status-publish","format-standard","hentry","category-comunicati-stampa","category-persone","category-ristoranti","tag-villa-matrimonio","tag-villa-matrimonio-roma","tag-villa-ricevimenti","tag-villa-ricevimenti-roma"],"yoast_head":"<!-- This site is optimized with the Yoast SEO plugin v27.3 - https:\/\/yoast.com\/product\/yoast-seo-wordpress\/ -->\n<title>Il Matrimonio invernale a Villa Marta (Villa ricevimenti Roma) - Article Marketing<\/title>\n<meta name=\"robots\" content=\"index, follow, max-snippet:-1, max-image-preview:large, max-video-preview:-1\" \/>\n<link rel=\"canonical\" href=\"https:\/\/www.article-marketing.eu\/comunicatistampa\/il-matrimonio-invernale-a-villa-marta-villa-ricevimenti-roma\/\" \/>\n<meta property=\"og:locale\" content=\"it_IT\" \/>\n<meta property=\"og:type\" content=\"article\" \/>\n<meta property=\"og:title\" content=\"Il Matrimonio invernale a Villa Marta (Villa ricevimenti Roma) - Article Marketing\" \/>\n<meta property=\"og:description\" content=\"Tessitore Ricevimenti organizza in esclusiva a Villa Marta Roma il matrimonio invernale Si crede sempre che la primavera sia la stagione dei matrimoni, qui a Villa Marta per\u00f2 \u00e8 sempre il periodo adatto per festeggiare le proprie nozze; anche in pieno inverno provate ad immaginarlo.. Entrare attraversando il nostro primo grande giardino per poi trovarsi a bordo piscina dov\u2019\u00e8 tutto \u00e8 illuminato dalle candele che donano un\u2019aria molto fiabesca, alContinue reading...\" \/>\n<meta property=\"og:url\" content=\"https:\/\/www.article-marketing.eu\/comunicatistampa\/il-matrimonio-invernale-a-villa-marta-villa-ricevimenti-roma\/\" \/>\n<meta property=\"og:site_name\" content=\"Article Marketing\" \/>\n<meta property=\"article:published_time\" content=\"2019-12-15T09:10:34+00:00\" \/>\n<meta name=\"author\" content=\"VillaMartaRoma\" \/>\n<meta name=\"twitter:card\" content=\"summary_large_image\" \/>\n<meta name=\"twitter:label1\" content=\"Scritto da\" \/>\n\t<meta name=\"twitter:data1\" content=\"VillaMartaRoma\" \/>\n\t<meta name=\"twitter:label2\" content=\"Tempo di lettura stimato\" \/>\n\t<meta name=\"twitter:data2\" content=\"1 minuto\" \/>\n<script type=\"application\/ld+json\" class=\"yoast-schema-graph\">{\"@context\":\"https:\\\/\\\/schema.org\",\"@graph\":[{\"@type\":\"Article\",\"@id\":\"https:\\\/\\\/www.article-marketing.eu\\\/comunicatistampa\\\/il-matrimonio-invernale-a-villa-marta-villa-ricevimenti-roma\\\/#article\",\"isPartOf\":{\"@id\":\"https:\\\/\\\/www.article-marketing.eu\\\/comunicatistampa\\\/il-matrimonio-invernale-a-villa-marta-villa-ricevimenti-roma\\\/\"},\"author\":{\"name\":\"VillaMartaRoma\",\"@id\":\"https:\\\/\\\/www.article-marketing.eu\\\/comunicatistampa\\\/#\\\/schema\\\/person\\\/89e3faf2a60bd0bdc02b969d73103daf\"},\"headline\":\"Il Matrimonio invernale a Villa Marta (Villa ricevimenti Roma)\",\"datePublished\":\"2019-12-15T09:10:34+00:00\",\"mainEntityOfPage\":{\"@id\":\"https:\\\/\\\/www.article-marketing.eu\\\/comunicatistampa\\\/il-matrimonio-invernale-a-villa-marta-villa-ricevimenti-roma\\\/\"},\"wordCount\":273,\"commentCount\":0,\"keywords\":[\"villa matrimonio\",\"villa matrimonio roma\",\"villa ricevimenti\",\"villa ricevimenti roma\"],\"articleSection\":[\"Comunicati stampa\",\"Persone\",\"Ristoranti\"],\"inLanguage\":\"it-IT\",\"potentialAction\":[{\"@type\":\"CommentAction\",\"name\":\"Comment\",\"target\":[\"https:\\\/\\\/www.article-marketing.eu\\\/comunicatistampa\\\/il-matrimonio-invernale-a-villa-marta-villa-ricevimenti-roma\\\/#respond\"]}]},{\"@type\":\"WebPage\",\"@id\":\"https:\\\/\\\/www.article-marketing.eu\\\/comunicatistampa\\\/il-matrimonio-invernale-a-villa-marta-villa-ricevimenti-roma\\\/\",\"url\":\"https:\\\/\\\/www.article-marketing.eu\\\/comunicatistampa\\\/il-matrimonio-invernale-a-villa-marta-villa-ricevimenti-roma\\\/\",\"name\":\"Il Matrimonio invernale a Villa Marta (Villa ricevimenti Roma) - Article Marketing\",\"isPartOf\":{\"@id\":\"https:\\\/\\\/www.article-marketing.eu\\\/comunicatistampa\\\/#website\"},\"datePublished\":\"2019-12-15T09:10:34+00:00\",\"author\":{\"@id\":\"https:\\\/\\\/www.article-marketing.eu\\\/comunicatistampa\\\/#\\\/schema\\\/person\\\/89e3faf2a60bd0bdc02b969d73103daf\"},\"breadcrumb\":{\"@id\":\"https:\\\/\\\/www.article-marketing.eu\\\/comunicatistampa\\\/il-matrimonio-invernale-a-villa-marta-villa-ricevimenti-roma\\\/#breadcrumb\"},\"inLanguage\":\"it-IT\",\"potentialAction\":[{\"@type\":\"ReadAction\",\"target\":[\"https:\\\/\\\/www.article-marketing.eu\\\/comunicatistampa\\\/il-matrimonio-invernale-a-villa-marta-villa-ricevimenti-roma\\\/\"]}]},{\"@type\":\"BreadcrumbList\",\"@id\":\"https:\\\/\\\/www.article-marketing.eu\\\/comunicatistampa\\\/il-matrimonio-invernale-a-villa-marta-villa-ricevimenti-roma\\\/#breadcrumb\",\"itemListElement\":[{\"@type\":\"ListItem\",\"position\":1,\"name\":\"Home\",\"item\":\"https:\\\/\\\/www.article-marketing.eu\\\/comunicatistampa\\\/\"},{\"@type\":\"ListItem\",\"position\":2,\"name\":\"Il Matrimonio invernale a Villa Marta (Villa ricevimenti Roma)\"}]},{\"@type\":\"WebSite\",\"@id\":\"https:\\\/\\\/www.article-marketing.eu\\\/comunicatistampa\\\/#website\",\"url\":\"https:\\\/\\\/www.article-marketing.eu\\\/comunicatistampa\\\/\",\"name\":\"Article Marketing\",\"description\":\"article marketing &amp; press release\",\"potentialAction\":[{\"@type\":\"SearchAction\",\"target\":{\"@type\":\"EntryPoint\",\"urlTemplate\":\"https:\\\/\\\/www.article-marketing.eu\\\/comunicatistampa\\\/?s={search_term_string}\"},\"query-input\":{\"@type\":\"PropertyValueSpecification\",\"valueRequired\":true,\"valueName\":\"search_term_string\"}}],\"inLanguage\":\"it-IT\"},{\"@type\":\"Person\",\"@id\":\"https:\\\/\\\/www.article-marketing.eu\\\/comunicatistampa\\\/#\\\/schema\\\/person\\\/89e3faf2a60bd0bdc02b969d73103daf\",\"name\":\"VillaMartaRoma\",\"image\":{\"@type\":\"ImageObject\",\"inLanguage\":\"it-IT\",\"@id\":\"https:\\\/\\\/secure.gravatar.com\\\/avatar\\\/3399d30d9ea29c9115944b8b2fb464afa49e522e76bb9eead700fc014c760845?s=96&d=mm&r=g\",\"url\":\"https:\\\/\\\/secure.gravatar.com\\\/avatar\\\/3399d30d9ea29c9115944b8b2fb464afa49e522e76bb9eead700fc014c760845?s=96&d=mm&r=g\",\"contentUrl\":\"https:\\\/\\\/secure.gravatar.com\\\/avatar\\\/3399d30d9ea29c9115944b8b2fb464afa49e522e76bb9eead700fc014c760845?s=96&d=mm&r=g\",\"caption\":\"VillaMartaRoma\"},\"url\":\"https:\\\/\\\/www.article-marketing.eu\\\/comunicatistampa\\\/author\\\/villamartaroma\\\/\"}]}<\/script>\n<!-- \/ Yoast SEO plugin. -->","yoast_head_json":{"title":"Il Matrimonio invernale a Villa Marta (Villa ricevimenti Roma) - Article Marketing","robots":{"index":"index","follow":"follow","max-snippet":"max-snippet:-1","max-image-preview":"max-image-preview:large","max-video-preview":"max-video-preview:-1"},"canonical":"https:\/\/www.article-marketing.eu\/comunicatistampa\/il-matrimonio-invernale-a-villa-marta-villa-ricevimenti-roma\/","og_locale":"it_IT","og_type":"article","og_title":"Il Matrimonio invernale a Villa Marta (Villa ricevimenti Roma) - Article Marketing","og_description":"Tessitore Ricevimenti organizza in esclusiva a Villa Marta Roma il matrimonio invernale Si crede sempre che la primavera sia la stagione dei matrimoni, qui a Villa Marta per\u00f2 \u00e8 sempre il periodo adatto per festeggiare le proprie nozze; anche in pieno inverno provate ad immaginarlo.. Entrare attraversando il nostro primo grande giardino per poi trovarsi a bordo piscina dov\u2019\u00e8 tutto \u00e8 illuminato dalle candele che donano un\u2019aria molto fiabesca, alContinue reading...","og_url":"https:\/\/www.article-marketing.eu\/comunicatistampa\/il-matrimonio-invernale-a-villa-marta-villa-ricevimenti-roma\/","og_site_name":"Article Marketing","article_published_time":"2019-12-15T09:10:34+00:00","author":"VillaMartaRoma","twitter_card":"summary_large_image","twitter_misc":{"Scritto da":"VillaMartaRoma","Tempo di lettura stimato":"1 minuto"},"schema":{"@context":"https:\/\/schema.org","@graph":[{"@type":"Article","@id":"https:\/\/www.article-marketing.eu\/comunicatistampa\/il-matrimonio-invernale-a-villa-marta-villa-ricevimenti-roma\/#article","isPartOf":{"@id":"https:\/\/www.article-marketing.eu\/comunicatistampa\/il-matrimonio-invernale-a-villa-marta-villa-ricevimenti-roma\/"},"author":{"name":"VillaMartaRoma","@id":"https:\/\/www.article-marketing.eu\/comunicatistampa\/#\/schema\/person\/89e3faf2a60bd0bdc02b969d73103daf"},"headline":"Il Matrimonio invernale a Villa Marta (Villa ricevimenti Roma)","datePublished":"2019-12-15T09:10:34+00:00","mainEntityOfPage":{"@id":"https:\/\/www.article-marketing.eu\/comunicatistampa\/il-matrimonio-invernale-a-villa-marta-villa-ricevimenti-roma\/"},"wordCount":273,"commentCount":0,"keywords":["villa matrimonio","villa matrimonio roma","villa ricevimenti","villa ricevimenti roma"],"articleSection":["Comunicati stampa","Persone","Ristoranti"],"inLanguage":"it-IT","potentialAction":[{"@type":"CommentAction","name":"Comment","target":["https:\/\/www.article-marketing.eu\/comunicatistampa\/il-matrimonio-invernale-a-villa-marta-villa-ricevimenti-roma\/#respond"]}]},{"@type":"WebPage","@id":"https:\/\/www.article-marketing.eu\/comunicatistampa\/il-matrimonio-invernale-a-villa-marta-villa-ricevimenti-roma\/","url":"https:\/\/www.article-marketing.eu\/comunicatistampa\/il-matrimonio-invernale-a-villa-marta-villa-ricevimenti-roma\/","name":"Il Matrimonio invernale a Villa Marta (Villa ricevimenti Roma) - Article Marketing","isPartOf":{"@id":"https:\/\/www.article-marketing.eu\/comunicatistampa\/#website"},"datePublished":"2019-12-15T09:10:34+00:00","author":{"@id":"https:\/\/www.article-marketing.eu\/comunicatistampa\/#\/schema\/person\/89e3faf2a60bd0bdc02b969d73103daf"},"breadcrumb":{"@id":"https:\/\/www.article-marketing.eu\/comunicatistampa\/il-matrimonio-invernale-a-villa-marta-villa-ricevimenti-roma\/#breadcrumb"},"inLanguage":"it-IT","potentialAction":[{"@type":"ReadAction","target":["https:\/\/www.article-marketing.eu\/comunicatistampa\/il-matrimonio-invernale-a-villa-marta-villa-ricevimenti-roma\/"]}]},{"@type":"BreadcrumbList","@id":"https:\/\/www.article-marketing.eu\/comunicatistampa\/il-matrimonio-invernale-a-villa-marta-villa-ricevimenti-roma\/#breadcrumb","itemListElement":[{"@type":"ListItem","position":1,"name":"Home","item":"https:\/\/www.article-marketing.eu\/comunicatistampa\/"},{"@type":"ListItem","position":2,"name":"Il Matrimonio invernale a Villa Marta (Villa ricevimenti Roma)"}]},{"@type":"WebSite","@id":"https:\/\/www.article-marketing.eu\/comunicatistampa\/#website","url":"https:\/\/www.article-marketing.eu\/comunicatistampa\/","name":"Article Marketing","description":"article marketing &amp; press release","potentialAction":[{"@type":"SearchAction","target":{"@type":"EntryPoint","urlTemplate":"https:\/\/www.article-marketing.eu\/comunicatistampa\/?s={search_term_string}"},"query-input":{"@type":"PropertyValueSpecification","valueRequired":true,"valueName":"search_term_string"}}],"inLanguage":"it-IT"},{"@type":"Person","@id":"https:\/\/www.article-marketing.eu\/comunicatistampa\/#\/schema\/person\/89e3faf2a60bd0bdc02b969d73103daf","name":"VillaMartaRoma","image":{"@type":"ImageObject","inLanguage":"it-IT","@id":"https:\/\/secure.gravatar.com\/avatar\/3399d30d9ea29c9115944b8b2fb464afa49e522e76bb9eead700fc014c760845?s=96&d=mm&r=g","url":"https:\/\/secure.gravatar.com\/avatar\/3399d30d9ea29c9115944b8b2fb464afa49e522e76bb9eead700fc014c760845?s=96&d=mm&r=g","contentUrl":"https:\/\/secure.gravatar.com\/avatar\/3399d30d9ea29c9115944b8b2fb464afa49e522e76bb9eead700fc014c760845?s=96&d=mm&r=g","caption":"VillaMartaRoma"},"url":"https:\/\/www.article-marketing.eu\/comunicatistampa\/author\/villamartaroma\/"}]}},"_links":{"self":[{"href":"https:\/\/www.article-marketing.eu\/comunicatistampa\/wp-json\/wp\/v2\/posts\/13924","targetHints":{"allow":["GET"]}}],"collection":[{"href":"https:\/\/www.article-marketing.eu\/comunicatistampa\/wp-json\/wp\/v2\/posts"}],"about":[{"href":"https:\/\/www.article-marketing.eu\/comunicatistampa\/wp-json\/wp\/v2\/types\/post"}],"author":[{"embeddable":true,"href":"https:\/\/www.article-marketing.eu\/comunicatistampa\/wp-json\/wp\/v2\/users\/570"}],"replies":[{"embeddable":true,"href":"https:\/\/www.article-marketing.eu\/comunicatistampa\/wp-json\/wp\/v2\/comments?post=13924"}],"version-history":[{"count":2,"href":"https:\/\/www.article-marketing.eu\/comunicatistampa\/wp-json\/wp\/v2\/posts\/13924\/revisions"}],"predecessor-version":[{"id":13930,"href":"https:\/\/www.article-marketing.eu\/comunicatistampa\/wp-json\/wp\/v2\/posts\/13924\/revisions\/13930"}],"wp:attachment":[{"href":"https:\/\/www.article-marketing.eu\/comunicatistampa\/wp-json\/wp\/v2\/media?parent=13924"}],"wp:term":[{"taxonomy":"category","embeddable":true,"href":"https:\/\/www.article-marketing.eu\/comunicatistampa\/wp-json\/wp\/v2\/categories?post=13924"},{"taxonomy":"post_tag","embeddable":true,"href":"https:\/\/www.article-marketing.eu\/comunicatistampa\/wp-json\/wp\/v2\/tags?post=13924"}],"curies":[{"name":"wp","href":"https:\/\/api.w.org\/{rel}","templated":true}]}}