{"id":14010,"date":"2020-01-28T20:03:18","date_gmt":"2020-01-28T19:03:18","guid":{"rendered":"https:\/\/www.article-marketing.eu\/comunicatistampa\/?p=14010"},"modified":"2020-01-28T20:03:18","modified_gmt":"2020-01-28T19:03:18","slug":"lo-specchio-come-metafora-del-sistema-private-label","status":"publish","type":"post","link":"https:\/\/www.article-marketing.eu\/comunicatistampa\/lo-specchio-come-metafora-del-sistema-private-label\/","title":{"rendered":"Lo specchio come metafora del sistema Private Label"},"content":{"rendered":"<p><em>Specchio specchio delle mie brame, chi \u00e8 la pi\u00f9 ghiotta del reame? Questa \u00e8 stata la domanda pi\u00f9 ricorrente allo stand del Gruppo Fini nel corso dell\u2019ultima edizione di Marca, a Bologna il 15 e 16 gennaio. Buyer nazionali ed esteri e operatori del settore hanno giocato con la creativit\u00e0 originale che l\u2019azienda ha proposto durante la due giorni fieristica dedicata al mondo della Private Label.<\/em><\/p>\n<p>Lo specchio come perfetta metafora del rapporto di partnership con le insegne, dunque, in una comunanza e immedesimazione di valori e obiettivi. Questo il concept che ha visto protagonisti di due brand <strong>Fini<\/strong> e <strong>Le Conserve della Nonna<\/strong>, in un dualismo che, mettendo in luce le peculiarit\u00e0 di ciascuno, ha creato un duplice momento di dialogo e scoperta per un pubblico internazionale incuriosito e rapito dal suggestivo richiamo. Suggestivo, s\u00ec, ma anche gustoso, perch\u00e9 nei ricordi d\u2019infanzia non mancano mai le colazioni, i pranzi e le cene, in famiglia e con gli affetti pi\u00f9 cari, come madri e nonne. Un grande specchio collocato in ciascuno dei due corner in cui era suddiviso lo spazio espositivo ha cos\u00ec permesso agli operatori del settore di ritrovarsi in una tradizione che vanta oltre 100 anni di storia ed esperienza, a garanzia della qualit\u00e0 e l\u2019autenticit\u00e0 del prodotto. Il logo in alto, resta come garante, lasciando per\u00f2 spazio al prodotto, protagonista assoluto delle linee produttive dedicate al marchio del distributore. La superficie dello specchio, infatti, non riflette pi\u00f9 il logo del brand, per mettere al centro i valori e gli obiettivi delle insegne, dimostrando <strong>la vocazione del Gruppo Fini alla Private Label<\/strong>, sottolineata dal pay off: <em>Il partner in cui ti puoi rispecchiare<\/em>.<\/p>\n<p>In un mondo spesso spersonalizzante e omologante, Gruppo Fini ha voluto cos\u00ec rimarcare i punti di forza di una realt\u00e0 che grazie alla lunga esperienza maturata si dimostra un partner perfetto per le insegne e il retail che decidono di investire nel Private Label, senza per questo oscurare le linee dei <strong>suoi celebri brand Fini e Le Conserve della Nonna, <\/strong>pienamente riconosciuti come ambasciatori della tradizione emiliana e del gusto italiano ben oltre i confini nazionali. <strong>Tra i caratteri distintivi spiccano infatti la qualit\u00e0, l\u2019esperienza e la tradizione<\/strong>. Fattori che consentono al Gruppo Fini SpA di intercettare le <strong>istanze del mondo consumer e di quello retail coniugando domanda e offerta in una gamma prodotti a filiera corta e controllata<\/strong>, elemento caratterizzante frutto di approfondite indagini di mercato volte a garantire a scaffale referenze ad alto valore aggiunto in linea con le esigenze del pubblico e della Grande Distribuzione.<\/p>\n<p>http:\/\/gruppofini.it\/<\/p>\n<p>&nbsp;<\/p>\n","protected":false},"excerpt":{"rendered":"<p>Specchio specchio delle mie brame, chi \u00e8 la pi\u00f9 ghiotta del reame? Questa \u00e8 stata la domanda pi\u00f9 ricorrente allo stand del Gruppo Fini nel corso dell\u2019ultima edizione di Marca, a Bologna il 15 e 16 gennaio. Buyer nazionali ed esteri e operatori del settore hanno giocato con la creativit\u00e0 originale che l\u2019azienda ha proposto durante la due giorni fieristica dedicata al mondo della Private Label. Lo specchio come perfetta<\/p>\n<p><a class=\"continue-reading\" href=\"https:\/\/www.article-marketing.eu\/comunicatistampa\/lo-specchio-come-metafora-del-sistema-private-label\/\">Continue reading&#8230;<\/a><\/p>\n","protected":false},"author":397,"featured_media":0,"comment_status":"open","ping_status":"open","sticky":false,"template":"","format":"standard","meta":{"_monsterinsights_skip_tracking":false,"_monsterinsights_sitenote_active":false,"_monsterinsights_sitenote_note":"","_monsterinsights_sitenote_category":0,"footnotes":""},"categories":[78],"tags":[5806,2582,3574,3213,3821,5805,5804],"class_list":["post-14010","post","type-post","status-publish","format-standard","hentry","category-comunicati-stampa","tag-creativita","tag-fini","tag-gdo","tag-gruppo-fini","tag-le-conserve-della-nonna","tag-marca-2020","tag-private-label"],"yoast_head":"<!-- This site is optimized with the Yoast SEO plugin v27.3 - https:\/\/yoast.com\/product\/yoast-seo-wordpress\/ -->\n<title>Lo specchio come metafora del sistema Private Label - Article Marketing<\/title>\n<meta name=\"robots\" content=\"index, follow, max-snippet:-1, max-image-preview:large, max-video-preview:-1\" \/>\n<link rel=\"canonical\" href=\"https:\/\/www.article-marketing.eu\/comunicatistampa\/lo-specchio-come-metafora-del-sistema-private-label\/\" \/>\n<meta property=\"og:locale\" content=\"it_IT\" \/>\n<meta property=\"og:type\" content=\"article\" \/>\n<meta property=\"og:title\" content=\"Lo specchio come metafora del sistema Private Label - Article Marketing\" \/>\n<meta property=\"og:description\" content=\"Specchio specchio delle mie brame, chi \u00e8 la pi\u00f9 ghiotta del reame? Questa \u00e8 stata la domanda pi\u00f9 ricorrente allo stand del Gruppo Fini nel corso dell\u2019ultima edizione di Marca, a Bologna il 15 e 16 gennaio. Buyer nazionali ed esteri e operatori del settore hanno giocato con la creativit\u00e0 originale che l\u2019azienda ha proposto durante la due giorni fieristica dedicata al mondo della Private Label. Lo specchio come perfettaContinue reading...\" \/>\n<meta property=\"og:url\" content=\"https:\/\/www.article-marketing.eu\/comunicatistampa\/lo-specchio-come-metafora-del-sistema-private-label\/\" \/>\n<meta property=\"og:site_name\" content=\"Article Marketing\" \/>\n<meta property=\"article:published_time\" content=\"2020-01-28T19:03:18+00:00\" \/>\n<meta name=\"author\" content=\"Borderline Agency\" \/>\n<meta name=\"twitter:card\" content=\"summary_large_image\" \/>\n<meta name=\"twitter:label1\" content=\"Scritto da\" \/>\n\t<meta name=\"twitter:data1\" content=\"Borderline Agency\" \/>\n\t<meta name=\"twitter:label2\" content=\"Tempo di lettura stimato\" \/>\n\t<meta name=\"twitter:data2\" content=\"2 minuti\" \/>\n<script type=\"application\/ld+json\" class=\"yoast-schema-graph\">{\"@context\":\"https:\\\/\\\/schema.org\",\"@graph\":[{\"@type\":\"Article\",\"@id\":\"https:\\\/\\\/www.article-marketing.eu\\\/comunicatistampa\\\/lo-specchio-come-metafora-del-sistema-private-label\\\/#article\",\"isPartOf\":{\"@id\":\"https:\\\/\\\/www.article-marketing.eu\\\/comunicatistampa\\\/lo-specchio-come-metafora-del-sistema-private-label\\\/\"},\"author\":{\"name\":\"Borderline Agency\",\"@id\":\"https:\\\/\\\/www.article-marketing.eu\\\/comunicatistampa\\\/#\\\/schema\\\/person\\\/1c4ab1c7aad84347e26e78235da6ff1b\"},\"headline\":\"Lo specchio come metafora del sistema Private Label\",\"datePublished\":\"2020-01-28T19:03:18+00:00\",\"mainEntityOfPage\":{\"@id\":\"https:\\\/\\\/www.article-marketing.eu\\\/comunicatistampa\\\/lo-specchio-come-metafora-del-sistema-private-label\\\/\"},\"wordCount\":435,\"commentCount\":0,\"keywords\":[\"Creativit\u00e0\",\"Fini\",\"Gdo\",\"Gruppo Fini\",\"Le Conserve della Nonna\",\"MARCA 2020\",\"Private Label\"],\"articleSection\":[\"Comunicati stampa\"],\"inLanguage\":\"it-IT\",\"potentialAction\":[{\"@type\":\"CommentAction\",\"name\":\"Comment\",\"target\":[\"https:\\\/\\\/www.article-marketing.eu\\\/comunicatistampa\\\/lo-specchio-come-metafora-del-sistema-private-label\\\/#respond\"]}]},{\"@type\":\"WebPage\",\"@id\":\"https:\\\/\\\/www.article-marketing.eu\\\/comunicatistampa\\\/lo-specchio-come-metafora-del-sistema-private-label\\\/\",\"url\":\"https:\\\/\\\/www.article-marketing.eu\\\/comunicatistampa\\\/lo-specchio-come-metafora-del-sistema-private-label\\\/\",\"name\":\"Lo specchio come metafora del sistema Private Label - Article Marketing\",\"isPartOf\":{\"@id\":\"https:\\\/\\\/www.article-marketing.eu\\\/comunicatistampa\\\/#website\"},\"datePublished\":\"2020-01-28T19:03:18+00:00\",\"author\":{\"@id\":\"https:\\\/\\\/www.article-marketing.eu\\\/comunicatistampa\\\/#\\\/schema\\\/person\\\/1c4ab1c7aad84347e26e78235da6ff1b\"},\"breadcrumb\":{\"@id\":\"https:\\\/\\\/www.article-marketing.eu\\\/comunicatistampa\\\/lo-specchio-come-metafora-del-sistema-private-label\\\/#breadcrumb\"},\"inLanguage\":\"it-IT\",\"potentialAction\":[{\"@type\":\"ReadAction\",\"target\":[\"https:\\\/\\\/www.article-marketing.eu\\\/comunicatistampa\\\/lo-specchio-come-metafora-del-sistema-private-label\\\/\"]}]},{\"@type\":\"BreadcrumbList\",\"@id\":\"https:\\\/\\\/www.article-marketing.eu\\\/comunicatistampa\\\/lo-specchio-come-metafora-del-sistema-private-label\\\/#breadcrumb\",\"itemListElement\":[{\"@type\":\"ListItem\",\"position\":1,\"name\":\"Home\",\"item\":\"https:\\\/\\\/www.article-marketing.eu\\\/comunicatistampa\\\/\"},{\"@type\":\"ListItem\",\"position\":2,\"name\":\"Lo specchio come metafora del sistema Private Label\"}]},{\"@type\":\"WebSite\",\"@id\":\"https:\\\/\\\/www.article-marketing.eu\\\/comunicatistampa\\\/#website\",\"url\":\"https:\\\/\\\/www.article-marketing.eu\\\/comunicatistampa\\\/\",\"name\":\"Article Marketing\",\"description\":\"article marketing &amp; press release\",\"potentialAction\":[{\"@type\":\"SearchAction\",\"target\":{\"@type\":\"EntryPoint\",\"urlTemplate\":\"https:\\\/\\\/www.article-marketing.eu\\\/comunicatistampa\\\/?s={search_term_string}\"},\"query-input\":{\"@type\":\"PropertyValueSpecification\",\"valueRequired\":true,\"valueName\":\"search_term_string\"}}],\"inLanguage\":\"it-IT\"},{\"@type\":\"Person\",\"@id\":\"https:\\\/\\\/www.article-marketing.eu\\\/comunicatistampa\\\/#\\\/schema\\\/person\\\/1c4ab1c7aad84347e26e78235da6ff1b\",\"name\":\"Borderline Agency\",\"image\":{\"@type\":\"ImageObject\",\"inLanguage\":\"it-IT\",\"@id\":\"https:\\\/\\\/secure.gravatar.com\\\/avatar\\\/741fa053101610cb0be7dc835c116926549ae4ae2142ff35eac04d78fda61461?s=96&d=mm&r=g\",\"url\":\"https:\\\/\\\/secure.gravatar.com\\\/avatar\\\/741fa053101610cb0be7dc835c116926549ae4ae2142ff35eac04d78fda61461?s=96&d=mm&r=g\",\"contentUrl\":\"https:\\\/\\\/secure.gravatar.com\\\/avatar\\\/741fa053101610cb0be7dc835c116926549ae4ae2142ff35eac04d78fda61461?s=96&d=mm&r=g\",\"caption\":\"Borderline Agency\"},\"url\":\"https:\\\/\\\/www.article-marketing.eu\\\/comunicatistampa\\\/author\\\/borderline-agency\\\/\"}]}<\/script>\n<!-- \/ Yoast SEO plugin. -->","yoast_head_json":{"title":"Lo specchio come metafora del sistema Private Label - Article Marketing","robots":{"index":"index","follow":"follow","max-snippet":"max-snippet:-1","max-image-preview":"max-image-preview:large","max-video-preview":"max-video-preview:-1"},"canonical":"https:\/\/www.article-marketing.eu\/comunicatistampa\/lo-specchio-come-metafora-del-sistema-private-label\/","og_locale":"it_IT","og_type":"article","og_title":"Lo specchio come metafora del sistema Private Label - Article Marketing","og_description":"Specchio specchio delle mie brame, chi \u00e8 la pi\u00f9 ghiotta del reame? Questa \u00e8 stata la domanda pi\u00f9 ricorrente allo stand del Gruppo Fini nel corso dell\u2019ultima edizione di Marca, a Bologna il 15 e 16 gennaio. Buyer nazionali ed esteri e operatori del settore hanno giocato con la creativit\u00e0 originale che l\u2019azienda ha proposto durante la due giorni fieristica dedicata al mondo della Private Label. Lo specchio come perfettaContinue reading...","og_url":"https:\/\/www.article-marketing.eu\/comunicatistampa\/lo-specchio-come-metafora-del-sistema-private-label\/","og_site_name":"Article Marketing","article_published_time":"2020-01-28T19:03:18+00:00","author":"Borderline Agency","twitter_card":"summary_large_image","twitter_misc":{"Scritto da":"Borderline Agency","Tempo di lettura stimato":"2 minuti"},"schema":{"@context":"https:\/\/schema.org","@graph":[{"@type":"Article","@id":"https:\/\/www.article-marketing.eu\/comunicatistampa\/lo-specchio-come-metafora-del-sistema-private-label\/#article","isPartOf":{"@id":"https:\/\/www.article-marketing.eu\/comunicatistampa\/lo-specchio-come-metafora-del-sistema-private-label\/"},"author":{"name":"Borderline Agency","@id":"https:\/\/www.article-marketing.eu\/comunicatistampa\/#\/schema\/person\/1c4ab1c7aad84347e26e78235da6ff1b"},"headline":"Lo specchio come metafora del sistema Private Label","datePublished":"2020-01-28T19:03:18+00:00","mainEntityOfPage":{"@id":"https:\/\/www.article-marketing.eu\/comunicatistampa\/lo-specchio-come-metafora-del-sistema-private-label\/"},"wordCount":435,"commentCount":0,"keywords":["Creativit\u00e0","Fini","Gdo","Gruppo Fini","Le Conserve della Nonna","MARCA 2020","Private Label"],"articleSection":["Comunicati stampa"],"inLanguage":"it-IT","potentialAction":[{"@type":"CommentAction","name":"Comment","target":["https:\/\/www.article-marketing.eu\/comunicatistampa\/lo-specchio-come-metafora-del-sistema-private-label\/#respond"]}]},{"@type":"WebPage","@id":"https:\/\/www.article-marketing.eu\/comunicatistampa\/lo-specchio-come-metafora-del-sistema-private-label\/","url":"https:\/\/www.article-marketing.eu\/comunicatistampa\/lo-specchio-come-metafora-del-sistema-private-label\/","name":"Lo specchio come metafora del sistema Private Label - Article Marketing","isPartOf":{"@id":"https:\/\/www.article-marketing.eu\/comunicatistampa\/#website"},"datePublished":"2020-01-28T19:03:18+00:00","author":{"@id":"https:\/\/www.article-marketing.eu\/comunicatistampa\/#\/schema\/person\/1c4ab1c7aad84347e26e78235da6ff1b"},"breadcrumb":{"@id":"https:\/\/www.article-marketing.eu\/comunicatistampa\/lo-specchio-come-metafora-del-sistema-private-label\/#breadcrumb"},"inLanguage":"it-IT","potentialAction":[{"@type":"ReadAction","target":["https:\/\/www.article-marketing.eu\/comunicatistampa\/lo-specchio-come-metafora-del-sistema-private-label\/"]}]},{"@type":"BreadcrumbList","@id":"https:\/\/www.article-marketing.eu\/comunicatistampa\/lo-specchio-come-metafora-del-sistema-private-label\/#breadcrumb","itemListElement":[{"@type":"ListItem","position":1,"name":"Home","item":"https:\/\/www.article-marketing.eu\/comunicatistampa\/"},{"@type":"ListItem","position":2,"name":"Lo specchio come metafora del sistema Private Label"}]},{"@type":"WebSite","@id":"https:\/\/www.article-marketing.eu\/comunicatistampa\/#website","url":"https:\/\/www.article-marketing.eu\/comunicatistampa\/","name":"Article Marketing","description":"article marketing &amp; press release","potentialAction":[{"@type":"SearchAction","target":{"@type":"EntryPoint","urlTemplate":"https:\/\/www.article-marketing.eu\/comunicatistampa\/?s={search_term_string}"},"query-input":{"@type":"PropertyValueSpecification","valueRequired":true,"valueName":"search_term_string"}}],"inLanguage":"it-IT"},{"@type":"Person","@id":"https:\/\/www.article-marketing.eu\/comunicatistampa\/#\/schema\/person\/1c4ab1c7aad84347e26e78235da6ff1b","name":"Borderline Agency","image":{"@type":"ImageObject","inLanguage":"it-IT","@id":"https:\/\/secure.gravatar.com\/avatar\/741fa053101610cb0be7dc835c116926549ae4ae2142ff35eac04d78fda61461?s=96&d=mm&r=g","url":"https:\/\/secure.gravatar.com\/avatar\/741fa053101610cb0be7dc835c116926549ae4ae2142ff35eac04d78fda61461?s=96&d=mm&r=g","contentUrl":"https:\/\/secure.gravatar.com\/avatar\/741fa053101610cb0be7dc835c116926549ae4ae2142ff35eac04d78fda61461?s=96&d=mm&r=g","caption":"Borderline Agency"},"url":"https:\/\/www.article-marketing.eu\/comunicatistampa\/author\/borderline-agency\/"}]}},"_links":{"self":[{"href":"https:\/\/www.article-marketing.eu\/comunicatistampa\/wp-json\/wp\/v2\/posts\/14010","targetHints":{"allow":["GET"]}}],"collection":[{"href":"https:\/\/www.article-marketing.eu\/comunicatistampa\/wp-json\/wp\/v2\/posts"}],"about":[{"href":"https:\/\/www.article-marketing.eu\/comunicatistampa\/wp-json\/wp\/v2\/types\/post"}],"author":[{"embeddable":true,"href":"https:\/\/www.article-marketing.eu\/comunicatistampa\/wp-json\/wp\/v2\/users\/397"}],"replies":[{"embeddable":true,"href":"https:\/\/www.article-marketing.eu\/comunicatistampa\/wp-json\/wp\/v2\/comments?post=14010"}],"version-history":[{"count":2,"href":"https:\/\/www.article-marketing.eu\/comunicatistampa\/wp-json\/wp\/v2\/posts\/14010\/revisions"}],"predecessor-version":[{"id":14013,"href":"https:\/\/www.article-marketing.eu\/comunicatistampa\/wp-json\/wp\/v2\/posts\/14010\/revisions\/14013"}],"wp:attachment":[{"href":"https:\/\/www.article-marketing.eu\/comunicatistampa\/wp-json\/wp\/v2\/media?parent=14010"}],"wp:term":[{"taxonomy":"category","embeddable":true,"href":"https:\/\/www.article-marketing.eu\/comunicatistampa\/wp-json\/wp\/v2\/categories?post=14010"},{"taxonomy":"post_tag","embeddable":true,"href":"https:\/\/www.article-marketing.eu\/comunicatistampa\/wp-json\/wp\/v2\/tags?post=14010"}],"curies":[{"name":"wp","href":"https:\/\/api.w.org\/{rel}","templated":true}]}}