{"id":14084,"date":"2020-02-22T05:38:06","date_gmt":"2020-02-22T04:38:06","guid":{"rendered":"https:\/\/www.article-marketing.eu\/comunicatistampa\/?p=14084"},"modified":"2020-02-22T05:38:06","modified_gmt":"2020-02-22T04:38:06","slug":"condensa-sulle-finestre-di-casa-come-prevenire-questo-problema","status":"publish","type":"post","link":"https:\/\/www.article-marketing.eu\/comunicatistampa\/condensa-sulle-finestre-di-casa-come-prevenire-questo-problema\/","title":{"rendered":"Condensa sulle finestre di casa, come prevenire questo problema"},"content":{"rendered":"<p>Con il cambio di stagione e il freddo dell\u2019inverno, il <strong>fenomeno della condensa<\/strong> sui nostri infissi e serramenti diventa sempre pi\u00f9 frequente.<\/p>\n<p>La sua comparsa pu\u00f2 portare a problematiche quali <strong>muffa<\/strong> attorno ai bordi delle finestre, <strong>gocce d\u2019acqua<\/strong> che possono <strong>rovinare<\/strong> i nostri pavimenti, soprattutto in presenza di parquet, i nostri mobili in legno e addirittura l\u2019intonaco delle pareti.<!--more--><\/p>\n<p>Ma cosa produce questo fenomeno? Pu\u00f2 dipendere da una scarsa qualit\u00e0 del serramento di casa?<\/p>\n<h2>Come si forma la condensa sui vetri delle finestre<\/h2>\n<p>La condensa si viene a creare quando, nella nostra casa, \u00e8 presente un livello eccessivo di umidit\u00e0, cosa che, \u00e8 pi\u00f9 facile che si verifichi durante i <strong>mesi invernali<\/strong> e in quelle stanze pi\u00f9 caratterizzate dal fenomeno dell\u2019umidit\u00e0, come la cucina, il bagno, la lavanderia e la cantina.<\/p>\n<p>L\u2019aria interna della casa, pi\u00f9 calda, si condensa sulle superfici dei vetri di porte e finestre e crea acqua.<\/p>\n<p>Questa \u00e8 la condensa interna, ed \u00e8 la causa dei problemi di muffa o dei danni al nostro arredamento, mentre la condensa esterna, generata dalla rugiada che si deposita sull\u2019infisso, \u00e8 del tutto innocua.<\/p>\n<p>La responsabilit\u00e0 dei serramenti nella formazione della condensa interna era pi\u00f9 elevata qualche anno fa, a causa della posa di <strong>serramenti in alluminio a taglio freddo<\/strong> o privi di doppi vetri.<\/p>\n<p>In questo caso l\u2019infisso trasmette all\u2019interno dell\u2019abitazione il freddo dell\u2019esterno e l\u2019unica soluzione \u00e8 la completa sostituzione con supporti pi\u00f9 moderni e performanti.<\/p>\n<h2>Condensa in caso di serramenti a taglio termico o doppi vetri<\/h2>\n<p>L\u2019evolversi della tecnologia del serramento ha permesso di diminuire i costi legati alla dispersione di calore, e alla manutenzione della nostra abitazione.<\/p>\n<p>Tuttavia, fenomeni di condensa possono verificarsi anche in presenza di <a href=\"https:\/\/www.consonnifranco.com\/infissi-alluminio-monza-e-brianza\" target=\"_blank\" rel=\"noopener noreferrer\"><strong>serramenti in alluminio a taglio termico<\/strong><\/a>, in pvc, con gasi argon, canalino termoisolante o con doppi vetri.<\/p>\n<p>Questo pu\u00f2 essere il sintomo che la posa del serramento pu\u00f2 non essere avvenuta in maniera corretta, con non siano stati utilizzati materiali di qualit\u00e0, oppure che, nel tempo, l\u2019infisso richieda un certo livello di manutenzione o una sostituzione in caso di condizioni climatiche particolarmente rigide.<\/p>\n<p>Ad esempio: <strong>nonostante l\u2019acquisto di serramenti a taglio termico notiamo tracce di condensa?<\/strong><\/p>\n<p>In questo caso \u00e8 possibile che il controtelaio sia in metallo, una condizione che rende inefficace la posa del serramento isolante.<\/p>\n<p>Oppure:<strong> si forma acqua all\u2019interno delle finestre a doppi vetri oppure attorno al serramento?<\/strong><\/p>\n<p>Pu\u00f2 significare che il vetro non \u00e8 pi\u00f9 a tenuta stagna a causa di una falla all\u2019interno dell\u2019intercapedine.<\/p>\n<p>Per risolvere questi problemi \u00e8 sempre bene rivolgersi a <a href=\"https:\/\/www.consonnifranco.com\/\" target=\"_blank\" rel=\"noopener noreferrer\">professionisti nella posa dei serramenti<\/a>.<\/p>\n<h2>Consigli per ridurre l\u2019umidit\u00e0<\/h2>\n<p>Un\u2019altra causa della condensa in presenza di serramenti a taglio termico \u00e8 d ricercarsi nelle <strong>condizioni ambientali<\/strong> come il tasso di umidit\u00e0 oppure a <strong>comportamenti e abitudini sbagliate<\/strong>.<\/p>\n<p>Ecco alcuni <strong>consigli<\/strong> per ridurre l\u2019umidit\u00e0 all\u2019interno della nostra abitazione:<\/p>\n<ul>\n<li>Non stendere la biancheria in casa e non lasciamo asciugare il bucato sui caloriferi;<\/li>\n<li>Anche d\u2019inverno arieggiamo sempre i locali lasciando aperte le finestre tutti i giorni;<\/li>\n<li>Utilizziamo ventole per il bagno o cappe aspiranti per la cucina per evitare la dispersione dell\u2019umidit\u00e0;<\/li>\n<li>Mantieni la casa ad una temperatura ragionevole, attorno ai 20\u00b0<\/li>\n<li>Teniamo sotto controllo l\u2019umidit\u00e0 della casa con un igrometro e attiviamo un deumidificatore se notiamo condensa eccessiva.<\/li>\n<\/ul>\n","protected":false},"excerpt":{"rendered":"<p>Con il cambio di stagione e il freddo dell\u2019inverno, il fenomeno della condensa sui nostri infissi e serramenti diventa sempre pi\u00f9 frequente. La sua comparsa pu\u00f2 portare a problematiche quali muffa attorno ai bordi delle finestre, gocce d\u2019acqua che possono rovinare i nostri pavimenti, soprattutto in presenza di parquet, i nostri mobili in legno e addirittura l\u2019intonaco delle pareti.<\/p>\n","protected":false},"author":20,"featured_media":0,"comment_status":"open","ping_status":"open","sticky":false,"template":"","format":"standard","meta":{"_monsterinsights_skip_tracking":false,"_monsterinsights_sitenote_active":false,"_monsterinsights_sitenote_note":"","_monsterinsights_sitenote_category":0,"footnotes":""},"categories":[415],"tags":[5853,1650,322],"class_list":["post-14084","post","type-post","status-publish","format-standard","hentry","category-architecture","tag-condensa","tag-infissi","tag-serramenti"],"yoast_head":"<!-- This site is optimized with the Yoast SEO plugin v27.3 - https:\/\/yoast.com\/product\/yoast-seo-wordpress\/ -->\n<title>Condensa sulle finestre di casa, come prevenire questo problema - Article Marketing<\/title>\n<meta name=\"description\" content=\"La condensa data dall&#039;umidit\u00e0 \u00e8 un problema che pu\u00f2 generare muffa nelle nostre abitazioni o rovinare mobili e parquet. Capiamo come evitarla.\" \/>\n<meta name=\"robots\" content=\"index, follow, max-snippet:-1, max-image-preview:large, max-video-preview:-1\" \/>\n<link rel=\"canonical\" href=\"https:\/\/www.article-marketing.eu\/comunicatistampa\/condensa-sulle-finestre-di-casa-come-prevenire-questo-problema\/\" \/>\n<meta property=\"og:locale\" content=\"it_IT\" \/>\n<meta property=\"og:type\" content=\"article\" \/>\n<meta property=\"og:title\" content=\"Condensa sulle finestre di casa, come prevenire questo problema - Article Marketing\" \/>\n<meta property=\"og:description\" content=\"La condensa data dall&#039;umidit\u00e0 \u00e8 un problema che pu\u00f2 generare muffa nelle nostre abitazioni o rovinare mobili e parquet. Capiamo come evitarla.\" \/>\n<meta property=\"og:url\" content=\"https:\/\/www.article-marketing.eu\/comunicatistampa\/condensa-sulle-finestre-di-casa-come-prevenire-questo-problema\/\" \/>\n<meta property=\"og:site_name\" content=\"Article Marketing\" \/>\n<meta property=\"article:published_time\" content=\"2020-02-22T04:38:06+00:00\" \/>\n<meta name=\"author\" content=\"ictadmin\" \/>\n<meta name=\"twitter:card\" content=\"summary_large_image\" \/>\n<meta name=\"twitter:label1\" content=\"Scritto da\" \/>\n\t<meta name=\"twitter:data1\" content=\"ictadmin\" \/>\n\t<meta name=\"twitter:label2\" content=\"Tempo di lettura stimato\" \/>\n\t<meta name=\"twitter:data2\" content=\"3 minuti\" \/>\n<script type=\"application\/ld+json\" class=\"yoast-schema-graph\">{\"@context\":\"https:\\\/\\\/schema.org\",\"@graph\":[{\"@type\":\"Article\",\"@id\":\"https:\\\/\\\/www.article-marketing.eu\\\/comunicatistampa\\\/condensa-sulle-finestre-di-casa-come-prevenire-questo-problema\\\/#article\",\"isPartOf\":{\"@id\":\"https:\\\/\\\/www.article-marketing.eu\\\/comunicatistampa\\\/condensa-sulle-finestre-di-casa-come-prevenire-questo-problema\\\/\"},\"author\":{\"name\":\"ictadmin\",\"@id\":\"https:\\\/\\\/www.article-marketing.eu\\\/comunicatistampa\\\/#\\\/schema\\\/person\\\/b3bcdff9e011a199a2a599263f766107\"},\"headline\":\"Condensa sulle finestre di casa, come prevenire questo problema\",\"datePublished\":\"2020-02-22T04:38:06+00:00\",\"mainEntityOfPage\":{\"@id\":\"https:\\\/\\\/www.article-marketing.eu\\\/comunicatistampa\\\/condensa-sulle-finestre-di-casa-come-prevenire-questo-problema\\\/\"},\"wordCount\":558,\"commentCount\":0,\"keywords\":[\"condensa\",\"infissi\",\"serramenti\"],\"articleSection\":[\"Architecture\"],\"inLanguage\":\"it-IT\",\"potentialAction\":[{\"@type\":\"CommentAction\",\"name\":\"Comment\",\"target\":[\"https:\\\/\\\/www.article-marketing.eu\\\/comunicatistampa\\\/condensa-sulle-finestre-di-casa-come-prevenire-questo-problema\\\/#respond\"]}]},{\"@type\":\"WebPage\",\"@id\":\"https:\\\/\\\/www.article-marketing.eu\\\/comunicatistampa\\\/condensa-sulle-finestre-di-casa-come-prevenire-questo-problema\\\/\",\"url\":\"https:\\\/\\\/www.article-marketing.eu\\\/comunicatistampa\\\/condensa-sulle-finestre-di-casa-come-prevenire-questo-problema\\\/\",\"name\":\"Condensa sulle finestre di casa, come prevenire questo problema - Article Marketing\",\"isPartOf\":{\"@id\":\"https:\\\/\\\/www.article-marketing.eu\\\/comunicatistampa\\\/#website\"},\"datePublished\":\"2020-02-22T04:38:06+00:00\",\"author\":{\"@id\":\"https:\\\/\\\/www.article-marketing.eu\\\/comunicatistampa\\\/#\\\/schema\\\/person\\\/b3bcdff9e011a199a2a599263f766107\"},\"description\":\"La condensa data dall'umidit\u00e0 \u00e8 un problema che pu\u00f2 generare muffa nelle nostre abitazioni o rovinare mobili e parquet. Capiamo come evitarla.\",\"breadcrumb\":{\"@id\":\"https:\\\/\\\/www.article-marketing.eu\\\/comunicatistampa\\\/condensa-sulle-finestre-di-casa-come-prevenire-questo-problema\\\/#breadcrumb\"},\"inLanguage\":\"it-IT\",\"potentialAction\":[{\"@type\":\"ReadAction\",\"target\":[\"https:\\\/\\\/www.article-marketing.eu\\\/comunicatistampa\\\/condensa-sulle-finestre-di-casa-come-prevenire-questo-problema\\\/\"]}]},{\"@type\":\"BreadcrumbList\",\"@id\":\"https:\\\/\\\/www.article-marketing.eu\\\/comunicatistampa\\\/condensa-sulle-finestre-di-casa-come-prevenire-questo-problema\\\/#breadcrumb\",\"itemListElement\":[{\"@type\":\"ListItem\",\"position\":1,\"name\":\"Home\",\"item\":\"https:\\\/\\\/www.article-marketing.eu\\\/comunicatistampa\\\/\"},{\"@type\":\"ListItem\",\"position\":2,\"name\":\"Condensa sulle finestre di casa, come prevenire questo problema\"}]},{\"@type\":\"WebSite\",\"@id\":\"https:\\\/\\\/www.article-marketing.eu\\\/comunicatistampa\\\/#website\",\"url\":\"https:\\\/\\\/www.article-marketing.eu\\\/comunicatistampa\\\/\",\"name\":\"Article Marketing\",\"description\":\"article marketing &amp; press release\",\"potentialAction\":[{\"@type\":\"SearchAction\",\"target\":{\"@type\":\"EntryPoint\",\"urlTemplate\":\"https:\\\/\\\/www.article-marketing.eu\\\/comunicatistampa\\\/?s={search_term_string}\"},\"query-input\":{\"@type\":\"PropertyValueSpecification\",\"valueRequired\":true,\"valueName\":\"search_term_string\"}}],\"inLanguage\":\"it-IT\"},{\"@type\":\"Person\",\"@id\":\"https:\\\/\\\/www.article-marketing.eu\\\/comunicatistampa\\\/#\\\/schema\\\/person\\\/b3bcdff9e011a199a2a599263f766107\",\"name\":\"ictadmin\",\"image\":{\"@type\":\"ImageObject\",\"inLanguage\":\"it-IT\",\"@id\":\"https:\\\/\\\/secure.gravatar.com\\\/avatar\\\/4781f1aabadd09b0a8a9ebb8a05baf20204aa27c12ab5ca92f17e612775150e9?s=96&d=mm&r=g\",\"url\":\"https:\\\/\\\/secure.gravatar.com\\\/avatar\\\/4781f1aabadd09b0a8a9ebb8a05baf20204aa27c12ab5ca92f17e612775150e9?s=96&d=mm&r=g\",\"contentUrl\":\"https:\\\/\\\/secure.gravatar.com\\\/avatar\\\/4781f1aabadd09b0a8a9ebb8a05baf20204aa27c12ab5ca92f17e612775150e9?s=96&d=mm&r=g\",\"caption\":\"ictadmin\"},\"description\":\"IDRA TECNOLOGIE INFORMATICHE \u00e8 un Gruppo di consulenti con decennale esperienza, nei Servizi e nelle Soluzioni per il business in ambito Information &amp; Communication Technology (ICT). In particolare, il Gruppo si compone di tre segmenti operativi: Consulenza - progettazione, gestione e valorizzazione delle risorse ICT aziendali; Web - sviluppo siti web e soluzioni evolute per il posizionamento CRM - progettazione e implementazione di strategie per il customers relationship management\",\"sameAs\":[\"http:\\\/\\\/www.idratech.eu\\\/\"],\"url\":\"https:\\\/\\\/www.article-marketing.eu\\\/comunicatistampa\\\/author\\\/ictadmin\\\/\"}]}<\/script>\n<!-- \/ Yoast SEO plugin. -->","yoast_head_json":{"title":"Condensa sulle finestre di casa, come prevenire questo problema - Article Marketing","description":"La condensa data dall'umidit\u00e0 \u00e8 un problema che pu\u00f2 generare muffa nelle nostre abitazioni o rovinare mobili e parquet. Capiamo come evitarla.","robots":{"index":"index","follow":"follow","max-snippet":"max-snippet:-1","max-image-preview":"max-image-preview:large","max-video-preview":"max-video-preview:-1"},"canonical":"https:\/\/www.article-marketing.eu\/comunicatistampa\/condensa-sulle-finestre-di-casa-come-prevenire-questo-problema\/","og_locale":"it_IT","og_type":"article","og_title":"Condensa sulle finestre di casa, come prevenire questo problema - Article Marketing","og_description":"La condensa data dall'umidit\u00e0 \u00e8 un problema che pu\u00f2 generare muffa nelle nostre abitazioni o rovinare mobili e parquet. Capiamo come evitarla.","og_url":"https:\/\/www.article-marketing.eu\/comunicatistampa\/condensa-sulle-finestre-di-casa-come-prevenire-questo-problema\/","og_site_name":"Article Marketing","article_published_time":"2020-02-22T04:38:06+00:00","author":"ictadmin","twitter_card":"summary_large_image","twitter_misc":{"Scritto da":"ictadmin","Tempo di lettura stimato":"3 minuti"},"schema":{"@context":"https:\/\/schema.org","@graph":[{"@type":"Article","@id":"https:\/\/www.article-marketing.eu\/comunicatistampa\/condensa-sulle-finestre-di-casa-come-prevenire-questo-problema\/#article","isPartOf":{"@id":"https:\/\/www.article-marketing.eu\/comunicatistampa\/condensa-sulle-finestre-di-casa-come-prevenire-questo-problema\/"},"author":{"name":"ictadmin","@id":"https:\/\/www.article-marketing.eu\/comunicatistampa\/#\/schema\/person\/b3bcdff9e011a199a2a599263f766107"},"headline":"Condensa sulle finestre di casa, come prevenire questo problema","datePublished":"2020-02-22T04:38:06+00:00","mainEntityOfPage":{"@id":"https:\/\/www.article-marketing.eu\/comunicatistampa\/condensa-sulle-finestre-di-casa-come-prevenire-questo-problema\/"},"wordCount":558,"commentCount":0,"keywords":["condensa","infissi","serramenti"],"articleSection":["Architecture"],"inLanguage":"it-IT","potentialAction":[{"@type":"CommentAction","name":"Comment","target":["https:\/\/www.article-marketing.eu\/comunicatistampa\/condensa-sulle-finestre-di-casa-come-prevenire-questo-problema\/#respond"]}]},{"@type":"WebPage","@id":"https:\/\/www.article-marketing.eu\/comunicatistampa\/condensa-sulle-finestre-di-casa-come-prevenire-questo-problema\/","url":"https:\/\/www.article-marketing.eu\/comunicatistampa\/condensa-sulle-finestre-di-casa-come-prevenire-questo-problema\/","name":"Condensa sulle finestre di casa, come prevenire questo problema - Article Marketing","isPartOf":{"@id":"https:\/\/www.article-marketing.eu\/comunicatistampa\/#website"},"datePublished":"2020-02-22T04:38:06+00:00","author":{"@id":"https:\/\/www.article-marketing.eu\/comunicatistampa\/#\/schema\/person\/b3bcdff9e011a199a2a599263f766107"},"description":"La condensa data dall'umidit\u00e0 \u00e8 un problema che pu\u00f2 generare muffa nelle nostre abitazioni o rovinare mobili e parquet. Capiamo come evitarla.","breadcrumb":{"@id":"https:\/\/www.article-marketing.eu\/comunicatistampa\/condensa-sulle-finestre-di-casa-come-prevenire-questo-problema\/#breadcrumb"},"inLanguage":"it-IT","potentialAction":[{"@type":"ReadAction","target":["https:\/\/www.article-marketing.eu\/comunicatistampa\/condensa-sulle-finestre-di-casa-come-prevenire-questo-problema\/"]}]},{"@type":"BreadcrumbList","@id":"https:\/\/www.article-marketing.eu\/comunicatistampa\/condensa-sulle-finestre-di-casa-come-prevenire-questo-problema\/#breadcrumb","itemListElement":[{"@type":"ListItem","position":1,"name":"Home","item":"https:\/\/www.article-marketing.eu\/comunicatistampa\/"},{"@type":"ListItem","position":2,"name":"Condensa sulle finestre di casa, come prevenire questo problema"}]},{"@type":"WebSite","@id":"https:\/\/www.article-marketing.eu\/comunicatistampa\/#website","url":"https:\/\/www.article-marketing.eu\/comunicatistampa\/","name":"Article Marketing","description":"article marketing &amp; press release","potentialAction":[{"@type":"SearchAction","target":{"@type":"EntryPoint","urlTemplate":"https:\/\/www.article-marketing.eu\/comunicatistampa\/?s={search_term_string}"},"query-input":{"@type":"PropertyValueSpecification","valueRequired":true,"valueName":"search_term_string"}}],"inLanguage":"it-IT"},{"@type":"Person","@id":"https:\/\/www.article-marketing.eu\/comunicatistampa\/#\/schema\/person\/b3bcdff9e011a199a2a599263f766107","name":"ictadmin","image":{"@type":"ImageObject","inLanguage":"it-IT","@id":"https:\/\/secure.gravatar.com\/avatar\/4781f1aabadd09b0a8a9ebb8a05baf20204aa27c12ab5ca92f17e612775150e9?s=96&d=mm&r=g","url":"https:\/\/secure.gravatar.com\/avatar\/4781f1aabadd09b0a8a9ebb8a05baf20204aa27c12ab5ca92f17e612775150e9?s=96&d=mm&r=g","contentUrl":"https:\/\/secure.gravatar.com\/avatar\/4781f1aabadd09b0a8a9ebb8a05baf20204aa27c12ab5ca92f17e612775150e9?s=96&d=mm&r=g","caption":"ictadmin"},"description":"IDRA TECNOLOGIE INFORMATICHE \u00e8 un Gruppo di consulenti con decennale esperienza, nei Servizi e nelle Soluzioni per il business in ambito Information &amp; Communication Technology (ICT). In particolare, il Gruppo si compone di tre segmenti operativi: Consulenza - progettazione, gestione e valorizzazione delle risorse ICT aziendali; Web - sviluppo siti web e soluzioni evolute per il posizionamento CRM - progettazione e implementazione di strategie per il customers relationship management","sameAs":["http:\/\/www.idratech.eu\/"],"url":"https:\/\/www.article-marketing.eu\/comunicatistampa\/author\/ictadmin\/"}]}},"_links":{"self":[{"href":"https:\/\/www.article-marketing.eu\/comunicatistampa\/wp-json\/wp\/v2\/posts\/14084","targetHints":{"allow":["GET"]}}],"collection":[{"href":"https:\/\/www.article-marketing.eu\/comunicatistampa\/wp-json\/wp\/v2\/posts"}],"about":[{"href":"https:\/\/www.article-marketing.eu\/comunicatistampa\/wp-json\/wp\/v2\/types\/post"}],"author":[{"embeddable":true,"href":"https:\/\/www.article-marketing.eu\/comunicatistampa\/wp-json\/wp\/v2\/users\/20"}],"replies":[{"embeddable":true,"href":"https:\/\/www.article-marketing.eu\/comunicatistampa\/wp-json\/wp\/v2\/comments?post=14084"}],"version-history":[{"count":2,"href":"https:\/\/www.article-marketing.eu\/comunicatistampa\/wp-json\/wp\/v2\/posts\/14084\/revisions"}],"predecessor-version":[{"id":14102,"href":"https:\/\/www.article-marketing.eu\/comunicatistampa\/wp-json\/wp\/v2\/posts\/14084\/revisions\/14102"}],"wp:attachment":[{"href":"https:\/\/www.article-marketing.eu\/comunicatistampa\/wp-json\/wp\/v2\/media?parent=14084"}],"wp:term":[{"taxonomy":"category","embeddable":true,"href":"https:\/\/www.article-marketing.eu\/comunicatistampa\/wp-json\/wp\/v2\/categories?post=14084"},{"taxonomy":"post_tag","embeddable":true,"href":"https:\/\/www.article-marketing.eu\/comunicatistampa\/wp-json\/wp\/v2\/tags?post=14084"}],"curies":[{"name":"wp","href":"https:\/\/api.w.org\/{rel}","templated":true}]}}