{"id":14177,"date":"2020-03-02T22:39:02","date_gmt":"2020-03-02T21:39:02","guid":{"rendered":"https:\/\/www.article-marketing.eu\/comunicatistampa\/?p=14177"},"modified":"2020-08-10T01:43:45","modified_gmt":"2020-08-09T23:43:45","slug":"dott-giuseppe-spinelli-ritrova-la-naturalezza-del-tuo-viso","status":"publish","type":"post","link":"https:\/\/www.article-marketing.eu\/comunicatistampa\/dott-giuseppe-spinelli-ritrova-la-naturalezza-del-tuo-viso\/","title":{"rendered":"Dott. Giuseppe Spinelli: ritrova la naturalezza del tuo viso!"},"content":{"rendered":"<p><strong>La Chirurgia del naso &#8211; settorinoplastica funzionale e ricostruttiva, pi\u00f9 conosciuta come rinoplastica, risulta essere l&#8217;intervento , del distretto Maxillo- Facciale, maggiormente richiesto ed eseguito<\/strong>.<\/p>\n<p><strong>Le ragioni derivano dal fatto che il rapporto con la nostra immagine<\/strong>, soprattutto in giovane et\u00e0, \u00e8 sempre caratterizzato da un sentimento critico nei confronti del proprio corpo e in particolar modo del viso; il naso \u00e8 l&#8217;elemento che pi\u00f9 di altri ne caratterizza l&#8217;espressione ed \u00e8 proprio il viso con il quale ci identifichiamo e ci giudichiamo belli o brutti secondo i canoni dell&#8217;epoca, degli anni nei quali viviamo e certamente della moda del momento. Se questa \u00e8 l\u2019attitudine umana, possiamo immaginare a quale grado di giudizio si sottopone una persona con palese deformit\u00e0 derivante dal naso troppo grande, storto, malformato, o in qualche modo che risulta essere non in armonia con le proporzioni morfologiche del volto.<\/p>\n<p>La chirurgia facciale, e nello specifico la rinoplastica, svolge un ruolo fondamentale nel <strong>ripristino dell&#8217;armonia in un volto senza mai alterare le propriet\u00e0 espressive che rappresentano il carattere di una persona<\/strong> e un potente strumento di comunicazione emozionale. Correggere questi difetti, significa <strong>sollevare la persona da un grave disagio psicologico<\/strong> oltre a ripristinare la corretta funzionalit\u00e0 del naso in seguito a traumi, malformazioni congenite e acquisite che generano disturbi di vario tipo. In analisi ultima, la rinoplastica \u00e8 un trattamento chirurgico che in ogni caso \u00e8 dedito a migliorare la vita di una persona.<\/p>\n<p>In seguito a una buona campagna di informazione e alla responsabilizzazione dei professionisti del settore, la chirurgia di rimodellamento Facciale non viene pi\u00f9 percepita e richiesta in funzione di ottenere una somiglianza a precisi modelli estetici, ma d\u00e0 priorit\u00e0 ad una ricerca di <strong>ripristino dell&#8217;armonia secondo quelli che sono gli equilibri estetici naturali del viso di ogni singolo paziente<\/strong>.<\/p>\n<p>Gli interventi di rinoplastica, come evidenziato in apertura, sono tra i servizi di chirurgia maxillo facciale pi\u00f9 richiesti negli ultimi anni proprio in virt\u00f9 di un cambio di tendenza e di percezione della chirurgia facciale, <strong>grazie anche alla sensibilizzazione ed lavoro di divulgazione da parte di professionisti come il <a href=\"https:\/\/www.giuseppespinelli.it\/\">Dott. Giuseppe Spinelli<\/a>.<\/strong><\/p>\n<p><strong>Il Dott. Giuseppe Spinelli, specialista e direttore in chirurgia maxillo facciale dell&#8217;Azienda ospedaliera Universitaria Careggi Firenze<\/strong>, mette al servizio la propria competenza ed esperienza maturata in anni di professione a tutte le persone con problematiche funzionali e morfologiche del naso, al fine di ripristinare la corretta funzionalit\u00e0 e armonia, con interventi di rinoplastica eseguiti secondo le pi\u00f9 moderne tecniche chirurgiche che permettono di intervenire nel pieno rispetto della fisionomia del volto della persona sottoposta ad intervento.<\/p>\n<p><strong>Per maggiori informazioni si consulti il chirurgo attraverso il forum di richiesta informazioni presente sul sito www.giuseppespinelli.it<\/strong><\/p>\n","protected":false},"excerpt":{"rendered":"<p>La Chirurgia del naso &#8211; settorinoplastica funzionale e ricostruttiva, pi\u00f9 conosciuta come rinoplastica, risulta essere l&#8217;intervento , del distretto Maxillo- Facciale, maggiormente richiesto ed eseguito. Le ragioni derivano dal fatto che il rapporto con la nostra immagine, soprattutto in giovane et\u00e0, \u00e8 sempre caratterizzato da un sentimento critico nei confronti del proprio corpo e in particolar modo del viso; il naso \u00e8 l&#8217;elemento che pi\u00f9 di altri ne caratterizza l&#8217;espressione<\/p>\n<p><a class=\"continue-reading\" href=\"https:\/\/www.article-marketing.eu\/comunicatistampa\/dott-giuseppe-spinelli-ritrova-la-naturalezza-del-tuo-viso\/\">Continue reading&#8230;<\/a><\/p>\n","protected":false},"author":2423,"featured_media":0,"comment_status":"open","ping_status":"open","sticky":false,"template":"","format":"standard","meta":{"_monsterinsights_skip_tracking":false,"_monsterinsights_sitenote_active":false,"_monsterinsights_sitenote_note":"","_monsterinsights_sitenote_category":0,"footnotes":""},"categories":[369],"tags":[5890,6463],"class_list":["post-14177","post","type-post","status-publish","format-standard","hentry","category-salute-e-benessere","tag-rinoplastica","tag-vipcomusta"],"yoast_head":"<!-- This site is optimized with the Yoast SEO plugin v27.3 - https:\/\/yoast.com\/product\/yoast-seo-wordpress\/ -->\n<title>Dott. Giuseppe Spinelli: ritrova la naturalezza del tuo viso!<\/title>\n<meta name=\"description\" content=\"Il Dott. Giuseppe Spinelli mette al servizio la propria competenza ed esperienza a tutte le persone con problematiche funzionali e morfologiche del naso.\" \/>\n<meta name=\"robots\" content=\"index, follow, max-snippet:-1, max-image-preview:large, max-video-preview:-1\" \/>\n<link rel=\"canonical\" href=\"https:\/\/www.article-marketing.eu\/comunicatistampa\/dott-giuseppe-spinelli-ritrova-la-naturalezza-del-tuo-viso\/\" \/>\n<meta property=\"og:locale\" content=\"it_IT\" \/>\n<meta property=\"og:type\" content=\"article\" \/>\n<meta property=\"og:title\" content=\"Dott. Giuseppe Spinelli: ritrova la naturalezza del tuo viso!\" \/>\n<meta property=\"og:description\" content=\"Il Dott. Giuseppe Spinelli mette al servizio la propria competenza ed esperienza a tutte le persone con problematiche funzionali e morfologiche del naso.\" \/>\n<meta property=\"og:url\" content=\"https:\/\/www.article-marketing.eu\/comunicatistampa\/dott-giuseppe-spinelli-ritrova-la-naturalezza-del-tuo-viso\/\" \/>\n<meta property=\"og:site_name\" content=\"Article Marketing\" \/>\n<meta property=\"article:published_time\" content=\"2020-03-02T21:39:02+00:00\" \/>\n<meta property=\"article:modified_time\" content=\"2020-08-09T23:43:45+00:00\" \/>\n<meta name=\"author\" content=\"seojoco\" \/>\n<meta name=\"twitter:card\" content=\"summary_large_image\" \/>\n<meta name=\"twitter:label1\" content=\"Scritto da\" \/>\n\t<meta name=\"twitter:data1\" content=\"seojoco\" \/>\n\t<meta name=\"twitter:label2\" content=\"Tempo di lettura stimato\" \/>\n\t<meta name=\"twitter:data2\" content=\"2 minuti\" \/>\n<script type=\"application\/ld+json\" class=\"yoast-schema-graph\">{\"@context\":\"https:\\\/\\\/schema.org\",\"@graph\":[{\"@type\":\"Article\",\"@id\":\"https:\\\/\\\/www.article-marketing.eu\\\/comunicatistampa\\\/dott-giuseppe-spinelli-ritrova-la-naturalezza-del-tuo-viso\\\/#article\",\"isPartOf\":{\"@id\":\"https:\\\/\\\/www.article-marketing.eu\\\/comunicatistampa\\\/dott-giuseppe-spinelli-ritrova-la-naturalezza-del-tuo-viso\\\/\"},\"author\":{\"name\":\"seojoco\",\"@id\":\"https:\\\/\\\/www.article-marketing.eu\\\/comunicatistampa\\\/#\\\/schema\\\/person\\\/960896793adf67d3b34c748b5f302999\"},\"headline\":\"Dott. Giuseppe Spinelli: ritrova la naturalezza del tuo viso!\",\"datePublished\":\"2020-03-02T21:39:02+00:00\",\"dateModified\":\"2020-08-09T23:43:45+00:00\",\"mainEntityOfPage\":{\"@id\":\"https:\\\/\\\/www.article-marketing.eu\\\/comunicatistampa\\\/dott-giuseppe-spinelli-ritrova-la-naturalezza-del-tuo-viso\\\/\"},\"wordCount\":446,\"commentCount\":0,\"keywords\":[\"rinoplastica\",\"vipCOMUSTA\"],\"articleSection\":[\"Salute e benessere\"],\"inLanguage\":\"it-IT\",\"potentialAction\":[{\"@type\":\"CommentAction\",\"name\":\"Comment\",\"target\":[\"https:\\\/\\\/www.article-marketing.eu\\\/comunicatistampa\\\/dott-giuseppe-spinelli-ritrova-la-naturalezza-del-tuo-viso\\\/#respond\"]}]},{\"@type\":\"WebPage\",\"@id\":\"https:\\\/\\\/www.article-marketing.eu\\\/comunicatistampa\\\/dott-giuseppe-spinelli-ritrova-la-naturalezza-del-tuo-viso\\\/\",\"url\":\"https:\\\/\\\/www.article-marketing.eu\\\/comunicatistampa\\\/dott-giuseppe-spinelli-ritrova-la-naturalezza-del-tuo-viso\\\/\",\"name\":\"Dott. Giuseppe Spinelli: ritrova la naturalezza del tuo viso!\",\"isPartOf\":{\"@id\":\"https:\\\/\\\/www.article-marketing.eu\\\/comunicatistampa\\\/#website\"},\"datePublished\":\"2020-03-02T21:39:02+00:00\",\"dateModified\":\"2020-08-09T23:43:45+00:00\",\"author\":{\"@id\":\"https:\\\/\\\/www.article-marketing.eu\\\/comunicatistampa\\\/#\\\/schema\\\/person\\\/960896793adf67d3b34c748b5f302999\"},\"description\":\"Il Dott. Giuseppe Spinelli mette al servizio la propria competenza ed esperienza a tutte le persone con problematiche funzionali e morfologiche del naso.\",\"breadcrumb\":{\"@id\":\"https:\\\/\\\/www.article-marketing.eu\\\/comunicatistampa\\\/dott-giuseppe-spinelli-ritrova-la-naturalezza-del-tuo-viso\\\/#breadcrumb\"},\"inLanguage\":\"it-IT\",\"potentialAction\":[{\"@type\":\"ReadAction\",\"target\":[\"https:\\\/\\\/www.article-marketing.eu\\\/comunicatistampa\\\/dott-giuseppe-spinelli-ritrova-la-naturalezza-del-tuo-viso\\\/\"]}]},{\"@type\":\"BreadcrumbList\",\"@id\":\"https:\\\/\\\/www.article-marketing.eu\\\/comunicatistampa\\\/dott-giuseppe-spinelli-ritrova-la-naturalezza-del-tuo-viso\\\/#breadcrumb\",\"itemListElement\":[{\"@type\":\"ListItem\",\"position\":1,\"name\":\"Home\",\"item\":\"https:\\\/\\\/www.article-marketing.eu\\\/comunicatistampa\\\/\"},{\"@type\":\"ListItem\",\"position\":2,\"name\":\"Dott. Giuseppe Spinelli: ritrova la naturalezza del tuo viso!\"}]},{\"@type\":\"WebSite\",\"@id\":\"https:\\\/\\\/www.article-marketing.eu\\\/comunicatistampa\\\/#website\",\"url\":\"https:\\\/\\\/www.article-marketing.eu\\\/comunicatistampa\\\/\",\"name\":\"Article Marketing\",\"description\":\"article marketing &amp; press release\",\"potentialAction\":[{\"@type\":\"SearchAction\",\"target\":{\"@type\":\"EntryPoint\",\"urlTemplate\":\"https:\\\/\\\/www.article-marketing.eu\\\/comunicatistampa\\\/?s={search_term_string}\"},\"query-input\":{\"@type\":\"PropertyValueSpecification\",\"valueRequired\":true,\"valueName\":\"search_term_string\"}}],\"inLanguage\":\"it-IT\"},{\"@type\":\"Person\",\"@id\":\"https:\\\/\\\/www.article-marketing.eu\\\/comunicatistampa\\\/#\\\/schema\\\/person\\\/960896793adf67d3b34c748b5f302999\",\"name\":\"seojoco\",\"image\":{\"@type\":\"ImageObject\",\"inLanguage\":\"it-IT\",\"@id\":\"https:\\\/\\\/secure.gravatar.com\\\/avatar\\\/90900bb8f9e31fb7a29847785ace13de0b0d4513d9ba30792bc4633030b5b6b3?s=96&d=mm&r=g\",\"url\":\"https:\\\/\\\/secure.gravatar.com\\\/avatar\\\/90900bb8f9e31fb7a29847785ace13de0b0d4513d9ba30792bc4633030b5b6b3?s=96&d=mm&r=g\",\"contentUrl\":\"https:\\\/\\\/secure.gravatar.com\\\/avatar\\\/90900bb8f9e31fb7a29847785ace13de0b0d4513d9ba30792bc4633030b5b6b3?s=96&d=mm&r=g\",\"caption\":\"seojoco\"},\"url\":\"https:\\\/\\\/www.article-marketing.eu\\\/comunicatistampa\\\/author\\\/seojoco\\\/\"}]}<\/script>\n<!-- \/ Yoast SEO plugin. -->","yoast_head_json":{"title":"Dott. Giuseppe Spinelli: ritrova la naturalezza del tuo viso!","description":"Il Dott. Giuseppe Spinelli mette al servizio la propria competenza ed esperienza a tutte le persone con problematiche funzionali e morfologiche del naso.","robots":{"index":"index","follow":"follow","max-snippet":"max-snippet:-1","max-image-preview":"max-image-preview:large","max-video-preview":"max-video-preview:-1"},"canonical":"https:\/\/www.article-marketing.eu\/comunicatistampa\/dott-giuseppe-spinelli-ritrova-la-naturalezza-del-tuo-viso\/","og_locale":"it_IT","og_type":"article","og_title":"Dott. Giuseppe Spinelli: ritrova la naturalezza del tuo viso!","og_description":"Il Dott. Giuseppe Spinelli mette al servizio la propria competenza ed esperienza a tutte le persone con problematiche funzionali e morfologiche del naso.","og_url":"https:\/\/www.article-marketing.eu\/comunicatistampa\/dott-giuseppe-spinelli-ritrova-la-naturalezza-del-tuo-viso\/","og_site_name":"Article Marketing","article_published_time":"2020-03-02T21:39:02+00:00","article_modified_time":"2020-08-09T23:43:45+00:00","author":"seojoco","twitter_card":"summary_large_image","twitter_misc":{"Scritto da":"seojoco","Tempo di lettura stimato":"2 minuti"},"schema":{"@context":"https:\/\/schema.org","@graph":[{"@type":"Article","@id":"https:\/\/www.article-marketing.eu\/comunicatistampa\/dott-giuseppe-spinelli-ritrova-la-naturalezza-del-tuo-viso\/#article","isPartOf":{"@id":"https:\/\/www.article-marketing.eu\/comunicatistampa\/dott-giuseppe-spinelli-ritrova-la-naturalezza-del-tuo-viso\/"},"author":{"name":"seojoco","@id":"https:\/\/www.article-marketing.eu\/comunicatistampa\/#\/schema\/person\/960896793adf67d3b34c748b5f302999"},"headline":"Dott. Giuseppe Spinelli: ritrova la naturalezza del tuo viso!","datePublished":"2020-03-02T21:39:02+00:00","dateModified":"2020-08-09T23:43:45+00:00","mainEntityOfPage":{"@id":"https:\/\/www.article-marketing.eu\/comunicatistampa\/dott-giuseppe-spinelli-ritrova-la-naturalezza-del-tuo-viso\/"},"wordCount":446,"commentCount":0,"keywords":["rinoplastica","vipCOMUSTA"],"articleSection":["Salute e benessere"],"inLanguage":"it-IT","potentialAction":[{"@type":"CommentAction","name":"Comment","target":["https:\/\/www.article-marketing.eu\/comunicatistampa\/dott-giuseppe-spinelli-ritrova-la-naturalezza-del-tuo-viso\/#respond"]}]},{"@type":"WebPage","@id":"https:\/\/www.article-marketing.eu\/comunicatistampa\/dott-giuseppe-spinelli-ritrova-la-naturalezza-del-tuo-viso\/","url":"https:\/\/www.article-marketing.eu\/comunicatistampa\/dott-giuseppe-spinelli-ritrova-la-naturalezza-del-tuo-viso\/","name":"Dott. Giuseppe Spinelli: ritrova la naturalezza del tuo viso!","isPartOf":{"@id":"https:\/\/www.article-marketing.eu\/comunicatistampa\/#website"},"datePublished":"2020-03-02T21:39:02+00:00","dateModified":"2020-08-09T23:43:45+00:00","author":{"@id":"https:\/\/www.article-marketing.eu\/comunicatistampa\/#\/schema\/person\/960896793adf67d3b34c748b5f302999"},"description":"Il Dott. Giuseppe Spinelli mette al servizio la propria competenza ed esperienza a tutte le persone con problematiche funzionali e morfologiche del naso.","breadcrumb":{"@id":"https:\/\/www.article-marketing.eu\/comunicatistampa\/dott-giuseppe-spinelli-ritrova-la-naturalezza-del-tuo-viso\/#breadcrumb"},"inLanguage":"it-IT","potentialAction":[{"@type":"ReadAction","target":["https:\/\/www.article-marketing.eu\/comunicatistampa\/dott-giuseppe-spinelli-ritrova-la-naturalezza-del-tuo-viso\/"]}]},{"@type":"BreadcrumbList","@id":"https:\/\/www.article-marketing.eu\/comunicatistampa\/dott-giuseppe-spinelli-ritrova-la-naturalezza-del-tuo-viso\/#breadcrumb","itemListElement":[{"@type":"ListItem","position":1,"name":"Home","item":"https:\/\/www.article-marketing.eu\/comunicatistampa\/"},{"@type":"ListItem","position":2,"name":"Dott. Giuseppe Spinelli: ritrova la naturalezza del tuo viso!"}]},{"@type":"WebSite","@id":"https:\/\/www.article-marketing.eu\/comunicatistampa\/#website","url":"https:\/\/www.article-marketing.eu\/comunicatistampa\/","name":"Article Marketing","description":"article marketing &amp; press release","potentialAction":[{"@type":"SearchAction","target":{"@type":"EntryPoint","urlTemplate":"https:\/\/www.article-marketing.eu\/comunicatistampa\/?s={search_term_string}"},"query-input":{"@type":"PropertyValueSpecification","valueRequired":true,"valueName":"search_term_string"}}],"inLanguage":"it-IT"},{"@type":"Person","@id":"https:\/\/www.article-marketing.eu\/comunicatistampa\/#\/schema\/person\/960896793adf67d3b34c748b5f302999","name":"seojoco","image":{"@type":"ImageObject","inLanguage":"it-IT","@id":"https:\/\/secure.gravatar.com\/avatar\/90900bb8f9e31fb7a29847785ace13de0b0d4513d9ba30792bc4633030b5b6b3?s=96&d=mm&r=g","url":"https:\/\/secure.gravatar.com\/avatar\/90900bb8f9e31fb7a29847785ace13de0b0d4513d9ba30792bc4633030b5b6b3?s=96&d=mm&r=g","contentUrl":"https:\/\/secure.gravatar.com\/avatar\/90900bb8f9e31fb7a29847785ace13de0b0d4513d9ba30792bc4633030b5b6b3?s=96&d=mm&r=g","caption":"seojoco"},"url":"https:\/\/www.article-marketing.eu\/comunicatistampa\/author\/seojoco\/"}]}},"_links":{"self":[{"href":"https:\/\/www.article-marketing.eu\/comunicatistampa\/wp-json\/wp\/v2\/posts\/14177","targetHints":{"allow":["GET"]}}],"collection":[{"href":"https:\/\/www.article-marketing.eu\/comunicatistampa\/wp-json\/wp\/v2\/posts"}],"about":[{"href":"https:\/\/www.article-marketing.eu\/comunicatistampa\/wp-json\/wp\/v2\/types\/post"}],"author":[{"embeddable":true,"href":"https:\/\/www.article-marketing.eu\/comunicatistampa\/wp-json\/wp\/v2\/users\/2423"}],"replies":[{"embeddable":true,"href":"https:\/\/www.article-marketing.eu\/comunicatistampa\/wp-json\/wp\/v2\/comments?post=14177"}],"version-history":[{"count":2,"href":"https:\/\/www.article-marketing.eu\/comunicatistampa\/wp-json\/wp\/v2\/posts\/14177\/revisions"}],"predecessor-version":[{"id":14188,"href":"https:\/\/www.article-marketing.eu\/comunicatistampa\/wp-json\/wp\/v2\/posts\/14177\/revisions\/14188"}],"wp:attachment":[{"href":"https:\/\/www.article-marketing.eu\/comunicatistampa\/wp-json\/wp\/v2\/media?parent=14177"}],"wp:term":[{"taxonomy":"category","embeddable":true,"href":"https:\/\/www.article-marketing.eu\/comunicatistampa\/wp-json\/wp\/v2\/categories?post=14177"},{"taxonomy":"post_tag","embeddable":true,"href":"https:\/\/www.article-marketing.eu\/comunicatistampa\/wp-json\/wp\/v2\/tags?post=14177"}],"curies":[{"name":"wp","href":"https:\/\/api.w.org\/{rel}","templated":true}]}}