{"id":14206,"date":"2020-03-05T23:04:24","date_gmt":"2020-03-05T22:04:24","guid":{"rendered":"https:\/\/www.article-marketing.eu\/comunicatistampa\/?p=14206"},"modified":"2020-03-05T23:04:24","modified_gmt":"2020-03-05T22:04:24","slug":"quotazione-oro-dopo-la-caduta-riprende-ad-aumentare","status":"publish","type":"post","link":"https:\/\/www.article-marketing.eu\/comunicatistampa\/quotazione-oro-dopo-la-caduta-riprende-ad-aumentare\/","title":{"rendered":"Quotazione Oro Dopo la Caduta Riprende ad Aumentare"},"content":{"rendered":"<p>La quotazione oro riprende ad aumentare dopo la perdita secca del 3% che in un solo giorno ha fatto crollare il prezzo dell&#8217;oro, una perdita che \u00e8 avvenuta il 29 febbraio 2019, anno bisestile.<br \/>\nUn evento strano per la quotazione oro che non perdeva cos\u00ec tanto valore in una seduta dal 2013 e che \u00e8 il bene rifugio ad ogni livello a partire dai mercati azionari fino alle monete e ai lingotti che si possono monetizzare anche presso un normale <a title=\"compro oro Firenze\" href=\"https:\/\/www.comproorofirenze.it\">compro oro Firenze<\/a> o di altri luoghi.<br \/>\nTale evento ha sollevato qualche timore sulla tenuta del prezzo dell&#8217;oro di fronte alle enormi emergenze che stanno attanagliando un mondo globalizzato mandato in quarantena dal coronavirus.<br \/>\nAnalizzando la situazione che ha portato tale perdita alcuni analisti hanno concluso che la perdita record della quotazione oro sia stata causata non solo dalle vendite di oro da parte di qualche investitore che voleva recuperare parte delle perdite subite da altri asset.<br \/>\nIl motivo principale \u00e8 stato attribuito ad un&#8217;operazione del governo giapponese che sull&#8217;orlo di una catastrofica perdita di valore dello yen ha messo in atto un&#8217;operazione sull&#8217;oro che ha permesso di tamponare provvisoriamente la tenuta dello yen.<br \/>\nDopo il venerd\u00ec nero il <a title=\"prezzo oro\" href=\"https:\/\/www.article-marketing.eu\/comunicatistampa\/prezzo-oro-usato-perche-vale-meno-delloro-nuovo\/\">prezzo oro<\/a> si \u00e8 stabilizzato per poi riprendere ad aumentare, in questa ottica l&#8217;incidente di percorso dovrebbe essere una eccezione che conferma la regola della buona tenuta del prezzo oro di fronte alle crisi finanziarie o di altra natura.<br \/>\nIn sostanza il ruolo di bene rifugio che l\u2019oro ha da sempre avuto difficilmente potr\u00e0 essere messo in discussione e soprattutto in un momento come quello attuale che vede il mondo sull\u2019orlo di una recessione mondiale.<br \/>\nIl panorama finanziario ad oggi non ha asset che appaiono chiaramente al riparo di perdite di valore, anche se si possano immaginare che alcuni beni principali potrebbero mantenere se non accrescere il loro valore.<br \/>\nAltri metalli che nonostante una ridotta richiesta temporanea causata dall\u2019emergenza coronavirus sono talmente scarsi da aver raggiunto un valore elevatissimo come il palladio che \u00e8 divenuto il solo metallo capace di diminuire le emissioni nocive delle auto che devono ottemperare alle nuove norme introdotte a favore dell\u2019ambiente da paesi di rande impatto come la Cina.<\/p>\n","protected":false},"excerpt":{"rendered":"<p>La quotazione oro riprende ad aumentare dopo la perdita secca del 3% che in un solo giorno ha fatto crollare il prezzo dell&#8217;oro, una perdita che \u00e8 avvenuta il 29 febbraio 2019, anno bisestile. Un evento strano per la quotazione oro che non perdeva cos\u00ec tanto valore in una seduta dal 2013 e che \u00e8 il bene rifugio ad ogni livello a partire dai mercati azionari fino alle monete e<\/p>\n<p><a class=\"continue-reading\" href=\"https:\/\/www.article-marketing.eu\/comunicatistampa\/quotazione-oro-dopo-la-caduta-riprende-ad-aumentare\/\">Continue reading&#8230;<\/a><\/p>\n","protected":false},"author":877,"featured_media":0,"comment_status":"open","ping_status":"open","sticky":false,"template":"","format":"standard","meta":{"_monsterinsights_skip_tracking":false,"_monsterinsights_sitenote_active":false,"_monsterinsights_sitenote_note":"","_monsterinsights_sitenote_category":0,"footnotes":""},"categories":[386],"tags":[983,591,3873,984,5901],"class_list":["post-14206","post","type-post","status-publish","format-standard","hentry","category-economia-e-lavoro","tag-bene-rifugio","tag-oro","tag-prezzo-oro","tag-quotazione-oro","tag-recessione"],"yoast_head":"<!-- This site is optimized with the Yoast SEO plugin v27.3 - https:\/\/yoast.com\/product\/yoast-seo-wordpress\/ -->\n<title>Quotazione Oro Dopo la Caduta Riprende ad Aumentare<\/title>\n<meta name=\"description\" content=\"La quotazione oro riprende ad aumentare dopo la perdita secca del 3% che in un solo giorno ha fatto crollare il prezzo dell&#039;oro il 29 febbraio del 2019\" \/>\n<meta name=\"robots\" content=\"index, follow, max-snippet:-1, max-image-preview:large, max-video-preview:-1\" \/>\n<link rel=\"canonical\" href=\"https:\/\/www.article-marketing.eu\/comunicatistampa\/quotazione-oro-dopo-la-caduta-riprende-ad-aumentare\/\" \/>\n<meta property=\"og:locale\" content=\"it_IT\" \/>\n<meta property=\"og:type\" content=\"article\" \/>\n<meta property=\"og:title\" content=\"Quotazione Oro Dopo la Caduta Riprende ad Aumentare\" \/>\n<meta property=\"og:description\" content=\"La quotazione oro riprende ad aumentare dopo la perdita secca del 3% che in un solo giorno ha fatto crollare il prezzo dell&#039;oro il 29 febbraio del 2019\" \/>\n<meta property=\"og:url\" content=\"https:\/\/www.article-marketing.eu\/comunicatistampa\/quotazione-oro-dopo-la-caduta-riprende-ad-aumentare\/\" \/>\n<meta property=\"og:site_name\" content=\"Article Marketing\" \/>\n<meta property=\"article:published_time\" content=\"2020-03-05T22:04:24+00:00\" \/>\n<meta name=\"author\" content=\"comproorofirenze\" \/>\n<meta name=\"twitter:card\" content=\"summary_large_image\" \/>\n<meta name=\"twitter:label1\" content=\"Scritto da\" \/>\n\t<meta name=\"twitter:data1\" content=\"comproorofirenze\" \/>\n\t<meta name=\"twitter:label2\" content=\"Tempo di lettura stimato\" \/>\n\t<meta name=\"twitter:data2\" content=\"2 minuti\" \/>\n<script type=\"application\/ld+json\" class=\"yoast-schema-graph\">{\"@context\":\"https:\\\/\\\/schema.org\",\"@graph\":[{\"@type\":\"Article\",\"@id\":\"https:\\\/\\\/www.article-marketing.eu\\\/comunicatistampa\\\/quotazione-oro-dopo-la-caduta-riprende-ad-aumentare\\\/#article\",\"isPartOf\":{\"@id\":\"https:\\\/\\\/www.article-marketing.eu\\\/comunicatistampa\\\/quotazione-oro-dopo-la-caduta-riprende-ad-aumentare\\\/\"},\"author\":{\"name\":\"comproorofirenze\",\"@id\":\"https:\\\/\\\/www.article-marketing.eu\\\/comunicatistampa\\\/#\\\/schema\\\/person\\\/1c6445d830c36a6ae029f928f2665a33\"},\"headline\":\"Quotazione Oro Dopo la Caduta Riprende ad Aumentare\",\"datePublished\":\"2020-03-05T22:04:24+00:00\",\"mainEntityOfPage\":{\"@id\":\"https:\\\/\\\/www.article-marketing.eu\\\/comunicatistampa\\\/quotazione-oro-dopo-la-caduta-riprende-ad-aumentare\\\/\"},\"wordCount\":366,\"commentCount\":0,\"keywords\":[\"bene rifugio\",\"oro\",\"prezzo oro\",\"quotazione oro\",\"recessione\"],\"articleSection\":[\"Economia e lavoro\"],\"inLanguage\":\"it-IT\",\"potentialAction\":[{\"@type\":\"CommentAction\",\"name\":\"Comment\",\"target\":[\"https:\\\/\\\/www.article-marketing.eu\\\/comunicatistampa\\\/quotazione-oro-dopo-la-caduta-riprende-ad-aumentare\\\/#respond\"]}]},{\"@type\":\"WebPage\",\"@id\":\"https:\\\/\\\/www.article-marketing.eu\\\/comunicatistampa\\\/quotazione-oro-dopo-la-caduta-riprende-ad-aumentare\\\/\",\"url\":\"https:\\\/\\\/www.article-marketing.eu\\\/comunicatistampa\\\/quotazione-oro-dopo-la-caduta-riprende-ad-aumentare\\\/\",\"name\":\"Quotazione Oro Dopo la Caduta Riprende ad Aumentare\",\"isPartOf\":{\"@id\":\"https:\\\/\\\/www.article-marketing.eu\\\/comunicatistampa\\\/#website\"},\"datePublished\":\"2020-03-05T22:04:24+00:00\",\"author\":{\"@id\":\"https:\\\/\\\/www.article-marketing.eu\\\/comunicatistampa\\\/#\\\/schema\\\/person\\\/1c6445d830c36a6ae029f928f2665a33\"},\"description\":\"La quotazione oro riprende ad aumentare dopo la perdita secca del 3% che in un solo giorno ha fatto crollare il prezzo dell'oro il 29 febbraio del 2019\",\"breadcrumb\":{\"@id\":\"https:\\\/\\\/www.article-marketing.eu\\\/comunicatistampa\\\/quotazione-oro-dopo-la-caduta-riprende-ad-aumentare\\\/#breadcrumb\"},\"inLanguage\":\"it-IT\",\"potentialAction\":[{\"@type\":\"ReadAction\",\"target\":[\"https:\\\/\\\/www.article-marketing.eu\\\/comunicatistampa\\\/quotazione-oro-dopo-la-caduta-riprende-ad-aumentare\\\/\"]}]},{\"@type\":\"BreadcrumbList\",\"@id\":\"https:\\\/\\\/www.article-marketing.eu\\\/comunicatistampa\\\/quotazione-oro-dopo-la-caduta-riprende-ad-aumentare\\\/#breadcrumb\",\"itemListElement\":[{\"@type\":\"ListItem\",\"position\":1,\"name\":\"Home\",\"item\":\"https:\\\/\\\/www.article-marketing.eu\\\/comunicatistampa\\\/\"},{\"@type\":\"ListItem\",\"position\":2,\"name\":\"Quotazione Oro Dopo la Caduta Riprende ad Aumentare\"}]},{\"@type\":\"WebSite\",\"@id\":\"https:\\\/\\\/www.article-marketing.eu\\\/comunicatistampa\\\/#website\",\"url\":\"https:\\\/\\\/www.article-marketing.eu\\\/comunicatistampa\\\/\",\"name\":\"Article Marketing\",\"description\":\"article marketing &amp; press release\",\"potentialAction\":[{\"@type\":\"SearchAction\",\"target\":{\"@type\":\"EntryPoint\",\"urlTemplate\":\"https:\\\/\\\/www.article-marketing.eu\\\/comunicatistampa\\\/?s={search_term_string}\"},\"query-input\":{\"@type\":\"PropertyValueSpecification\",\"valueRequired\":true,\"valueName\":\"search_term_string\"}}],\"inLanguage\":\"it-IT\"},{\"@type\":\"Person\",\"@id\":\"https:\\\/\\\/www.article-marketing.eu\\\/comunicatistampa\\\/#\\\/schema\\\/person\\\/1c6445d830c36a6ae029f928f2665a33\",\"name\":\"comproorofirenze\",\"image\":{\"@type\":\"ImageObject\",\"inLanguage\":\"it-IT\",\"@id\":\"https:\\\/\\\/secure.gravatar.com\\\/avatar\\\/f5a0b0817966c754fd6e0d1ea17fc6cbd64133131a61a3dac63251f6ef2a12e8?s=96&d=mm&r=g\",\"url\":\"https:\\\/\\\/secure.gravatar.com\\\/avatar\\\/f5a0b0817966c754fd6e0d1ea17fc6cbd64133131a61a3dac63251f6ef2a12e8?s=96&d=mm&r=g\",\"contentUrl\":\"https:\\\/\\\/secure.gravatar.com\\\/avatar\\\/f5a0b0817966c754fd6e0d1ea17fc6cbd64133131a61a3dac63251f6ef2a12e8?s=96&d=mm&r=g\",\"caption\":\"comproorofirenze\"},\"sameAs\":[\"https:\\\/\\\/www.comproorofirenze.it\"],\"url\":\"https:\\\/\\\/www.article-marketing.eu\\\/comunicatistampa\\\/author\\\/comproorofirenze\\\/\"}]}<\/script>\n<!-- \/ Yoast SEO plugin. -->","yoast_head_json":{"title":"Quotazione Oro Dopo la Caduta Riprende ad Aumentare","description":"La quotazione oro riprende ad aumentare dopo la perdita secca del 3% che in un solo giorno ha fatto crollare il prezzo dell'oro il 29 febbraio del 2019","robots":{"index":"index","follow":"follow","max-snippet":"max-snippet:-1","max-image-preview":"max-image-preview:large","max-video-preview":"max-video-preview:-1"},"canonical":"https:\/\/www.article-marketing.eu\/comunicatistampa\/quotazione-oro-dopo-la-caduta-riprende-ad-aumentare\/","og_locale":"it_IT","og_type":"article","og_title":"Quotazione Oro Dopo la Caduta Riprende ad Aumentare","og_description":"La quotazione oro riprende ad aumentare dopo la perdita secca del 3% che in un solo giorno ha fatto crollare il prezzo dell'oro il 29 febbraio del 2019","og_url":"https:\/\/www.article-marketing.eu\/comunicatistampa\/quotazione-oro-dopo-la-caduta-riprende-ad-aumentare\/","og_site_name":"Article Marketing","article_published_time":"2020-03-05T22:04:24+00:00","author":"comproorofirenze","twitter_card":"summary_large_image","twitter_misc":{"Scritto da":"comproorofirenze","Tempo di lettura stimato":"2 minuti"},"schema":{"@context":"https:\/\/schema.org","@graph":[{"@type":"Article","@id":"https:\/\/www.article-marketing.eu\/comunicatistampa\/quotazione-oro-dopo-la-caduta-riprende-ad-aumentare\/#article","isPartOf":{"@id":"https:\/\/www.article-marketing.eu\/comunicatistampa\/quotazione-oro-dopo-la-caduta-riprende-ad-aumentare\/"},"author":{"name":"comproorofirenze","@id":"https:\/\/www.article-marketing.eu\/comunicatistampa\/#\/schema\/person\/1c6445d830c36a6ae029f928f2665a33"},"headline":"Quotazione Oro Dopo la Caduta Riprende ad Aumentare","datePublished":"2020-03-05T22:04:24+00:00","mainEntityOfPage":{"@id":"https:\/\/www.article-marketing.eu\/comunicatistampa\/quotazione-oro-dopo-la-caduta-riprende-ad-aumentare\/"},"wordCount":366,"commentCount":0,"keywords":["bene rifugio","oro","prezzo oro","quotazione oro","recessione"],"articleSection":["Economia e lavoro"],"inLanguage":"it-IT","potentialAction":[{"@type":"CommentAction","name":"Comment","target":["https:\/\/www.article-marketing.eu\/comunicatistampa\/quotazione-oro-dopo-la-caduta-riprende-ad-aumentare\/#respond"]}]},{"@type":"WebPage","@id":"https:\/\/www.article-marketing.eu\/comunicatistampa\/quotazione-oro-dopo-la-caduta-riprende-ad-aumentare\/","url":"https:\/\/www.article-marketing.eu\/comunicatistampa\/quotazione-oro-dopo-la-caduta-riprende-ad-aumentare\/","name":"Quotazione Oro Dopo la Caduta Riprende ad Aumentare","isPartOf":{"@id":"https:\/\/www.article-marketing.eu\/comunicatistampa\/#website"},"datePublished":"2020-03-05T22:04:24+00:00","author":{"@id":"https:\/\/www.article-marketing.eu\/comunicatistampa\/#\/schema\/person\/1c6445d830c36a6ae029f928f2665a33"},"description":"La quotazione oro riprende ad aumentare dopo la perdita secca del 3% che in un solo giorno ha fatto crollare il prezzo dell'oro il 29 febbraio del 2019","breadcrumb":{"@id":"https:\/\/www.article-marketing.eu\/comunicatistampa\/quotazione-oro-dopo-la-caduta-riprende-ad-aumentare\/#breadcrumb"},"inLanguage":"it-IT","potentialAction":[{"@type":"ReadAction","target":["https:\/\/www.article-marketing.eu\/comunicatistampa\/quotazione-oro-dopo-la-caduta-riprende-ad-aumentare\/"]}]},{"@type":"BreadcrumbList","@id":"https:\/\/www.article-marketing.eu\/comunicatistampa\/quotazione-oro-dopo-la-caduta-riprende-ad-aumentare\/#breadcrumb","itemListElement":[{"@type":"ListItem","position":1,"name":"Home","item":"https:\/\/www.article-marketing.eu\/comunicatistampa\/"},{"@type":"ListItem","position":2,"name":"Quotazione Oro Dopo la Caduta Riprende ad Aumentare"}]},{"@type":"WebSite","@id":"https:\/\/www.article-marketing.eu\/comunicatistampa\/#website","url":"https:\/\/www.article-marketing.eu\/comunicatistampa\/","name":"Article Marketing","description":"article marketing &amp; press release","potentialAction":[{"@type":"SearchAction","target":{"@type":"EntryPoint","urlTemplate":"https:\/\/www.article-marketing.eu\/comunicatistampa\/?s={search_term_string}"},"query-input":{"@type":"PropertyValueSpecification","valueRequired":true,"valueName":"search_term_string"}}],"inLanguage":"it-IT"},{"@type":"Person","@id":"https:\/\/www.article-marketing.eu\/comunicatistampa\/#\/schema\/person\/1c6445d830c36a6ae029f928f2665a33","name":"comproorofirenze","image":{"@type":"ImageObject","inLanguage":"it-IT","@id":"https:\/\/secure.gravatar.com\/avatar\/f5a0b0817966c754fd6e0d1ea17fc6cbd64133131a61a3dac63251f6ef2a12e8?s=96&d=mm&r=g","url":"https:\/\/secure.gravatar.com\/avatar\/f5a0b0817966c754fd6e0d1ea17fc6cbd64133131a61a3dac63251f6ef2a12e8?s=96&d=mm&r=g","contentUrl":"https:\/\/secure.gravatar.com\/avatar\/f5a0b0817966c754fd6e0d1ea17fc6cbd64133131a61a3dac63251f6ef2a12e8?s=96&d=mm&r=g","caption":"comproorofirenze"},"sameAs":["https:\/\/www.comproorofirenze.it"],"url":"https:\/\/www.article-marketing.eu\/comunicatistampa\/author\/comproorofirenze\/"}]}},"_links":{"self":[{"href":"https:\/\/www.article-marketing.eu\/comunicatistampa\/wp-json\/wp\/v2\/posts\/14206","targetHints":{"allow":["GET"]}}],"collection":[{"href":"https:\/\/www.article-marketing.eu\/comunicatistampa\/wp-json\/wp\/v2\/posts"}],"about":[{"href":"https:\/\/www.article-marketing.eu\/comunicatistampa\/wp-json\/wp\/v2\/types\/post"}],"author":[{"embeddable":true,"href":"https:\/\/www.article-marketing.eu\/comunicatistampa\/wp-json\/wp\/v2\/users\/877"}],"replies":[{"embeddable":true,"href":"https:\/\/www.article-marketing.eu\/comunicatistampa\/wp-json\/wp\/v2\/comments?post=14206"}],"version-history":[{"count":2,"href":"https:\/\/www.article-marketing.eu\/comunicatistampa\/wp-json\/wp\/v2\/posts\/14206\/revisions"}],"predecessor-version":[{"id":14224,"href":"https:\/\/www.article-marketing.eu\/comunicatistampa\/wp-json\/wp\/v2\/posts\/14206\/revisions\/14224"}],"wp:attachment":[{"href":"https:\/\/www.article-marketing.eu\/comunicatistampa\/wp-json\/wp\/v2\/media?parent=14206"}],"wp:term":[{"taxonomy":"category","embeddable":true,"href":"https:\/\/www.article-marketing.eu\/comunicatistampa\/wp-json\/wp\/v2\/categories?post=14206"},{"taxonomy":"post_tag","embeddable":true,"href":"https:\/\/www.article-marketing.eu\/comunicatistampa\/wp-json\/wp\/v2\/tags?post=14206"}],"curies":[{"name":"wp","href":"https:\/\/api.w.org\/{rel}","templated":true}]}}