{"id":14294,"date":"2020-03-20T21:45:36","date_gmt":"2020-03-20T20:45:36","guid":{"rendered":"https:\/\/www.article-marketing.eu\/comunicatistampa\/?p=14294"},"modified":"2020-03-20T21:45:36","modified_gmt":"2020-03-20T20:45:36","slug":"virus-blocca-export-agroalimentare-ecco-lallarme-di-geoplant-vivai-barriere-sanitarie-non-diventino-barriere-protezionistiche","status":"publish","type":"post","link":"https:\/\/www.article-marketing.eu\/comunicatistampa\/virus-blocca-export-agroalimentare-ecco-lallarme-di-geoplant-vivai-barriere-sanitarie-non-diventino-barriere-protezionistiche\/","title":{"rendered":"Virus blocca export agroalimentare, ecco l&#8217;allarme  di  Geoplant Vivai: \u201cBarriere sanitarie non diventino barriere protezionistiche\u201d"},"content":{"rendered":"<p lang=\"it-IT\" align=\"JUSTIFY\"><span style=\"color: #000000;\"><span style=\"font-family: Times New Roman, serif;\"><span style=\"font-size: small;\"><span style=\"font-family: Verdana;\"><span style=\"font-size: medium;\"><i>Lucilla Danesi e Gianluca Pasi, soci e responsabili commerciali dell&#8217;azienda vivaistica ravennate, commentano le ripercussioni del Covid19 su tutto il comparto agricolo invitando associazioni di categoria e amministrazioni a un&#8217;immediata presa di posizione<\/i><\/span><\/span><\/span><\/span><\/span><\/p>\n<p lang=\"it-IT\" align=\"JUSTIFY\"><span style=\"color: #000000;\">\u201c<span style=\"font-family: Times New Roman, serif;\"><span style=\"font-size: small;\"><span style=\"font-family: Verdana;\"><span style=\"font-size: medium;\"><i>Se da qui a poche settimane la situazione non si risolve e non si percepisce che si possa risolvere sar\u00e0 un problema per tutta l&#8217;esportazione agroalimentare<\/i><\/span><\/span><span style=\"font-family: Verdana;\"><span style=\"font-size: medium;\">\u201d. <\/span><\/span><span style=\"font-family: Verdana;\"><span style=\"font-size: medium;\"><b>A parlare \u00e8 Lucilla Danesi, Responsabile Commerciale fragola dell&#8217;azienda vivaistica Geoplant Vivai, alle prese con i contraccolpi del Covid19<\/b><\/span><\/span><span style=\"font-family: Verdana;\"><span style=\"font-size: medium;\"> e dell&#8217;emergenza sanitaria che sta paralizzando Italia e non solo. <\/span><\/span><span style=\"font-family: Verdana;\"><span style=\"font-size: medium;\"><b>L&#8217;azienda ravennate<\/b><\/span><\/span><span style=\"font-family: Verdana;\"><span style=\"font-size: medium;\">, specializzata nella coltivazione di piante da frutto e di fragola, <\/span><\/span><span style=\"font-family: Verdana;\"><span style=\"font-size: medium;\"><b>sta registrando<\/b><\/span><\/span><span style=\"font-family: Verdana;\"><span style=\"font-size: medium;\"> insieme a tutte le realt\u00e0 agricole del Paese, <\/span><\/span><span style=\"font-family: Verdana;\"><span style=\"font-size: medium;\"><b>una grave situazione di stallo che vede la drammatica difficolt\u00e0 di esportare i propri prodotti oltre confine<\/b><\/span><\/span><span style=\"font-family: Verdana;\"><span style=\"font-size: medium;\">. <\/span><\/span><\/span><\/span><\/span><\/p>\n<p lang=\"it-IT\" align=\"JUSTIFY\"><span style=\"color: #000000;\">\u201c<span style=\"font-family: Times New Roman, serif;\"><span style=\"font-size: small;\"><span style=\"font-family: Verdana;\"><span style=\"font-size: medium;\"><i>Negli ultimi 15 giorni, prima che le autorit\u00e0 decretassero tutta una serie di provvedimenti e stop agli spostamenti abbiamo fatto sforzi enormi per esportare le nostre piante consegnando tutto quello che potevamo consegnare ai nostri mercati esteri: Austria, Slovenia, Ungheria e Romania\u201d, commenta <\/i><\/span><\/span><\/span><span style=\"font-family: Verdana;\"><span style=\"font-size: medium;\"><b>Gianluca Pasi, Responsabile estero delle piante da frutto<\/b><\/span><\/span><span style=\"font-family: Verdana;\"><span style=\"font-size: medium;\"><i>. <\/i><\/span><\/span><span style=\"font-family: Verdana;\"><span style=\"font-size: medium;\"><b>I prossimi mesi per\u00f2 si preannunciano densi di incognite<\/b><\/span><\/span><span style=\"font-family: Verdana;\"><span style=\"font-size: medium;\">, difficolt\u00e0 e ovviamente perdite economiche, soprattutto alla luce della recente notizia dell\u2019annunciata chiusura dell\u2019area Schengen da parte dell\u2019Unione Europea. Al momento <\/span><\/span><span style=\"font-family: Verdana;\"><span style=\"font-size: medium;\"><b>il mercato pi\u00f9 in bilico \u00e8 quello delle piante di fragola<\/b><\/span><\/span><span style=\"font-family: Verdana;\"><span style=\"font-size: medium;\"> che ha in aprile, maggio e giugno momenti di consegna importanti. \u201c<\/span><\/span><span style=\"font-family: Verdana;\"><span style=\"font-size: medium;\"><i>Quando tra due settimane dovr\u00f2 consegnare le piante di fragola in marcati extra-UE Kazakistan, in Russia, in Serbia, cos\u00ec come in paesi comunitari che stanno imponendo forti restrizioni al confine come Ungheria e Austria, cosa far\u00f2<\/i><\/span><\/span><span style=\"font-family: Verdana;\"><span style=\"font-size: medium;\">? &#8211; si domanda Lucilla Danesi\u2013 <\/span><\/span><span style=\"font-family: Verdana;\"><span style=\"font-size: medium;\"><i>il prodotto \u00e8 gi\u00e0 nelle celle frigo stivato, pronto per essere commercializzato e non dimentichiamoci che si tratta di merce deperibile. Quello che non consegno quest\u2019anno, non lo posso tenere per le vendite del prossimo. \u00c8 dunque innegabile che da qui a giugno il problema della logistica diventer\u00e0 il problema per tutto l&#8217;agroalimentare, settore vivaistico compreso<\/i><\/span><\/span><span style=\"font-family: Verdana;\"><span style=\"font-size: medium;\">\u201d. <\/span><\/span><\/span><\/span><\/p>\n<p lang=\"it-IT\" align=\"JUSTIFY\"><span style=\"color: #000000;\"><span style=\"font-family: Times New Roman, serif;\"><span style=\"font-size: small;\"><span style=\"font-family: Verdana;\"><span style=\"font-size: medium;\"><b>A questo quadro<\/b><\/span><\/span><span style=\"font-family: Verdana;\"><span style=\"font-size: medium;\"> gi\u00e0 allarmante, Geoplant Vivai <\/span><\/span><span style=\"font-family: Verdana;\"><span style=\"font-size: medium;\"><b>aggiunge un&#8217;altra preoccupazione<\/b><\/span><\/span><span style=\"font-family: Verdana;\"><span style=\"font-size: medium;\"> fondata: <\/span><\/span><span style=\"font-family: Verdana;\"><span style=\"font-size: medium;\"><b>il rischio che le barriere sanitarie<\/b><\/span><\/span><span style=\"font-family: Verdana;\"><span style=\"font-size: medium;\"> che tutti i paesi d&#8217;Europa stanno ergendo si trasformino, nel lungo periodo, in barriere protezionistiche. <\/span><\/span><span style=\"font-family: Verdana;\"><span style=\"font-size: medium;\"><b>L&#8217;emergenza Covid19 <\/b><\/span><\/span><span style=\"font-family: Verdana;\"><span style=\"font-size: medium;\">\u00e8 prioritaria, ma <\/span><\/span><span style=\"font-family: Verdana;\"><span style=\"font-size: medium;\"><b>non potr\u00e0 diventare nei successivi mesi un&#8217;occasione per danneggiare l&#8217;export <\/b><\/span><\/span><span style=\"font-family: Verdana;\"><span style=\"font-size: medium;\">in violazione di regole ben precise che regolano il mercato UE. \u201c<\/span><\/span><span style=\"font-family: Verdana;\"><span style=\"font-size: medium;\"><i>Questo rischio va vigilato e tenuto in considerazione<\/i><\/span><\/span><span style=\"font-family: Verdana;\"><span style=\"font-size: medium;\">\u201d, sottolineano Danesi e Pasi, invitando le amministrazioni locali, statali e le associazioni di categoria a farsi portavoce del problema in sede europea. <\/span><\/span><\/span><\/span><\/span><\/p>\n<p lang=\"it-IT\" align=\"JUSTIFY\"><span style=\"color: #000000;\"><span style=\"font-family: Times New Roman, serif;\"><span style=\"font-size: small;\"><span style=\"font-family: Verdana;\"><span style=\"font-size: medium;\">Ma il fermo dell&#8217;export non \u00e8 l&#8217;unico elemento ad agitare il settore. <\/span><\/span><span style=\"font-family: Verdana;\"><span style=\"font-size: medium;\"><b>Nelle prossime settimane<\/b><\/span><\/span><span style=\"font-family: Verdana;\"><span style=\"font-size: medium;\"> quando riprender\u00e0 la raccolta nei campi, <\/span><\/span><span style=\"font-family: Verdana;\"><span style=\"font-size: medium;\"><b>tutti gli agricoltori d&#8217;Italia dovranno fare i conti con <\/b><\/span><\/span><span style=\"font-family: Verdana;\"><span style=\"font-size: medium;\">un altro ostacolo:<\/span><\/span><span style=\"font-family: Verdana;\"><span style=\"font-size: medium;\"><b> la mancanza di operai.<\/b><\/span><\/span><span style=\"font-family: Verdana;\"><span style=\"font-size: medium;\"> Secondo i dati di alcune associazioni di categoria <\/span><\/span><span style=\"font-family: Verdana;\"><span style=\"font-size: medium;\"><b>sono 370.000 i braccianti regolari che ogni anno raggiungono, i<\/b><\/span><\/span><span style=\"font-family: Verdana;\"><span style=\"font-size: medium;\">n questo periodo, <\/span><\/span><span style=\"font-family: Verdana;\"><span style=\"font-size: medium;\"><b>le campagne italiane dall&#8217;estero<\/b><\/span><\/span><span style=\"font-family: Verdana;\"><span style=\"font-size: medium;\"> (Est Europa e Nord Africa) e che attualmente sono<\/span><\/span> <span style=\"font-family: Verdana;\"><span style=\"font-size: medium;\">rimasti nel loro paese un po\u2019 a causa della chiusura delle frontiere un po\u2019 per il forte timore del virus.<\/span><\/span><span style=\"font-family: Verdana;\"><span style=\"font-size: medium;\"><b> Senza un intervento immediato<\/b><\/span><\/span><span style=\"font-family: Verdana;\"><span style=\"font-size: medium;\"> la chiusura dei confini alle persone, si ripercuoter\u00e0 disastrosamente mettendo <\/span><\/span><span style=\"font-family: Verdana;\"><span style=\"font-size: medium;\"><b>a rischio pi\u00f9 di un quarto del made in Italy che ogni anno arriva sulle nostre tavole<\/b><\/span><\/span><span style=\"font-family: Verdana;\"><span style=\"font-size: medium;\"> grazie alla raccolta per mano di rumeni, marocchini, indiani, albanesi, senegalesi, polacchi, tunisini, bulgari, macedoni e pakistani. \u201c <\/span><\/span><span style=\"font-family: Verdana;\"><span style=\"font-size: medium;\"><i>Se \u00e8 vero che questa situazione porter\u00e0 l&#8217;agricoltura a cercare soluzioni pi\u00f9 smart e tecnologiche rispetto al passato, \u00e8 anche vero<\/i><\/span><\/span><span style=\"font-family: Verdana;\"><span style=\"font-size: medium;\"> \u2013 conclude Pasi \u2013 c<\/span><\/span><span style=\"font-family: Verdana;\"><span style=\"font-size: medium;\"><i>he nel nostro mondo quei processi di meccanizzazione che in altri settori stanno garantendo la continuit\u00e0 del lavoro, sono al momento impossibili da attuare, considerando che l&#8217;85% delle lavorazioni viene realizzata dall&#8217;uomo<\/i><\/span><\/span><span style=\"font-family: Verdana;\"><span style=\"font-size: medium;\">\u201d.<\/span><\/span><span style=\"font-family: Verdana;\"><span style=\"font-size: medium;\"><b> Dunque che ne sar\u00e0 nei prossimi mesi dell&#8217;agricoltura italiana<\/b><\/span><\/span><span style=\"font-family: Verdana;\"><span style=\"font-size: medium;\">? Le campagne rimarranno vuote di braccianti ma ricche di ortaggi e frutti? Un&#8217;immagine inquietante e che richiede soluzioni immediate affinch\u00e9 non si realizzi e rimanga soltanto una preoccupante fantasia. <\/span><\/span><\/span><\/span><\/span><\/p>\n<p align=\"JUSTIFY\"><span style=\"font-family: Verdana;\"><span style=\"font-size: small;\"><a href=\"http:\/\/www.geoplantvivai.com\/\">http:\/\/www.geoplantvivai.com\/<\/a> <\/span><\/span><\/p>\n<p align=\"JUSTIFY\">\n","protected":false},"excerpt":{"rendered":"<p>Lucilla Danesi e Gianluca Pasi, soci e responsabili commerciali dell&#8217;azienda vivaistica ravennate, commentano le ripercussioni del Covid19 su tutto il comparto agricolo invitando associazioni di categoria e amministrazioni a un&#8217;immediata presa di posizione \u201cSe da qui a poche settimane la situazione non si risolve e non si percepisce che si possa risolvere sar\u00e0 un problema per tutta l&#8217;esportazione agroalimentare\u201d. A parlare \u00e8 Lucilla Danesi, Responsabile Commerciale fragola dell&#8217;azienda vivaistica Geoplant<\/p>\n<p><a class=\"continue-reading\" href=\"https:\/\/www.article-marketing.eu\/comunicatistampa\/virus-blocca-export-agroalimentare-ecco-lallarme-di-geoplant-vivai-barriere-sanitarie-non-diventino-barriere-protezionistiche\/\">Continue reading&#8230;<\/a><\/p>\n","protected":false},"author":397,"featured_media":0,"comment_status":"open","ping_status":"open","sticky":false,"template":"","format":"standard","meta":{"_monsterinsights_skip_tracking":false,"_monsterinsights_sitenote_active":false,"_monsterinsights_sitenote_note":"","_monsterinsights_sitenote_category":0,"footnotes":""},"categories":[78],"tags":[5937,5938,5939,4094,4095,4096,5438],"class_list":["post-14294","post","type-post","status-publish","format-standard","hentry","category-comunicati-stampa","tag-agricoltura-italiana","tag-emergenza-covid19","tag-export-covid19","tag-geoplant-vivai","tag-piante-da-fragola","tag-piante-da-frutto","tag-vivaismo"],"yoast_head":"<!-- This site is optimized with the Yoast SEO plugin v27.3 - https:\/\/yoast.com\/product\/yoast-seo-wordpress\/ -->\n<title>Virus blocca export agroalimentare, ecco l&#039;allarme di Geoplant Vivai: \u201cBarriere sanitarie non diventino barriere protezionistiche\u201d - Article Marketing<\/title>\n<meta name=\"robots\" content=\"index, follow, max-snippet:-1, max-image-preview:large, max-video-preview:-1\" \/>\n<link rel=\"canonical\" href=\"https:\/\/www.article-marketing.eu\/comunicatistampa\/virus-blocca-export-agroalimentare-ecco-lallarme-di-geoplant-vivai-barriere-sanitarie-non-diventino-barriere-protezionistiche\/\" \/>\n<meta property=\"og:locale\" content=\"it_IT\" \/>\n<meta property=\"og:type\" content=\"article\" \/>\n<meta property=\"og:title\" content=\"Virus blocca export agroalimentare, ecco l&#039;allarme di Geoplant Vivai: \u201cBarriere sanitarie non diventino barriere protezionistiche\u201d - Article Marketing\" \/>\n<meta property=\"og:description\" content=\"Lucilla Danesi e Gianluca Pasi, soci e responsabili commerciali dell&#8217;azienda vivaistica ravennate, commentano le ripercussioni del Covid19 su tutto il comparto agricolo invitando associazioni di categoria e amministrazioni a un&#8217;immediata presa di posizione \u201cSe da qui a poche settimane la situazione non si risolve e non si percepisce che si possa risolvere sar\u00e0 un problema per tutta l&#8217;esportazione agroalimentare\u201d. A parlare \u00e8 Lucilla Danesi, Responsabile Commerciale fragola dell&#8217;azienda vivaistica GeoplantContinue reading...\" \/>\n<meta property=\"og:url\" content=\"https:\/\/www.article-marketing.eu\/comunicatistampa\/virus-blocca-export-agroalimentare-ecco-lallarme-di-geoplant-vivai-barriere-sanitarie-non-diventino-barriere-protezionistiche\/\" \/>\n<meta property=\"og:site_name\" content=\"Article Marketing\" \/>\n<meta property=\"article:published_time\" content=\"2020-03-20T20:45:36+00:00\" \/>\n<meta name=\"author\" content=\"Borderline Agency\" \/>\n<meta name=\"twitter:card\" content=\"summary_large_image\" \/>\n<meta name=\"twitter:label1\" content=\"Scritto da\" \/>\n\t<meta name=\"twitter:data1\" content=\"Borderline Agency\" \/>\n\t<meta name=\"twitter:label2\" content=\"Tempo di lettura stimato\" \/>\n\t<meta name=\"twitter:data2\" content=\"3 minuti\" \/>\n<script type=\"application\/ld+json\" class=\"yoast-schema-graph\">{\"@context\":\"https:\\\/\\\/schema.org\",\"@graph\":[{\"@type\":\"Article\",\"@id\":\"https:\\\/\\\/www.article-marketing.eu\\\/comunicatistampa\\\/virus-blocca-export-agroalimentare-ecco-lallarme-di-geoplant-vivai-barriere-sanitarie-non-diventino-barriere-protezionistiche\\\/#article\",\"isPartOf\":{\"@id\":\"https:\\\/\\\/www.article-marketing.eu\\\/comunicatistampa\\\/virus-blocca-export-agroalimentare-ecco-lallarme-di-geoplant-vivai-barriere-sanitarie-non-diventino-barriere-protezionistiche\\\/\"},\"author\":{\"name\":\"Borderline Agency\",\"@id\":\"https:\\\/\\\/www.article-marketing.eu\\\/comunicatistampa\\\/#\\\/schema\\\/person\\\/1c4ab1c7aad84347e26e78235da6ff1b\"},\"headline\":\"Virus blocca export agroalimentare, ecco l&#8217;allarme di Geoplant Vivai: \u201cBarriere sanitarie non diventino barriere protezionistiche\u201d\",\"datePublished\":\"2020-03-20T20:45:36+00:00\",\"mainEntityOfPage\":{\"@id\":\"https:\\\/\\\/www.article-marketing.eu\\\/comunicatistampa\\\/virus-blocca-export-agroalimentare-ecco-lallarme-di-geoplant-vivai-barriere-sanitarie-non-diventino-barriere-protezionistiche\\\/\"},\"wordCount\":661,\"commentCount\":0,\"keywords\":[\"Agricoltura italiana\",\"Emergenza Covid19\",\"Export Covid19\",\"Geoplant Vivai\",\"piante da fragola\",\"piante da frutto\",\"vivaismo\"],\"articleSection\":[\"Comunicati stampa\"],\"inLanguage\":\"it-IT\",\"potentialAction\":[{\"@type\":\"CommentAction\",\"name\":\"Comment\",\"target\":[\"https:\\\/\\\/www.article-marketing.eu\\\/comunicatistampa\\\/virus-blocca-export-agroalimentare-ecco-lallarme-di-geoplant-vivai-barriere-sanitarie-non-diventino-barriere-protezionistiche\\\/#respond\"]}]},{\"@type\":\"WebPage\",\"@id\":\"https:\\\/\\\/www.article-marketing.eu\\\/comunicatistampa\\\/virus-blocca-export-agroalimentare-ecco-lallarme-di-geoplant-vivai-barriere-sanitarie-non-diventino-barriere-protezionistiche\\\/\",\"url\":\"https:\\\/\\\/www.article-marketing.eu\\\/comunicatistampa\\\/virus-blocca-export-agroalimentare-ecco-lallarme-di-geoplant-vivai-barriere-sanitarie-non-diventino-barriere-protezionistiche\\\/\",\"name\":\"Virus blocca export agroalimentare, ecco l'allarme di Geoplant Vivai: \u201cBarriere sanitarie non diventino barriere protezionistiche\u201d - Article Marketing\",\"isPartOf\":{\"@id\":\"https:\\\/\\\/www.article-marketing.eu\\\/comunicatistampa\\\/#website\"},\"datePublished\":\"2020-03-20T20:45:36+00:00\",\"author\":{\"@id\":\"https:\\\/\\\/www.article-marketing.eu\\\/comunicatistampa\\\/#\\\/schema\\\/person\\\/1c4ab1c7aad84347e26e78235da6ff1b\"},\"breadcrumb\":{\"@id\":\"https:\\\/\\\/www.article-marketing.eu\\\/comunicatistampa\\\/virus-blocca-export-agroalimentare-ecco-lallarme-di-geoplant-vivai-barriere-sanitarie-non-diventino-barriere-protezionistiche\\\/#breadcrumb\"},\"inLanguage\":\"it-IT\",\"potentialAction\":[{\"@type\":\"ReadAction\",\"target\":[\"https:\\\/\\\/www.article-marketing.eu\\\/comunicatistampa\\\/virus-blocca-export-agroalimentare-ecco-lallarme-di-geoplant-vivai-barriere-sanitarie-non-diventino-barriere-protezionistiche\\\/\"]}]},{\"@type\":\"BreadcrumbList\",\"@id\":\"https:\\\/\\\/www.article-marketing.eu\\\/comunicatistampa\\\/virus-blocca-export-agroalimentare-ecco-lallarme-di-geoplant-vivai-barriere-sanitarie-non-diventino-barriere-protezionistiche\\\/#breadcrumb\",\"itemListElement\":[{\"@type\":\"ListItem\",\"position\":1,\"name\":\"Home\",\"item\":\"https:\\\/\\\/www.article-marketing.eu\\\/comunicatistampa\\\/\"},{\"@type\":\"ListItem\",\"position\":2,\"name\":\"Virus blocca export agroalimentare, ecco l&#8217;allarme di Geoplant Vivai: \u201cBarriere sanitarie non diventino barriere protezionistiche\u201d\"}]},{\"@type\":\"WebSite\",\"@id\":\"https:\\\/\\\/www.article-marketing.eu\\\/comunicatistampa\\\/#website\",\"url\":\"https:\\\/\\\/www.article-marketing.eu\\\/comunicatistampa\\\/\",\"name\":\"Article Marketing\",\"description\":\"article marketing &amp; press release\",\"potentialAction\":[{\"@type\":\"SearchAction\",\"target\":{\"@type\":\"EntryPoint\",\"urlTemplate\":\"https:\\\/\\\/www.article-marketing.eu\\\/comunicatistampa\\\/?s={search_term_string}\"},\"query-input\":{\"@type\":\"PropertyValueSpecification\",\"valueRequired\":true,\"valueName\":\"search_term_string\"}}],\"inLanguage\":\"it-IT\"},{\"@type\":\"Person\",\"@id\":\"https:\\\/\\\/www.article-marketing.eu\\\/comunicatistampa\\\/#\\\/schema\\\/person\\\/1c4ab1c7aad84347e26e78235da6ff1b\",\"name\":\"Borderline Agency\",\"image\":{\"@type\":\"ImageObject\",\"inLanguage\":\"it-IT\",\"@id\":\"https:\\\/\\\/secure.gravatar.com\\\/avatar\\\/741fa053101610cb0be7dc835c116926549ae4ae2142ff35eac04d78fda61461?s=96&d=mm&r=g\",\"url\":\"https:\\\/\\\/secure.gravatar.com\\\/avatar\\\/741fa053101610cb0be7dc835c116926549ae4ae2142ff35eac04d78fda61461?s=96&d=mm&r=g\",\"contentUrl\":\"https:\\\/\\\/secure.gravatar.com\\\/avatar\\\/741fa053101610cb0be7dc835c116926549ae4ae2142ff35eac04d78fda61461?s=96&d=mm&r=g\",\"caption\":\"Borderline Agency\"},\"url\":\"https:\\\/\\\/www.article-marketing.eu\\\/comunicatistampa\\\/author\\\/borderline-agency\\\/\"}]}<\/script>\n<!-- \/ Yoast SEO plugin. -->","yoast_head_json":{"title":"Virus blocca export agroalimentare, ecco l'allarme di Geoplant Vivai: \u201cBarriere sanitarie non diventino barriere protezionistiche\u201d - Article Marketing","robots":{"index":"index","follow":"follow","max-snippet":"max-snippet:-1","max-image-preview":"max-image-preview:large","max-video-preview":"max-video-preview:-1"},"canonical":"https:\/\/www.article-marketing.eu\/comunicatistampa\/virus-blocca-export-agroalimentare-ecco-lallarme-di-geoplant-vivai-barriere-sanitarie-non-diventino-barriere-protezionistiche\/","og_locale":"it_IT","og_type":"article","og_title":"Virus blocca export agroalimentare, ecco l'allarme di Geoplant Vivai: \u201cBarriere sanitarie non diventino barriere protezionistiche\u201d - Article Marketing","og_description":"Lucilla Danesi e Gianluca Pasi, soci e responsabili commerciali dell&#8217;azienda vivaistica ravennate, commentano le ripercussioni del Covid19 su tutto il comparto agricolo invitando associazioni di categoria e amministrazioni a un&#8217;immediata presa di posizione \u201cSe da qui a poche settimane la situazione non si risolve e non si percepisce che si possa risolvere sar\u00e0 un problema per tutta l&#8217;esportazione agroalimentare\u201d. A parlare \u00e8 Lucilla Danesi, Responsabile Commerciale fragola dell&#8217;azienda vivaistica GeoplantContinue reading...","og_url":"https:\/\/www.article-marketing.eu\/comunicatistampa\/virus-blocca-export-agroalimentare-ecco-lallarme-di-geoplant-vivai-barriere-sanitarie-non-diventino-barriere-protezionistiche\/","og_site_name":"Article Marketing","article_published_time":"2020-03-20T20:45:36+00:00","author":"Borderline Agency","twitter_card":"summary_large_image","twitter_misc":{"Scritto da":"Borderline Agency","Tempo di lettura stimato":"3 minuti"},"schema":{"@context":"https:\/\/schema.org","@graph":[{"@type":"Article","@id":"https:\/\/www.article-marketing.eu\/comunicatistampa\/virus-blocca-export-agroalimentare-ecco-lallarme-di-geoplant-vivai-barriere-sanitarie-non-diventino-barriere-protezionistiche\/#article","isPartOf":{"@id":"https:\/\/www.article-marketing.eu\/comunicatistampa\/virus-blocca-export-agroalimentare-ecco-lallarme-di-geoplant-vivai-barriere-sanitarie-non-diventino-barriere-protezionistiche\/"},"author":{"name":"Borderline Agency","@id":"https:\/\/www.article-marketing.eu\/comunicatistampa\/#\/schema\/person\/1c4ab1c7aad84347e26e78235da6ff1b"},"headline":"Virus blocca export agroalimentare, ecco l&#8217;allarme di Geoplant Vivai: \u201cBarriere sanitarie non diventino barriere protezionistiche\u201d","datePublished":"2020-03-20T20:45:36+00:00","mainEntityOfPage":{"@id":"https:\/\/www.article-marketing.eu\/comunicatistampa\/virus-blocca-export-agroalimentare-ecco-lallarme-di-geoplant-vivai-barriere-sanitarie-non-diventino-barriere-protezionistiche\/"},"wordCount":661,"commentCount":0,"keywords":["Agricoltura italiana","Emergenza Covid19","Export Covid19","Geoplant Vivai","piante da fragola","piante da frutto","vivaismo"],"articleSection":["Comunicati stampa"],"inLanguage":"it-IT","potentialAction":[{"@type":"CommentAction","name":"Comment","target":["https:\/\/www.article-marketing.eu\/comunicatistampa\/virus-blocca-export-agroalimentare-ecco-lallarme-di-geoplant-vivai-barriere-sanitarie-non-diventino-barriere-protezionistiche\/#respond"]}]},{"@type":"WebPage","@id":"https:\/\/www.article-marketing.eu\/comunicatistampa\/virus-blocca-export-agroalimentare-ecco-lallarme-di-geoplant-vivai-barriere-sanitarie-non-diventino-barriere-protezionistiche\/","url":"https:\/\/www.article-marketing.eu\/comunicatistampa\/virus-blocca-export-agroalimentare-ecco-lallarme-di-geoplant-vivai-barriere-sanitarie-non-diventino-barriere-protezionistiche\/","name":"Virus blocca export agroalimentare, ecco l'allarme di Geoplant Vivai: \u201cBarriere sanitarie non diventino barriere protezionistiche\u201d - Article Marketing","isPartOf":{"@id":"https:\/\/www.article-marketing.eu\/comunicatistampa\/#website"},"datePublished":"2020-03-20T20:45:36+00:00","author":{"@id":"https:\/\/www.article-marketing.eu\/comunicatistampa\/#\/schema\/person\/1c4ab1c7aad84347e26e78235da6ff1b"},"breadcrumb":{"@id":"https:\/\/www.article-marketing.eu\/comunicatistampa\/virus-blocca-export-agroalimentare-ecco-lallarme-di-geoplant-vivai-barriere-sanitarie-non-diventino-barriere-protezionistiche\/#breadcrumb"},"inLanguage":"it-IT","potentialAction":[{"@type":"ReadAction","target":["https:\/\/www.article-marketing.eu\/comunicatistampa\/virus-blocca-export-agroalimentare-ecco-lallarme-di-geoplant-vivai-barriere-sanitarie-non-diventino-barriere-protezionistiche\/"]}]},{"@type":"BreadcrumbList","@id":"https:\/\/www.article-marketing.eu\/comunicatistampa\/virus-blocca-export-agroalimentare-ecco-lallarme-di-geoplant-vivai-barriere-sanitarie-non-diventino-barriere-protezionistiche\/#breadcrumb","itemListElement":[{"@type":"ListItem","position":1,"name":"Home","item":"https:\/\/www.article-marketing.eu\/comunicatistampa\/"},{"@type":"ListItem","position":2,"name":"Virus blocca export agroalimentare, ecco l&#8217;allarme di Geoplant Vivai: \u201cBarriere sanitarie non diventino barriere protezionistiche\u201d"}]},{"@type":"WebSite","@id":"https:\/\/www.article-marketing.eu\/comunicatistampa\/#website","url":"https:\/\/www.article-marketing.eu\/comunicatistampa\/","name":"Article Marketing","description":"article marketing &amp; press release","potentialAction":[{"@type":"SearchAction","target":{"@type":"EntryPoint","urlTemplate":"https:\/\/www.article-marketing.eu\/comunicatistampa\/?s={search_term_string}"},"query-input":{"@type":"PropertyValueSpecification","valueRequired":true,"valueName":"search_term_string"}}],"inLanguage":"it-IT"},{"@type":"Person","@id":"https:\/\/www.article-marketing.eu\/comunicatistampa\/#\/schema\/person\/1c4ab1c7aad84347e26e78235da6ff1b","name":"Borderline Agency","image":{"@type":"ImageObject","inLanguage":"it-IT","@id":"https:\/\/secure.gravatar.com\/avatar\/741fa053101610cb0be7dc835c116926549ae4ae2142ff35eac04d78fda61461?s=96&d=mm&r=g","url":"https:\/\/secure.gravatar.com\/avatar\/741fa053101610cb0be7dc835c116926549ae4ae2142ff35eac04d78fda61461?s=96&d=mm&r=g","contentUrl":"https:\/\/secure.gravatar.com\/avatar\/741fa053101610cb0be7dc835c116926549ae4ae2142ff35eac04d78fda61461?s=96&d=mm&r=g","caption":"Borderline Agency"},"url":"https:\/\/www.article-marketing.eu\/comunicatistampa\/author\/borderline-agency\/"}]}},"_links":{"self":[{"href":"https:\/\/www.article-marketing.eu\/comunicatistampa\/wp-json\/wp\/v2\/posts\/14294","targetHints":{"allow":["GET"]}}],"collection":[{"href":"https:\/\/www.article-marketing.eu\/comunicatistampa\/wp-json\/wp\/v2\/posts"}],"about":[{"href":"https:\/\/www.article-marketing.eu\/comunicatistampa\/wp-json\/wp\/v2\/types\/post"}],"author":[{"embeddable":true,"href":"https:\/\/www.article-marketing.eu\/comunicatistampa\/wp-json\/wp\/v2\/users\/397"}],"replies":[{"embeddable":true,"href":"https:\/\/www.article-marketing.eu\/comunicatistampa\/wp-json\/wp\/v2\/comments?post=14294"}],"version-history":[{"count":2,"href":"https:\/\/www.article-marketing.eu\/comunicatistampa\/wp-json\/wp\/v2\/posts\/14294\/revisions"}],"predecessor-version":[{"id":14312,"href":"https:\/\/www.article-marketing.eu\/comunicatistampa\/wp-json\/wp\/v2\/posts\/14294\/revisions\/14312"}],"wp:attachment":[{"href":"https:\/\/www.article-marketing.eu\/comunicatistampa\/wp-json\/wp\/v2\/media?parent=14294"}],"wp:term":[{"taxonomy":"category","embeddable":true,"href":"https:\/\/www.article-marketing.eu\/comunicatistampa\/wp-json\/wp\/v2\/categories?post=14294"},{"taxonomy":"post_tag","embeddable":true,"href":"https:\/\/www.article-marketing.eu\/comunicatistampa\/wp-json\/wp\/v2\/tags?post=14294"}],"curies":[{"name":"wp","href":"https:\/\/api.w.org\/{rel}","templated":true}]}}