{"id":14299,"date":"2020-03-20T22:00:58","date_gmt":"2020-03-20T21:00:58","guid":{"rendered":"https:\/\/www.article-marketing.eu\/comunicatistampa\/?p=14299"},"modified":"2020-03-20T22:00:58","modified_gmt":"2020-03-20T21:00:58","slug":"videoconferenze-smart-working-comunicazione-in-emergenza-e-hse","status":"publish","type":"post","link":"https:\/\/www.article-marketing.eu\/comunicatistampa\/videoconferenze-smart-working-comunicazione-in-emergenza-e-hse\/","title":{"rendered":"Videoconferenze: smart working, comunicazione in emergenza e HSE"},"content":{"rendered":"<h2>Comunicato Stampa<\/h2>\n<h2>Videoconferenze: smart working, comunicazione in emergenza e HSE<\/h2>\n<p><strong><em>Durante l\u2019emergenza COVID-19 tre videoconferenze permettono di approfondire diversi temi rilevanti in questa situazione: le attivit\u00e0 in smart working, la comunicazione nella gestione dell\u2019emergenza e il ruolo del professionista HSE.<\/em><\/strong><\/p>\n<p><strong><em>\u00a0<\/em><\/strong><\/p>\n<p>Se in relazione all&#8217;evolversi della situazione epidemiologica correlata al <strong>nuovo coronavirus<\/strong> sono stati sospesi sull\u2019intero territorio nazionale i corsi professionali e attivit\u00e0 le formative in aula, \u00e8 tuttavia possibile, qualora l\u2019organizzazione aziendale lo permetta, effettuare attivit\u00e0 di <strong>formazione a distanza<\/strong>.<\/p>\n<p>Un\u2019efficace forma di formazione alternativa alla formazione in aula \u00e8 rappresentata dalla <strong>videoconferenza<\/strong>.<\/p>\n<p>Le videoconferenze, una modalit\u00e0 di telecomunicazione che permette di erogare corsi sincroni tramite una piattaforma informatica che garantisce l&#8217;interazione reciproca di audio, video e dati tra pi\u00f9 persone, permette di ricreare delle aule virtuali di formazione. In questa modalit\u00e0 la comunicazione \u00e8 simultanea, i partecipanti all&#8217;evento comunicano e sono presenti nello stesso momento.<\/p>\n<p>&nbsp;<\/p>\n<p>Tuttavia per organizzare efficaci attivit\u00e0 formative in videoconferenza \u00e8 necessaria la competenza di realt\u00e0 come l\u2019<strong>Associazione Italiana Formatori ed Operatori della Sicurezza sul Lavoro<\/strong> (AiFOS) che da anni utilizzano e propongono questa forma particolare di formazione aziendale. E proprio in relazione ad alcuni aspetti rilevanti correlati all\u2019attuale gestione dell\u2019<strong>emergenza COVID-19<\/strong>, l\u2019Associazione AiFOS organizza nei primi giorni di aprile 2020 tre diverse videoconferenze:<\/p>\n<ul>\n<li><strong>Smart working: regole, prassi e prospettive<\/strong>;<\/li>\n<li><strong>Le sfide del professionista HSE: check \u2013 point sulle competenze<\/strong>;<\/li>\n<li><strong>L\u2019importanza della comunicazione nella gestione dell\u2019emergenza<\/strong>.<\/li>\n<\/ul>\n<p>&nbsp;<\/p>\n<p><strong>Smart working: regole, prassi e prospettive<\/strong><\/p>\n<p>La prima videoconferenza (<strong>4 ore<\/strong>) \u00e8 organizzata l\u2019<strong>1 aprile 2020<\/strong>, dalle ore 9.00 alle ore 13.00, e tratta una modalit\u00e0 di lavoro che, a causa dell\u2019emergenza COVID-19. sta coinvolgendo un numero sempre pi\u00f9 grande di lavoratori: lo <strong>smart working<\/strong>.<\/p>\n<p>&nbsp;<\/p>\n<p>Nella videoconferenza \u201c<strong>Smart working: regole, prassi e prospettive<\/strong>\u201d si forniscono ai partecipanti indicazioni sulla gestione del personale in smart working e in modalit\u00e0 diverse dal lavoro in presenza fisica (es.: telelavoro) partendo dalla vigente regolamentazione dello smart working, del lavoro agile, soffermandosi sulle deroghe legate all\u2019emergenza da Coronavirus e sulle prassi utilizzate dalle aziende in questi anni e nelle ultime settimane.<\/p>\n<p>&nbsp;<\/p>\n<p>Verr\u00e0 privilegiata al massimo l\u2019interattivit\u00e0, con possibilit\u00e0 per i partecipanti di porre in qualsiasi momento i loro quesiti ottenendo immediata risposta.<\/p>\n<p>&nbsp;<\/p>\n<p>Il docente \u00e8 <strong>Lorenzo Fantini<\/strong>, consulente e docente in materia di prevenzione di infortuni e malattie professionali, direttore dei quaderni AiFOS, giuslavorista e gi\u00e0 dirigente delle divisioni salute e sicurezza del Ministero del lavoro negli anni tra il 2003 e il 2013.<\/p>\n<p>&nbsp;<\/p>\n<p>La partecipazione alla videoconferenza vale come 4 ore di <strong>aggiornamento<\/strong> per RSPP\/ASPP, Formatori qualificati (area 1) e Coordinatori alla sicurezza. Il corso \u00e8 valido anche ai fini della formazione specifica prevista per il Manager HSE (area tecnica in materia di sicurezza sul lavoro) e ai fini della formazione necessaria per l&#8217;iscrizione al Registro Consulenti AiFOS.<\/p>\n<p>&nbsp;<\/p>\n<p>Per avere informazioni e iscriversi alla videoconferenza \u00e8 possibile utilizzare questo link:<\/p>\n<p><a href=\"https:\/\/aifos.org\/home\/formazione\/videoconferenza\/normativa-organizzativa\/area1\/smart_working_regole_prassi_e_prospettive\">https:\/\/aifos.org\/home\/formazione\/videoconferenza\/normativa-organizzativa\/area1\/smart_working_regole_prassi_e_prospettive<\/a><\/p>\n<p>&nbsp;<\/p>\n<p><strong>Le sfide del professionista HSE: check \u2013 point sulle competenze<\/strong><\/p>\n<p>La seconda videoconferenza (<strong>4 ore<\/strong>) si terr\u00e0 il <strong>2 aprile 2020<\/strong> dalle 9:00 alle 13:00 e affronter\u00e0 il ruolo del professionista HSE, un ruolo molto importante anche in relazione alla gestione dell\u2019emergenza coronavirus.<\/p>\n<p>&nbsp;<\/p>\n<p>Nella videoconferenza \u201c<strong>Le sfide del professionista HSE. Check-point sulle competenze<\/strong>\u201d si parler\u00e0 della recente norma UNI 11720 che ha identificato i requisiti di conoscenza, abilit\u00e0 e competenza dell&#8217;HSE Manager. Essere un professionista HSE oggi richiede un check-point sulle proprie competenze tecniche e manageriali. Quali favoriscono oggi l&#8217;affrontare un cambiamento cos\u00ec importante in questo momento di grande sfida? \u00c8 importante capire come poter migliorare le proprie competenze personali e manageriali, al fine di gestire funzionalmente dinamiche individuali e di squadra, nell&#8217;ottica di un miglioramento dei propri risultati in ambito HSE ma non solo.<\/p>\n<p>&nbsp;<\/p>\n<p>I docenti:<\/p>\n<ul>\n<li><strong>Paola Olini<\/strong>: formatrice esperta in organizzazione e sviluppo del benessere aziendale<\/li>\n<li><strong>Lucio Fattori<\/strong>: formatore e consulente esperto in materia di salute e sicurezza sul lavoro<\/li>\n<\/ul>\n<p>&nbsp;<\/p>\n<p>La partecipazione alla videoconferenza vale come 4 ore di <strong>aggiornamento<\/strong> per RSPP\/ASPP, Formatori qualificati (area 3) e Coordinatori alla sicurezza. Il corso \u00e8 valido anche ai fini della formazione specifica prevista per il Manager HSE (area organizzativa gestionale) e ai fini della formazione necessaria per l&#8217;iscrizione al Registro Consulenti AiFOS.<\/p>\n<p>&nbsp;<\/p>\n<p>Per avere informazioni e iscriversi alla videoconferenza \u00e8 possibile utilizzare questo link:<\/p>\n<p><a href=\"https:\/\/aifos.org\/home\/formazione\/videoconferenza\/relazioni-comunicazione\/area3\/le_sfide_del_professionista_hse\">https:\/\/aifos.org\/home\/formazione\/videoconferenza\/relazioni-comunicazione\/area3\/le_sfide_del_professionista_hse<\/a><\/p>\n<p>&nbsp;<\/p>\n<p><strong>L\u2019importanza della comunicazione nella gestione dell\u2019emergenza<\/strong><\/p>\n<p>La terza videoconferenza (<strong>2 ore<\/strong>) si terr\u00e0 il <strong>7 aprile 2020<\/strong> dalle 15:00 alle 17:00 e affronter\u00e0 direttamente la gestione delle emergenze dal punto di vista della comunicazione.<\/p>\n<p>&nbsp;<\/p>\n<p>La videoconferenza \u201c<strong>L\u2019importanza della comunicazione nella gestione dell\u2019emergenza<\/strong>\u201d avr\u00e0 due obiettivi principali: fornire consigli agli addetti e ai coordinatori in merito alla corretta comunicazione da attuare in emergenza e fornire strumenti ai datori e agli RSPP per aggiornare i piani di emergenza e renderli pi\u00f9 attuabili nel concreto.<\/p>\n<p>&nbsp;<\/p>\n<p>Il docente \u00e8 <strong>Massimiliano Longhi<\/strong>, formatore, consulente, emergency manager in ambito antincendio e nel settore prevenzione, pianificazione e gestione delle emergenze, a favore sia di aziende che di enti pubblici (protezione civile).<\/p>\n<p>&nbsp;<\/p>\n<p>La partecipazione alla videoconferenza vale come 2 ore di <strong>aggiornamento<\/strong> per RSPP\/ASPP, Formatori qualificati (area 2) e Coordinatori alla sicurezza. Il corso \u00e8 valido anche ai fini della formazione specifica prevista per il Manager HSE (area tecnica in materia di sicurezza sul lavoro) e ai fini della formazione necessaria per l&#8217;iscrizione al Registro Consulenti AiFOS.<\/p>\n<p>&nbsp;<\/p>\n<p>Per avere informazioni e iscriversi alla videoconferenza \u00e8 possibile utilizzare questo link:<\/p>\n<p><a href=\"https:\/\/aifos.org\/home\/formazione\/videoconferenza\/rischi-tecnici-igenico-sanitari\/area2\/l_importanza_della_comunicazione_nella_gestione_dell_emergenza\">https:\/\/aifos.org\/home\/formazione\/videoconferenza\/rischi-tecnici-igenico-sanitari\/area2\/l_importanza_della_comunicazione_nella_gestione_dell_emergenza<\/a><\/p>\n<p>&nbsp;<\/p>\n<p><strong><em>\u00a0<\/em><\/strong><\/p>\n<p>Per <strong>informazioni<\/strong>:<\/p>\n<p><strong>Sede nazionale AiFOS<\/strong> &#8211; via Branze, 45 &#8211; 25123 Brescia c\/o CSMT, Universit\u00e0 degli Studi di Brescia &#8211; tel. 030.6595035 &#8211; fax 030.6595040 www.aifos.it &#8211; info@aifos.it &#8211; gototraining@aifos.it<\/p>\n<p>&nbsp;<\/p>\n<p><em>\u00a0<\/em><\/p>\n<p><em>\u00a0<\/em><\/p>\n<p><em>\u00a0<\/em><\/p>\n<p><em>19 marzo 2020<\/em><\/p>\n<p>&nbsp;<\/p>\n<p>Ufficio Stampa di AiFOS<\/p>\n<p>ufficiostampa@aifos.it<\/p>\n<p>http:\/\/www.aifos.it\/<\/p>\n","protected":false},"excerpt":{"rendered":"<p>Comunicato Stampa Videoconferenze: smart working, comunicazione in emergenza e HSE Durante l\u2019emergenza COVID-19 tre videoconferenze permettono di approfondire diversi temi rilevanti in questa situazione: le attivit\u00e0 in smart working, la comunicazione nella gestione dell\u2019emergenza e il ruolo del professionista HSE. \u00a0 Se in relazione all&#8217;evolversi della situazione epidemiologica correlata al nuovo coronavirus sono stati sospesi sull\u2019intero territorio nazionale i corsi professionali e attivit\u00e0 le formative in aula, \u00e8 tuttavia possibile,<\/p>\n<p><a class=\"continue-reading\" href=\"https:\/\/www.article-marketing.eu\/comunicatistampa\/videoconferenze-smart-working-comunicazione-in-emergenza-e-hse\/\">Continue reading&#8230;<\/a><\/p>\n","protected":false},"author":881,"featured_media":0,"comment_status":"open","ping_status":"open","sticky":false,"template":"","format":"standard","meta":{"_monsterinsights_skip_tracking":false,"_monsterinsights_sitenote_active":false,"_monsterinsights_sitenote_note":"","_monsterinsights_sitenote_category":0,"footnotes":""},"categories":[78,379,386,378,394],"tags":[3301,3235,5812,5941,193,5940,5949,5945,5947,5944,5950,5943,5942,5946,5948,5951,5952],"class_list":["post-14299","post","type-post","status-publish","format-standard","hentry","category-comunicati-stampa","category-corsi","category-economia-e-lavoro","category-istruzione","category-servizi","tag-aifos","tag-brescia","tag-coronavirus","tag-emergenza-covid-19","tag-formazione","tag-formazione-a-distanza","tag-hse-manager","tag-limportanza-della-comunicazione-nella-gestione-dellemergenza","tag-lavoro-agile","tag-le-sfide-del-professionista-hse-check-point-sulle-competenze","tag-piani-di-emergenza","tag-prassi-e-prospettive","tag-smart-working-regole","tag-telelavoro","tag-uni-11720","tag-web-conference","tag-webconference"],"yoast_head":"<!-- This site is optimized with the Yoast SEO plugin v27.3 - https:\/\/yoast.com\/product\/yoast-seo-wordpress\/ -->\n<title>Videoconferenze: smart working, comunicazione in emergenza e HSE - Article Marketing<\/title>\n<meta name=\"robots\" content=\"index, follow, max-snippet:-1, max-image-preview:large, max-video-preview:-1\" \/>\n<link rel=\"canonical\" href=\"https:\/\/www.article-marketing.eu\/comunicatistampa\/videoconferenze-smart-working-comunicazione-in-emergenza-e-hse\/\" \/>\n<meta property=\"og:locale\" content=\"it_IT\" \/>\n<meta property=\"og:type\" content=\"article\" \/>\n<meta property=\"og:title\" content=\"Videoconferenze: smart working, comunicazione in emergenza e HSE - Article Marketing\" \/>\n<meta property=\"og:description\" content=\"Comunicato Stampa Videoconferenze: smart working, comunicazione in emergenza e HSE Durante l\u2019emergenza COVID-19 tre videoconferenze permettono di approfondire diversi temi rilevanti in questa situazione: le attivit\u00e0 in smart working, la comunicazione nella gestione dell\u2019emergenza e il ruolo del professionista HSE. \u00a0 Se in relazione all&#8217;evolversi della situazione epidemiologica correlata al nuovo coronavirus sono stati sospesi sull\u2019intero territorio nazionale i corsi professionali e attivit\u00e0 le formative in aula, \u00e8 tuttavia possibile,Continue reading...\" \/>\n<meta property=\"og:url\" content=\"https:\/\/www.article-marketing.eu\/comunicatistampa\/videoconferenze-smart-working-comunicazione-in-emergenza-e-hse\/\" \/>\n<meta property=\"og:site_name\" content=\"Article Marketing\" \/>\n<meta property=\"article:published_time\" content=\"2020-03-20T21:00:58+00:00\" \/>\n<meta name=\"author\" content=\"AIFUS\" \/>\n<meta name=\"twitter:card\" content=\"summary_large_image\" \/>\n<meta name=\"twitter:label1\" content=\"Scritto da\" \/>\n\t<meta name=\"twitter:data1\" content=\"AIFUS\" \/>\n\t<meta name=\"twitter:label2\" content=\"Tempo di lettura stimato\" \/>\n\t<meta name=\"twitter:data2\" content=\"5 minuti\" \/>\n<script type=\"application\/ld+json\" class=\"yoast-schema-graph\">{\"@context\":\"https:\\\/\\\/schema.org\",\"@graph\":[{\"@type\":\"Article\",\"@id\":\"https:\\\/\\\/www.article-marketing.eu\\\/comunicatistampa\\\/videoconferenze-smart-working-comunicazione-in-emergenza-e-hse\\\/#article\",\"isPartOf\":{\"@id\":\"https:\\\/\\\/www.article-marketing.eu\\\/comunicatistampa\\\/videoconferenze-smart-working-comunicazione-in-emergenza-e-hse\\\/\"},\"author\":{\"name\":\"AIFUS\",\"@id\":\"https:\\\/\\\/www.article-marketing.eu\\\/comunicatistampa\\\/#\\\/schema\\\/person\\\/d1985c4955ff71a05f49d68e3034b3cd\"},\"headline\":\"Videoconferenze: smart working, comunicazione in emergenza e HSE\",\"datePublished\":\"2020-03-20T21:00:58+00:00\",\"mainEntityOfPage\":{\"@id\":\"https:\\\/\\\/www.article-marketing.eu\\\/comunicatistampa\\\/videoconferenze-smart-working-comunicazione-in-emergenza-e-hse\\\/\"},\"wordCount\":969,\"commentCount\":0,\"keywords\":[\"Aifos\",\"Brescia\",\"coronavirus\",\"emergenza COVID-19\",\"formazione\",\"formazione a distanza\",\"HSE Manager\",\"L\u2019importanza della comunicazione nella gestione dell\u2019emergenza\",\"lavoro agile\",\"Le sfide del professionista HSE: check \u2013 point sulle competenze\",\"piani di emergenza\",\"prassi e prospettive\",\"Smart working: regole\",\"telelavoro\",\"UNI 11720\",\"web conference\",\"webconference\"],\"articleSection\":[\"Comunicati stampa\",\"Corsi\",\"Economia e lavoro\",\"Istruzione\",\"Servizi\"],\"inLanguage\":\"it-IT\",\"potentialAction\":[{\"@type\":\"CommentAction\",\"name\":\"Comment\",\"target\":[\"https:\\\/\\\/www.article-marketing.eu\\\/comunicatistampa\\\/videoconferenze-smart-working-comunicazione-in-emergenza-e-hse\\\/#respond\"]}]},{\"@type\":\"WebPage\",\"@id\":\"https:\\\/\\\/www.article-marketing.eu\\\/comunicatistampa\\\/videoconferenze-smart-working-comunicazione-in-emergenza-e-hse\\\/\",\"url\":\"https:\\\/\\\/www.article-marketing.eu\\\/comunicatistampa\\\/videoconferenze-smart-working-comunicazione-in-emergenza-e-hse\\\/\",\"name\":\"Videoconferenze: smart working, comunicazione in emergenza e HSE - Article Marketing\",\"isPartOf\":{\"@id\":\"https:\\\/\\\/www.article-marketing.eu\\\/comunicatistampa\\\/#website\"},\"datePublished\":\"2020-03-20T21:00:58+00:00\",\"author\":{\"@id\":\"https:\\\/\\\/www.article-marketing.eu\\\/comunicatistampa\\\/#\\\/schema\\\/person\\\/d1985c4955ff71a05f49d68e3034b3cd\"},\"breadcrumb\":{\"@id\":\"https:\\\/\\\/www.article-marketing.eu\\\/comunicatistampa\\\/videoconferenze-smart-working-comunicazione-in-emergenza-e-hse\\\/#breadcrumb\"},\"inLanguage\":\"it-IT\",\"potentialAction\":[{\"@type\":\"ReadAction\",\"target\":[\"https:\\\/\\\/www.article-marketing.eu\\\/comunicatistampa\\\/videoconferenze-smart-working-comunicazione-in-emergenza-e-hse\\\/\"]}]},{\"@type\":\"BreadcrumbList\",\"@id\":\"https:\\\/\\\/www.article-marketing.eu\\\/comunicatistampa\\\/videoconferenze-smart-working-comunicazione-in-emergenza-e-hse\\\/#breadcrumb\",\"itemListElement\":[{\"@type\":\"ListItem\",\"position\":1,\"name\":\"Home\",\"item\":\"https:\\\/\\\/www.article-marketing.eu\\\/comunicatistampa\\\/\"},{\"@type\":\"ListItem\",\"position\":2,\"name\":\"Videoconferenze: smart working, comunicazione in emergenza e HSE\"}]},{\"@type\":\"WebSite\",\"@id\":\"https:\\\/\\\/www.article-marketing.eu\\\/comunicatistampa\\\/#website\",\"url\":\"https:\\\/\\\/www.article-marketing.eu\\\/comunicatistampa\\\/\",\"name\":\"Article Marketing\",\"description\":\"article marketing &amp; press release\",\"potentialAction\":[{\"@type\":\"SearchAction\",\"target\":{\"@type\":\"EntryPoint\",\"urlTemplate\":\"https:\\\/\\\/www.article-marketing.eu\\\/comunicatistampa\\\/?s={search_term_string}\"},\"query-input\":{\"@type\":\"PropertyValueSpecification\",\"valueRequired\":true,\"valueName\":\"search_term_string\"}}],\"inLanguage\":\"it-IT\"},{\"@type\":\"Person\",\"@id\":\"https:\\\/\\\/www.article-marketing.eu\\\/comunicatistampa\\\/#\\\/schema\\\/person\\\/d1985c4955ff71a05f49d68e3034b3cd\",\"name\":\"AIFUS\",\"image\":{\"@type\":\"ImageObject\",\"inLanguage\":\"it-IT\",\"@id\":\"https:\\\/\\\/secure.gravatar.com\\\/avatar\\\/05cf2a2ba057667571308b94c84f00ff48766ffac95710a87491a9b3ddcee484?s=96&d=mm&r=g\",\"url\":\"https:\\\/\\\/secure.gravatar.com\\\/avatar\\\/05cf2a2ba057667571308b94c84f00ff48766ffac95710a87491a9b3ddcee484?s=96&d=mm&r=g\",\"contentUrl\":\"https:\\\/\\\/secure.gravatar.com\\\/avatar\\\/05cf2a2ba057667571308b94c84f00ff48766ffac95710a87491a9b3ddcee484?s=96&d=mm&r=g\",\"caption\":\"AIFUS\"},\"url\":\"https:\\\/\\\/www.article-marketing.eu\\\/comunicatistampa\\\/author\\\/aifus\\\/\"}]}<\/script>\n<!-- \/ Yoast SEO plugin. -->","yoast_head_json":{"title":"Videoconferenze: smart working, comunicazione in emergenza e HSE - Article Marketing","robots":{"index":"index","follow":"follow","max-snippet":"max-snippet:-1","max-image-preview":"max-image-preview:large","max-video-preview":"max-video-preview:-1"},"canonical":"https:\/\/www.article-marketing.eu\/comunicatistampa\/videoconferenze-smart-working-comunicazione-in-emergenza-e-hse\/","og_locale":"it_IT","og_type":"article","og_title":"Videoconferenze: smart working, comunicazione in emergenza e HSE - Article Marketing","og_description":"Comunicato Stampa Videoconferenze: smart working, comunicazione in emergenza e HSE Durante l\u2019emergenza COVID-19 tre videoconferenze permettono di approfondire diversi temi rilevanti in questa situazione: le attivit\u00e0 in smart working, la comunicazione nella gestione dell\u2019emergenza e il ruolo del professionista HSE. \u00a0 Se in relazione all&#8217;evolversi della situazione epidemiologica correlata al nuovo coronavirus sono stati sospesi sull\u2019intero territorio nazionale i corsi professionali e attivit\u00e0 le formative in aula, \u00e8 tuttavia possibile,Continue reading...","og_url":"https:\/\/www.article-marketing.eu\/comunicatistampa\/videoconferenze-smart-working-comunicazione-in-emergenza-e-hse\/","og_site_name":"Article Marketing","article_published_time":"2020-03-20T21:00:58+00:00","author":"AIFUS","twitter_card":"summary_large_image","twitter_misc":{"Scritto da":"AIFUS","Tempo di lettura stimato":"5 minuti"},"schema":{"@context":"https:\/\/schema.org","@graph":[{"@type":"Article","@id":"https:\/\/www.article-marketing.eu\/comunicatistampa\/videoconferenze-smart-working-comunicazione-in-emergenza-e-hse\/#article","isPartOf":{"@id":"https:\/\/www.article-marketing.eu\/comunicatistampa\/videoconferenze-smart-working-comunicazione-in-emergenza-e-hse\/"},"author":{"name":"AIFUS","@id":"https:\/\/www.article-marketing.eu\/comunicatistampa\/#\/schema\/person\/d1985c4955ff71a05f49d68e3034b3cd"},"headline":"Videoconferenze: smart working, comunicazione in emergenza e HSE","datePublished":"2020-03-20T21:00:58+00:00","mainEntityOfPage":{"@id":"https:\/\/www.article-marketing.eu\/comunicatistampa\/videoconferenze-smart-working-comunicazione-in-emergenza-e-hse\/"},"wordCount":969,"commentCount":0,"keywords":["Aifos","Brescia","coronavirus","emergenza COVID-19","formazione","formazione a distanza","HSE Manager","L\u2019importanza della comunicazione nella gestione dell\u2019emergenza","lavoro agile","Le sfide del professionista HSE: check \u2013 point sulle competenze","piani di emergenza","prassi e prospettive","Smart working: regole","telelavoro","UNI 11720","web conference","webconference"],"articleSection":["Comunicati stampa","Corsi","Economia e lavoro","Istruzione","Servizi"],"inLanguage":"it-IT","potentialAction":[{"@type":"CommentAction","name":"Comment","target":["https:\/\/www.article-marketing.eu\/comunicatistampa\/videoconferenze-smart-working-comunicazione-in-emergenza-e-hse\/#respond"]}]},{"@type":"WebPage","@id":"https:\/\/www.article-marketing.eu\/comunicatistampa\/videoconferenze-smart-working-comunicazione-in-emergenza-e-hse\/","url":"https:\/\/www.article-marketing.eu\/comunicatistampa\/videoconferenze-smart-working-comunicazione-in-emergenza-e-hse\/","name":"Videoconferenze: smart working, comunicazione in emergenza e HSE - Article Marketing","isPartOf":{"@id":"https:\/\/www.article-marketing.eu\/comunicatistampa\/#website"},"datePublished":"2020-03-20T21:00:58+00:00","author":{"@id":"https:\/\/www.article-marketing.eu\/comunicatistampa\/#\/schema\/person\/d1985c4955ff71a05f49d68e3034b3cd"},"breadcrumb":{"@id":"https:\/\/www.article-marketing.eu\/comunicatistampa\/videoconferenze-smart-working-comunicazione-in-emergenza-e-hse\/#breadcrumb"},"inLanguage":"it-IT","potentialAction":[{"@type":"ReadAction","target":["https:\/\/www.article-marketing.eu\/comunicatistampa\/videoconferenze-smart-working-comunicazione-in-emergenza-e-hse\/"]}]},{"@type":"BreadcrumbList","@id":"https:\/\/www.article-marketing.eu\/comunicatistampa\/videoconferenze-smart-working-comunicazione-in-emergenza-e-hse\/#breadcrumb","itemListElement":[{"@type":"ListItem","position":1,"name":"Home","item":"https:\/\/www.article-marketing.eu\/comunicatistampa\/"},{"@type":"ListItem","position":2,"name":"Videoconferenze: smart working, comunicazione in emergenza e HSE"}]},{"@type":"WebSite","@id":"https:\/\/www.article-marketing.eu\/comunicatistampa\/#website","url":"https:\/\/www.article-marketing.eu\/comunicatistampa\/","name":"Article Marketing","description":"article marketing &amp; press release","potentialAction":[{"@type":"SearchAction","target":{"@type":"EntryPoint","urlTemplate":"https:\/\/www.article-marketing.eu\/comunicatistampa\/?s={search_term_string}"},"query-input":{"@type":"PropertyValueSpecification","valueRequired":true,"valueName":"search_term_string"}}],"inLanguage":"it-IT"},{"@type":"Person","@id":"https:\/\/www.article-marketing.eu\/comunicatistampa\/#\/schema\/person\/d1985c4955ff71a05f49d68e3034b3cd","name":"AIFUS","image":{"@type":"ImageObject","inLanguage":"it-IT","@id":"https:\/\/secure.gravatar.com\/avatar\/05cf2a2ba057667571308b94c84f00ff48766ffac95710a87491a9b3ddcee484?s=96&d=mm&r=g","url":"https:\/\/secure.gravatar.com\/avatar\/05cf2a2ba057667571308b94c84f00ff48766ffac95710a87491a9b3ddcee484?s=96&d=mm&r=g","contentUrl":"https:\/\/secure.gravatar.com\/avatar\/05cf2a2ba057667571308b94c84f00ff48766ffac95710a87491a9b3ddcee484?s=96&d=mm&r=g","caption":"AIFUS"},"url":"https:\/\/www.article-marketing.eu\/comunicatistampa\/author\/aifus\/"}]}},"_links":{"self":[{"href":"https:\/\/www.article-marketing.eu\/comunicatistampa\/wp-json\/wp\/v2\/posts\/14299","targetHints":{"allow":["GET"]}}],"collection":[{"href":"https:\/\/www.article-marketing.eu\/comunicatistampa\/wp-json\/wp\/v2\/posts"}],"about":[{"href":"https:\/\/www.article-marketing.eu\/comunicatistampa\/wp-json\/wp\/v2\/types\/post"}],"author":[{"embeddable":true,"href":"https:\/\/www.article-marketing.eu\/comunicatistampa\/wp-json\/wp\/v2\/users\/881"}],"replies":[{"embeddable":true,"href":"https:\/\/www.article-marketing.eu\/comunicatistampa\/wp-json\/wp\/v2\/comments?post=14299"}],"version-history":[{"count":2,"href":"https:\/\/www.article-marketing.eu\/comunicatistampa\/wp-json\/wp\/v2\/posts\/14299\/revisions"}],"predecessor-version":[{"id":14314,"href":"https:\/\/www.article-marketing.eu\/comunicatistampa\/wp-json\/wp\/v2\/posts\/14299\/revisions\/14314"}],"wp:attachment":[{"href":"https:\/\/www.article-marketing.eu\/comunicatistampa\/wp-json\/wp\/v2\/media?parent=14299"}],"wp:term":[{"taxonomy":"category","embeddable":true,"href":"https:\/\/www.article-marketing.eu\/comunicatistampa\/wp-json\/wp\/v2\/categories?post=14299"},{"taxonomy":"post_tag","embeddable":true,"href":"https:\/\/www.article-marketing.eu\/comunicatistampa\/wp-json\/wp\/v2\/tags?post=14299"}],"curies":[{"name":"wp","href":"https:\/\/api.w.org\/{rel}","templated":true}]}}