{"id":14303,"date":"2020-03-20T22:01:11","date_gmt":"2020-03-20T21:01:11","guid":{"rendered":"https:\/\/www.article-marketing.eu\/comunicatistampa\/?p=14303"},"modified":"2020-03-20T22:01:11","modified_gmt":"2020-03-20T21:01:11","slug":"larte-della-parola-e-dellarte-coreutica","status":"publish","type":"post","link":"https:\/\/www.article-marketing.eu\/comunicatistampa\/larte-della-parola-e-dellarte-coreutica\/","title":{"rendered":"L\u2019Arte della Parola e dell\u2019Arte Coreutica"},"content":{"rendered":"<h4 class=\"entry-title\">L\u2019Arte della Parola e dell\u2019Arte Coreutica<\/h4>\n<p><strong>Concorso Letterario<\/strong>\u00a0e non solo: oltre alle tradizionali Sezioni previste per la\u00a0<strong>Poesia,\u00a0<\/strong>i\u00a0<strong>Racconti<\/strong>, i\u00a0<strong>Corti teatrali<\/strong>\u00a0\u00e8 presente la Sezione dedicata agli\u00a0<strong>Articoli giornalistici<\/strong>\u00a0e, novit\u00e0 assoluta, la specifica Sezione dedicata all\u2019<strong>Arte Coreutica<\/strong>.<\/p>\n<p>Molti scrittori, poeti, gi\u00e0 si cimentano nella scrittura sul tema della\u00a0<strong>Danza<\/strong>\u00a0e \u2013 altrettanto \u2013 molti danzatori amano scrivere composizioni; da questa considerazione \u00e8 scaturita la decisione di inserire la nuova\u00a0<strong>Sezione Danza<\/strong>.<\/p>\n<p>Gli scrittori \u201c<strong><em>puri<\/em><\/strong>\u201d saranno valutati solo in funzione delle qualit\u00e0 letterarie dell\u2019opera mentre per i danzatori che\u00a0<u>svolgono attivit\u00e0 di Danza<\/u>\u00a0verr\u00e0 considerata sia la rispondenza dello scritto rispetto al tema che la qualit\u00e0 coreutica espressa nel\u00a0<em><strong>breve<\/strong><\/em>\u00a0video che viene richiesto.<\/p>\n<p>Pi\u00f9 in particolare al vincitore\/vincitrice della Sezione Danza che svolge attivit\u00e0 verr\u00e0 attribuito un riconoscimento consegnato da un membro ufficiale del CID.<\/p>\n<p><a href=\"https:\/\/www.lamacinamagazine.it\/wp-content\/uploads\/2018\/05\/Logo-Ufficiale-CID-2018.jpg\"><img loading=\"lazy\" decoding=\"async\" class=\"wp-image-5143 alignleft\" src=\"https:\/\/www.lamacinamagazine.it\/wp-content\/uploads\/2018\/05\/Logo-Ufficiale-CID-2018-300x295.jpg\" alt=\"L\u2019Arte della Parola e dell\u2019Arte Coreutica\" width=\"107\" height=\"105\" \/><\/a><\/p>\n<p>&nbsp;<\/p>\n<p>&nbsp;<\/p>\n<p>La\u00a0<strong>Giuria<\/strong>\u00a0sar\u00e0 composta da scrittori, giornalisti, coreografi e docenti di danza per fornire una valutazione organica e complessiva delle opere.<\/p>\n<p>Gli\u00a0<strong>sponsor<\/strong>\u00a0sono di pregevole profilo:<\/p>\n<ul>\n<li>Il Teatro\u00a0<strong>Barnum Gianicolense<\/strong>;<\/li>\n<li>La\u00a0<strong>Banca BCC Roma;<\/strong><\/li>\n<li><strong>Concorsiletterari.net;<\/strong><\/li>\n<li><strong>Accademia delle Arti<\/strong><\/li>\n<\/ul>\n<p>ai quali esprimiamo il nostro ringraziamento.<\/p>\n<p>La Danza e la Poesia<\/p>\n<p>espressioni dell\u2019anima che si uniscono nel Concorso Letterario \u201cL\u2019Arte della parola e dell\u2019Arte Coreutica\u201d. Il Concorso prevede anche le Sezioni dedicate ai <em>Racconti<\/em>, ai <em>Corti Teatrali<\/em> e agli <em>Articoli Giornalistici<\/em>.<\/p>\n<p>Il sentimento artistico si manifesta sia attraverso la parola scritta che con il movimento armonico del corpo; l\u2019Arte nelle sue varie espressioni e declinazioni \u00e8 soggettiva ed acquisisce un ben definito senso solo se posta in relazione alla persona che crea l\u2019opera.<\/p>\n<p>Nel caso della Danza il suo significato non ha un confine rigido, ben definito; \u00e8 estremamente mobile e fluttuante come una piuma cos\u00ec come \u00e8 il pensiero umano.<\/p>\n<p>&nbsp;<\/p>\n<p>Nel ringraziare i concorrenti che ci seguiranno nel nostro Concorso Letterario edizione 2020 vi invitiamo a seguire questo link\u00a0 https:\/\/www.lamacinamagazine.it\/larte-della-parola-e-dellarte-coreutica\/ per visionare il <strong>Regolamento<\/strong>\u00a0comprensivo dell\u2019allegato.<\/p>\n<p>Grazie<\/p>\n<p>&nbsp;<\/p>\n","protected":false},"excerpt":{"rendered":"<p>L\u2019Arte della Parola e dell\u2019Arte Coreutica Concorso Letterario\u00a0e non solo: oltre alle tradizionali Sezioni previste per la\u00a0Poesia,\u00a0i\u00a0Racconti, i\u00a0Corti teatrali\u00a0\u00e8 presente la Sezione dedicata agli\u00a0Articoli giornalistici\u00a0e, novit\u00e0 assoluta, la specifica Sezione dedicata all\u2019Arte Coreutica. Molti scrittori, poeti, gi\u00e0 si cimentano nella scrittura sul tema della\u00a0Danza\u00a0e \u2013 altrettanto \u2013 molti danzatori amano scrivere composizioni; da questa considerazione \u00e8 scaturita la decisione di inserire la nuova\u00a0Sezione Danza. Gli scrittori \u201cpuri\u201d saranno valutati solo<\/p>\n<p><a class=\"continue-reading\" href=\"https:\/\/www.article-marketing.eu\/comunicatistampa\/larte-della-parola-e-dellarte-coreutica\/\">Continue reading&#8230;<\/a><\/p>\n","protected":false},"author":5603,"featured_media":0,"comment_status":"open","ping_status":"open","sticky":false,"template":"","format":"standard","meta":{"_monsterinsights_skip_tracking":false,"_monsterinsights_sitenote_active":false,"_monsterinsights_sitenote_note":"","_monsterinsights_sitenote_category":0,"footnotes":""},"categories":[407],"tags":[571,515,1160,5953,5954,732],"class_list":["post-14303","post","type-post","status-publish","format-standard","hentry","category-arte-e-cultura","tag-arte","tag-concorso","tag-danza","tag-poesie","tag-racconti","tag-roma"],"yoast_head":"<!-- This site is optimized with the Yoast SEO plugin v27.3 - https:\/\/yoast.com\/product\/yoast-seo-wordpress\/ -->\n<title>L\u2019Arte della Parola e dell\u2019Arte Coreutica - Article Marketing L\u2019Arte della Parola e dell\u2019Arte Coreutica<\/title>\n<meta name=\"description\" content=\"L\u2019Arte della Parola e dell\u2019Arte Coreutica il Concorso con le Sezioni Danza, Poesia, Racconti, Corti e Articoli Giornalistici\" \/>\n<meta name=\"robots\" content=\"index, follow, max-snippet:-1, max-image-preview:large, max-video-preview:-1\" \/>\n<link rel=\"canonical\" href=\"https:\/\/www.article-marketing.eu\/comunicatistampa\/larte-della-parola-e-dellarte-coreutica\/\" \/>\n<meta property=\"og:locale\" content=\"it_IT\" \/>\n<meta property=\"og:type\" content=\"article\" \/>\n<meta property=\"og:title\" content=\"L\u2019Arte della Parola e dell\u2019Arte Coreutica - Article Marketing L\u2019Arte della Parola e dell\u2019Arte Coreutica\" \/>\n<meta property=\"og:description\" content=\"L\u2019Arte della Parola e dell\u2019Arte Coreutica il Concorso con le Sezioni Danza, Poesia, Racconti, Corti e Articoli Giornalistici\" \/>\n<meta property=\"og:url\" content=\"https:\/\/www.article-marketing.eu\/comunicatistampa\/larte-della-parola-e-dellarte-coreutica\/\" \/>\n<meta property=\"og:site_name\" content=\"Article Marketing\" \/>\n<meta property=\"article:author\" content=\"https:\/\/www.facebook.com\/lamacina.onlus\" \/>\n<meta property=\"article:published_time\" content=\"2020-03-20T21:01:11+00:00\" \/>\n<meta property=\"og:image\" content=\"https:\/\/www.lamacinamagazine.it\/wp-content\/uploads\/2018\/05\/Logo-Ufficiale-CID-2018-300x295.jpg\" \/>\n<meta name=\"author\" content=\"La Macina Magazine\" \/>\n<meta name=\"twitter:card\" content=\"summary_large_image\" \/>\n<meta name=\"twitter:creator\" content=\"@https:\/\/twitter.com\/LAMACINAONLUS\" \/>\n<meta name=\"twitter:label1\" content=\"Scritto da\" \/>\n\t<meta name=\"twitter:data1\" content=\"La Macina Magazine\" \/>\n\t<meta name=\"twitter:label2\" content=\"Tempo di lettura stimato\" \/>\n\t<meta name=\"twitter:data2\" content=\"2 minuti\" \/>\n<script type=\"application\/ld+json\" class=\"yoast-schema-graph\">{\"@context\":\"https:\\\/\\\/schema.org\",\"@graph\":[{\"@type\":\"Article\",\"@id\":\"https:\\\/\\\/www.article-marketing.eu\\\/comunicatistampa\\\/larte-della-parola-e-dellarte-coreutica\\\/#article\",\"isPartOf\":{\"@id\":\"https:\\\/\\\/www.article-marketing.eu\\\/comunicatistampa\\\/larte-della-parola-e-dellarte-coreutica\\\/\"},\"author\":{\"name\":\"La Macina Magazine\",\"@id\":\"https:\\\/\\\/www.article-marketing.eu\\\/comunicatistampa\\\/#\\\/schema\\\/person\\\/1745353dbe89ed35550459191c7824c9\"},\"headline\":\"L\u2019Arte della Parola e dell\u2019Arte Coreutica\",\"datePublished\":\"2020-03-20T21:01:11+00:00\",\"mainEntityOfPage\":{\"@id\":\"https:\\\/\\\/www.article-marketing.eu\\\/comunicatistampa\\\/larte-della-parola-e-dellarte-coreutica\\\/\"},\"wordCount\":336,\"commentCount\":0,\"image\":{\"@id\":\"https:\\\/\\\/www.article-marketing.eu\\\/comunicatistampa\\\/larte-della-parola-e-dellarte-coreutica\\\/#primaryimage\"},\"thumbnailUrl\":\"https:\\\/\\\/www.lamacinamagazine.it\\\/wp-content\\\/uploads\\\/2018\\\/05\\\/Logo-Ufficiale-CID-2018-300x295.jpg\",\"keywords\":[\"Arte\",\"Concorso\",\"danza\",\"Poesie\",\"Racconti\",\"Roma\"],\"articleSection\":[\"Arte e cultura\"],\"inLanguage\":\"it-IT\",\"potentialAction\":[{\"@type\":\"CommentAction\",\"name\":\"Comment\",\"target\":[\"https:\\\/\\\/www.article-marketing.eu\\\/comunicatistampa\\\/larte-della-parola-e-dellarte-coreutica\\\/#respond\"]}]},{\"@type\":\"WebPage\",\"@id\":\"https:\\\/\\\/www.article-marketing.eu\\\/comunicatistampa\\\/larte-della-parola-e-dellarte-coreutica\\\/\",\"url\":\"https:\\\/\\\/www.article-marketing.eu\\\/comunicatistampa\\\/larte-della-parola-e-dellarte-coreutica\\\/\",\"name\":\"L\u2019Arte della Parola e dell\u2019Arte Coreutica - Article Marketing L\u2019Arte della Parola e dell\u2019Arte Coreutica\",\"isPartOf\":{\"@id\":\"https:\\\/\\\/www.article-marketing.eu\\\/comunicatistampa\\\/#website\"},\"primaryImageOfPage\":{\"@id\":\"https:\\\/\\\/www.article-marketing.eu\\\/comunicatistampa\\\/larte-della-parola-e-dellarte-coreutica\\\/#primaryimage\"},\"image\":{\"@id\":\"https:\\\/\\\/www.article-marketing.eu\\\/comunicatistampa\\\/larte-della-parola-e-dellarte-coreutica\\\/#primaryimage\"},\"thumbnailUrl\":\"https:\\\/\\\/www.lamacinamagazine.it\\\/wp-content\\\/uploads\\\/2018\\\/05\\\/Logo-Ufficiale-CID-2018-300x295.jpg\",\"datePublished\":\"2020-03-20T21:01:11+00:00\",\"author\":{\"@id\":\"https:\\\/\\\/www.article-marketing.eu\\\/comunicatistampa\\\/#\\\/schema\\\/person\\\/1745353dbe89ed35550459191c7824c9\"},\"description\":\"L\u2019Arte della Parola e dell\u2019Arte Coreutica il Concorso con le Sezioni Danza, Poesia, Racconti, Corti e Articoli Giornalistici\",\"breadcrumb\":{\"@id\":\"https:\\\/\\\/www.article-marketing.eu\\\/comunicatistampa\\\/larte-della-parola-e-dellarte-coreutica\\\/#breadcrumb\"},\"inLanguage\":\"it-IT\",\"potentialAction\":[{\"@type\":\"ReadAction\",\"target\":[\"https:\\\/\\\/www.article-marketing.eu\\\/comunicatistampa\\\/larte-della-parola-e-dellarte-coreutica\\\/\"]}]},{\"@type\":\"ImageObject\",\"inLanguage\":\"it-IT\",\"@id\":\"https:\\\/\\\/www.article-marketing.eu\\\/comunicatistampa\\\/larte-della-parola-e-dellarte-coreutica\\\/#primaryimage\",\"url\":\"https:\\\/\\\/www.lamacinamagazine.it\\\/wp-content\\\/uploads\\\/2018\\\/05\\\/Logo-Ufficiale-CID-2018-300x295.jpg\",\"contentUrl\":\"https:\\\/\\\/www.lamacinamagazine.it\\\/wp-content\\\/uploads\\\/2018\\\/05\\\/Logo-Ufficiale-CID-2018-300x295.jpg\"},{\"@type\":\"BreadcrumbList\",\"@id\":\"https:\\\/\\\/www.article-marketing.eu\\\/comunicatistampa\\\/larte-della-parola-e-dellarte-coreutica\\\/#breadcrumb\",\"itemListElement\":[{\"@type\":\"ListItem\",\"position\":1,\"name\":\"Home\",\"item\":\"https:\\\/\\\/www.article-marketing.eu\\\/comunicatistampa\\\/\"},{\"@type\":\"ListItem\",\"position\":2,\"name\":\"L\u2019Arte della Parola e dell\u2019Arte Coreutica\"}]},{\"@type\":\"WebSite\",\"@id\":\"https:\\\/\\\/www.article-marketing.eu\\\/comunicatistampa\\\/#website\",\"url\":\"https:\\\/\\\/www.article-marketing.eu\\\/comunicatistampa\\\/\",\"name\":\"Article Marketing\",\"description\":\"article marketing &amp; press release\",\"potentialAction\":[{\"@type\":\"SearchAction\",\"target\":{\"@type\":\"EntryPoint\",\"urlTemplate\":\"https:\\\/\\\/www.article-marketing.eu\\\/comunicatistampa\\\/?s={search_term_string}\"},\"query-input\":{\"@type\":\"PropertyValueSpecification\",\"valueRequired\":true,\"valueName\":\"search_term_string\"}}],\"inLanguage\":\"it-IT\"},{\"@type\":\"Person\",\"@id\":\"https:\\\/\\\/www.article-marketing.eu\\\/comunicatistampa\\\/#\\\/schema\\\/person\\\/1745353dbe89ed35550459191c7824c9\",\"name\":\"La Macina Magazine\",\"image\":{\"@type\":\"ImageObject\",\"inLanguage\":\"it-IT\",\"@id\":\"https:\\\/\\\/secure.gravatar.com\\\/avatar\\\/cda0654dfaa9cea252a11d3b7706406282e513bb36c8715d95f1126f7ac5a90b?s=96&d=mm&r=g\",\"url\":\"https:\\\/\\\/secure.gravatar.com\\\/avatar\\\/cda0654dfaa9cea252a11d3b7706406282e513bb36c8715d95f1126f7ac5a90b?s=96&d=mm&r=g\",\"contentUrl\":\"https:\\\/\\\/secure.gravatar.com\\\/avatar\\\/cda0654dfaa9cea252a11d3b7706406282e513bb36c8715d95f1126f7ac5a90b?s=96&d=mm&r=g\",\"caption\":\"La Macina Magazine\"},\"sameAs\":[\"https:\\\/\\\/www.lamacinamagazine.it\\\/\",\"https:\\\/\\\/www.facebook.com\\\/lamacina.onlus\",\"https:\\\/\\\/www.linkedin.com\\\/in\\\/la-macina-onlus-roma-67564941\\\/\",\"https:\\\/\\\/x.com\\\/https:\\\/\\\/twitter.com\\\/LAMACINAONLUS\"],\"url\":\"https:\\\/\\\/www.article-marketing.eu\\\/comunicatistampa\\\/author\\\/piero-casoli\\\/\"}]}<\/script>\n<!-- \/ Yoast SEO plugin. -->","yoast_head_json":{"title":"L\u2019Arte della Parola e dell\u2019Arte Coreutica - Article Marketing L\u2019Arte della Parola e dell\u2019Arte Coreutica","description":"L\u2019Arte della Parola e dell\u2019Arte Coreutica il Concorso con le Sezioni Danza, Poesia, Racconti, Corti e Articoli Giornalistici","robots":{"index":"index","follow":"follow","max-snippet":"max-snippet:-1","max-image-preview":"max-image-preview:large","max-video-preview":"max-video-preview:-1"},"canonical":"https:\/\/www.article-marketing.eu\/comunicatistampa\/larte-della-parola-e-dellarte-coreutica\/","og_locale":"it_IT","og_type":"article","og_title":"L\u2019Arte della Parola e dell\u2019Arte Coreutica - Article Marketing L\u2019Arte della Parola e dell\u2019Arte Coreutica","og_description":"L\u2019Arte della Parola e dell\u2019Arte Coreutica il Concorso con le Sezioni Danza, Poesia, Racconti, Corti e Articoli Giornalistici","og_url":"https:\/\/www.article-marketing.eu\/comunicatistampa\/larte-della-parola-e-dellarte-coreutica\/","og_site_name":"Article Marketing","article_author":"https:\/\/www.facebook.com\/lamacina.onlus","article_published_time":"2020-03-20T21:01:11+00:00","og_image":[{"url":"https:\/\/www.lamacinamagazine.it\/wp-content\/uploads\/2018\/05\/Logo-Ufficiale-CID-2018-300x295.jpg","type":"","width":"","height":""}],"author":"La Macina Magazine","twitter_card":"summary_large_image","twitter_creator":"@https:\/\/twitter.com\/LAMACINAONLUS","twitter_misc":{"Scritto da":"La Macina Magazine","Tempo di lettura stimato":"2 minuti"},"schema":{"@context":"https:\/\/schema.org","@graph":[{"@type":"Article","@id":"https:\/\/www.article-marketing.eu\/comunicatistampa\/larte-della-parola-e-dellarte-coreutica\/#article","isPartOf":{"@id":"https:\/\/www.article-marketing.eu\/comunicatistampa\/larte-della-parola-e-dellarte-coreutica\/"},"author":{"name":"La Macina Magazine","@id":"https:\/\/www.article-marketing.eu\/comunicatistampa\/#\/schema\/person\/1745353dbe89ed35550459191c7824c9"},"headline":"L\u2019Arte della Parola e dell\u2019Arte Coreutica","datePublished":"2020-03-20T21:01:11+00:00","mainEntityOfPage":{"@id":"https:\/\/www.article-marketing.eu\/comunicatistampa\/larte-della-parola-e-dellarte-coreutica\/"},"wordCount":336,"commentCount":0,"image":{"@id":"https:\/\/www.article-marketing.eu\/comunicatistampa\/larte-della-parola-e-dellarte-coreutica\/#primaryimage"},"thumbnailUrl":"https:\/\/www.lamacinamagazine.it\/wp-content\/uploads\/2018\/05\/Logo-Ufficiale-CID-2018-300x295.jpg","keywords":["Arte","Concorso","danza","Poesie","Racconti","Roma"],"articleSection":["Arte e cultura"],"inLanguage":"it-IT","potentialAction":[{"@type":"CommentAction","name":"Comment","target":["https:\/\/www.article-marketing.eu\/comunicatistampa\/larte-della-parola-e-dellarte-coreutica\/#respond"]}]},{"@type":"WebPage","@id":"https:\/\/www.article-marketing.eu\/comunicatistampa\/larte-della-parola-e-dellarte-coreutica\/","url":"https:\/\/www.article-marketing.eu\/comunicatistampa\/larte-della-parola-e-dellarte-coreutica\/","name":"L\u2019Arte della Parola e dell\u2019Arte Coreutica - Article Marketing L\u2019Arte della Parola e dell\u2019Arte Coreutica","isPartOf":{"@id":"https:\/\/www.article-marketing.eu\/comunicatistampa\/#website"},"primaryImageOfPage":{"@id":"https:\/\/www.article-marketing.eu\/comunicatistampa\/larte-della-parola-e-dellarte-coreutica\/#primaryimage"},"image":{"@id":"https:\/\/www.article-marketing.eu\/comunicatistampa\/larte-della-parola-e-dellarte-coreutica\/#primaryimage"},"thumbnailUrl":"https:\/\/www.lamacinamagazine.it\/wp-content\/uploads\/2018\/05\/Logo-Ufficiale-CID-2018-300x295.jpg","datePublished":"2020-03-20T21:01:11+00:00","author":{"@id":"https:\/\/www.article-marketing.eu\/comunicatistampa\/#\/schema\/person\/1745353dbe89ed35550459191c7824c9"},"description":"L\u2019Arte della Parola e dell\u2019Arte Coreutica il Concorso con le Sezioni Danza, Poesia, Racconti, Corti e Articoli Giornalistici","breadcrumb":{"@id":"https:\/\/www.article-marketing.eu\/comunicatistampa\/larte-della-parola-e-dellarte-coreutica\/#breadcrumb"},"inLanguage":"it-IT","potentialAction":[{"@type":"ReadAction","target":["https:\/\/www.article-marketing.eu\/comunicatistampa\/larte-della-parola-e-dellarte-coreutica\/"]}]},{"@type":"ImageObject","inLanguage":"it-IT","@id":"https:\/\/www.article-marketing.eu\/comunicatistampa\/larte-della-parola-e-dellarte-coreutica\/#primaryimage","url":"https:\/\/www.lamacinamagazine.it\/wp-content\/uploads\/2018\/05\/Logo-Ufficiale-CID-2018-300x295.jpg","contentUrl":"https:\/\/www.lamacinamagazine.it\/wp-content\/uploads\/2018\/05\/Logo-Ufficiale-CID-2018-300x295.jpg"},{"@type":"BreadcrumbList","@id":"https:\/\/www.article-marketing.eu\/comunicatistampa\/larte-della-parola-e-dellarte-coreutica\/#breadcrumb","itemListElement":[{"@type":"ListItem","position":1,"name":"Home","item":"https:\/\/www.article-marketing.eu\/comunicatistampa\/"},{"@type":"ListItem","position":2,"name":"L\u2019Arte della Parola e dell\u2019Arte Coreutica"}]},{"@type":"WebSite","@id":"https:\/\/www.article-marketing.eu\/comunicatistampa\/#website","url":"https:\/\/www.article-marketing.eu\/comunicatistampa\/","name":"Article Marketing","description":"article marketing &amp; press release","potentialAction":[{"@type":"SearchAction","target":{"@type":"EntryPoint","urlTemplate":"https:\/\/www.article-marketing.eu\/comunicatistampa\/?s={search_term_string}"},"query-input":{"@type":"PropertyValueSpecification","valueRequired":true,"valueName":"search_term_string"}}],"inLanguage":"it-IT"},{"@type":"Person","@id":"https:\/\/www.article-marketing.eu\/comunicatistampa\/#\/schema\/person\/1745353dbe89ed35550459191c7824c9","name":"La Macina Magazine","image":{"@type":"ImageObject","inLanguage":"it-IT","@id":"https:\/\/secure.gravatar.com\/avatar\/cda0654dfaa9cea252a11d3b7706406282e513bb36c8715d95f1126f7ac5a90b?s=96&d=mm&r=g","url":"https:\/\/secure.gravatar.com\/avatar\/cda0654dfaa9cea252a11d3b7706406282e513bb36c8715d95f1126f7ac5a90b?s=96&d=mm&r=g","contentUrl":"https:\/\/secure.gravatar.com\/avatar\/cda0654dfaa9cea252a11d3b7706406282e513bb36c8715d95f1126f7ac5a90b?s=96&d=mm&r=g","caption":"La Macina Magazine"},"sameAs":["https:\/\/www.lamacinamagazine.it\/","https:\/\/www.facebook.com\/lamacina.onlus","https:\/\/www.linkedin.com\/in\/la-macina-onlus-roma-67564941\/","https:\/\/x.com\/https:\/\/twitter.com\/LAMACINAONLUS"],"url":"https:\/\/www.article-marketing.eu\/comunicatistampa\/author\/piero-casoli\/"}]}},"_links":{"self":[{"href":"https:\/\/www.article-marketing.eu\/comunicatistampa\/wp-json\/wp\/v2\/posts\/14303","targetHints":{"allow":["GET"]}}],"collection":[{"href":"https:\/\/www.article-marketing.eu\/comunicatistampa\/wp-json\/wp\/v2\/posts"}],"about":[{"href":"https:\/\/www.article-marketing.eu\/comunicatistampa\/wp-json\/wp\/v2\/types\/post"}],"author":[{"embeddable":true,"href":"https:\/\/www.article-marketing.eu\/comunicatistampa\/wp-json\/wp\/v2\/users\/5603"}],"replies":[{"embeddable":true,"href":"https:\/\/www.article-marketing.eu\/comunicatistampa\/wp-json\/wp\/v2\/comments?post=14303"}],"version-history":[{"count":3,"href":"https:\/\/www.article-marketing.eu\/comunicatistampa\/wp-json\/wp\/v2\/posts\/14303\/revisions"}],"predecessor-version":[{"id":14315,"href":"https:\/\/www.article-marketing.eu\/comunicatistampa\/wp-json\/wp\/v2\/posts\/14303\/revisions\/14315"}],"wp:attachment":[{"href":"https:\/\/www.article-marketing.eu\/comunicatistampa\/wp-json\/wp\/v2\/media?parent=14303"}],"wp:term":[{"taxonomy":"category","embeddable":true,"href":"https:\/\/www.article-marketing.eu\/comunicatistampa\/wp-json\/wp\/v2\/categories?post=14303"},{"taxonomy":"post_tag","embeddable":true,"href":"https:\/\/www.article-marketing.eu\/comunicatistampa\/wp-json\/wp\/v2\/tags?post=14303"}],"curies":[{"name":"wp","href":"https:\/\/api.w.org\/{rel}","templated":true}]}}