{"id":14340,"date":"2020-03-26T11:14:23","date_gmt":"2020-03-26T10:14:23","guid":{"rendered":"https:\/\/www.article-marketing.eu\/comunicatistampa\/?p=14340"},"modified":"2020-03-26T11:14:23","modified_gmt":"2020-03-26T10:14:23","slug":"sostegno-alla-filiera-agricola-ai-tempi-del-covid19-bioagrotech-in-prima-linea","status":"publish","type":"post","link":"https:\/\/www.article-marketing.eu\/comunicatistampa\/sostegno-alla-filiera-agricola-ai-tempi-del-covid19-bioagrotech-in-prima-linea\/","title":{"rendered":"Sostegno alla filiera agricola ai tempi del Covid19: Bioagrotech in prima linea"},"content":{"rendered":"<p lang=\"it-IT\" align=\"JUSTIFY\"><span style=\"color: #000000;\"><span style=\"font-family: Verdana, sans-serif;\"><span style=\"font-size: medium;\"><i>Consapevole del proprio ruolo l&#8217;azienda sanmarinese rinnova il proprio sostegno alla filiera agricola, impegnata a fronteggiare non solo i contraccolpi dell&#8217;epidemia, ma anche altre criticit\u00e0 di lunga data<\/i><\/span><\/span><\/span><\/p>\n<p lang=\"it-IT\" align=\"JUSTIFY\"><span style=\"color: #000000;\"><span style=\"font-family: Times New Roman, serif;\"><span style=\"font-size: medium;\"><span style=\"font-family: Verdana, sans-serif;\"><span style=\"font-size: small;\"><span lang=\"it-IT\"><b>L&#8217;agricoltura italiana non si arresta<\/b><\/span><\/span><\/span><span style=\"font-family: Verdana, sans-serif;\"><span style=\"font-size: small;\"><span lang=\"it-IT\"> di fronte al Covid19 e cos\u00ec <\/span><\/span><\/span><span style=\"font-family: Verdana, sans-serif;\"><span style=\"font-size: small;\"><span lang=\"it-IT\"><b>neanche Bioagrotech Srl<\/b><\/span><\/span><\/span><span style=\"font-family: Verdana, sans-serif;\"><span style=\"font-size: small;\"><span lang=\"it-IT\">. In questo momento cos\u00ec drammatico per il paese, <\/span><\/span><\/span><span style=\"font-family: Verdana, sans-serif;\"><span style=\"font-size: small;\"><span lang=\"it-IT\"><b>l&#8217;azienda sanmarinese<\/b><\/span><\/span><\/span><span style=\"font-family: Verdana, sans-serif;\"><span style=\"font-size: small;\"><span lang=\"it-IT\">, specializzata nello studio e nella commercializzazione di fertilizzanti, substrati organici e minerali per l&#8217;agricoltura biologica, <\/span><\/span><\/span><span style=\"font-family: Verdana, sans-serif;\"><span style=\"font-size: small;\"><span lang=\"it-IT\"><b>ribadisce il suo sostegno a tutta la filiera del settore<\/b><\/span><\/span><\/span><span style=\"font-family: Verdana, sans-serif;\"><span style=\"font-size: small;\"><span lang=\"it-IT\">, uno dei pochi, insieme a quello zootecnico e di trasformazione alimentare a non essere stati paralizzati dalle misure di contenimento del DPCM 11 marzo 2020. <\/span><\/span><\/span><\/span><\/span><\/span><\/p>\n<p align=\"JUSTIFY\">\u201c<span style=\"font-family: Verdana, sans-serif;\"><span style=\"font-size: small;\"><i>Oggi pi\u00f9 che mai<\/i><\/span><\/span><span style=\"font-family: Verdana, sans-serif;\"><span style=\"font-size: small;\"> &#8211; commenta l<\/span><\/span><span style=\"font-family: Verdana, sans-serif;\"><span style=\"font-size: small;\"><b>&#8216;amministratore generale Alessio Privitera<\/b><\/span><\/span><span style=\"font-family: Verdana, sans-serif;\"><span style=\"font-size: small;\"> &#8211; <\/span><\/span><span style=\"font-family: Verdana, sans-serif;\"><span style=\"font-size: small;\"><i>il team di Bioagrotech si rimbocca le maniche come parte integrante e fondamentale del comparto agroalimentare e si impegna a garantire la continuit\u00e0 del suo lavoro, osservando diligentemente i nuovi decreti e normative atti al contenimento del virus. Proseguiremo la nostra attivit\u00e0 nel rispetto della legge, per essere utili alla comunit\u00e0 e fare la nostra parte nel sostenere le aziende agricole in questo delicato momento di passaggio<\/i><\/span><\/span><span style=\"font-family: Verdana, sans-serif;\"><span style=\"font-size: small;\">\u201d.<br \/>\n<\/span><\/span><\/p>\n<p align=\"JUSTIFY\"><span style=\"font-family: Verdana, sans-serif;\"><span style=\"font-size: small;\"><b>Numerose le sfide che Bioagrotech ha affrontato negli ultimi anni<\/b><\/span><\/span><span style=\"font-family: Verdana, sans-serif;\"><span style=\"font-size: small;\"> accogliendo e interpretando le esigenze di tutto il comparto attraverso una costante attivit\u00e0 di ricerca scientifica volta a promuovere le migliori pratiche per l&#8217;agricoltura biologica. Si va <\/span><\/span><span style=\"font-family: Verdana, sans-serif;\"><span style=\"font-size: small;\"><b>dalla creazione di piani nutrizionali sostenibili <\/b><\/span><\/span><span style=\"font-family: Verdana, sans-serif;\"><span style=\"font-size: small;\">e rispettosi della biodiversit\u00e0 <\/span><\/span><span style=\"font-family: Verdana, sans-serif;\"><span style=\"font-size: small;\"><b>fino alla recente lotta contro la famigerata cimice asiatica<\/b><\/span><\/span><span style=\"font-family: Verdana, sans-serif;\"><span style=\"font-size: small;\">, fronte delicato e sui cui Bioagrotech sta continuando a fare ricerca sperimentando nei Centri di Saggio uno dei suoi prodotti pi\u00f9 versatili: la Zeolite Cubana Bioagrotech. <\/span><\/span><\/p>\n<p align=\"JUSTIFY\"><span style=\"font-family: Verdana, sans-serif;\"><span style=\"font-size: small;\"><a href=\"http:\/\/bioagrotech.com\/\">http:\/\/bioagrotech.com\/<\/a> <\/span><\/span><\/p>\n","protected":false},"excerpt":{"rendered":"<p>Consapevole del proprio ruolo l&#8217;azienda sanmarinese rinnova il proprio sostegno alla filiera agricola, impegnata a fronteggiare non solo i contraccolpi dell&#8217;epidemia, ma anche altre criticit\u00e0 di lunga data L&#8217;agricoltura italiana non si arresta di fronte al Covid19 e cos\u00ec neanche Bioagrotech Srl. In questo momento cos\u00ec drammatico per il paese, l&#8217;azienda sanmarinese, specializzata nello studio e nella commercializzazione di fertilizzanti, substrati organici e minerali per l&#8217;agricoltura biologica, ribadisce il suo<\/p>\n<p><a class=\"continue-reading\" href=\"https:\/\/www.article-marketing.eu\/comunicatistampa\/sostegno-alla-filiera-agricola-ai-tempi-del-covid19-bioagrotech-in-prima-linea\/\">Continue reading&#8230;<\/a><\/p>\n","protected":false},"author":397,"featured_media":0,"comment_status":"open","ping_status":"open","sticky":false,"template":"","format":"standard","meta":{"_monsterinsights_skip_tracking":false,"_monsterinsights_sitenote_active":false,"_monsterinsights_sitenote_note":"","_monsterinsights_sitenote_category":0,"footnotes":""},"categories":[78],"tags":[3337,5418,5422,5938,5962],"class_list":["post-14340","post","type-post","status-publish","format-standard","hentry","category-comunicati-stampa","tag-agricoltura-biologica","tag-bioagrotech-srl","tag-biodiversita","tag-emergenza-covid19","tag-filiera-agricola"],"yoast_head":"<!-- This site is optimized with the Yoast SEO plugin v27.3 - https:\/\/yoast.com\/product\/yoast-seo-wordpress\/ -->\n<title>Sostegno alla filiera agricola ai tempi del Covid19: Bioagrotech in prima linea - Article Marketing<\/title>\n<meta name=\"robots\" content=\"index, follow, max-snippet:-1, max-image-preview:large, max-video-preview:-1\" \/>\n<link rel=\"canonical\" href=\"https:\/\/www.article-marketing.eu\/comunicatistampa\/sostegno-alla-filiera-agricola-ai-tempi-del-covid19-bioagrotech-in-prima-linea\/\" \/>\n<meta property=\"og:locale\" content=\"it_IT\" \/>\n<meta property=\"og:type\" content=\"article\" \/>\n<meta property=\"og:title\" content=\"Sostegno alla filiera agricola ai tempi del Covid19: Bioagrotech in prima linea - Article Marketing\" \/>\n<meta property=\"og:description\" content=\"Consapevole del proprio ruolo l&#8217;azienda sanmarinese rinnova il proprio sostegno alla filiera agricola, impegnata a fronteggiare non solo i contraccolpi dell&#8217;epidemia, ma anche altre criticit\u00e0 di lunga data L&#8217;agricoltura italiana non si arresta di fronte al Covid19 e cos\u00ec neanche Bioagrotech Srl. In questo momento cos\u00ec drammatico per il paese, l&#8217;azienda sanmarinese, specializzata nello studio e nella commercializzazione di fertilizzanti, substrati organici e minerali per l&#8217;agricoltura biologica, ribadisce il suoContinue reading...\" \/>\n<meta property=\"og:url\" content=\"https:\/\/www.article-marketing.eu\/comunicatistampa\/sostegno-alla-filiera-agricola-ai-tempi-del-covid19-bioagrotech-in-prima-linea\/\" \/>\n<meta property=\"og:site_name\" content=\"Article Marketing\" \/>\n<meta property=\"article:published_time\" content=\"2020-03-26T10:14:23+00:00\" \/>\n<meta name=\"author\" content=\"Borderline Agency\" \/>\n<meta name=\"twitter:card\" content=\"summary_large_image\" \/>\n<meta name=\"twitter:label1\" content=\"Scritto da\" \/>\n\t<meta name=\"twitter:data1\" content=\"Borderline Agency\" \/>\n\t<meta name=\"twitter:label2\" content=\"Tempo di lettura stimato\" \/>\n\t<meta name=\"twitter:data2\" content=\"1 minuto\" \/>\n<script type=\"application\/ld+json\" class=\"yoast-schema-graph\">{\"@context\":\"https:\\\/\\\/schema.org\",\"@graph\":[{\"@type\":\"Article\",\"@id\":\"https:\\\/\\\/www.article-marketing.eu\\\/comunicatistampa\\\/sostegno-alla-filiera-agricola-ai-tempi-del-covid19-bioagrotech-in-prima-linea\\\/#article\",\"isPartOf\":{\"@id\":\"https:\\\/\\\/www.article-marketing.eu\\\/comunicatistampa\\\/sostegno-alla-filiera-agricola-ai-tempi-del-covid19-bioagrotech-in-prima-linea\\\/\"},\"author\":{\"name\":\"Borderline Agency\",\"@id\":\"https:\\\/\\\/www.article-marketing.eu\\\/comunicatistampa\\\/#\\\/schema\\\/person\\\/1c4ab1c7aad84347e26e78235da6ff1b\"},\"headline\":\"Sostegno alla filiera agricola ai tempi del Covid19: Bioagrotech in prima linea\",\"datePublished\":\"2020-03-26T10:14:23+00:00\",\"mainEntityOfPage\":{\"@id\":\"https:\\\/\\\/www.article-marketing.eu\\\/comunicatistampa\\\/sostegno-alla-filiera-agricola-ai-tempi-del-covid19-bioagrotech-in-prima-linea\\\/\"},\"wordCount\":276,\"commentCount\":0,\"keywords\":[\"agricoltura biologica\",\"Bioagrotech Srl\",\"Biodiversit\u00e0\",\"Emergenza Covid19\",\"Filiera agricola\"],\"articleSection\":[\"Comunicati stampa\"],\"inLanguage\":\"it-IT\",\"potentialAction\":[{\"@type\":\"CommentAction\",\"name\":\"Comment\",\"target\":[\"https:\\\/\\\/www.article-marketing.eu\\\/comunicatistampa\\\/sostegno-alla-filiera-agricola-ai-tempi-del-covid19-bioagrotech-in-prima-linea\\\/#respond\"]}]},{\"@type\":\"WebPage\",\"@id\":\"https:\\\/\\\/www.article-marketing.eu\\\/comunicatistampa\\\/sostegno-alla-filiera-agricola-ai-tempi-del-covid19-bioagrotech-in-prima-linea\\\/\",\"url\":\"https:\\\/\\\/www.article-marketing.eu\\\/comunicatistampa\\\/sostegno-alla-filiera-agricola-ai-tempi-del-covid19-bioagrotech-in-prima-linea\\\/\",\"name\":\"Sostegno alla filiera agricola ai tempi del Covid19: Bioagrotech in prima linea - Article Marketing\",\"isPartOf\":{\"@id\":\"https:\\\/\\\/www.article-marketing.eu\\\/comunicatistampa\\\/#website\"},\"datePublished\":\"2020-03-26T10:14:23+00:00\",\"author\":{\"@id\":\"https:\\\/\\\/www.article-marketing.eu\\\/comunicatistampa\\\/#\\\/schema\\\/person\\\/1c4ab1c7aad84347e26e78235da6ff1b\"},\"breadcrumb\":{\"@id\":\"https:\\\/\\\/www.article-marketing.eu\\\/comunicatistampa\\\/sostegno-alla-filiera-agricola-ai-tempi-del-covid19-bioagrotech-in-prima-linea\\\/#breadcrumb\"},\"inLanguage\":\"it-IT\",\"potentialAction\":[{\"@type\":\"ReadAction\",\"target\":[\"https:\\\/\\\/www.article-marketing.eu\\\/comunicatistampa\\\/sostegno-alla-filiera-agricola-ai-tempi-del-covid19-bioagrotech-in-prima-linea\\\/\"]}]},{\"@type\":\"BreadcrumbList\",\"@id\":\"https:\\\/\\\/www.article-marketing.eu\\\/comunicatistampa\\\/sostegno-alla-filiera-agricola-ai-tempi-del-covid19-bioagrotech-in-prima-linea\\\/#breadcrumb\",\"itemListElement\":[{\"@type\":\"ListItem\",\"position\":1,\"name\":\"Home\",\"item\":\"https:\\\/\\\/www.article-marketing.eu\\\/comunicatistampa\\\/\"},{\"@type\":\"ListItem\",\"position\":2,\"name\":\"Sostegno alla filiera agricola ai tempi del Covid19: Bioagrotech in prima linea\"}]},{\"@type\":\"WebSite\",\"@id\":\"https:\\\/\\\/www.article-marketing.eu\\\/comunicatistampa\\\/#website\",\"url\":\"https:\\\/\\\/www.article-marketing.eu\\\/comunicatistampa\\\/\",\"name\":\"Article Marketing\",\"description\":\"article marketing &amp; press release\",\"potentialAction\":[{\"@type\":\"SearchAction\",\"target\":{\"@type\":\"EntryPoint\",\"urlTemplate\":\"https:\\\/\\\/www.article-marketing.eu\\\/comunicatistampa\\\/?s={search_term_string}\"},\"query-input\":{\"@type\":\"PropertyValueSpecification\",\"valueRequired\":true,\"valueName\":\"search_term_string\"}}],\"inLanguage\":\"it-IT\"},{\"@type\":\"Person\",\"@id\":\"https:\\\/\\\/www.article-marketing.eu\\\/comunicatistampa\\\/#\\\/schema\\\/person\\\/1c4ab1c7aad84347e26e78235da6ff1b\",\"name\":\"Borderline Agency\",\"image\":{\"@type\":\"ImageObject\",\"inLanguage\":\"it-IT\",\"@id\":\"https:\\\/\\\/secure.gravatar.com\\\/avatar\\\/741fa053101610cb0be7dc835c116926549ae4ae2142ff35eac04d78fda61461?s=96&d=mm&r=g\",\"url\":\"https:\\\/\\\/secure.gravatar.com\\\/avatar\\\/741fa053101610cb0be7dc835c116926549ae4ae2142ff35eac04d78fda61461?s=96&d=mm&r=g\",\"contentUrl\":\"https:\\\/\\\/secure.gravatar.com\\\/avatar\\\/741fa053101610cb0be7dc835c116926549ae4ae2142ff35eac04d78fda61461?s=96&d=mm&r=g\",\"caption\":\"Borderline Agency\"},\"url\":\"https:\\\/\\\/www.article-marketing.eu\\\/comunicatistampa\\\/author\\\/borderline-agency\\\/\"}]}<\/script>\n<!-- \/ Yoast SEO plugin. -->","yoast_head_json":{"title":"Sostegno alla filiera agricola ai tempi del Covid19: Bioagrotech in prima linea - Article Marketing","robots":{"index":"index","follow":"follow","max-snippet":"max-snippet:-1","max-image-preview":"max-image-preview:large","max-video-preview":"max-video-preview:-1"},"canonical":"https:\/\/www.article-marketing.eu\/comunicatistampa\/sostegno-alla-filiera-agricola-ai-tempi-del-covid19-bioagrotech-in-prima-linea\/","og_locale":"it_IT","og_type":"article","og_title":"Sostegno alla filiera agricola ai tempi del Covid19: Bioagrotech in prima linea - Article Marketing","og_description":"Consapevole del proprio ruolo l&#8217;azienda sanmarinese rinnova il proprio sostegno alla filiera agricola, impegnata a fronteggiare non solo i contraccolpi dell&#8217;epidemia, ma anche altre criticit\u00e0 di lunga data L&#8217;agricoltura italiana non si arresta di fronte al Covid19 e cos\u00ec neanche Bioagrotech Srl. In questo momento cos\u00ec drammatico per il paese, l&#8217;azienda sanmarinese, specializzata nello studio e nella commercializzazione di fertilizzanti, substrati organici e minerali per l&#8217;agricoltura biologica, ribadisce il suoContinue reading...","og_url":"https:\/\/www.article-marketing.eu\/comunicatistampa\/sostegno-alla-filiera-agricola-ai-tempi-del-covid19-bioagrotech-in-prima-linea\/","og_site_name":"Article Marketing","article_published_time":"2020-03-26T10:14:23+00:00","author":"Borderline Agency","twitter_card":"summary_large_image","twitter_misc":{"Scritto da":"Borderline Agency","Tempo di lettura stimato":"1 minuto"},"schema":{"@context":"https:\/\/schema.org","@graph":[{"@type":"Article","@id":"https:\/\/www.article-marketing.eu\/comunicatistampa\/sostegno-alla-filiera-agricola-ai-tempi-del-covid19-bioagrotech-in-prima-linea\/#article","isPartOf":{"@id":"https:\/\/www.article-marketing.eu\/comunicatistampa\/sostegno-alla-filiera-agricola-ai-tempi-del-covid19-bioagrotech-in-prima-linea\/"},"author":{"name":"Borderline Agency","@id":"https:\/\/www.article-marketing.eu\/comunicatistampa\/#\/schema\/person\/1c4ab1c7aad84347e26e78235da6ff1b"},"headline":"Sostegno alla filiera agricola ai tempi del Covid19: Bioagrotech in prima linea","datePublished":"2020-03-26T10:14:23+00:00","mainEntityOfPage":{"@id":"https:\/\/www.article-marketing.eu\/comunicatistampa\/sostegno-alla-filiera-agricola-ai-tempi-del-covid19-bioagrotech-in-prima-linea\/"},"wordCount":276,"commentCount":0,"keywords":["agricoltura biologica","Bioagrotech Srl","Biodiversit\u00e0","Emergenza Covid19","Filiera agricola"],"articleSection":["Comunicati stampa"],"inLanguage":"it-IT","potentialAction":[{"@type":"CommentAction","name":"Comment","target":["https:\/\/www.article-marketing.eu\/comunicatistampa\/sostegno-alla-filiera-agricola-ai-tempi-del-covid19-bioagrotech-in-prima-linea\/#respond"]}]},{"@type":"WebPage","@id":"https:\/\/www.article-marketing.eu\/comunicatistampa\/sostegno-alla-filiera-agricola-ai-tempi-del-covid19-bioagrotech-in-prima-linea\/","url":"https:\/\/www.article-marketing.eu\/comunicatistampa\/sostegno-alla-filiera-agricola-ai-tempi-del-covid19-bioagrotech-in-prima-linea\/","name":"Sostegno alla filiera agricola ai tempi del Covid19: Bioagrotech in prima linea - Article Marketing","isPartOf":{"@id":"https:\/\/www.article-marketing.eu\/comunicatistampa\/#website"},"datePublished":"2020-03-26T10:14:23+00:00","author":{"@id":"https:\/\/www.article-marketing.eu\/comunicatistampa\/#\/schema\/person\/1c4ab1c7aad84347e26e78235da6ff1b"},"breadcrumb":{"@id":"https:\/\/www.article-marketing.eu\/comunicatistampa\/sostegno-alla-filiera-agricola-ai-tempi-del-covid19-bioagrotech-in-prima-linea\/#breadcrumb"},"inLanguage":"it-IT","potentialAction":[{"@type":"ReadAction","target":["https:\/\/www.article-marketing.eu\/comunicatistampa\/sostegno-alla-filiera-agricola-ai-tempi-del-covid19-bioagrotech-in-prima-linea\/"]}]},{"@type":"BreadcrumbList","@id":"https:\/\/www.article-marketing.eu\/comunicatistampa\/sostegno-alla-filiera-agricola-ai-tempi-del-covid19-bioagrotech-in-prima-linea\/#breadcrumb","itemListElement":[{"@type":"ListItem","position":1,"name":"Home","item":"https:\/\/www.article-marketing.eu\/comunicatistampa\/"},{"@type":"ListItem","position":2,"name":"Sostegno alla filiera agricola ai tempi del Covid19: Bioagrotech in prima linea"}]},{"@type":"WebSite","@id":"https:\/\/www.article-marketing.eu\/comunicatistampa\/#website","url":"https:\/\/www.article-marketing.eu\/comunicatistampa\/","name":"Article Marketing","description":"article marketing &amp; press release","potentialAction":[{"@type":"SearchAction","target":{"@type":"EntryPoint","urlTemplate":"https:\/\/www.article-marketing.eu\/comunicatistampa\/?s={search_term_string}"},"query-input":{"@type":"PropertyValueSpecification","valueRequired":true,"valueName":"search_term_string"}}],"inLanguage":"it-IT"},{"@type":"Person","@id":"https:\/\/www.article-marketing.eu\/comunicatistampa\/#\/schema\/person\/1c4ab1c7aad84347e26e78235da6ff1b","name":"Borderline Agency","image":{"@type":"ImageObject","inLanguage":"it-IT","@id":"https:\/\/secure.gravatar.com\/avatar\/741fa053101610cb0be7dc835c116926549ae4ae2142ff35eac04d78fda61461?s=96&d=mm&r=g","url":"https:\/\/secure.gravatar.com\/avatar\/741fa053101610cb0be7dc835c116926549ae4ae2142ff35eac04d78fda61461?s=96&d=mm&r=g","contentUrl":"https:\/\/secure.gravatar.com\/avatar\/741fa053101610cb0be7dc835c116926549ae4ae2142ff35eac04d78fda61461?s=96&d=mm&r=g","caption":"Borderline Agency"},"url":"https:\/\/www.article-marketing.eu\/comunicatistampa\/author\/borderline-agency\/"}]}},"_links":{"self":[{"href":"https:\/\/www.article-marketing.eu\/comunicatistampa\/wp-json\/wp\/v2\/posts\/14340","targetHints":{"allow":["GET"]}}],"collection":[{"href":"https:\/\/www.article-marketing.eu\/comunicatistampa\/wp-json\/wp\/v2\/posts"}],"about":[{"href":"https:\/\/www.article-marketing.eu\/comunicatistampa\/wp-json\/wp\/v2\/types\/post"}],"author":[{"embeddable":true,"href":"https:\/\/www.article-marketing.eu\/comunicatistampa\/wp-json\/wp\/v2\/users\/397"}],"replies":[{"embeddable":true,"href":"https:\/\/www.article-marketing.eu\/comunicatistampa\/wp-json\/wp\/v2\/comments?post=14340"}],"version-history":[{"count":2,"href":"https:\/\/www.article-marketing.eu\/comunicatistampa\/wp-json\/wp\/v2\/posts\/14340\/revisions"}],"predecessor-version":[{"id":14363,"href":"https:\/\/www.article-marketing.eu\/comunicatistampa\/wp-json\/wp\/v2\/posts\/14340\/revisions\/14363"}],"wp:attachment":[{"href":"https:\/\/www.article-marketing.eu\/comunicatistampa\/wp-json\/wp\/v2\/media?parent=14340"}],"wp:term":[{"taxonomy":"category","embeddable":true,"href":"https:\/\/www.article-marketing.eu\/comunicatistampa\/wp-json\/wp\/v2\/categories?post=14340"},{"taxonomy":"post_tag","embeddable":true,"href":"https:\/\/www.article-marketing.eu\/comunicatistampa\/wp-json\/wp\/v2\/tags?post=14340"}],"curies":[{"name":"wp","href":"https:\/\/api.w.org\/{rel}","templated":true}]}}