{"id":14404,"date":"2020-03-27T17:14:05","date_gmt":"2020-03-27T16:14:05","guid":{"rendered":"https:\/\/www.article-marketing.eu\/comunicatistampa\/?p=14404"},"modified":"2020-03-27T17:14:05","modified_gmt":"2020-03-27T16:14:05","slug":"gruppo-bracca-e-pineta-bonus-del-15-per-i-dipendenti-al-lavoro","status":"publish","type":"post","link":"https:\/\/www.article-marketing.eu\/comunicatistampa\/gruppo-bracca-e-pineta-bonus-del-15-per-i-dipendenti-al-lavoro\/","title":{"rendered":"Gruppo Bracca e Pineta, bonus del 15% per i dipendenti al lavoro"},"content":{"rendered":"<p>In questo momento di emergenza sanitaria Covid-19, il gruppo bergamasco leader nella produzione di acque minerali, con gli stabilimenti Bracca a Zogno e Pineta a Clusone, ha deciso di riconoscere un <strong>bonus del 15% della retribuzione lorda giornaliera<\/strong> relativo a tutte le giornate lavorate nel mese di marzo. Un riconoscimento che si aggiunge al bonus di 100 euro stabilito dal DPCM del 22 marzo 2020 per tutti gli addetti che stanno garantendo la continuit\u00e0 dell\u2019operativit\u00e0 aziendale e che si affianca al <strong>rafforzamento delle procedure di sicurezza e prevenzione<\/strong> gi\u00e0 messe in atto dall\u2019azienda per fronteggiare l\u2019emergenza.<\/p>\n<p>Il Gruppo Acque Minerali Bracca e Pineta, che \u00a0rientra nella categoria di industrie alimentari ritenute di natura \u201cessenziale\u201d dal Decreto ministeriale dello scorso 22 marzo, ha applicato sin dal 9 marzo 2020 tutte le procedure necessarie a prevenire il contagio da Coronavirus attraverso <strong>protocolli aziendali<\/strong>, <strong>informative<\/strong> a dipendenti trasportatori e clienti, <strong>modifica degli orari di turnazione cos\u00ec da evitare assembramenti<\/strong> di personale,\u00a0 <strong>fornitura dei dispositivi di protezione individuale necessari ad evitare il contagio e disinfezione della totalit\u00e0 degli stabilimenti a cura di un\u2019impresa esterna specializzata. <\/strong>A integrazione del rafforzamento delle procedure di sicurezza e prevenzione il Gruppo ha <strong>potenziato anche la disinfezione settimanale<\/strong> con atomizzatore elettrostatico e prodotto a base alcolica.<\/p>\n<p>\u201c<em>Questa battaglia si vince insieme, in fabbrica e nei comportamenti individuali. Con le attenzioni che abbiamo messo in atto negli stabilimenti vogliamo contribuire a difendere noi, le nostre famiglie, le nostre valle e non ultimo il nostro lavoro<\/em>. \u2013 afferma <strong>Luca Bordogna<\/strong>, Amministratore delegato di Gruppo Acque Minerali Bracca e Pineta \u2013 <em>Un investimento economico importante perch\u00e9 abbiamo un enorme senso di responsabilit\u00e0 nei confronti della sicurezza e salvaguardia dei nostri collaboratori e perch\u00e9 vogliamo essere di sostegno alle famiglie dei nostri dipendenti al fine di proseguire con la produzione dei beni di prima necessit\u00e0 basilari per affrontare questa emergenza sanitaria<\/em>\u201d.<\/p>\n<p>Gi\u00e0 lo scorso 10 marzo, su decisione del Gruppo, Luca Bordogna, aveva annunciato una donazione a favore dell\u2019ospedale Papa Giovanni XXIII di Bergamo, in prima linea per fronteggiare l\u2019epidemia di Coronavirus e la collaborazione con Alpini e Protezione Civile per la fornitura gratuita di acqua all\u2019ospedale da campo allestito alla Fiera di Bergamo. Un altro piccolo gesto per\u00a0ringraziare medici, personale sanitario e volontari impegnati nel servizio alla Comunit\u00e0.<\/p>\n","protected":false},"excerpt":{"rendered":"<p>In questo momento di emergenza sanitaria Covid-19, il gruppo bergamasco leader nella produzione di acque minerali, con gli stabilimenti Bracca a Zogno e Pineta a Clusone, ha deciso di riconoscere un bonus del 15% della retribuzione lorda giornaliera relativo a tutte le giornate lavorate nel mese di marzo. Un riconoscimento che si aggiunge al bonus di 100 euro stabilito dal DPCM del 22 marzo 2020 per tutti gli addetti che<\/p>\n<p><a class=\"continue-reading\" href=\"https:\/\/www.article-marketing.eu\/comunicatistampa\/gruppo-bracca-e-pineta-bonus-del-15-per-i-dipendenti-al-lavoro\/\">Continue reading&#8230;<\/a><\/p>\n","protected":false},"author":1855,"featured_media":0,"comment_status":"open","ping_status":"open","sticky":false,"template":"","format":"standard","meta":{"_monsterinsights_skip_tracking":false,"_monsterinsights_sitenote_active":false,"_monsterinsights_sitenote_note":"","_monsterinsights_sitenote_category":0,"footnotes":""},"categories":[388,386],"tags":[5973,5969,5972,5975,5971,5968,5974,5976,5970],"class_list":["post-14404","post","type-post","status-publish","format-standard","hentry","category-aziende","category-economia-e-lavoro","tag-bonus","tag-bracca","tag-covid19","tag-dipendenti","tag-emergenza","tag-gruppobracca","tag-lavoratori","tag-lucabordogna","tag-pineta"],"yoast_head":"<!-- This site is optimized with the Yoast SEO plugin v27.3 - https:\/\/yoast.com\/product\/yoast-seo-wordpress\/ -->\n<title>Gruppo Bracca e Pineta, bonus del 15% per i dipendenti al lavoro - Article Marketing<\/title>\n<meta name=\"robots\" content=\"index, follow, max-snippet:-1, max-image-preview:large, max-video-preview:-1\" \/>\n<link rel=\"canonical\" href=\"https:\/\/www.article-marketing.eu\/comunicatistampa\/gruppo-bracca-e-pineta-bonus-del-15-per-i-dipendenti-al-lavoro\/\" \/>\n<meta property=\"og:locale\" content=\"it_IT\" \/>\n<meta property=\"og:type\" content=\"article\" \/>\n<meta property=\"og:title\" content=\"Gruppo Bracca e Pineta, bonus del 15% per i dipendenti al lavoro - Article Marketing\" \/>\n<meta property=\"og:description\" content=\"In questo momento di emergenza sanitaria Covid-19, il gruppo bergamasco leader nella produzione di acque minerali, con gli stabilimenti Bracca a Zogno e Pineta a Clusone, ha deciso di riconoscere un bonus del 15% della retribuzione lorda giornaliera relativo a tutte le giornate lavorate nel mese di marzo. Un riconoscimento che si aggiunge al bonus di 100 euro stabilito dal DPCM del 22 marzo 2020 per tutti gli addetti cheContinue reading...\" \/>\n<meta property=\"og:url\" content=\"https:\/\/www.article-marketing.eu\/comunicatistampa\/gruppo-bracca-e-pineta-bonus-del-15-per-i-dipendenti-al-lavoro\/\" \/>\n<meta property=\"og:site_name\" content=\"Article Marketing\" \/>\n<meta property=\"article:published_time\" content=\"2020-03-27T16:14:05+00:00\" \/>\n<meta name=\"author\" content=\"Redaclem\" \/>\n<meta name=\"twitter:card\" content=\"summary_large_image\" \/>\n<meta name=\"twitter:label1\" content=\"Scritto da\" \/>\n\t<meta name=\"twitter:data1\" content=\"Redaclem\" \/>\n\t<meta name=\"twitter:label2\" content=\"Tempo di lettura stimato\" \/>\n\t<meta name=\"twitter:data2\" content=\"2 minuti\" \/>\n<script type=\"application\/ld+json\" class=\"yoast-schema-graph\">{\"@context\":\"https:\\\/\\\/schema.org\",\"@graph\":[{\"@type\":\"Article\",\"@id\":\"https:\\\/\\\/www.article-marketing.eu\\\/comunicatistampa\\\/gruppo-bracca-e-pineta-bonus-del-15-per-i-dipendenti-al-lavoro\\\/#article\",\"isPartOf\":{\"@id\":\"https:\\\/\\\/www.article-marketing.eu\\\/comunicatistampa\\\/gruppo-bracca-e-pineta-bonus-del-15-per-i-dipendenti-al-lavoro\\\/\"},\"author\":{\"name\":\"Redaclem\",\"@id\":\"https:\\\/\\\/www.article-marketing.eu\\\/comunicatistampa\\\/#\\\/schema\\\/person\\\/c0aa725eee5df8460e0adf901fde0c88\"},\"headline\":\"Gruppo Bracca e Pineta, bonus del 15% per i dipendenti al lavoro\",\"datePublished\":\"2020-03-27T16:14:05+00:00\",\"mainEntityOfPage\":{\"@id\":\"https:\\\/\\\/www.article-marketing.eu\\\/comunicatistampa\\\/gruppo-bracca-e-pineta-bonus-del-15-per-i-dipendenti-al-lavoro\\\/\"},\"wordCount\":385,\"commentCount\":0,\"keywords\":[\"#bonus\",\"#bracca\",\"#covid19\",\"#dipendenti\",\"#emergenza\",\"#gruppobracca\",\"#lavoratori\",\"#lucabordogna\",\"#pineta\"],\"articleSection\":[\"Aziende\",\"Economia e lavoro\"],\"inLanguage\":\"it-IT\",\"potentialAction\":[{\"@type\":\"CommentAction\",\"name\":\"Comment\",\"target\":[\"https:\\\/\\\/www.article-marketing.eu\\\/comunicatistampa\\\/gruppo-bracca-e-pineta-bonus-del-15-per-i-dipendenti-al-lavoro\\\/#respond\"]}]},{\"@type\":\"WebPage\",\"@id\":\"https:\\\/\\\/www.article-marketing.eu\\\/comunicatistampa\\\/gruppo-bracca-e-pineta-bonus-del-15-per-i-dipendenti-al-lavoro\\\/\",\"url\":\"https:\\\/\\\/www.article-marketing.eu\\\/comunicatistampa\\\/gruppo-bracca-e-pineta-bonus-del-15-per-i-dipendenti-al-lavoro\\\/\",\"name\":\"Gruppo Bracca e Pineta, bonus del 15% per i dipendenti al lavoro - Article Marketing\",\"isPartOf\":{\"@id\":\"https:\\\/\\\/www.article-marketing.eu\\\/comunicatistampa\\\/#website\"},\"datePublished\":\"2020-03-27T16:14:05+00:00\",\"author\":{\"@id\":\"https:\\\/\\\/www.article-marketing.eu\\\/comunicatistampa\\\/#\\\/schema\\\/person\\\/c0aa725eee5df8460e0adf901fde0c88\"},\"breadcrumb\":{\"@id\":\"https:\\\/\\\/www.article-marketing.eu\\\/comunicatistampa\\\/gruppo-bracca-e-pineta-bonus-del-15-per-i-dipendenti-al-lavoro\\\/#breadcrumb\"},\"inLanguage\":\"it-IT\",\"potentialAction\":[{\"@type\":\"ReadAction\",\"target\":[\"https:\\\/\\\/www.article-marketing.eu\\\/comunicatistampa\\\/gruppo-bracca-e-pineta-bonus-del-15-per-i-dipendenti-al-lavoro\\\/\"]}]},{\"@type\":\"BreadcrumbList\",\"@id\":\"https:\\\/\\\/www.article-marketing.eu\\\/comunicatistampa\\\/gruppo-bracca-e-pineta-bonus-del-15-per-i-dipendenti-al-lavoro\\\/#breadcrumb\",\"itemListElement\":[{\"@type\":\"ListItem\",\"position\":1,\"name\":\"Home\",\"item\":\"https:\\\/\\\/www.article-marketing.eu\\\/comunicatistampa\\\/\"},{\"@type\":\"ListItem\",\"position\":2,\"name\":\"Gruppo Bracca e Pineta, bonus del 15% per i dipendenti al lavoro\"}]},{\"@type\":\"WebSite\",\"@id\":\"https:\\\/\\\/www.article-marketing.eu\\\/comunicatistampa\\\/#website\",\"url\":\"https:\\\/\\\/www.article-marketing.eu\\\/comunicatistampa\\\/\",\"name\":\"Article Marketing\",\"description\":\"article marketing &amp; press release\",\"potentialAction\":[{\"@type\":\"SearchAction\",\"target\":{\"@type\":\"EntryPoint\",\"urlTemplate\":\"https:\\\/\\\/www.article-marketing.eu\\\/comunicatistampa\\\/?s={search_term_string}\"},\"query-input\":{\"@type\":\"PropertyValueSpecification\",\"valueRequired\":true,\"valueName\":\"search_term_string\"}}],\"inLanguage\":\"it-IT\"},{\"@type\":\"Person\",\"@id\":\"https:\\\/\\\/www.article-marketing.eu\\\/comunicatistampa\\\/#\\\/schema\\\/person\\\/c0aa725eee5df8460e0adf901fde0c88\",\"name\":\"Redaclem\",\"image\":{\"@type\":\"ImageObject\",\"inLanguage\":\"it-IT\",\"@id\":\"https:\\\/\\\/secure.gravatar.com\\\/avatar\\\/4c7e41f332a0583344a91d7d39723533da9b2d0df7737c2d8c69553168c2191e?s=96&d=mm&r=g\",\"url\":\"https:\\\/\\\/secure.gravatar.com\\\/avatar\\\/4c7e41f332a0583344a91d7d39723533da9b2d0df7737c2d8c69553168c2191e?s=96&d=mm&r=g\",\"contentUrl\":\"https:\\\/\\\/secure.gravatar.com\\\/avatar\\\/4c7e41f332a0583344a91d7d39723533da9b2d0df7737c2d8c69553168c2191e?s=96&d=mm&r=g\",\"caption\":\"Redaclem\"},\"url\":\"https:\\\/\\\/www.article-marketing.eu\\\/comunicatistampa\\\/author\\\/redaclem\\\/\"}]}<\/script>\n<!-- \/ Yoast SEO plugin. -->","yoast_head_json":{"title":"Gruppo Bracca e Pineta, bonus del 15% per i dipendenti al lavoro - Article Marketing","robots":{"index":"index","follow":"follow","max-snippet":"max-snippet:-1","max-image-preview":"max-image-preview:large","max-video-preview":"max-video-preview:-1"},"canonical":"https:\/\/www.article-marketing.eu\/comunicatistampa\/gruppo-bracca-e-pineta-bonus-del-15-per-i-dipendenti-al-lavoro\/","og_locale":"it_IT","og_type":"article","og_title":"Gruppo Bracca e Pineta, bonus del 15% per i dipendenti al lavoro - Article Marketing","og_description":"In questo momento di emergenza sanitaria Covid-19, il gruppo bergamasco leader nella produzione di acque minerali, con gli stabilimenti Bracca a Zogno e Pineta a Clusone, ha deciso di riconoscere un bonus del 15% della retribuzione lorda giornaliera relativo a tutte le giornate lavorate nel mese di marzo. Un riconoscimento che si aggiunge al bonus di 100 euro stabilito dal DPCM del 22 marzo 2020 per tutti gli addetti cheContinue reading...","og_url":"https:\/\/www.article-marketing.eu\/comunicatistampa\/gruppo-bracca-e-pineta-bonus-del-15-per-i-dipendenti-al-lavoro\/","og_site_name":"Article Marketing","article_published_time":"2020-03-27T16:14:05+00:00","author":"Redaclem","twitter_card":"summary_large_image","twitter_misc":{"Scritto da":"Redaclem","Tempo di lettura stimato":"2 minuti"},"schema":{"@context":"https:\/\/schema.org","@graph":[{"@type":"Article","@id":"https:\/\/www.article-marketing.eu\/comunicatistampa\/gruppo-bracca-e-pineta-bonus-del-15-per-i-dipendenti-al-lavoro\/#article","isPartOf":{"@id":"https:\/\/www.article-marketing.eu\/comunicatistampa\/gruppo-bracca-e-pineta-bonus-del-15-per-i-dipendenti-al-lavoro\/"},"author":{"name":"Redaclem","@id":"https:\/\/www.article-marketing.eu\/comunicatistampa\/#\/schema\/person\/c0aa725eee5df8460e0adf901fde0c88"},"headline":"Gruppo Bracca e Pineta, bonus del 15% per i dipendenti al lavoro","datePublished":"2020-03-27T16:14:05+00:00","mainEntityOfPage":{"@id":"https:\/\/www.article-marketing.eu\/comunicatistampa\/gruppo-bracca-e-pineta-bonus-del-15-per-i-dipendenti-al-lavoro\/"},"wordCount":385,"commentCount":0,"keywords":["#bonus","#bracca","#covid19","#dipendenti","#emergenza","#gruppobracca","#lavoratori","#lucabordogna","#pineta"],"articleSection":["Aziende","Economia e lavoro"],"inLanguage":"it-IT","potentialAction":[{"@type":"CommentAction","name":"Comment","target":["https:\/\/www.article-marketing.eu\/comunicatistampa\/gruppo-bracca-e-pineta-bonus-del-15-per-i-dipendenti-al-lavoro\/#respond"]}]},{"@type":"WebPage","@id":"https:\/\/www.article-marketing.eu\/comunicatistampa\/gruppo-bracca-e-pineta-bonus-del-15-per-i-dipendenti-al-lavoro\/","url":"https:\/\/www.article-marketing.eu\/comunicatistampa\/gruppo-bracca-e-pineta-bonus-del-15-per-i-dipendenti-al-lavoro\/","name":"Gruppo Bracca e Pineta, bonus del 15% per i dipendenti al lavoro - Article Marketing","isPartOf":{"@id":"https:\/\/www.article-marketing.eu\/comunicatistampa\/#website"},"datePublished":"2020-03-27T16:14:05+00:00","author":{"@id":"https:\/\/www.article-marketing.eu\/comunicatistampa\/#\/schema\/person\/c0aa725eee5df8460e0adf901fde0c88"},"breadcrumb":{"@id":"https:\/\/www.article-marketing.eu\/comunicatistampa\/gruppo-bracca-e-pineta-bonus-del-15-per-i-dipendenti-al-lavoro\/#breadcrumb"},"inLanguage":"it-IT","potentialAction":[{"@type":"ReadAction","target":["https:\/\/www.article-marketing.eu\/comunicatistampa\/gruppo-bracca-e-pineta-bonus-del-15-per-i-dipendenti-al-lavoro\/"]}]},{"@type":"BreadcrumbList","@id":"https:\/\/www.article-marketing.eu\/comunicatistampa\/gruppo-bracca-e-pineta-bonus-del-15-per-i-dipendenti-al-lavoro\/#breadcrumb","itemListElement":[{"@type":"ListItem","position":1,"name":"Home","item":"https:\/\/www.article-marketing.eu\/comunicatistampa\/"},{"@type":"ListItem","position":2,"name":"Gruppo Bracca e Pineta, bonus del 15% per i dipendenti al lavoro"}]},{"@type":"WebSite","@id":"https:\/\/www.article-marketing.eu\/comunicatistampa\/#website","url":"https:\/\/www.article-marketing.eu\/comunicatistampa\/","name":"Article Marketing","description":"article marketing &amp; press release","potentialAction":[{"@type":"SearchAction","target":{"@type":"EntryPoint","urlTemplate":"https:\/\/www.article-marketing.eu\/comunicatistampa\/?s={search_term_string}"},"query-input":{"@type":"PropertyValueSpecification","valueRequired":true,"valueName":"search_term_string"}}],"inLanguage":"it-IT"},{"@type":"Person","@id":"https:\/\/www.article-marketing.eu\/comunicatistampa\/#\/schema\/person\/c0aa725eee5df8460e0adf901fde0c88","name":"Redaclem","image":{"@type":"ImageObject","inLanguage":"it-IT","@id":"https:\/\/secure.gravatar.com\/avatar\/4c7e41f332a0583344a91d7d39723533da9b2d0df7737c2d8c69553168c2191e?s=96&d=mm&r=g","url":"https:\/\/secure.gravatar.com\/avatar\/4c7e41f332a0583344a91d7d39723533da9b2d0df7737c2d8c69553168c2191e?s=96&d=mm&r=g","contentUrl":"https:\/\/secure.gravatar.com\/avatar\/4c7e41f332a0583344a91d7d39723533da9b2d0df7737c2d8c69553168c2191e?s=96&d=mm&r=g","caption":"Redaclem"},"url":"https:\/\/www.article-marketing.eu\/comunicatistampa\/author\/redaclem\/"}]}},"_links":{"self":[{"href":"https:\/\/www.article-marketing.eu\/comunicatistampa\/wp-json\/wp\/v2\/posts\/14404","targetHints":{"allow":["GET"]}}],"collection":[{"href":"https:\/\/www.article-marketing.eu\/comunicatistampa\/wp-json\/wp\/v2\/posts"}],"about":[{"href":"https:\/\/www.article-marketing.eu\/comunicatistampa\/wp-json\/wp\/v2\/types\/post"}],"author":[{"embeddable":true,"href":"https:\/\/www.article-marketing.eu\/comunicatistampa\/wp-json\/wp\/v2\/users\/1855"}],"replies":[{"embeddable":true,"href":"https:\/\/www.article-marketing.eu\/comunicatistampa\/wp-json\/wp\/v2\/comments?post=14404"}],"version-history":[{"count":2,"href":"https:\/\/www.article-marketing.eu\/comunicatistampa\/wp-json\/wp\/v2\/posts\/14404\/revisions"}],"predecessor-version":[{"id":14411,"href":"https:\/\/www.article-marketing.eu\/comunicatistampa\/wp-json\/wp\/v2\/posts\/14404\/revisions\/14411"}],"wp:attachment":[{"href":"https:\/\/www.article-marketing.eu\/comunicatistampa\/wp-json\/wp\/v2\/media?parent=14404"}],"wp:term":[{"taxonomy":"category","embeddable":true,"href":"https:\/\/www.article-marketing.eu\/comunicatistampa\/wp-json\/wp\/v2\/categories?post=14404"},{"taxonomy":"post_tag","embeddable":true,"href":"https:\/\/www.article-marketing.eu\/comunicatistampa\/wp-json\/wp\/v2\/tags?post=14404"}],"curies":[{"name":"wp","href":"https:\/\/api.w.org\/{rel}","templated":true}]}}