{"id":14425,"date":"2020-04-02T00:23:16","date_gmt":"2020-04-01T22:23:16","guid":{"rendered":"https:\/\/www.article-marketing.eu\/comunicatistampa\/?p=14425"},"modified":"2020-04-02T00:23:16","modified_gmt":"2020-04-01T22:23:16","slug":"ricercatori-unibg-al-lavoro-contro-covid-19","status":"publish","type":"post","link":"https:\/\/www.article-marketing.eu\/comunicatistampa\/ricercatori-unibg-al-lavoro-contro-covid-19\/","title":{"rendered":"Ricercatori Unibg al lavoro contro Covid-19"},"content":{"rendered":"<p>Con l\u2019entrata in vigore del DPCM del 9 marzo, che ha esteso a tutta Italia le misure di contenimento del COVID-19, l\u2019Universit\u00e0 degli studi di Bergamo ha dato il via a significativi progetti di ricerca con uno sforzo senza precedenti da parte di molti suoi docenti e ricercatori. La Ricerca sta infatti giocando un ruolo fondamentale in questo momento di emergenza sanitaria.<\/p>\n<p>Dopo la <strong>pubblicazione sul Lancet<\/strong>, dello studio condotto in collaborazione tra il <strong>Dipartimento di Ingegneria biomedica e l\u2019Istituto Mario Negri <\/strong>sull\u2019andamento del trend dei contagi e\u00a0 il trend dei pazienti bisognosi di terapia intensiva (la pubblicazione a questo link: <a href=\"https:\/\/www.thelancet.com\/journals\/lancet\/article\/PIIS0140-6736(20)30627-9\/fulltext\">https:\/\/www.thelancet.com\/journals\/lancet\/article\/PIIS0140-6736(20)30627-9\/fulltext<\/a>), <strong>venerd\u00ec 3 aprile<\/strong>, in occasione della giornata dedicata alla Notte europea della geografia, la <strong>prof.ssa di geografia Emanuela Casti, direttore del Centro studi sul territorio e responsabile del laboratorio cartografico Diathesis<\/strong>, interverr\u00e0 al webinar dal titolo &#8220;<strong>Questa Terra, questo virus: fare, pensare e insegnare geografia&#8221;<\/strong> organizzato dal coordinamento dei Sodalizi geografici italiani (SoGeI)\u00a0 per contribuire a dare una risposta sul perch\u00e9 la diffusione del contagio ha assunto le attuali proporzioni nel territorio bergamasco. Utilizzando le banche dati prodotte negli anni sugli aspetti socio-territoriali e innovativi sistemi cartografici web, i ricercatori stanno mettendo in rapporto gli aspetti territoriali (distribuzione della popolazione, composizione per fasce di et\u00e0, varie forme di mobilit\u00e0, organizzazione del lavoro, inquinamento) con quelli resi pubblici dal Ministero della Salute e dall\u2019Istituto Superiore di Sanit\u00e0. Stanno emergendo risultati inediti come le differenti et\u00e0 dei contagiati a seconda della Regione, la diversit\u00e0 distributiva in base alla tipologia del dato (reale o percentuale) e alcune implicazioni socio-territoriali quando la percentuale del contagio \u00e8 rapportata al numero dei residenti.<\/p>\n<p>Uno studio che va ad aggiungersi al lavoro svolto nelle ultime settimane da un gruppo di economisti che vede lavorare insieme <strong>l\u2019Ateneo di Bergamo con l\u2019Universit\u00e0 La Sapienza di Roma, l\u2019Universit\u00e0 di Catania, il CNRS e la Bocconi di Milano<\/strong> (la pubblicazione a questo link https:\/\/voxeu.org\/article\/cross-country-correlation-analysis-research-covid-19 ). \u00a0I ricercatori, tra cui il <strong>docente di economia dell\u2019ateneo bergamasco Paolo Buonanno<\/strong>, hanno <strong>indagato sul perch\u00e9 i contagi e il tasso di mortalit\u00e0 italiano rappresentassero un <em>unicum<\/em> nel panorama europeo<\/strong>. Molte spiegazioni, trattate anche dalla stampa italiana, facevano riferimento alla struttura familiare italiana (molti giovani adulti e anziani vivono in famiglia) o al fatto che gli italiani abbiano un rispetto pi\u00f9 basso delle norme (tra cui anche della quarantena). La maggior parte di queste (frettolose) analisi confronta dati tra diversi Paesi che sono ad uno stadio diverso della diffusione e che hanno metodologie di rilevazione dei deceduti differenti (con o per coronavirus?). Un&#8217;analisi equivalente condotta sulle sole regioni italiane ribalta i risultati mostrando come in assenza di dati affidabili e confrontabili sia arbitrario e dannoso cercare di trovare spiegazioni ad un fenomeno molto complesso. \u00c8 necessario mobilitare studiosi con esperienza nella valutazione delle politiche pubbliche, nell&#8217;analisi delle reti e nell&#8217;epidemiologia per comprendere le complesse dinamiche alla base dell&#8217;epidemia e valutare l&#8217;efficacia delle politiche alternative. Per fare ci\u00f2, \u00e8 fondamentale armonizzare i dati e le metodologie di raccolta dei dati sui decessi, almeno in tutti i Paesi europei. Ove possibile, tutti i microdati disponibili sull&#8217;esito di test, decessi e pazienti ospedalizzati dovrebbero essere resi pubblici.\u00a0 Uno studio che sottolinea quanto il disastro globale richieda uno sforzo senza precedenti da parte della comunit\u00e0 accademica. \u00c8 necessario muoversi rapidamente con la consapevolezza del di suggerire raccomandazioni politiche inefficaci che, in un periodo di crisi, possono comportare costi pi\u00f9 elevati rispetto ai benefici.<\/p>\n<p>\u00ab<em>Possiamo essere orgogliosi di come, a maggior ragione in questo momento di emergenza, il nostro Ateneo stia mettendo le proprie competenze al servizio del Paese, lavorando in modo sinergico con le istituzioni, gli istituti di ricerca, le imprese. Ringrazio in modo particolare tutti i colleghi che con dedizione lavorano senza sosta anche su questo fronte\u00bb <\/em>sottolinea il Rettore dell\u2019Universit\u00e0 degli studi di Bergamo, <strong>Remo Morzenti Pellegrini.<\/strong><\/p>\n<p>Infine, insieme ad Earthquake Network, il <strong>dipartimento di ingegneria gestionale, dell\u2019informazione e della produzione<\/strong>, promuove un\u2019indagine pilota sulla mobilit\u00e0 ed il rischio contagio con particolare riferimento alla Val Seriana, zona tra le pi\u00f9 colpite dalla pandemia di COVID-19 nella bergamasca. A tal fine, l\u2019Universit\u00e0 chiede a chi abita nei comuni della Val Seriana di installare la app Rilevatore Terremoto visitando il sito (www.sismo.app) o scaricandola dagli store Android e iOS. Dal 2012, l\u2019app aiuta gli italiani nelle emergenze terremoto inviando allerte in tempo reale. \u00a0<strong>Francesco Finazzi, docente di ingegneria e capo del progetto di ricerca insieme al collega Alessandro Fass\u00f2<\/strong>, sottolinea che lo studio vuole essere d&#8217;aiuto alle popolazioni coinvolte dall&#8217;emergenza COVID-19 monitorando la mobilit\u00e0 delle persone in forma anonima al fine di valutare il rischio di contagio e fornire informazioni utili alla collettivit\u00e0. Installando l\u2019app si partecipa all\u2019indagine pilota la quale verr\u00e0 condotta da oggi fino al termine del 2020.<\/p>\n","protected":false},"excerpt":{"rendered":"<p>Con l\u2019entrata in vigore del DPCM del 9 marzo, che ha esteso a tutta Italia le misure di contenimento del COVID-19, l\u2019Universit\u00e0 degli studi di Bergamo ha dato il via a significativi progetti di ricerca con uno sforzo senza precedenti da parte di molti suoi docenti e ricercatori. La Ricerca sta infatti giocando un ruolo fondamentale in questo momento di emergenza sanitaria. Dopo la pubblicazione sul Lancet, dello studio condotto<\/p>\n<p><a class=\"continue-reading\" href=\"https:\/\/www.article-marketing.eu\/comunicatistampa\/ricercatori-unibg-al-lavoro-contro-covid-19\/\">Continue reading&#8230;<\/a><\/p>\n","protected":false},"author":1855,"featured_media":0,"comment_status":"open","ping_status":"open","sticky":false,"template":"","format":"standard","meta":{"_monsterinsights_skip_tracking":false,"_monsterinsights_sitenote_active":false,"_monsterinsights_sitenote_note":"","_monsterinsights_sitenote_category":0,"footnotes":""},"categories":[367],"tags":[5972,5985,5987,5986,5988,4603,1007],"class_list":["post-14425","post","type-post","status-publish","format-standard","hentry","category-news-e-attualita","tag-covid19","tag-emanuelacasti","tag-francescofinazzi","tag-paolobuonanno","tag-remomorzentipellegrini","tag-unibg","tag-ricerca"],"yoast_head":"<!-- This site is optimized with the Yoast SEO plugin v27.3 - https:\/\/yoast.com\/product\/yoast-seo-wordpress\/ -->\n<title>Ricercatori Unibg al lavoro contro Covid-19 - Article Marketing<\/title>\n<meta name=\"robots\" content=\"index, follow, max-snippet:-1, max-image-preview:large, max-video-preview:-1\" \/>\n<link rel=\"canonical\" href=\"https:\/\/www.article-marketing.eu\/comunicatistampa\/ricercatori-unibg-al-lavoro-contro-covid-19\/\" \/>\n<meta property=\"og:locale\" content=\"it_IT\" \/>\n<meta property=\"og:type\" content=\"article\" \/>\n<meta property=\"og:title\" content=\"Ricercatori Unibg al lavoro contro Covid-19 - Article Marketing\" \/>\n<meta property=\"og:description\" content=\"Con l\u2019entrata in vigore del DPCM del 9 marzo, che ha esteso a tutta Italia le misure di contenimento del COVID-19, l\u2019Universit\u00e0 degli studi di Bergamo ha dato il via a significativi progetti di ricerca con uno sforzo senza precedenti da parte di molti suoi docenti e ricercatori. La Ricerca sta infatti giocando un ruolo fondamentale in questo momento di emergenza sanitaria. Dopo la pubblicazione sul Lancet, dello studio condottoContinue reading...\" \/>\n<meta property=\"og:url\" content=\"https:\/\/www.article-marketing.eu\/comunicatistampa\/ricercatori-unibg-al-lavoro-contro-covid-19\/\" \/>\n<meta property=\"og:site_name\" content=\"Article Marketing\" \/>\n<meta property=\"article:published_time\" content=\"2020-04-01T22:23:16+00:00\" \/>\n<meta name=\"author\" content=\"Redaclem\" \/>\n<meta name=\"twitter:card\" content=\"summary_large_image\" \/>\n<meta name=\"twitter:label1\" content=\"Scritto da\" \/>\n\t<meta name=\"twitter:data1\" content=\"Redaclem\" \/>\n\t<meta name=\"twitter:label2\" content=\"Tempo di lettura stimato\" \/>\n\t<meta name=\"twitter:data2\" content=\"4 minuti\" \/>\n<script type=\"application\/ld+json\" class=\"yoast-schema-graph\">{\"@context\":\"https:\\\/\\\/schema.org\",\"@graph\":[{\"@type\":\"Article\",\"@id\":\"https:\\\/\\\/www.article-marketing.eu\\\/comunicatistampa\\\/ricercatori-unibg-al-lavoro-contro-covid-19\\\/#article\",\"isPartOf\":{\"@id\":\"https:\\\/\\\/www.article-marketing.eu\\\/comunicatistampa\\\/ricercatori-unibg-al-lavoro-contro-covid-19\\\/\"},\"author\":{\"name\":\"Redaclem\",\"@id\":\"https:\\\/\\\/www.article-marketing.eu\\\/comunicatistampa\\\/#\\\/schema\\\/person\\\/c0aa725eee5df8460e0adf901fde0c88\"},\"headline\":\"Ricercatori Unibg al lavoro contro Covid-19\",\"datePublished\":\"2020-04-01T22:23:16+00:00\",\"mainEntityOfPage\":{\"@id\":\"https:\\\/\\\/www.article-marketing.eu\\\/comunicatistampa\\\/ricercatori-unibg-al-lavoro-contro-covid-19\\\/\"},\"wordCount\":812,\"commentCount\":0,\"keywords\":[\"#covid19\",\"#emanuelacasti\",\"#francescofinazzi\",\"#paolobuonanno\",\"#remomorzentipellegrini\",\"#unibg\",\"ricerca\"],\"articleSection\":[\"News e Attualit\u00e0\"],\"inLanguage\":\"it-IT\",\"potentialAction\":[{\"@type\":\"CommentAction\",\"name\":\"Comment\",\"target\":[\"https:\\\/\\\/www.article-marketing.eu\\\/comunicatistampa\\\/ricercatori-unibg-al-lavoro-contro-covid-19\\\/#respond\"]}]},{\"@type\":\"WebPage\",\"@id\":\"https:\\\/\\\/www.article-marketing.eu\\\/comunicatistampa\\\/ricercatori-unibg-al-lavoro-contro-covid-19\\\/\",\"url\":\"https:\\\/\\\/www.article-marketing.eu\\\/comunicatistampa\\\/ricercatori-unibg-al-lavoro-contro-covid-19\\\/\",\"name\":\"Ricercatori Unibg al lavoro contro Covid-19 - Article Marketing\",\"isPartOf\":{\"@id\":\"https:\\\/\\\/www.article-marketing.eu\\\/comunicatistampa\\\/#website\"},\"datePublished\":\"2020-04-01T22:23:16+00:00\",\"author\":{\"@id\":\"https:\\\/\\\/www.article-marketing.eu\\\/comunicatistampa\\\/#\\\/schema\\\/person\\\/c0aa725eee5df8460e0adf901fde0c88\"},\"breadcrumb\":{\"@id\":\"https:\\\/\\\/www.article-marketing.eu\\\/comunicatistampa\\\/ricercatori-unibg-al-lavoro-contro-covid-19\\\/#breadcrumb\"},\"inLanguage\":\"it-IT\",\"potentialAction\":[{\"@type\":\"ReadAction\",\"target\":[\"https:\\\/\\\/www.article-marketing.eu\\\/comunicatistampa\\\/ricercatori-unibg-al-lavoro-contro-covid-19\\\/\"]}]},{\"@type\":\"BreadcrumbList\",\"@id\":\"https:\\\/\\\/www.article-marketing.eu\\\/comunicatistampa\\\/ricercatori-unibg-al-lavoro-contro-covid-19\\\/#breadcrumb\",\"itemListElement\":[{\"@type\":\"ListItem\",\"position\":1,\"name\":\"Home\",\"item\":\"https:\\\/\\\/www.article-marketing.eu\\\/comunicatistampa\\\/\"},{\"@type\":\"ListItem\",\"position\":2,\"name\":\"Ricercatori Unibg al lavoro contro Covid-19\"}]},{\"@type\":\"WebSite\",\"@id\":\"https:\\\/\\\/www.article-marketing.eu\\\/comunicatistampa\\\/#website\",\"url\":\"https:\\\/\\\/www.article-marketing.eu\\\/comunicatistampa\\\/\",\"name\":\"Article Marketing\",\"description\":\"article marketing &amp; press release\",\"potentialAction\":[{\"@type\":\"SearchAction\",\"target\":{\"@type\":\"EntryPoint\",\"urlTemplate\":\"https:\\\/\\\/www.article-marketing.eu\\\/comunicatistampa\\\/?s={search_term_string}\"},\"query-input\":{\"@type\":\"PropertyValueSpecification\",\"valueRequired\":true,\"valueName\":\"search_term_string\"}}],\"inLanguage\":\"it-IT\"},{\"@type\":\"Person\",\"@id\":\"https:\\\/\\\/www.article-marketing.eu\\\/comunicatistampa\\\/#\\\/schema\\\/person\\\/c0aa725eee5df8460e0adf901fde0c88\",\"name\":\"Redaclem\",\"image\":{\"@type\":\"ImageObject\",\"inLanguage\":\"it-IT\",\"@id\":\"https:\\\/\\\/secure.gravatar.com\\\/avatar\\\/4c7e41f332a0583344a91d7d39723533da9b2d0df7737c2d8c69553168c2191e?s=96&d=mm&r=g\",\"url\":\"https:\\\/\\\/secure.gravatar.com\\\/avatar\\\/4c7e41f332a0583344a91d7d39723533da9b2d0df7737c2d8c69553168c2191e?s=96&d=mm&r=g\",\"contentUrl\":\"https:\\\/\\\/secure.gravatar.com\\\/avatar\\\/4c7e41f332a0583344a91d7d39723533da9b2d0df7737c2d8c69553168c2191e?s=96&d=mm&r=g\",\"caption\":\"Redaclem\"},\"url\":\"https:\\\/\\\/www.article-marketing.eu\\\/comunicatistampa\\\/author\\\/redaclem\\\/\"}]}<\/script>\n<!-- \/ Yoast SEO plugin. -->","yoast_head_json":{"title":"Ricercatori Unibg al lavoro contro Covid-19 - Article Marketing","robots":{"index":"index","follow":"follow","max-snippet":"max-snippet:-1","max-image-preview":"max-image-preview:large","max-video-preview":"max-video-preview:-1"},"canonical":"https:\/\/www.article-marketing.eu\/comunicatistampa\/ricercatori-unibg-al-lavoro-contro-covid-19\/","og_locale":"it_IT","og_type":"article","og_title":"Ricercatori Unibg al lavoro contro Covid-19 - Article Marketing","og_description":"Con l\u2019entrata in vigore del DPCM del 9 marzo, che ha esteso a tutta Italia le misure di contenimento del COVID-19, l\u2019Universit\u00e0 degli studi di Bergamo ha dato il via a significativi progetti di ricerca con uno sforzo senza precedenti da parte di molti suoi docenti e ricercatori. La Ricerca sta infatti giocando un ruolo fondamentale in questo momento di emergenza sanitaria. Dopo la pubblicazione sul Lancet, dello studio condottoContinue reading...","og_url":"https:\/\/www.article-marketing.eu\/comunicatistampa\/ricercatori-unibg-al-lavoro-contro-covid-19\/","og_site_name":"Article Marketing","article_published_time":"2020-04-01T22:23:16+00:00","author":"Redaclem","twitter_card":"summary_large_image","twitter_misc":{"Scritto da":"Redaclem","Tempo di lettura stimato":"4 minuti"},"schema":{"@context":"https:\/\/schema.org","@graph":[{"@type":"Article","@id":"https:\/\/www.article-marketing.eu\/comunicatistampa\/ricercatori-unibg-al-lavoro-contro-covid-19\/#article","isPartOf":{"@id":"https:\/\/www.article-marketing.eu\/comunicatistampa\/ricercatori-unibg-al-lavoro-contro-covid-19\/"},"author":{"name":"Redaclem","@id":"https:\/\/www.article-marketing.eu\/comunicatistampa\/#\/schema\/person\/c0aa725eee5df8460e0adf901fde0c88"},"headline":"Ricercatori Unibg al lavoro contro Covid-19","datePublished":"2020-04-01T22:23:16+00:00","mainEntityOfPage":{"@id":"https:\/\/www.article-marketing.eu\/comunicatistampa\/ricercatori-unibg-al-lavoro-contro-covid-19\/"},"wordCount":812,"commentCount":0,"keywords":["#covid19","#emanuelacasti","#francescofinazzi","#paolobuonanno","#remomorzentipellegrini","#unibg","ricerca"],"articleSection":["News e Attualit\u00e0"],"inLanguage":"it-IT","potentialAction":[{"@type":"CommentAction","name":"Comment","target":["https:\/\/www.article-marketing.eu\/comunicatistampa\/ricercatori-unibg-al-lavoro-contro-covid-19\/#respond"]}]},{"@type":"WebPage","@id":"https:\/\/www.article-marketing.eu\/comunicatistampa\/ricercatori-unibg-al-lavoro-contro-covid-19\/","url":"https:\/\/www.article-marketing.eu\/comunicatistampa\/ricercatori-unibg-al-lavoro-contro-covid-19\/","name":"Ricercatori Unibg al lavoro contro Covid-19 - Article Marketing","isPartOf":{"@id":"https:\/\/www.article-marketing.eu\/comunicatistampa\/#website"},"datePublished":"2020-04-01T22:23:16+00:00","author":{"@id":"https:\/\/www.article-marketing.eu\/comunicatistampa\/#\/schema\/person\/c0aa725eee5df8460e0adf901fde0c88"},"breadcrumb":{"@id":"https:\/\/www.article-marketing.eu\/comunicatistampa\/ricercatori-unibg-al-lavoro-contro-covid-19\/#breadcrumb"},"inLanguage":"it-IT","potentialAction":[{"@type":"ReadAction","target":["https:\/\/www.article-marketing.eu\/comunicatistampa\/ricercatori-unibg-al-lavoro-contro-covid-19\/"]}]},{"@type":"BreadcrumbList","@id":"https:\/\/www.article-marketing.eu\/comunicatistampa\/ricercatori-unibg-al-lavoro-contro-covid-19\/#breadcrumb","itemListElement":[{"@type":"ListItem","position":1,"name":"Home","item":"https:\/\/www.article-marketing.eu\/comunicatistampa\/"},{"@type":"ListItem","position":2,"name":"Ricercatori Unibg al lavoro contro Covid-19"}]},{"@type":"WebSite","@id":"https:\/\/www.article-marketing.eu\/comunicatistampa\/#website","url":"https:\/\/www.article-marketing.eu\/comunicatistampa\/","name":"Article Marketing","description":"article marketing &amp; press release","potentialAction":[{"@type":"SearchAction","target":{"@type":"EntryPoint","urlTemplate":"https:\/\/www.article-marketing.eu\/comunicatistampa\/?s={search_term_string}"},"query-input":{"@type":"PropertyValueSpecification","valueRequired":true,"valueName":"search_term_string"}}],"inLanguage":"it-IT"},{"@type":"Person","@id":"https:\/\/www.article-marketing.eu\/comunicatistampa\/#\/schema\/person\/c0aa725eee5df8460e0adf901fde0c88","name":"Redaclem","image":{"@type":"ImageObject","inLanguage":"it-IT","@id":"https:\/\/secure.gravatar.com\/avatar\/4c7e41f332a0583344a91d7d39723533da9b2d0df7737c2d8c69553168c2191e?s=96&d=mm&r=g","url":"https:\/\/secure.gravatar.com\/avatar\/4c7e41f332a0583344a91d7d39723533da9b2d0df7737c2d8c69553168c2191e?s=96&d=mm&r=g","contentUrl":"https:\/\/secure.gravatar.com\/avatar\/4c7e41f332a0583344a91d7d39723533da9b2d0df7737c2d8c69553168c2191e?s=96&d=mm&r=g","caption":"Redaclem"},"url":"https:\/\/www.article-marketing.eu\/comunicatistampa\/author\/redaclem\/"}]}},"_links":{"self":[{"href":"https:\/\/www.article-marketing.eu\/comunicatistampa\/wp-json\/wp\/v2\/posts\/14425","targetHints":{"allow":["GET"]}}],"collection":[{"href":"https:\/\/www.article-marketing.eu\/comunicatistampa\/wp-json\/wp\/v2\/posts"}],"about":[{"href":"https:\/\/www.article-marketing.eu\/comunicatistampa\/wp-json\/wp\/v2\/types\/post"}],"author":[{"embeddable":true,"href":"https:\/\/www.article-marketing.eu\/comunicatistampa\/wp-json\/wp\/v2\/users\/1855"}],"replies":[{"embeddable":true,"href":"https:\/\/www.article-marketing.eu\/comunicatistampa\/wp-json\/wp\/v2\/comments?post=14425"}],"version-history":[{"count":2,"href":"https:\/\/www.article-marketing.eu\/comunicatistampa\/wp-json\/wp\/v2\/posts\/14425\/revisions"}],"predecessor-version":[{"id":14436,"href":"https:\/\/www.article-marketing.eu\/comunicatistampa\/wp-json\/wp\/v2\/posts\/14425\/revisions\/14436"}],"wp:attachment":[{"href":"https:\/\/www.article-marketing.eu\/comunicatistampa\/wp-json\/wp\/v2\/media?parent=14425"}],"wp:term":[{"taxonomy":"category","embeddable":true,"href":"https:\/\/www.article-marketing.eu\/comunicatistampa\/wp-json\/wp\/v2\/categories?post=14425"},{"taxonomy":"post_tag","embeddable":true,"href":"https:\/\/www.article-marketing.eu\/comunicatistampa\/wp-json\/wp\/v2\/tags?post=14425"}],"curies":[{"name":"wp","href":"https:\/\/api.w.org\/{rel}","templated":true}]}}