{"id":14430,"date":"2020-04-02T00:24:01","date_gmt":"2020-04-01T22:24:01","guid":{"rendered":"https:\/\/www.article-marketing.eu\/comunicatistampa\/?p=14430"},"modified":"2020-04-02T00:24:01","modified_gmt":"2020-04-01T22:24:01","slug":"saverio-di-tulliola-storia-siamo-noi","status":"publish","type":"post","link":"https:\/\/www.article-marketing.eu\/comunicatistampa\/saverio-di-tulliola-storia-siamo-noi\/","title":{"rendered":"SAVERIO DI TULLIO\u2026la Storia siamo noi"},"content":{"rendered":"<p>\u2026quando un breve incontro si trasforma in un interessante ed approfondito scambio artistico e culturale.<\/p>\n<p><strong>D<\/strong>iplomato al Liceo Artistico, <strong>L<\/strong>aureato in Architettura, <strong>D<\/strong>ocente, <strong>S<\/strong>crittore, <strong>D<\/strong>isegnatore, <strong>R<\/strong>icercatore in ambito storico e iconografico.<\/p>\n<p>Questa essenziale scheda di presentazione non rende giustizia alla duttile mente di Saverio con cui abbiamo commentato il suo libro \u201c<strong>NAPOLEONE La sfida d\u2019Italia<\/strong>\u201d<\/p>\n<p>E\u2019 un racconto storico iconografico a fumetti, peraltro di eccellente qualit\u00e0 artistica, della campagna d\u2019Italia del 1796<\/p>\n<p>L\u2019autore ha ripercorso minuziosamente il lungo cammino da Parigi a Milano che port\u00f2 alla gloria il giovane <strong>Napoleone<\/strong>.<\/p>\n<p>L\u2019ardita scelta di rappresentare attraverso il fumetto questo significativo episodio dell\u2019intero impero napoleonico rende il libro fruibile ed accattivante non solo ai ragazzi ma anche agli adulti.<\/p>\n<p>Torneremo a breve con una intervista pi\u00f9 approfondita con l\u2019autore.<\/p>\n<p>Ed ecco quindi quanto scaturito dall\u2019incontro del giornalista <strong>Andrea Lepone<\/strong> con <strong>Saverio Di Tullio<\/strong>.<\/p>\n<p>Buongiorno Saverio e grazie per la tua disponibilit\u00e0. Come ti vuoi presentare ai nostri lettori?<\/p>\n<p><strong><em>\u201cCome un appassionato di storia che prova a raccontare con parole e immagini l\u2019impatto emotivo di eventi storici sulla popolazione civile.\u201d<\/em><\/strong><\/p>\n<p><strong>\u00a0<\/strong><\/p>\n<p>Raccontaci com&#8217;\u00e8 nata la tua passione per il mondo della fumettistica.<\/p>\n<p><strong><em>\u201cConfesso che sono un po\u2019 allergico al termine fumetto e ancor di pi\u00f9 a \u201ccomic book\u201d, come dicono gli americani; preferisco \u201cracconto grafico\u201d. Nel \u201998 ho avuto l\u2019onore di presentare la versione in inglese e francese della mia opera 1943: la via per Ortona al War Museum di Ottawa; la battaglia di Ortona \u00e8 costata la vita a 1400 soldati canadesi, 800 tedeschi e 1300 civili, e sentirmi dire che avevo fatto un bel \u201ccomic book\u201d, mi faceva cadere le braccia. Comunque, la passione per il fumetto \u00e8 iniziata presto; ho fatto le elementari in un paesino d\u2019Abruzzo dove il calzolaio vendeva giornali e uno splendido Pecos Bill, annate 54-56, che ancora oggi cerco disperatamente nei mercatini. Come disegnatore invece, ho \u201cillustrato\u201d quaderni e libri alle medie con grande entusiasmo dei compagni.\u201d<\/em><\/strong><\/p>\n<p><strong>\u00a0<\/strong><\/p>\n<p>Tu sei un architetto ed un ricercatore in campo storico e iconografico, cosa si prova nel dividersi tra il disegno tecnico, proprio del mondo dell&#8217;architettura, e quello grafico, proprio del mondo dei fumetti?<\/p>\n<p><strong><em>\u201cPrima di Architettura ho frequentato il liceo artistico dove si lavorava molto con la geometria descrittiva, con grandi elaborati di prospettiva, di teoria delle ombre, oltre a ornato e figura disegnata, modellata, pittura e anatomia artistica; un po\u2019 come una bottega rinascimentale che formava grandi pittori e scultori che all\u2019occasione erano anche grandi architetti. Alla professione di architetto poi ho affiancato quella di insegnante,\u00a0 non disdegnavo qualche uscita in mostre di pittura e ritratti ad olio. Ma poi ho vissuto con un senso di frustrazione il confronto con un\u2019arte che si allontanava sempre pi\u00f9 dalle mie espressioni figurative, per cui ho colto l\u2019occasione delle celebrazioni per il cinquantenario della battaglia di Ortona per provare un racconto a fumetti. Premetto che una seria esperienza l\u2019avevo fatta gi\u00e0 nel periodo universitario disegnando un paio di numeri di Zorro per un editore, di cui adesso mi sfugge il nome. Allora disegnavo di notte e frequentavo l\u2019universit\u00e0; poi l\u2019editore pretese, offrendomi anche un buon contratto, di lavorare in un laboratorio lontano con altri disegnatori per uniformare la grafica e decisi di abbandonare per il mio obiettivo primario della laurea in\u00a0 architettura.\u201d <\/em><\/strong><\/p>\n<p><strong>\u00a0<\/strong><\/p>\n<p>In cosa consiste lo studio iconografico?<\/p>\n<p><strong><em>\u201cNell\u2019esperienza fumettistica che ti ho raccontato, io facevo solo il disegnatore di una sceneggiatura fatta da uno scrittore; ma poi da insegnante ho fatto un\u2019altra esperienza. Con le classi ho partecipato a diversi concorsi che prevedevano la realizzazione di bozzetti con logo e motto per campagne contro doping e tabagismo, e ti dir\u00f2 che ne abbiamo vinti un paio a livello nazionale, e cos\u00ec mi sono appassionato al valore della parola in relazione all\u2019immagine. Non voglio addentrarmi in disquisizioni linguistiche, lascio il campo agli strutturalisti come il grande e indimenticabile Umberto Eco, ma provo a spiegarti il senso della mia ricerca. Nel fumetto classico tradizionale la parola e l\u2019immagine corrono in parallelo in funzione descrittiva e narrativa; io provo ad aggiungere una funzione espressiva che \u00e8 tipica del linguaggio poetico nella sua forza evocativa che fa riferimento all\u2019humus culturale ed emotivo del lettore. Gestualit\u00e0 ed espressione fanno parte dei contenuti culturali simbolici dell\u2019immagine che io definisco iconografici.\u201d <\/em><\/strong><\/p>\n<p><strong>\u00a0<\/strong><\/p>\n<p>L&#8217;Italia \u00e8 stata una fucina di grandi talenti in ambito fumettistico, ci sono artisti nostrani che apprezzi in modo particolare?<\/p>\n<p><strong><em>\u201cNon faccio nomi, comunque ho ammirato artisti italiani della mia generazione che hanno fatto grandi cose; molti hanno lavorato per Tex ed altri hanno contribuito alla bella collana di \u201cStoria d\u2019Italia a fumetti\u201d di Enzo Biagi.\u201d<\/em><\/strong><\/p>\n<p>Quali sono i tuoi personaggi preferiti?<\/p>\n<p><strong><em>\u201cRaramente seguo collane con personaggi, ma preferisco leggere racconti di storie vere e coglierne la capacit\u00e0 espressiva e di sintesi.\u201d<\/em><\/strong><\/p>\n<p>Parliamo di uno dei tuoi libri, \u201c1870: la presa di Roma a fumetti\u201d quanto \u00e8 stato difficile rileggere uno spaccato tanto importante della nostra storia in chiave fumettistica?<\/p>\n<p><strong><em>\u201cIn realt\u00e0 \u00e8 solo un fascicolo di 16 tavole ma del quale sono particolarmente orgoglioso; sia per la ricostruzione storica ricavata da libri illustrati del periodo, sia per la sintesi narrativa, e sia per la richiesta di ristampa per questo 150\u00b0 anniversario della breccia di Porta Pia che mi \u00e8 pervenuta direttamente dall\u2019Ufficio Storico dello Stato Maggiore della Difesa. L\u2019energia narrativa, in questo caso, l\u2019ho presa dall\u2019emozionante diario di Edmondo De Amicis che ha vissuto l\u2019evento in diretta come corrispondente di una rivista militare.\u201d<\/em><\/strong><\/p>\n<p>Cosa ti ha spinto a creare l&#8217;opera \u201cNapoleone \u2013 La sfida d&#8217;Italia\u201d?<\/p>\n<p><strong><em>\u201cDopo la pubblicazione del libro sulla battaglia di Ortona, ho pensato di raccontare un altro episodio drammatico accaduto sui nostri territori: l\u2019invasione dei francesi del 1799 che si \u00e8 trasformata in una vera guerra civile tra sanfedisti filoborbonici e patrioti rivoluzionari filofrancesi. Ho iniziato con la prima campagna di Napoleone in Italia del 1796 che doveva essere un breve capitolo, ma poi l\u2019incontro con gli appassionati di storia locale che hanno speso la vita a ricostruire nei dettagli i momenti delle battaglie, mi ha contagiato ed \u00e8 diventato un\u2019opera di 565 quadri sviluppata in cinque anni di duro lavoro in studio e spericolate campagne fotografiche.\u201d<\/em><\/strong><\/p>\n<p>Ci puoi descrivere il percorso emotivo e storico che hai seguito nel realizzare le tue opere?<\/p>\n<p><strong><em>\u201cDipende dal periodo storico trattato. Adesso sto lavorando sugli episodi pi\u00f9 significativi accaduti a cavallo della \u201cLinea Gustav\u201d, da Roma all\u2019Adriatico, per cui, oltre alla documentazione storica e fotografica, inseguo anche testimoni sopravvissuti o eredi che ne conservano la memoria. Poi comincia il lavoro in studio ricostruendo il puzzle e i contenuti per la narrazione.\u201d<\/em><\/strong><\/p>\n<p>Leggendo le tue pubblicazioni \u201c1870: la presa di Roma a fumetti\u201d ed anche \u201cNapoleone \u2013 La sfida d\u2019Italia\u201d appare evidente una minuziosa conoscenza dei luoghi che raffiguri; desumo quindi che tu abbia visitato le varie localit\u00e0. Cosa puoi dire?<\/p>\n<p><strong><em>\u201cLe prime immagini e le prime emozioni emergono proprio sul teatro degli eventi. Per Napoleone voglio raccontare un particolare: nelle mie ricerche ho acquisito una raccolta di stampe dell\u2019architetto pittore Giuseppe Bagetti che su incarico dello stesso Napoleone, poco tempo dopo ha realizzato delle ricostruzioni ad acquerello delle battaglie recandosi sui luoghi. Ritrovare sul territorio i suoi punti di vista \u00e8 stata una grande emozione.\u201d<\/em><\/strong><\/p>\n<p>\u201cNapoleone \u2013 La sfida d\u2019Italia\u201d \u00e8 gi\u00e0 stato pubblicato da una importante casa editrice internazionale ed \u00e8 tradotto in francese; \u00e8 certamente un significativo riconoscimento. Non ritieni sia opportuno che un&#8217;opera come questa possa essere ulteriormente apprezzata da un vasto pubblico anche nella considerazione che possa essere un valido strumento d&#8217;insegnamento scolastico?<\/p>\n<p><strong><em>\u201cHo sempre creduto in una didattica coinvolgente ed \u00e8 certo che la conoscenza acquisita con emozione si stampa nella memoria in modo profondo. Per anni ho accompagnato gli studenti del \u201cCanadian College Italy\u201d di Lanciano con il loro professore di storia sui luoghi della battaglia di Ortona; e poi li ho ritrovati l\u201911 novembre, giorno in cui commemorano i loro caduti in guerra, impegnati in prima persona e con attenta partecipazione alle celebrazioni che si svolgono al \u201cMoro River Canadian War Cemetery\u201d di Ortona. Credo che la conoscenza della storia sia fondamentale per sentirsi partecipi dell\u2019umanit\u00e0, aldil\u00e0 del tempo e dello spazio, maturando un convinto sentimento di pace ed una piccola illusione di immortalit\u00e0.\u201d<\/em><\/strong><\/p>\n<p>Saverio, come vuoi concludere quest&#8217;intervista? Quale messaggio vuoi trasmettere ai nostri lettori?<\/p>\n<p><strong><em>\u201cIn un momento cos\u00ec tragico come quello che stiamo vivendo, posso solo dire grazie all\u2019angolino confortevole delle mie\u00a0 passioni, recuperate\u00a0 dopo un silenzio di trent\u2019anni, per cui il mio invito \u00e8 a ricercare nella memoria le emozioni dell\u2019adolescenza, che sono il germoglio della nostra indole, necessariamente trascurate da adulti, e riattivarle per ritrovare nella solitudine, la compagnia di se stessi.\u201d<\/em><\/strong><\/p>\n<p><strong><em>\u00a0<\/em><\/strong><\/p>\n<p>Grazie <strong>Saverio<\/strong>, \u00e8 stato un incontro culturalmente arricchente ma, ahim\u00e8, troppo breve.<\/p>\n<p>A presto<\/p>\n<p><strong><em>\u00a0<\/em><\/strong><\/p>\n","protected":false},"excerpt":{"rendered":"<p>\u2026quando un breve incontro si trasforma in un interessante ed approfondito scambio artistico e culturale. Diplomato al Liceo Artistico, Laureato in Architettura, Docente, Scrittore, Disegnatore, Ricercatore in ambito storico e iconografico. Questa essenziale scheda di presentazione non rende giustizia alla duttile mente di Saverio con cui abbiamo commentato il suo libro \u201cNAPOLEONE La sfida d\u2019Italia\u201d E\u2019 un racconto storico iconografico a fumetti, peraltro di eccellente qualit\u00e0 artistica, della campagna d\u2019Italia<\/p>\n<p><a class=\"continue-reading\" href=\"https:\/\/www.article-marketing.eu\/comunicatistampa\/saverio-di-tulliola-storia-siamo-noi\/\">Continue reading&#8230;<\/a><\/p>\n","protected":false},"author":5603,"featured_media":0,"comment_status":"open","ping_status":"open","sticky":false,"template":"","format":"standard","meta":{"_monsterinsights_skip_tracking":false,"_monsterinsights_sitenote_active":false,"_monsterinsights_sitenote_note":"","_monsterinsights_sitenote_category":0,"footnotes":""},"categories":[407],"tags":[5995,5997,5996,5994],"class_list":["post-14430","post","type-post","status-publish","format-standard","hentry","category-arte-e-cultura","tag-andrea-lepone","tag-la-macina-magazine","tag-napoleone","tag-saverio-di-tullio"],"yoast_head":"<!-- This site is optimized with the Yoast SEO plugin v27.3 - https:\/\/yoast.com\/product\/yoast-seo-wordpress\/ -->\n<title>SAVERIO DI TULLIO\u2026la Storia siamo noi - Article Marketing SAVERIO DI TULLIO\u2026la Storia siamo noi<\/title>\n<meta name=\"description\" content=\"SAVERIO DI TULLIO\u2026la Storia siamo noi, incontro con l&#039;autore.\" \/>\n<meta name=\"robots\" content=\"index, follow, max-snippet:-1, max-image-preview:large, max-video-preview:-1\" \/>\n<link rel=\"canonical\" href=\"https:\/\/www.article-marketing.eu\/comunicatistampa\/saverio-di-tulliola-storia-siamo-noi\/\" \/>\n<meta property=\"og:locale\" content=\"it_IT\" \/>\n<meta property=\"og:type\" content=\"article\" \/>\n<meta property=\"og:title\" content=\"SAVERIO DI TULLIO\u2026la Storia siamo noi - Article Marketing SAVERIO DI TULLIO\u2026la Storia siamo noi\" \/>\n<meta property=\"og:description\" content=\"SAVERIO DI TULLIO\u2026la Storia siamo noi, incontro con l&#039;autore.\" \/>\n<meta property=\"og:url\" content=\"https:\/\/www.article-marketing.eu\/comunicatistampa\/saverio-di-tulliola-storia-siamo-noi\/\" \/>\n<meta property=\"og:site_name\" content=\"Article Marketing\" \/>\n<meta property=\"article:author\" content=\"https:\/\/www.facebook.com\/lamacina.onlus\" \/>\n<meta property=\"article:published_time\" content=\"2020-04-01T22:24:01+00:00\" \/>\n<meta name=\"author\" content=\"La Macina Magazine\" \/>\n<meta name=\"twitter:card\" content=\"summary_large_image\" \/>\n<meta name=\"twitter:creator\" content=\"@https:\/\/twitter.com\/LAMACINAONLUS\" \/>\n<meta name=\"twitter:label1\" content=\"Scritto da\" \/>\n\t<meta name=\"twitter:data1\" content=\"La Macina Magazine\" \/>\n\t<meta name=\"twitter:label2\" content=\"Tempo di lettura stimato\" \/>\n\t<meta name=\"twitter:data2\" content=\"7 minuti\" \/>\n<script type=\"application\/ld+json\" class=\"yoast-schema-graph\">{\"@context\":\"https:\\\/\\\/schema.org\",\"@graph\":[{\"@type\":\"Article\",\"@id\":\"https:\\\/\\\/www.article-marketing.eu\\\/comunicatistampa\\\/saverio-di-tulliola-storia-siamo-noi\\\/#article\",\"isPartOf\":{\"@id\":\"https:\\\/\\\/www.article-marketing.eu\\\/comunicatistampa\\\/saverio-di-tulliola-storia-siamo-noi\\\/\"},\"author\":{\"name\":\"La Macina Magazine\",\"@id\":\"https:\\\/\\\/www.article-marketing.eu\\\/comunicatistampa\\\/#\\\/schema\\\/person\\\/1745353dbe89ed35550459191c7824c9\"},\"headline\":\"SAVERIO DI TULLIO\u2026la Storia siamo noi\",\"datePublished\":\"2020-04-01T22:24:01+00:00\",\"mainEntityOfPage\":{\"@id\":\"https:\\\/\\\/www.article-marketing.eu\\\/comunicatistampa\\\/saverio-di-tulliola-storia-siamo-noi\\\/\"},\"wordCount\":1455,\"commentCount\":0,\"keywords\":[\"andrea lepone\",\"la macina magazine\",\"napoleone\",\"saverio di tullio\"],\"articleSection\":[\"Arte e cultura\"],\"inLanguage\":\"it-IT\",\"potentialAction\":[{\"@type\":\"CommentAction\",\"name\":\"Comment\",\"target\":[\"https:\\\/\\\/www.article-marketing.eu\\\/comunicatistampa\\\/saverio-di-tulliola-storia-siamo-noi\\\/#respond\"]}]},{\"@type\":\"WebPage\",\"@id\":\"https:\\\/\\\/www.article-marketing.eu\\\/comunicatistampa\\\/saverio-di-tulliola-storia-siamo-noi\\\/\",\"url\":\"https:\\\/\\\/www.article-marketing.eu\\\/comunicatistampa\\\/saverio-di-tulliola-storia-siamo-noi\\\/\",\"name\":\"SAVERIO DI TULLIO\u2026la Storia siamo noi - Article Marketing SAVERIO DI TULLIO\u2026la Storia siamo noi\",\"isPartOf\":{\"@id\":\"https:\\\/\\\/www.article-marketing.eu\\\/comunicatistampa\\\/#website\"},\"datePublished\":\"2020-04-01T22:24:01+00:00\",\"author\":{\"@id\":\"https:\\\/\\\/www.article-marketing.eu\\\/comunicatistampa\\\/#\\\/schema\\\/person\\\/1745353dbe89ed35550459191c7824c9\"},\"description\":\"SAVERIO DI TULLIO\u2026la Storia siamo noi, incontro con l'autore.\",\"breadcrumb\":{\"@id\":\"https:\\\/\\\/www.article-marketing.eu\\\/comunicatistampa\\\/saverio-di-tulliola-storia-siamo-noi\\\/#breadcrumb\"},\"inLanguage\":\"it-IT\",\"potentialAction\":[{\"@type\":\"ReadAction\",\"target\":[\"https:\\\/\\\/www.article-marketing.eu\\\/comunicatistampa\\\/saverio-di-tulliola-storia-siamo-noi\\\/\"]}]},{\"@type\":\"BreadcrumbList\",\"@id\":\"https:\\\/\\\/www.article-marketing.eu\\\/comunicatistampa\\\/saverio-di-tulliola-storia-siamo-noi\\\/#breadcrumb\",\"itemListElement\":[{\"@type\":\"ListItem\",\"position\":1,\"name\":\"Home\",\"item\":\"https:\\\/\\\/www.article-marketing.eu\\\/comunicatistampa\\\/\"},{\"@type\":\"ListItem\",\"position\":2,\"name\":\"SAVERIO DI TULLIO\u2026la Storia siamo noi\"}]},{\"@type\":\"WebSite\",\"@id\":\"https:\\\/\\\/www.article-marketing.eu\\\/comunicatistampa\\\/#website\",\"url\":\"https:\\\/\\\/www.article-marketing.eu\\\/comunicatistampa\\\/\",\"name\":\"Article Marketing\",\"description\":\"article marketing &amp; press release\",\"potentialAction\":[{\"@type\":\"SearchAction\",\"target\":{\"@type\":\"EntryPoint\",\"urlTemplate\":\"https:\\\/\\\/www.article-marketing.eu\\\/comunicatistampa\\\/?s={search_term_string}\"},\"query-input\":{\"@type\":\"PropertyValueSpecification\",\"valueRequired\":true,\"valueName\":\"search_term_string\"}}],\"inLanguage\":\"it-IT\"},{\"@type\":\"Person\",\"@id\":\"https:\\\/\\\/www.article-marketing.eu\\\/comunicatistampa\\\/#\\\/schema\\\/person\\\/1745353dbe89ed35550459191c7824c9\",\"name\":\"La Macina Magazine\",\"image\":{\"@type\":\"ImageObject\",\"inLanguage\":\"it-IT\",\"@id\":\"https:\\\/\\\/secure.gravatar.com\\\/avatar\\\/cda0654dfaa9cea252a11d3b7706406282e513bb36c8715d95f1126f7ac5a90b?s=96&d=mm&r=g\",\"url\":\"https:\\\/\\\/secure.gravatar.com\\\/avatar\\\/cda0654dfaa9cea252a11d3b7706406282e513bb36c8715d95f1126f7ac5a90b?s=96&d=mm&r=g\",\"contentUrl\":\"https:\\\/\\\/secure.gravatar.com\\\/avatar\\\/cda0654dfaa9cea252a11d3b7706406282e513bb36c8715d95f1126f7ac5a90b?s=96&d=mm&r=g\",\"caption\":\"La Macina Magazine\"},\"sameAs\":[\"https:\\\/\\\/www.lamacinamagazine.it\\\/\",\"https:\\\/\\\/www.facebook.com\\\/lamacina.onlus\",\"https:\\\/\\\/www.linkedin.com\\\/in\\\/la-macina-onlus-roma-67564941\\\/\",\"https:\\\/\\\/x.com\\\/https:\\\/\\\/twitter.com\\\/LAMACINAONLUS\"],\"url\":\"https:\\\/\\\/www.article-marketing.eu\\\/comunicatistampa\\\/author\\\/piero-casoli\\\/\"}]}<\/script>\n<!-- \/ Yoast SEO plugin. -->","yoast_head_json":{"title":"SAVERIO DI TULLIO\u2026la Storia siamo noi - Article Marketing SAVERIO DI TULLIO\u2026la Storia siamo noi","description":"SAVERIO DI TULLIO\u2026la Storia siamo noi, incontro con l'autore.","robots":{"index":"index","follow":"follow","max-snippet":"max-snippet:-1","max-image-preview":"max-image-preview:large","max-video-preview":"max-video-preview:-1"},"canonical":"https:\/\/www.article-marketing.eu\/comunicatistampa\/saverio-di-tulliola-storia-siamo-noi\/","og_locale":"it_IT","og_type":"article","og_title":"SAVERIO DI TULLIO\u2026la Storia siamo noi - Article Marketing SAVERIO DI TULLIO\u2026la Storia siamo noi","og_description":"SAVERIO DI TULLIO\u2026la Storia siamo noi, incontro con l'autore.","og_url":"https:\/\/www.article-marketing.eu\/comunicatistampa\/saverio-di-tulliola-storia-siamo-noi\/","og_site_name":"Article Marketing","article_author":"https:\/\/www.facebook.com\/lamacina.onlus","article_published_time":"2020-04-01T22:24:01+00:00","author":"La Macina Magazine","twitter_card":"summary_large_image","twitter_creator":"@https:\/\/twitter.com\/LAMACINAONLUS","twitter_misc":{"Scritto da":"La Macina Magazine","Tempo di lettura stimato":"7 minuti"},"schema":{"@context":"https:\/\/schema.org","@graph":[{"@type":"Article","@id":"https:\/\/www.article-marketing.eu\/comunicatistampa\/saverio-di-tulliola-storia-siamo-noi\/#article","isPartOf":{"@id":"https:\/\/www.article-marketing.eu\/comunicatistampa\/saverio-di-tulliola-storia-siamo-noi\/"},"author":{"name":"La Macina Magazine","@id":"https:\/\/www.article-marketing.eu\/comunicatistampa\/#\/schema\/person\/1745353dbe89ed35550459191c7824c9"},"headline":"SAVERIO DI TULLIO\u2026la Storia siamo noi","datePublished":"2020-04-01T22:24:01+00:00","mainEntityOfPage":{"@id":"https:\/\/www.article-marketing.eu\/comunicatistampa\/saverio-di-tulliola-storia-siamo-noi\/"},"wordCount":1455,"commentCount":0,"keywords":["andrea lepone","la macina magazine","napoleone","saverio di tullio"],"articleSection":["Arte e cultura"],"inLanguage":"it-IT","potentialAction":[{"@type":"CommentAction","name":"Comment","target":["https:\/\/www.article-marketing.eu\/comunicatistampa\/saverio-di-tulliola-storia-siamo-noi\/#respond"]}]},{"@type":"WebPage","@id":"https:\/\/www.article-marketing.eu\/comunicatistampa\/saverio-di-tulliola-storia-siamo-noi\/","url":"https:\/\/www.article-marketing.eu\/comunicatistampa\/saverio-di-tulliola-storia-siamo-noi\/","name":"SAVERIO DI TULLIO\u2026la Storia siamo noi - Article Marketing SAVERIO DI TULLIO\u2026la Storia siamo noi","isPartOf":{"@id":"https:\/\/www.article-marketing.eu\/comunicatistampa\/#website"},"datePublished":"2020-04-01T22:24:01+00:00","author":{"@id":"https:\/\/www.article-marketing.eu\/comunicatistampa\/#\/schema\/person\/1745353dbe89ed35550459191c7824c9"},"description":"SAVERIO DI TULLIO\u2026la Storia siamo noi, incontro con l'autore.","breadcrumb":{"@id":"https:\/\/www.article-marketing.eu\/comunicatistampa\/saverio-di-tulliola-storia-siamo-noi\/#breadcrumb"},"inLanguage":"it-IT","potentialAction":[{"@type":"ReadAction","target":["https:\/\/www.article-marketing.eu\/comunicatistampa\/saverio-di-tulliola-storia-siamo-noi\/"]}]},{"@type":"BreadcrumbList","@id":"https:\/\/www.article-marketing.eu\/comunicatistampa\/saverio-di-tulliola-storia-siamo-noi\/#breadcrumb","itemListElement":[{"@type":"ListItem","position":1,"name":"Home","item":"https:\/\/www.article-marketing.eu\/comunicatistampa\/"},{"@type":"ListItem","position":2,"name":"SAVERIO DI TULLIO\u2026la Storia siamo noi"}]},{"@type":"WebSite","@id":"https:\/\/www.article-marketing.eu\/comunicatistampa\/#website","url":"https:\/\/www.article-marketing.eu\/comunicatistampa\/","name":"Article Marketing","description":"article marketing &amp; press release","potentialAction":[{"@type":"SearchAction","target":{"@type":"EntryPoint","urlTemplate":"https:\/\/www.article-marketing.eu\/comunicatistampa\/?s={search_term_string}"},"query-input":{"@type":"PropertyValueSpecification","valueRequired":true,"valueName":"search_term_string"}}],"inLanguage":"it-IT"},{"@type":"Person","@id":"https:\/\/www.article-marketing.eu\/comunicatistampa\/#\/schema\/person\/1745353dbe89ed35550459191c7824c9","name":"La Macina Magazine","image":{"@type":"ImageObject","inLanguage":"it-IT","@id":"https:\/\/secure.gravatar.com\/avatar\/cda0654dfaa9cea252a11d3b7706406282e513bb36c8715d95f1126f7ac5a90b?s=96&d=mm&r=g","url":"https:\/\/secure.gravatar.com\/avatar\/cda0654dfaa9cea252a11d3b7706406282e513bb36c8715d95f1126f7ac5a90b?s=96&d=mm&r=g","contentUrl":"https:\/\/secure.gravatar.com\/avatar\/cda0654dfaa9cea252a11d3b7706406282e513bb36c8715d95f1126f7ac5a90b?s=96&d=mm&r=g","caption":"La Macina Magazine"},"sameAs":["https:\/\/www.lamacinamagazine.it\/","https:\/\/www.facebook.com\/lamacina.onlus","https:\/\/www.linkedin.com\/in\/la-macina-onlus-roma-67564941\/","https:\/\/x.com\/https:\/\/twitter.com\/LAMACINAONLUS"],"url":"https:\/\/www.article-marketing.eu\/comunicatistampa\/author\/piero-casoli\/"}]}},"_links":{"self":[{"href":"https:\/\/www.article-marketing.eu\/comunicatistampa\/wp-json\/wp\/v2\/posts\/14430","targetHints":{"allow":["GET"]}}],"collection":[{"href":"https:\/\/www.article-marketing.eu\/comunicatistampa\/wp-json\/wp\/v2\/posts"}],"about":[{"href":"https:\/\/www.article-marketing.eu\/comunicatistampa\/wp-json\/wp\/v2\/types\/post"}],"author":[{"embeddable":true,"href":"https:\/\/www.article-marketing.eu\/comunicatistampa\/wp-json\/wp\/v2\/users\/5603"}],"replies":[{"embeddable":true,"href":"https:\/\/www.article-marketing.eu\/comunicatistampa\/wp-json\/wp\/v2\/comments?post=14430"}],"version-history":[{"count":2,"href":"https:\/\/www.article-marketing.eu\/comunicatistampa\/wp-json\/wp\/v2\/posts\/14430\/revisions"}],"predecessor-version":[{"id":14438,"href":"https:\/\/www.article-marketing.eu\/comunicatistampa\/wp-json\/wp\/v2\/posts\/14430\/revisions\/14438"}],"wp:attachment":[{"href":"https:\/\/www.article-marketing.eu\/comunicatistampa\/wp-json\/wp\/v2\/media?parent=14430"}],"wp:term":[{"taxonomy":"category","embeddable":true,"href":"https:\/\/www.article-marketing.eu\/comunicatistampa\/wp-json\/wp\/v2\/categories?post=14430"},{"taxonomy":"post_tag","embeddable":true,"href":"https:\/\/www.article-marketing.eu\/comunicatistampa\/wp-json\/wp\/v2\/tags?post=14430"}],"curies":[{"name":"wp","href":"https:\/\/api.w.org\/{rel}","templated":true}]}}