{"id":14456,"date":"2020-04-03T14:13:55","date_gmt":"2020-04-03T12:13:55","guid":{"rendered":"https:\/\/www.article-marketing.eu\/comunicatistampa\/?p=14456"},"modified":"2020-04-03T14:13:55","modified_gmt":"2020-04-03T12:13:55","slug":"videoconferenza-labc-del-rischio-biologico-ai-tempi-del-coronavirus","status":"publish","type":"post","link":"https:\/\/www.article-marketing.eu\/comunicatistampa\/videoconferenza-labc-del-rischio-biologico-ai-tempi-del-coronavirus\/","title":{"rendered":"Videoconferenza: l\u2019ABC del rischio biologico ai tempi del coronavirus"},"content":{"rendered":"<h1>Comunicato Stampa<\/h1>\n<h1>Videoconferenza: l\u2019ABC del rischio biologico ai tempi del coronavirus<\/h1>\n<p><strong><em>Il 20 aprile 2020 una videoconferenza permetter\u00e0 di affrontare il rischio biologico e la valutazione del rischio, cercando di capire quando \u00e8 necessaria farla e secondo quali criteri effettuarla.<\/em><\/strong><\/p>\n<p><strong><em>\u00a0<\/em><\/strong><\/p>\n<p>Il caso dell\u2019attuale emergenza del Coronavirus <strong>SARS-CoV-2<\/strong> ha evidenziato non solo quanto sia difficile la gestione del <strong>rischio biologico<\/strong>, ma anche quanto impreparati siano tutti i ruoli della sicurezza, formatori e consulenti inclusi, nell\u2019affrontare l\u2019emergenza. E la stessa Agenzia europea per la sicurezza e la salute sul lavoro ha recentemente segnalato diversi <strong>rischi biologici emergenti<\/strong> facendo riferimento anche alle difficolt\u00e0 di valutazione dei rischi biologici, ai rischi occupazionali correlati alle epidemie e pandemie e alla mancanza di formazione e informazione adeguati.<\/p>\n<p>&nbsp;<\/p>\n<p>C\u2019\u00e8, dunque, ancora molta strada da fare per favorire nei luoghi di lavoro una buona <strong>valutazione e gestione del rischio biologico<\/strong>. E una idonea modalit\u00e0 formativa per raccogliere utili informazioni per la gestione del rischio, in questa fase di sospensione delle attivit\u00e0 formative in aula per l&#8217;evolversi della situazione epidemiologica, \u00e8 la <strong>videoconferenza<\/strong>.<\/p>\n<p>Ricordiamo che la videoconferenza \u00e8 una particolare formazione a distanza che, avvenendo tramite piattaforma informatica e tra pi\u00f9 persone presenti nello stesso momento, permette di ricreare delle vere e proprie aule virtuali di formazione.<\/p>\n<p><strong>\u00a0<\/strong><\/p>\n<p><strong>La videoconferenza sul rischio biologico ai tempi del coronavirus<\/strong><\/p>\n<p>Per favorire una migliore gestione dei rischi biologici, con riferimento anche all\u2019attuale emergenza coronavirus, l\u2019<strong>Associazione Italiana Formatori ed Operatori della Sicurezza sul Lavoro<\/strong> (AiFOS) organizza il 20 aprile 2020 la videoconferenza \u201c<strong>L\u2019ABC del rischio biologico ai tempi del coronavirus<\/strong>\u201d.<\/p>\n<p>&nbsp;<\/p>\n<p>Il corso si pone l\u2019obiettivo di trasmettere le conoscenze base per affrontare il <strong>rischio biologico<\/strong> nei diversi settori aziendali, distinguendo tra le diverse tipologie e situazioni. Si vogliono fornire le conoscenze base per affrontare l\u2019argomento e una corretta valutazione del rischio, cercando di capire quando \u00e8 necessaria farla e secondo quali criteri effettuarla.<\/p>\n<p>&nbsp;<\/p>\n<p>In definitiva la finalit\u00e0 del corso &#8211; rivolto a RSPP, ASPP, Formatori della sicurezza e consulenti &#8211; \u00e8 illustrare le principali misure preventive e le misure di protezione da adottare, in generale, nel rischio biologico con approfondimenti mirati alla situazione attuale.<\/p>\n<p>&nbsp;<\/p>\n<p>I due <strong>docenti<\/strong> del corso in videoconferenza:<\/p>\n<ul>\n<li><strong>Nicola Corsano<\/strong>: biologo, consulente per la sicurezza sul lavoro con esperienza pluriennale e formatore esperto nelle metodologie didattiche esperienziale;<\/li>\n<li><strong>Matteo Fadenti<\/strong>: tecnico della prevenzione negli ambienti e luoghi di lavoro, con specializzazione nell\u2019igiene e sicurezza alimentare, formatore e consulente con esperienza pluriennale.<\/li>\n<\/ul>\n<p>&nbsp;<\/p>\n<p><strong>La sottostima del rischio di esposizione ad agenti biologici<\/strong><\/p>\n<p>Il <strong>rischio di esposizione ad agenti biologici<\/strong> nei luoghi di lavoro necessita un approccio articolato in tema di valutazione e di gestione.<\/p>\n<p>&nbsp;<\/p>\n<p>In particolare tutte le attivit\u00e0 lavorative nelle quali \u00e8 presente tale rischio devono applicare il Titolo X del <strong>Decreto legislativo 81\/2008<\/strong> che contiene le regole per la protezione dei lavoratori contro i rischi derivanti da esposizione a microrganismi potenzialmente patogeni. Sono comprese tutte le attivit\u00e0, sia quelle con uso deliberato di microrganismi sia quelle con rischio potenziale di esposizione.<\/p>\n<p>&nbsp;<\/p>\n<p>Si ricorda poi che, secondo la definizione del D.Lgs. 81\/2008 (art. 267), per <strong>agente biologico<\/strong> si intende qualsiasi microrganismo, anche se geneticamente modificato, coltura cellulare ed endoparassita umano che potrebbe provocare infezioni, allergie o intossicazioni. E uno dei problemi in ambito lavorativo \u00e8 che il rischio da agenti biologici, esclusa qualche eccezione, in molti luoghi di lavoro \u00e8 spesso sottostimato perch\u00e9 \u00e8 di tipo ambientale.<\/p>\n<p>&nbsp;<\/p>\n<p><strong>Le informazioni per la videoconferenza sul rischio biologico<\/strong><\/p>\n<p>Il 20 aprile 2020 si terr\u00e0, dunque, dalle ore 9.00 alle ore 13.00, la videoconferenza, di 4 ore e tramite piattaforma GoToWebinar, dal titolo \u201c<strong>L\u2019ABC del rischio biologico ai tempi del coronavirus<\/strong>\u201d.<\/p>\n<p>&nbsp;<\/p>\n<p>Questo il <strong>programma della videoconferenza<\/strong>:<\/p>\n<ul>\n<li>Cenni di base di microbiologia (virus, batteri, differenze tra i due, metodi di trasmissione, esempi nei luoghi di lavoro)<\/li>\n<li>Classificazione dei microrganismi secondo il D.Lgs. 81\/08<\/li>\n<li>La valutazione del rischio biologico (con esempi pratici)<\/li>\n<li>Gli obblighi del Datore di Lavoro<\/li>\n<li>Le misure preventive specifiche e generali<\/li>\n<li>Dispositivi di Protezione collettiva e individuale correlati al tipo di attivit\u00e0 e situazione<\/li>\n<li>Gestione dell&#8217;emergenza nel rischio biologico<\/li>\n<\/ul>\n<p>&nbsp;<\/p>\n<p>La partecipazione al corso vale come 4 ore di <strong>aggiornamento<\/strong> per RSPP\/ASPP, Formatori qualificati (area 2) e Coordinatori alla sicurezza.<\/p>\n<p>&nbsp;<\/p>\n<p>Per avere informazioni e iscriversi al corso \u00e8 possibile utilizzare questo link:<\/p>\n<p><a href=\"https:\/\/bit.ly\/ABC-rischio-biologico\">https:\/\/bit.ly\/ABC-rischio-biologico<\/a><\/p>\n<p><strong><em>\u00a0<\/em><\/strong><\/p>\n<p>Per <strong>informazioni<\/strong>:<\/p>\n<p><strong>Sede nazionale AiFOS<\/strong> &#8211; via Branze, 45 &#8211; 25123 Brescia c\/o CSMT, Universit\u00e0 degli Studi di Brescia &#8211; tel. 030.6595035 &#8211; fax 030.6595040 <a href=\"http:\/\/www.aifos.it\">www.aifos.it<\/a> &#8211; <a href=\"mailto:formarsi@aifos.it\">formarsi@aifos.it<\/a> &#8211; gototraining@aifos.it<\/p>\n<p>&nbsp;<\/p>\n<p><em>\u00a0<\/em><\/p>\n<p><em>02 aprile 2020<\/em><\/p>\n<p>&nbsp;<\/p>\n<p>&nbsp;<\/p>\n<p>&nbsp;<\/p>\n<p>Ufficio Stampa di AiFOS<\/p>\n<p>ufficiostampa@aifos.it<\/p>\n<p>http:\/\/www.aifos.it\/<\/p>\n","protected":false},"excerpt":{"rendered":"<p>Comunicato Stampa Videoconferenza: l\u2019ABC del rischio biologico ai tempi del coronavirus Il 20 aprile 2020 una videoconferenza permetter\u00e0 di affrontare il rischio biologico e la valutazione del rischio, cercando di capire quando \u00e8 necessaria farla e secondo quali criteri effettuarla. \u00a0 Il caso dell\u2019attuale emergenza del Coronavirus SARS-CoV-2 ha evidenziato non solo quanto sia difficile la gestione del rischio biologico, ma anche quanto impreparati siano tutti i ruoli della sicurezza,<\/p>\n<p><a class=\"continue-reading\" href=\"https:\/\/www.article-marketing.eu\/comunicatistampa\/videoconferenza-labc-del-rischio-biologico-ai-tempi-del-coronavirus\/\">Continue reading&#8230;<\/a><\/p>\n","protected":false},"author":881,"featured_media":0,"comment_status":"open","ping_status":"open","sticky":false,"template":"","format":"standard","meta":{"_monsterinsights_skip_tracking":false,"_monsterinsights_sitenote_active":false,"_monsterinsights_sitenote_note":"","_monsterinsights_sitenote_category":0,"footnotes":""},"categories":[78,379,386,392,378],"tags":[3301,3235,5812,5941,193,5940,6026,6020,6025,6021,6024,6022,174,6023,5952],"class_list":["post-14456","post","type-post","status-publish","format-standard","hentry","category-comunicati-stampa","category-corsi","category-economia-e-lavoro","category-eventi","category-istruzione","tag-aifos","tag-brescia","tag-coronavirus","tag-emergenza-covid-19","tag-formazione","tag-formazione-a-distanza","tag-gestione-dellemergenza","tag-labc-del-rischio-biologico-ai-tempi-del-coronavirus","tag-microrganismi","tag-rischio-biologico","tag-sars-cov-2","tag-valutazione-e-gestione-del-rischio-biologico","tag-video","tag-videoconferenza","tag-webconference"],"yoast_head":"<!-- This site is optimized with the Yoast SEO plugin v27.3 - https:\/\/yoast.com\/product\/yoast-seo-wordpress\/ -->\n<title>Videoconferenza: l\u2019ABC del rischio biologico ai tempi del coronavirus - Article Marketing<\/title>\n<meta name=\"robots\" content=\"index, follow, max-snippet:-1, max-image-preview:large, max-video-preview:-1\" \/>\n<link rel=\"canonical\" href=\"https:\/\/www.article-marketing.eu\/comunicatistampa\/videoconferenza-labc-del-rischio-biologico-ai-tempi-del-coronavirus\/\" \/>\n<meta property=\"og:locale\" content=\"it_IT\" \/>\n<meta property=\"og:type\" content=\"article\" \/>\n<meta property=\"og:title\" content=\"Videoconferenza: l\u2019ABC del rischio biologico ai tempi del coronavirus - Article Marketing\" \/>\n<meta property=\"og:description\" content=\"Comunicato Stampa Videoconferenza: l\u2019ABC del rischio biologico ai tempi del coronavirus Il 20 aprile 2020 una videoconferenza permetter\u00e0 di affrontare il rischio biologico e la valutazione del rischio, cercando di capire quando \u00e8 necessaria farla e secondo quali criteri effettuarla. \u00a0 Il caso dell\u2019attuale emergenza del Coronavirus SARS-CoV-2 ha evidenziato non solo quanto sia difficile la gestione del rischio biologico, ma anche quanto impreparati siano tutti i ruoli della sicurezza,Continue reading...\" \/>\n<meta property=\"og:url\" content=\"https:\/\/www.article-marketing.eu\/comunicatistampa\/videoconferenza-labc-del-rischio-biologico-ai-tempi-del-coronavirus\/\" \/>\n<meta property=\"og:site_name\" content=\"Article Marketing\" \/>\n<meta property=\"article:published_time\" content=\"2020-04-03T12:13:55+00:00\" \/>\n<meta name=\"author\" content=\"AIFUS\" \/>\n<meta name=\"twitter:card\" content=\"summary_large_image\" \/>\n<meta name=\"twitter:label1\" content=\"Scritto da\" \/>\n\t<meta name=\"twitter:data1\" content=\"AIFUS\" \/>\n\t<meta name=\"twitter:label2\" content=\"Tempo di lettura stimato\" \/>\n\t<meta name=\"twitter:data2\" content=\"4 minuti\" \/>\n<script type=\"application\/ld+json\" class=\"yoast-schema-graph\">{\"@context\":\"https:\\\/\\\/schema.org\",\"@graph\":[{\"@type\":\"Article\",\"@id\":\"https:\\\/\\\/www.article-marketing.eu\\\/comunicatistampa\\\/videoconferenza-labc-del-rischio-biologico-ai-tempi-del-coronavirus\\\/#article\",\"isPartOf\":{\"@id\":\"https:\\\/\\\/www.article-marketing.eu\\\/comunicatistampa\\\/videoconferenza-labc-del-rischio-biologico-ai-tempi-del-coronavirus\\\/\"},\"author\":{\"name\":\"AIFUS\",\"@id\":\"https:\\\/\\\/www.article-marketing.eu\\\/comunicatistampa\\\/#\\\/schema\\\/person\\\/d1985c4955ff71a05f49d68e3034b3cd\"},\"headline\":\"Videoconferenza: l\u2019ABC del rischio biologico ai tempi del coronavirus\",\"datePublished\":\"2020-04-03T12:13:55+00:00\",\"mainEntityOfPage\":{\"@id\":\"https:\\\/\\\/www.article-marketing.eu\\\/comunicatistampa\\\/videoconferenza-labc-del-rischio-biologico-ai-tempi-del-coronavirus\\\/\"},\"wordCount\":758,\"commentCount\":0,\"keywords\":[\"Aifos\",\"Brescia\",\"coronavirus\",\"emergenza COVID-19\",\"formazione\",\"formazione a distanza\",\"Gestione dell'emergenza\",\"L\u2019ABC del rischio biologico ai tempi del coronavirus\",\"microrganismi\",\"rischio biologico\",\"SARS-CoV-2\",\"valutazione e gestione del rischio biologico\",\"Video\",\"videoconferenza\",\"webconference\"],\"articleSection\":[\"Comunicati stampa\",\"Corsi\",\"Economia e lavoro\",\"Eventi\",\"Istruzione\"],\"inLanguage\":\"it-IT\",\"potentialAction\":[{\"@type\":\"CommentAction\",\"name\":\"Comment\",\"target\":[\"https:\\\/\\\/www.article-marketing.eu\\\/comunicatistampa\\\/videoconferenza-labc-del-rischio-biologico-ai-tempi-del-coronavirus\\\/#respond\"]}]},{\"@type\":\"WebPage\",\"@id\":\"https:\\\/\\\/www.article-marketing.eu\\\/comunicatistampa\\\/videoconferenza-labc-del-rischio-biologico-ai-tempi-del-coronavirus\\\/\",\"url\":\"https:\\\/\\\/www.article-marketing.eu\\\/comunicatistampa\\\/videoconferenza-labc-del-rischio-biologico-ai-tempi-del-coronavirus\\\/\",\"name\":\"Videoconferenza: l\u2019ABC del rischio biologico ai tempi del coronavirus - Article Marketing\",\"isPartOf\":{\"@id\":\"https:\\\/\\\/www.article-marketing.eu\\\/comunicatistampa\\\/#website\"},\"datePublished\":\"2020-04-03T12:13:55+00:00\",\"author\":{\"@id\":\"https:\\\/\\\/www.article-marketing.eu\\\/comunicatistampa\\\/#\\\/schema\\\/person\\\/d1985c4955ff71a05f49d68e3034b3cd\"},\"breadcrumb\":{\"@id\":\"https:\\\/\\\/www.article-marketing.eu\\\/comunicatistampa\\\/videoconferenza-labc-del-rischio-biologico-ai-tempi-del-coronavirus\\\/#breadcrumb\"},\"inLanguage\":\"it-IT\",\"potentialAction\":[{\"@type\":\"ReadAction\",\"target\":[\"https:\\\/\\\/www.article-marketing.eu\\\/comunicatistampa\\\/videoconferenza-labc-del-rischio-biologico-ai-tempi-del-coronavirus\\\/\"]}]},{\"@type\":\"BreadcrumbList\",\"@id\":\"https:\\\/\\\/www.article-marketing.eu\\\/comunicatistampa\\\/videoconferenza-labc-del-rischio-biologico-ai-tempi-del-coronavirus\\\/#breadcrumb\",\"itemListElement\":[{\"@type\":\"ListItem\",\"position\":1,\"name\":\"Home\",\"item\":\"https:\\\/\\\/www.article-marketing.eu\\\/comunicatistampa\\\/\"},{\"@type\":\"ListItem\",\"position\":2,\"name\":\"Videoconferenza: l\u2019ABC del rischio biologico ai tempi del coronavirus\"}]},{\"@type\":\"WebSite\",\"@id\":\"https:\\\/\\\/www.article-marketing.eu\\\/comunicatistampa\\\/#website\",\"url\":\"https:\\\/\\\/www.article-marketing.eu\\\/comunicatistampa\\\/\",\"name\":\"Article Marketing\",\"description\":\"article marketing &amp; press release\",\"potentialAction\":[{\"@type\":\"SearchAction\",\"target\":{\"@type\":\"EntryPoint\",\"urlTemplate\":\"https:\\\/\\\/www.article-marketing.eu\\\/comunicatistampa\\\/?s={search_term_string}\"},\"query-input\":{\"@type\":\"PropertyValueSpecification\",\"valueRequired\":true,\"valueName\":\"search_term_string\"}}],\"inLanguage\":\"it-IT\"},{\"@type\":\"Person\",\"@id\":\"https:\\\/\\\/www.article-marketing.eu\\\/comunicatistampa\\\/#\\\/schema\\\/person\\\/d1985c4955ff71a05f49d68e3034b3cd\",\"name\":\"AIFUS\",\"image\":{\"@type\":\"ImageObject\",\"inLanguage\":\"it-IT\",\"@id\":\"https:\\\/\\\/secure.gravatar.com\\\/avatar\\\/05cf2a2ba057667571308b94c84f00ff48766ffac95710a87491a9b3ddcee484?s=96&d=mm&r=g\",\"url\":\"https:\\\/\\\/secure.gravatar.com\\\/avatar\\\/05cf2a2ba057667571308b94c84f00ff48766ffac95710a87491a9b3ddcee484?s=96&d=mm&r=g\",\"contentUrl\":\"https:\\\/\\\/secure.gravatar.com\\\/avatar\\\/05cf2a2ba057667571308b94c84f00ff48766ffac95710a87491a9b3ddcee484?s=96&d=mm&r=g\",\"caption\":\"AIFUS\"},\"url\":\"https:\\\/\\\/www.article-marketing.eu\\\/comunicatistampa\\\/author\\\/aifus\\\/\"}]}<\/script>\n<!-- \/ Yoast SEO plugin. -->","yoast_head_json":{"title":"Videoconferenza: l\u2019ABC del rischio biologico ai tempi del coronavirus - Article Marketing","robots":{"index":"index","follow":"follow","max-snippet":"max-snippet:-1","max-image-preview":"max-image-preview:large","max-video-preview":"max-video-preview:-1"},"canonical":"https:\/\/www.article-marketing.eu\/comunicatistampa\/videoconferenza-labc-del-rischio-biologico-ai-tempi-del-coronavirus\/","og_locale":"it_IT","og_type":"article","og_title":"Videoconferenza: l\u2019ABC del rischio biologico ai tempi del coronavirus - Article Marketing","og_description":"Comunicato Stampa Videoconferenza: l\u2019ABC del rischio biologico ai tempi del coronavirus Il 20 aprile 2020 una videoconferenza permetter\u00e0 di affrontare il rischio biologico e la valutazione del rischio, cercando di capire quando \u00e8 necessaria farla e secondo quali criteri effettuarla. \u00a0 Il caso dell\u2019attuale emergenza del Coronavirus SARS-CoV-2 ha evidenziato non solo quanto sia difficile la gestione del rischio biologico, ma anche quanto impreparati siano tutti i ruoli della sicurezza,Continue reading...","og_url":"https:\/\/www.article-marketing.eu\/comunicatistampa\/videoconferenza-labc-del-rischio-biologico-ai-tempi-del-coronavirus\/","og_site_name":"Article Marketing","article_published_time":"2020-04-03T12:13:55+00:00","author":"AIFUS","twitter_card":"summary_large_image","twitter_misc":{"Scritto da":"AIFUS","Tempo di lettura stimato":"4 minuti"},"schema":{"@context":"https:\/\/schema.org","@graph":[{"@type":"Article","@id":"https:\/\/www.article-marketing.eu\/comunicatistampa\/videoconferenza-labc-del-rischio-biologico-ai-tempi-del-coronavirus\/#article","isPartOf":{"@id":"https:\/\/www.article-marketing.eu\/comunicatistampa\/videoconferenza-labc-del-rischio-biologico-ai-tempi-del-coronavirus\/"},"author":{"name":"AIFUS","@id":"https:\/\/www.article-marketing.eu\/comunicatistampa\/#\/schema\/person\/d1985c4955ff71a05f49d68e3034b3cd"},"headline":"Videoconferenza: l\u2019ABC del rischio biologico ai tempi del coronavirus","datePublished":"2020-04-03T12:13:55+00:00","mainEntityOfPage":{"@id":"https:\/\/www.article-marketing.eu\/comunicatistampa\/videoconferenza-labc-del-rischio-biologico-ai-tempi-del-coronavirus\/"},"wordCount":758,"commentCount":0,"keywords":["Aifos","Brescia","coronavirus","emergenza COVID-19","formazione","formazione a distanza","Gestione dell'emergenza","L\u2019ABC del rischio biologico ai tempi del coronavirus","microrganismi","rischio biologico","SARS-CoV-2","valutazione e gestione del rischio biologico","Video","videoconferenza","webconference"],"articleSection":["Comunicati stampa","Corsi","Economia e lavoro","Eventi","Istruzione"],"inLanguage":"it-IT","potentialAction":[{"@type":"CommentAction","name":"Comment","target":["https:\/\/www.article-marketing.eu\/comunicatistampa\/videoconferenza-labc-del-rischio-biologico-ai-tempi-del-coronavirus\/#respond"]}]},{"@type":"WebPage","@id":"https:\/\/www.article-marketing.eu\/comunicatistampa\/videoconferenza-labc-del-rischio-biologico-ai-tempi-del-coronavirus\/","url":"https:\/\/www.article-marketing.eu\/comunicatistampa\/videoconferenza-labc-del-rischio-biologico-ai-tempi-del-coronavirus\/","name":"Videoconferenza: l\u2019ABC del rischio biologico ai tempi del coronavirus - Article Marketing","isPartOf":{"@id":"https:\/\/www.article-marketing.eu\/comunicatistampa\/#website"},"datePublished":"2020-04-03T12:13:55+00:00","author":{"@id":"https:\/\/www.article-marketing.eu\/comunicatistampa\/#\/schema\/person\/d1985c4955ff71a05f49d68e3034b3cd"},"breadcrumb":{"@id":"https:\/\/www.article-marketing.eu\/comunicatistampa\/videoconferenza-labc-del-rischio-biologico-ai-tempi-del-coronavirus\/#breadcrumb"},"inLanguage":"it-IT","potentialAction":[{"@type":"ReadAction","target":["https:\/\/www.article-marketing.eu\/comunicatistampa\/videoconferenza-labc-del-rischio-biologico-ai-tempi-del-coronavirus\/"]}]},{"@type":"BreadcrumbList","@id":"https:\/\/www.article-marketing.eu\/comunicatistampa\/videoconferenza-labc-del-rischio-biologico-ai-tempi-del-coronavirus\/#breadcrumb","itemListElement":[{"@type":"ListItem","position":1,"name":"Home","item":"https:\/\/www.article-marketing.eu\/comunicatistampa\/"},{"@type":"ListItem","position":2,"name":"Videoconferenza: l\u2019ABC del rischio biologico ai tempi del coronavirus"}]},{"@type":"WebSite","@id":"https:\/\/www.article-marketing.eu\/comunicatistampa\/#website","url":"https:\/\/www.article-marketing.eu\/comunicatistampa\/","name":"Article Marketing","description":"article marketing &amp; press release","potentialAction":[{"@type":"SearchAction","target":{"@type":"EntryPoint","urlTemplate":"https:\/\/www.article-marketing.eu\/comunicatistampa\/?s={search_term_string}"},"query-input":{"@type":"PropertyValueSpecification","valueRequired":true,"valueName":"search_term_string"}}],"inLanguage":"it-IT"},{"@type":"Person","@id":"https:\/\/www.article-marketing.eu\/comunicatistampa\/#\/schema\/person\/d1985c4955ff71a05f49d68e3034b3cd","name":"AIFUS","image":{"@type":"ImageObject","inLanguage":"it-IT","@id":"https:\/\/secure.gravatar.com\/avatar\/05cf2a2ba057667571308b94c84f00ff48766ffac95710a87491a9b3ddcee484?s=96&d=mm&r=g","url":"https:\/\/secure.gravatar.com\/avatar\/05cf2a2ba057667571308b94c84f00ff48766ffac95710a87491a9b3ddcee484?s=96&d=mm&r=g","contentUrl":"https:\/\/secure.gravatar.com\/avatar\/05cf2a2ba057667571308b94c84f00ff48766ffac95710a87491a9b3ddcee484?s=96&d=mm&r=g","caption":"AIFUS"},"url":"https:\/\/www.article-marketing.eu\/comunicatistampa\/author\/aifus\/"}]}},"_links":{"self":[{"href":"https:\/\/www.article-marketing.eu\/comunicatistampa\/wp-json\/wp\/v2\/posts\/14456","targetHints":{"allow":["GET"]}}],"collection":[{"href":"https:\/\/www.article-marketing.eu\/comunicatistampa\/wp-json\/wp\/v2\/posts"}],"about":[{"href":"https:\/\/www.article-marketing.eu\/comunicatistampa\/wp-json\/wp\/v2\/types\/post"}],"author":[{"embeddable":true,"href":"https:\/\/www.article-marketing.eu\/comunicatistampa\/wp-json\/wp\/v2\/users\/881"}],"replies":[{"embeddable":true,"href":"https:\/\/www.article-marketing.eu\/comunicatistampa\/wp-json\/wp\/v2\/comments?post=14456"}],"version-history":[{"count":2,"href":"https:\/\/www.article-marketing.eu\/comunicatistampa\/wp-json\/wp\/v2\/posts\/14456\/revisions"}],"predecessor-version":[{"id":14462,"href":"https:\/\/www.article-marketing.eu\/comunicatistampa\/wp-json\/wp\/v2\/posts\/14456\/revisions\/14462"}],"wp:attachment":[{"href":"https:\/\/www.article-marketing.eu\/comunicatistampa\/wp-json\/wp\/v2\/media?parent=14456"}],"wp:term":[{"taxonomy":"category","embeddable":true,"href":"https:\/\/www.article-marketing.eu\/comunicatistampa\/wp-json\/wp\/v2\/categories?post=14456"},{"taxonomy":"post_tag","embeddable":true,"href":"https:\/\/www.article-marketing.eu\/comunicatistampa\/wp-json\/wp\/v2\/tags?post=14456"}],"curies":[{"name":"wp","href":"https:\/\/api.w.org\/{rel}","templated":true}]}}