{"id":14501,"date":"2020-04-08T17:07:10","date_gmt":"2020-04-08T15:07:10","guid":{"rendered":"https:\/\/www.article-marketing.eu\/comunicatistampa\/?p=14501"},"modified":"2020-04-08T17:12:59","modified_gmt":"2020-04-08T15:12:59","slug":"covid-19-gli-operatori-sanitari-sintomatici-sono-senza-sorveglianza-secondo-anaao-lombardia","status":"publish","type":"post","link":"https:\/\/www.article-marketing.eu\/comunicatistampa\/covid-19-gli-operatori-sanitari-sintomatici-sono-senza-sorveglianza-secondo-anaao-lombardia\/","title":{"rendered":"Covid-19: gli operatori sanitari sintomatici sono senza sorveglianza secondo Anaao Lombardia"},"content":{"rendered":"<h1>Covid-19: gli operatori sanitari sintomatici sono senza sorveglianza secondo Anaao Lombardia<\/h1>\n<p>Il personale sanitario deve essere sottoposto a indagini (tampone rino-faringeo) mirate a valutare l&#8217;eventuale positivita\u0300 per SARS-CoV-2 a tutela della salute propria e dei soggetti che vengono a contatto, anche in caso di sintomi lievi come da indicazioni dell\u2019Organizzazione Mondiale della Sanit\u00e0, del Centro Europeo per la prevenzione e controllo delle Malattie, del Ministero della Salute e come dichiarato dalla Regione. Ma i tamponi non vengono fatti e gli operatori sintomatici sono lasciati senza sorveglianza.<\/p>\n<p>La denuncia, sottoscritta dalla gran parte delle sigle della dirigenza del Servizio Sanitario Regionale e da Anaao Lombardia \u00e8 indirizzata ai massimi vertici della Sanit\u00e0 lombarda (Assessore al Welfare, Giulio Gallera, Direttore Generale Welfare, Luigi Cajazzo, Responsabile dell\u2019unit\u00e0 di crisi, Marco Salmoiraghi) e a tutti i direttori generali, sanitari, amministrativi di ATS E ASST ed enti della Regione.<\/p>\n<p><strong>Stefano Magnone<\/strong>, Segretario Anaao Lombardia, spiega: \u201c<em>E\u2019 gravissimo che le misure stabilite non vengano rispettate, stiamo parlando della salute del nostro personale sanitario che deve essere messo nelle condizioni di portare avanti il proprio lavoro in sicurezza e non diventare esso stesso causa della propagazione del contagio. E\u2019 vitale che il personale sanitario venga sottoposto al tampone rino-faringeo, non solo per una propria salvaguardia ma anche per quella di tutti coloro che gravitano intorno a queste persone, collaboratori, pazienti, familiari. I nostri ospedali sono i primi luoghi dove il contagio si \u00e8 propagato e spesso sono stati dei veri e propri focolai. <strong>Per evitare che accada di nuovo e favorire in modo mirato l\u2019isolamento, devono essere severamente rispettate le linee guida OMS e ECDC che danno come priorit\u00e0 la verifica dello stato di salute del personale sanitario ad alto rischio, cio\u00e8 sintomatico in presenza o meno, di contatto con paziente o altro operatore CODIV-19 positivo<\/strong>. I sintomi indicativi di una possibile infezione secondo le stesse linee guida ricordiamo sono: tosse secca, ageusia o anosmia, anche in assenza di febbre. Secondo quanto dichiarato dal Presidente Fontana ci aspettiamo che il tampone sia fatto ai Sanitari in presenza anche di un solo sintomo\u201d.<br \/>\n<\/em><br \/>\n<script async src=\"https:\/\/pagead2.googlesyndication.com\/pagead\/js\/adsbygoogle.js\"><\/script><br \/>\n<!-- article-marketing.eu_over_adattabile --><br \/>\n<ins class=\"adsbygoogle\" style=\"display: block;\" data-ad-client=\"ca-pub-3786472933840786\" data-ad-slot=\"4851434602\" data-ad-format=\"auto\" data-full-width-responsive=\"true\"><\/ins><br \/>\n<script>\n     (adsbygoogle = window.adsbygoogle || []).push({});\n<\/script><br \/>\nI sindacati chiedono che per ogni operatore positivo sia obbligatoriamente aperta una pratica per infortunio sul lavoro, secondo quanto previsto dalle note INAIL nel tempo intervenute riferendosi in particolare alla nota del 3 Aprile in cui si specifica ancora una volta che \u00e8 preliminarmente necessaria, ai fini dell&#8217;apertura della pratica di infortunio, la certificazione dell&#8217;avvenuto contagio. Ogni operatore potr\u00e0 rientrare nel luogo di lavoro solo dopo due tamponi negativi.<\/p>\n<p><em>\u00a0In veste della carica che ricopro \u2013 <\/em>conclude <strong>Magnone<\/strong><em> \u2013 insieme ad altre realt\u00e0 territoriali esigiamo che queste misure vengano rispettate scrupolosamente ed \u00e8 per questo che abbiamo deciso di scrivere una lettera alle autorit\u00e0 di competenza. Una risposta \u00e8 dovuta e urgente<\/em>\u201d.<\/p>\n<p><a href=\"https:\/\/www.bergamo.info\/wp-content\/uploads\/2020\/04\/02.-Stefano-Magnone_ANAAO-Lombardia.jpeg\"><img loading=\"lazy\" decoding=\"async\" class=\"size-full wp-image-35847 aligncenter\" src=\"https:\/\/www.bergamo.info\/wp-content\/uploads\/2020\/04\/02.-Stefano-Magnone_ANAAO-Lombardia.jpeg\" alt=\"\" width=\"682\" height=\"1024\" \/><\/a><\/p>\n","protected":false},"excerpt":{"rendered":"<p>Covid-19: gli operatori sanitari sintomatici sono senza sorveglianza secondo Anaao Lombardia Il personale sanitario deve essere sottoposto a indagini (tampone rino-faringeo) mirate a valutare l&#8217;eventuale positivita\u0300 per SARS-CoV-2 a tutela della salute propria e dei soggetti che vengono a contatto, anche in caso di sintomi lievi come da indicazioni dell\u2019Organizzazione Mondiale della Sanit\u00e0, del Centro Europeo per la prevenzione e controllo delle Malattie, del Ministero della Salute e come dichiarato<\/p>\n<p><a class=\"continue-reading\" href=\"https:\/\/www.article-marketing.eu\/comunicatistampa\/covid-19-gli-operatori-sanitari-sintomatici-sono-senza-sorveglianza-secondo-anaao-lombardia\/\">Continue reading&#8230;<\/a><\/p>\n","protected":false},"author":1855,"featured_media":14506,"comment_status":"open","ping_status":"open","sticky":false,"template":"","format":"standard","meta":{"_monsterinsights_skip_tracking":false,"_monsterinsights_sitenote_active":false,"_monsterinsights_sitenote_note":"","_monsterinsights_sitenote_category":0,"footnotes":""},"categories":[371,367],"tags":[6059,5972,6061,5971,6062,6063,6060,793],"class_list":["post-14501","post","type-post","status-publish","format-standard","has-post-thumbnail","hentry","category-medicina","category-news-e-attualita","tag-anaao","tag-covid19","tag-denuncia","tag-emergenza","tag-medici","tag-protezioni","tag-stefanomagnone","tag-lombardia"],"yoast_head":"<!-- This site is optimized with the Yoast SEO plugin v27.3 - https:\/\/yoast.com\/product\/yoast-seo-wordpress\/ -->\n<title>Covid-19: sanitari sintomatici senza sorveglianza secondo Anaao Lombardia<\/title>\n<meta name=\"robots\" content=\"index, follow, max-snippet:-1, max-image-preview:large, max-video-preview:-1\" \/>\n<link rel=\"canonical\" href=\"https:\/\/www.article-marketing.eu\/comunicatistampa\/covid-19-gli-operatori-sanitari-sintomatici-sono-senza-sorveglianza-secondo-anaao-lombardia\/\" \/>\n<meta property=\"og:locale\" content=\"it_IT\" \/>\n<meta property=\"og:type\" content=\"article\" \/>\n<meta property=\"og:title\" content=\"Covid-19: sanitari sintomatici senza sorveglianza secondo Anaao Lombardia\" \/>\n<meta property=\"og:description\" content=\"Covid-19: gli operatori sanitari sintomatici sono senza sorveglianza secondo Anaao Lombardia Il personale sanitario deve essere sottoposto a indagini (tampone rino-faringeo) mirate a valutare l&#8217;eventuale positivita\u0300 per SARS-CoV-2 a tutela della salute propria e dei soggetti che vengono a contatto, anche in caso di sintomi lievi come da indicazioni dell\u2019Organizzazione Mondiale della Sanit\u00e0, del Centro Europeo per la prevenzione e controllo delle Malattie, del Ministero della Salute e come dichiaratoContinue reading...\" \/>\n<meta property=\"og:url\" content=\"https:\/\/www.article-marketing.eu\/comunicatistampa\/covid-19-gli-operatori-sanitari-sintomatici-sono-senza-sorveglianza-secondo-anaao-lombardia\/\" \/>\n<meta property=\"og:site_name\" content=\"Article Marketing\" \/>\n<meta property=\"article:published_time\" content=\"2020-04-08T15:07:10+00:00\" \/>\n<meta property=\"article:modified_time\" content=\"2020-04-08T15:12:59+00:00\" \/>\n<meta property=\"og:image\" content=\"https:\/\/www.article-marketing.eu\/comunicatistampa\/wp-content\/uploads\/2020\/04\/stefano-magnone.jpg\" \/>\n\t<meta property=\"og:image:width\" content=\"1409\" \/>\n\t<meta property=\"og:image:height\" content=\"695\" \/>\n\t<meta property=\"og:image:type\" content=\"image\/jpeg\" \/>\n<meta name=\"author\" content=\"Redaclem\" \/>\n<meta name=\"twitter:card\" content=\"summary_large_image\" \/>\n<meta name=\"twitter:label1\" content=\"Scritto da\" \/>\n\t<meta name=\"twitter:data1\" content=\"Redaclem\" \/>\n\t<meta name=\"twitter:label2\" content=\"Tempo di lettura stimato\" \/>\n\t<meta name=\"twitter:data2\" content=\"2 minuti\" \/>\n<script type=\"application\/ld+json\" class=\"yoast-schema-graph\">{\"@context\":\"https:\\\/\\\/schema.org\",\"@graph\":[{\"@type\":\"Article\",\"@id\":\"https:\\\/\\\/www.article-marketing.eu\\\/comunicatistampa\\\/covid-19-gli-operatori-sanitari-sintomatici-sono-senza-sorveglianza-secondo-anaao-lombardia\\\/#article\",\"isPartOf\":{\"@id\":\"https:\\\/\\\/www.article-marketing.eu\\\/comunicatistampa\\\/covid-19-gli-operatori-sanitari-sintomatici-sono-senza-sorveglianza-secondo-anaao-lombardia\\\/\"},\"author\":{\"name\":\"Redaclem\",\"@id\":\"https:\\\/\\\/www.article-marketing.eu\\\/comunicatistampa\\\/#\\\/schema\\\/person\\\/c0aa725eee5df8460e0adf901fde0c88\"},\"headline\":\"Covid-19: gli operatori sanitari sintomatici sono senza sorveglianza secondo Anaao Lombardia\",\"datePublished\":\"2020-04-08T15:07:10+00:00\",\"dateModified\":\"2020-04-08T15:12:59+00:00\",\"mainEntityOfPage\":{\"@id\":\"https:\\\/\\\/www.article-marketing.eu\\\/comunicatistampa\\\/covid-19-gli-operatori-sanitari-sintomatici-sono-senza-sorveglianza-secondo-anaao-lombardia\\\/\"},\"wordCount\":463,\"commentCount\":0,\"image\":{\"@id\":\"https:\\\/\\\/www.article-marketing.eu\\\/comunicatistampa\\\/covid-19-gli-operatori-sanitari-sintomatici-sono-senza-sorveglianza-secondo-anaao-lombardia\\\/#primaryimage\"},\"thumbnailUrl\":\"https:\\\/\\\/www.article-marketing.eu\\\/comunicatistampa\\\/wp-content\\\/uploads\\\/2020\\\/04\\\/stefano-magnone.jpg\",\"keywords\":[\"#anaao\",\"#covid19\",\"#denuncia\",\"#emergenza\",\"#medici\",\"#protezioni\",\"#stefanomagnone\",\"Lombardia\"],\"articleSection\":[\"Medicina\",\"News e Attualit\u00e0\"],\"inLanguage\":\"it-IT\",\"potentialAction\":[{\"@type\":\"CommentAction\",\"name\":\"Comment\",\"target\":[\"https:\\\/\\\/www.article-marketing.eu\\\/comunicatistampa\\\/covid-19-gli-operatori-sanitari-sintomatici-sono-senza-sorveglianza-secondo-anaao-lombardia\\\/#respond\"]}]},{\"@type\":\"WebPage\",\"@id\":\"https:\\\/\\\/www.article-marketing.eu\\\/comunicatistampa\\\/covid-19-gli-operatori-sanitari-sintomatici-sono-senza-sorveglianza-secondo-anaao-lombardia\\\/\",\"url\":\"https:\\\/\\\/www.article-marketing.eu\\\/comunicatistampa\\\/covid-19-gli-operatori-sanitari-sintomatici-sono-senza-sorveglianza-secondo-anaao-lombardia\\\/\",\"name\":\"Covid-19: sanitari sintomatici senza sorveglianza secondo Anaao Lombardia\",\"isPartOf\":{\"@id\":\"https:\\\/\\\/www.article-marketing.eu\\\/comunicatistampa\\\/#website\"},\"primaryImageOfPage\":{\"@id\":\"https:\\\/\\\/www.article-marketing.eu\\\/comunicatistampa\\\/covid-19-gli-operatori-sanitari-sintomatici-sono-senza-sorveglianza-secondo-anaao-lombardia\\\/#primaryimage\"},\"image\":{\"@id\":\"https:\\\/\\\/www.article-marketing.eu\\\/comunicatistampa\\\/covid-19-gli-operatori-sanitari-sintomatici-sono-senza-sorveglianza-secondo-anaao-lombardia\\\/#primaryimage\"},\"thumbnailUrl\":\"https:\\\/\\\/www.article-marketing.eu\\\/comunicatistampa\\\/wp-content\\\/uploads\\\/2020\\\/04\\\/stefano-magnone.jpg\",\"datePublished\":\"2020-04-08T15:07:10+00:00\",\"dateModified\":\"2020-04-08T15:12:59+00:00\",\"author\":{\"@id\":\"https:\\\/\\\/www.article-marketing.eu\\\/comunicatistampa\\\/#\\\/schema\\\/person\\\/c0aa725eee5df8460e0adf901fde0c88\"},\"breadcrumb\":{\"@id\":\"https:\\\/\\\/www.article-marketing.eu\\\/comunicatistampa\\\/covid-19-gli-operatori-sanitari-sintomatici-sono-senza-sorveglianza-secondo-anaao-lombardia\\\/#breadcrumb\"},\"inLanguage\":\"it-IT\",\"potentialAction\":[{\"@type\":\"ReadAction\",\"target\":[\"https:\\\/\\\/www.article-marketing.eu\\\/comunicatistampa\\\/covid-19-gli-operatori-sanitari-sintomatici-sono-senza-sorveglianza-secondo-anaao-lombardia\\\/\"]}]},{\"@type\":\"ImageObject\",\"inLanguage\":\"it-IT\",\"@id\":\"https:\\\/\\\/www.article-marketing.eu\\\/comunicatistampa\\\/covid-19-gli-operatori-sanitari-sintomatici-sono-senza-sorveglianza-secondo-anaao-lombardia\\\/#primaryimage\",\"url\":\"https:\\\/\\\/www.article-marketing.eu\\\/comunicatistampa\\\/wp-content\\\/uploads\\\/2020\\\/04\\\/stefano-magnone.jpg\",\"contentUrl\":\"https:\\\/\\\/www.article-marketing.eu\\\/comunicatistampa\\\/wp-content\\\/uploads\\\/2020\\\/04\\\/stefano-magnone.jpg\",\"width\":1409,\"height\":695,\"caption\":\"Stefano Magnone Medico Chirurgo Ospedale di Bergamo\"},{\"@type\":\"BreadcrumbList\",\"@id\":\"https:\\\/\\\/www.article-marketing.eu\\\/comunicatistampa\\\/covid-19-gli-operatori-sanitari-sintomatici-sono-senza-sorveglianza-secondo-anaao-lombardia\\\/#breadcrumb\",\"itemListElement\":[{\"@type\":\"ListItem\",\"position\":1,\"name\":\"Home\",\"item\":\"https:\\\/\\\/www.article-marketing.eu\\\/comunicatistampa\\\/\"},{\"@type\":\"ListItem\",\"position\":2,\"name\":\"Covid-19: gli operatori sanitari sintomatici sono senza sorveglianza secondo Anaao Lombardia\"}]},{\"@type\":\"WebSite\",\"@id\":\"https:\\\/\\\/www.article-marketing.eu\\\/comunicatistampa\\\/#website\",\"url\":\"https:\\\/\\\/www.article-marketing.eu\\\/comunicatistampa\\\/\",\"name\":\"Article Marketing\",\"description\":\"article marketing &amp; press release\",\"potentialAction\":[{\"@type\":\"SearchAction\",\"target\":{\"@type\":\"EntryPoint\",\"urlTemplate\":\"https:\\\/\\\/www.article-marketing.eu\\\/comunicatistampa\\\/?s={search_term_string}\"},\"query-input\":{\"@type\":\"PropertyValueSpecification\",\"valueRequired\":true,\"valueName\":\"search_term_string\"}}],\"inLanguage\":\"it-IT\"},{\"@type\":\"Person\",\"@id\":\"https:\\\/\\\/www.article-marketing.eu\\\/comunicatistampa\\\/#\\\/schema\\\/person\\\/c0aa725eee5df8460e0adf901fde0c88\",\"name\":\"Redaclem\",\"image\":{\"@type\":\"ImageObject\",\"inLanguage\":\"it-IT\",\"@id\":\"https:\\\/\\\/secure.gravatar.com\\\/avatar\\\/4c7e41f332a0583344a91d7d39723533da9b2d0df7737c2d8c69553168c2191e?s=96&d=mm&r=g\",\"url\":\"https:\\\/\\\/secure.gravatar.com\\\/avatar\\\/4c7e41f332a0583344a91d7d39723533da9b2d0df7737c2d8c69553168c2191e?s=96&d=mm&r=g\",\"contentUrl\":\"https:\\\/\\\/secure.gravatar.com\\\/avatar\\\/4c7e41f332a0583344a91d7d39723533da9b2d0df7737c2d8c69553168c2191e?s=96&d=mm&r=g\",\"caption\":\"Redaclem\"},\"url\":\"https:\\\/\\\/www.article-marketing.eu\\\/comunicatistampa\\\/author\\\/redaclem\\\/\"}]}<\/script>\n<!-- \/ Yoast SEO plugin. -->","yoast_head_json":{"title":"Covid-19: sanitari sintomatici senza sorveglianza secondo Anaao Lombardia","robots":{"index":"index","follow":"follow","max-snippet":"max-snippet:-1","max-image-preview":"max-image-preview:large","max-video-preview":"max-video-preview:-1"},"canonical":"https:\/\/www.article-marketing.eu\/comunicatistampa\/covid-19-gli-operatori-sanitari-sintomatici-sono-senza-sorveglianza-secondo-anaao-lombardia\/","og_locale":"it_IT","og_type":"article","og_title":"Covid-19: sanitari sintomatici senza sorveglianza secondo Anaao Lombardia","og_description":"Covid-19: gli operatori sanitari sintomatici sono senza sorveglianza secondo Anaao Lombardia Il personale sanitario deve essere sottoposto a indagini (tampone rino-faringeo) mirate a valutare l&#8217;eventuale positivita\u0300 per SARS-CoV-2 a tutela della salute propria e dei soggetti che vengono a contatto, anche in caso di sintomi lievi come da indicazioni dell\u2019Organizzazione Mondiale della Sanit\u00e0, del Centro Europeo per la prevenzione e controllo delle Malattie, del Ministero della Salute e come dichiaratoContinue reading...","og_url":"https:\/\/www.article-marketing.eu\/comunicatistampa\/covid-19-gli-operatori-sanitari-sintomatici-sono-senza-sorveglianza-secondo-anaao-lombardia\/","og_site_name":"Article Marketing","article_published_time":"2020-04-08T15:07:10+00:00","article_modified_time":"2020-04-08T15:12:59+00:00","og_image":[{"width":1409,"height":695,"url":"https:\/\/www.article-marketing.eu\/comunicatistampa\/wp-content\/uploads\/2020\/04\/stefano-magnone.jpg","type":"image\/jpeg"}],"author":"Redaclem","twitter_card":"summary_large_image","twitter_misc":{"Scritto da":"Redaclem","Tempo di lettura stimato":"2 minuti"},"schema":{"@context":"https:\/\/schema.org","@graph":[{"@type":"Article","@id":"https:\/\/www.article-marketing.eu\/comunicatistampa\/covid-19-gli-operatori-sanitari-sintomatici-sono-senza-sorveglianza-secondo-anaao-lombardia\/#article","isPartOf":{"@id":"https:\/\/www.article-marketing.eu\/comunicatistampa\/covid-19-gli-operatori-sanitari-sintomatici-sono-senza-sorveglianza-secondo-anaao-lombardia\/"},"author":{"name":"Redaclem","@id":"https:\/\/www.article-marketing.eu\/comunicatistampa\/#\/schema\/person\/c0aa725eee5df8460e0adf901fde0c88"},"headline":"Covid-19: gli operatori sanitari sintomatici sono senza sorveglianza secondo Anaao Lombardia","datePublished":"2020-04-08T15:07:10+00:00","dateModified":"2020-04-08T15:12:59+00:00","mainEntityOfPage":{"@id":"https:\/\/www.article-marketing.eu\/comunicatistampa\/covid-19-gli-operatori-sanitari-sintomatici-sono-senza-sorveglianza-secondo-anaao-lombardia\/"},"wordCount":463,"commentCount":0,"image":{"@id":"https:\/\/www.article-marketing.eu\/comunicatistampa\/covid-19-gli-operatori-sanitari-sintomatici-sono-senza-sorveglianza-secondo-anaao-lombardia\/#primaryimage"},"thumbnailUrl":"https:\/\/www.article-marketing.eu\/comunicatistampa\/wp-content\/uploads\/2020\/04\/stefano-magnone.jpg","keywords":["#anaao","#covid19","#denuncia","#emergenza","#medici","#protezioni","#stefanomagnone","Lombardia"],"articleSection":["Medicina","News e Attualit\u00e0"],"inLanguage":"it-IT","potentialAction":[{"@type":"CommentAction","name":"Comment","target":["https:\/\/www.article-marketing.eu\/comunicatistampa\/covid-19-gli-operatori-sanitari-sintomatici-sono-senza-sorveglianza-secondo-anaao-lombardia\/#respond"]}]},{"@type":"WebPage","@id":"https:\/\/www.article-marketing.eu\/comunicatistampa\/covid-19-gli-operatori-sanitari-sintomatici-sono-senza-sorveglianza-secondo-anaao-lombardia\/","url":"https:\/\/www.article-marketing.eu\/comunicatistampa\/covid-19-gli-operatori-sanitari-sintomatici-sono-senza-sorveglianza-secondo-anaao-lombardia\/","name":"Covid-19: sanitari sintomatici senza sorveglianza secondo Anaao Lombardia","isPartOf":{"@id":"https:\/\/www.article-marketing.eu\/comunicatistampa\/#website"},"primaryImageOfPage":{"@id":"https:\/\/www.article-marketing.eu\/comunicatistampa\/covid-19-gli-operatori-sanitari-sintomatici-sono-senza-sorveglianza-secondo-anaao-lombardia\/#primaryimage"},"image":{"@id":"https:\/\/www.article-marketing.eu\/comunicatistampa\/covid-19-gli-operatori-sanitari-sintomatici-sono-senza-sorveglianza-secondo-anaao-lombardia\/#primaryimage"},"thumbnailUrl":"https:\/\/www.article-marketing.eu\/comunicatistampa\/wp-content\/uploads\/2020\/04\/stefano-magnone.jpg","datePublished":"2020-04-08T15:07:10+00:00","dateModified":"2020-04-08T15:12:59+00:00","author":{"@id":"https:\/\/www.article-marketing.eu\/comunicatistampa\/#\/schema\/person\/c0aa725eee5df8460e0adf901fde0c88"},"breadcrumb":{"@id":"https:\/\/www.article-marketing.eu\/comunicatistampa\/covid-19-gli-operatori-sanitari-sintomatici-sono-senza-sorveglianza-secondo-anaao-lombardia\/#breadcrumb"},"inLanguage":"it-IT","potentialAction":[{"@type":"ReadAction","target":["https:\/\/www.article-marketing.eu\/comunicatistampa\/covid-19-gli-operatori-sanitari-sintomatici-sono-senza-sorveglianza-secondo-anaao-lombardia\/"]}]},{"@type":"ImageObject","inLanguage":"it-IT","@id":"https:\/\/www.article-marketing.eu\/comunicatistampa\/covid-19-gli-operatori-sanitari-sintomatici-sono-senza-sorveglianza-secondo-anaao-lombardia\/#primaryimage","url":"https:\/\/www.article-marketing.eu\/comunicatistampa\/wp-content\/uploads\/2020\/04\/stefano-magnone.jpg","contentUrl":"https:\/\/www.article-marketing.eu\/comunicatistampa\/wp-content\/uploads\/2020\/04\/stefano-magnone.jpg","width":1409,"height":695,"caption":"Stefano Magnone Medico Chirurgo Ospedale di Bergamo"},{"@type":"BreadcrumbList","@id":"https:\/\/www.article-marketing.eu\/comunicatistampa\/covid-19-gli-operatori-sanitari-sintomatici-sono-senza-sorveglianza-secondo-anaao-lombardia\/#breadcrumb","itemListElement":[{"@type":"ListItem","position":1,"name":"Home","item":"https:\/\/www.article-marketing.eu\/comunicatistampa\/"},{"@type":"ListItem","position":2,"name":"Covid-19: gli operatori sanitari sintomatici sono senza sorveglianza secondo Anaao Lombardia"}]},{"@type":"WebSite","@id":"https:\/\/www.article-marketing.eu\/comunicatistampa\/#website","url":"https:\/\/www.article-marketing.eu\/comunicatistampa\/","name":"Article Marketing","description":"article marketing &amp; press release","potentialAction":[{"@type":"SearchAction","target":{"@type":"EntryPoint","urlTemplate":"https:\/\/www.article-marketing.eu\/comunicatistampa\/?s={search_term_string}"},"query-input":{"@type":"PropertyValueSpecification","valueRequired":true,"valueName":"search_term_string"}}],"inLanguage":"it-IT"},{"@type":"Person","@id":"https:\/\/www.article-marketing.eu\/comunicatistampa\/#\/schema\/person\/c0aa725eee5df8460e0adf901fde0c88","name":"Redaclem","image":{"@type":"ImageObject","inLanguage":"it-IT","@id":"https:\/\/secure.gravatar.com\/avatar\/4c7e41f332a0583344a91d7d39723533da9b2d0df7737c2d8c69553168c2191e?s=96&d=mm&r=g","url":"https:\/\/secure.gravatar.com\/avatar\/4c7e41f332a0583344a91d7d39723533da9b2d0df7737c2d8c69553168c2191e?s=96&d=mm&r=g","contentUrl":"https:\/\/secure.gravatar.com\/avatar\/4c7e41f332a0583344a91d7d39723533da9b2d0df7737c2d8c69553168c2191e?s=96&d=mm&r=g","caption":"Redaclem"},"url":"https:\/\/www.article-marketing.eu\/comunicatistampa\/author\/redaclem\/"}]}},"_links":{"self":[{"href":"https:\/\/www.article-marketing.eu\/comunicatistampa\/wp-json\/wp\/v2\/posts\/14501","targetHints":{"allow":["GET"]}}],"collection":[{"href":"https:\/\/www.article-marketing.eu\/comunicatistampa\/wp-json\/wp\/v2\/posts"}],"about":[{"href":"https:\/\/www.article-marketing.eu\/comunicatistampa\/wp-json\/wp\/v2\/types\/post"}],"author":[{"embeddable":true,"href":"https:\/\/www.article-marketing.eu\/comunicatistampa\/wp-json\/wp\/v2\/users\/1855"}],"replies":[{"embeddable":true,"href":"https:\/\/www.article-marketing.eu\/comunicatistampa\/wp-json\/wp\/v2\/comments?post=14501"}],"version-history":[{"count":4,"href":"https:\/\/www.article-marketing.eu\/comunicatistampa\/wp-json\/wp\/v2\/posts\/14501\/revisions"}],"predecessor-version":[{"id":14509,"href":"https:\/\/www.article-marketing.eu\/comunicatistampa\/wp-json\/wp\/v2\/posts\/14501\/revisions\/14509"}],"wp:featuredmedia":[{"embeddable":true,"href":"https:\/\/www.article-marketing.eu\/comunicatistampa\/wp-json\/wp\/v2\/media\/14506"}],"wp:attachment":[{"href":"https:\/\/www.article-marketing.eu\/comunicatistampa\/wp-json\/wp\/v2\/media?parent=14501"}],"wp:term":[{"taxonomy":"category","embeddable":true,"href":"https:\/\/www.article-marketing.eu\/comunicatistampa\/wp-json\/wp\/v2\/categories?post=14501"},{"taxonomy":"post_tag","embeddable":true,"href":"https:\/\/www.article-marketing.eu\/comunicatistampa\/wp-json\/wp\/v2\/tags?post=14501"}],"curies":[{"name":"wp","href":"https:\/\/api.w.org\/{rel}","templated":true}]}}