{"id":1451,"date":"2017-03-23T19:45:44","date_gmt":"2017-03-23T18:45:44","guid":{"rendered":"http:\/\/www.article-marketing.eu\/comunicatistampa\/?p=1451"},"modified":"2017-03-23T19:45:44","modified_gmt":"2017-03-23T18:45:44","slug":"riprendiamoci-la-nostra-ricchezza-fabrizio-politi","status":"publish","type":"post","link":"https:\/\/www.article-marketing.eu\/comunicatistampa\/riprendiamoci-la-nostra-ricchezza-fabrizio-politi\/","title":{"rendered":"Riprendiamoci la nostra ricchezza &#8211; Fabrizio Politi"},"content":{"rendered":"<p>Nel secolo scorso Hitler diceva che:\u201cil 5 o il 10 per cento della popolazione, l\u2019\u00e9lite, deve comandare, il resto deve obbedire e lavorare\u201d.<br \/>\nChe rende oggi quel 90% della popolazione del mondo ha pochissima influenza sulla decisione internazionale di politi\u00a0economica? Guarda e muore o decide di cambiare questo sistema perverso organizzandosi e di<br \/>\ncombattere questa ingiustizia?<br \/>\nQuesta disuguaglianza nella distribuzione della ricchezza mondiale, il desiderio di rivoluzione economica in <a href=\"http:\/\/www.fabriziopoliti.com\"><strong>Fabrizio Politi<\/strong><\/a>, imprenditore italiano che ha creato il Sesto Continente.<br \/>\nl&#8217;organizzazione di <strong>fabrizio politi<\/strong>\u00a0economica delle organizzazioni internazionali e dei governi, spostare gli interessi pi\u00f9 sostanziosi solo verso l\u20198,1% della popolazione mondiale che si accumula cos\u00ec circa il 90% della ricchezza<br \/>\nnazionale.<\/p>\n<p>Di <strong>Fabrizio Politi<\/strong> offre tutte le possibilit\u00e0 per non sedersi e cominciare ad agire, perch\u00e8 \u00a0agire \u00e8 la prima risorsa e a volte l&#8217;unica che ci pu\u00f2 permettere di fare qualcosa e cio\u00e8 dare una scossa alle cose.<br \/>\nMa come possiamo fare a farlo? Un modo per esempio per farlo \u00e8 indirizzando in modo critico e organizzato i propri acquisti quotidiani, rappresentante, che \u00e8 la direzione pi\u00f9 giusta verso cui spostare i loro soldi.<br \/>\nPer fare questa analisi, l&#8217;imprenditore\u00a0<strong>Fabrizio Politi<\/strong> sceglie di fare affidamento su un algoritmo Mo.mo.sy ha fatto John Nash, che genera una scala di tutte le aziende registrate con l&#8217;indicazione del loro grado di capacit\u00e0 di redistribuzione della ricchezza.<br \/>\nQuesto fattore \u00e8 molto importante poerch\u00e8 ci permette di scremare fra aziende che generano la ricchezza e aziende che invece beneficiano e basta dagli investimenti altrui ma senza investire a loro volta.<\/p>\n<p>SixthContinent \u00e8 il social network economico che Politi ha creato per cercare di ovviare a queste disuguaglianze finanziarie, l&#8217;obiettivo \u00e8 quello di eliminare il divario premiando chi investe cio\u00e8 chi crea ricchezza.<br \/>\nE&#8217; il primo social network economico esistente ed ha un enorme potenziale socio-economico se sfruttato adeguatamente come Politi ha pensato.<\/p>\n","protected":false},"excerpt":{"rendered":"<p>Nel secolo scorso Hitler diceva che:\u201cil 5 o il 10 per cento della popolazione, l\u2019\u00e9lite, deve comandare, il resto deve obbedire e lavorare\u201d. Che rende oggi quel 90% della popolazione del mondo ha pochissima influenza sulla decisione internazionale di politi\u00a0economica? Guarda e muore o decide di cambiare questo sistema perverso organizzandosi e di combattere questa ingiustizia? Questa disuguaglianza nella distribuzione della ricchezza mondiale, il desiderio di rivoluzione economica in Fabrizio<\/p>\n<p><a class=\"continue-reading\" href=\"https:\/\/www.article-marketing.eu\/comunicatistampa\/riprendiamoci-la-nostra-ricchezza-fabrizio-politi\/\">Continue reading&#8230;<\/a><\/p>\n","protected":false},"author":152,"featured_media":0,"comment_status":"open","ping_status":"open","sticky":false,"template":"","format":"standard","meta":{"_monsterinsights_skip_tracking":false,"_monsterinsights_sitenote_active":false,"_monsterinsights_sitenote_note":"","_monsterinsights_sitenote_category":0,"footnotes":""},"categories":[388,386],"tags":[722,723],"class_list":["post-1451","post","type-post","status-publish","format-standard","hentry","category-aziende","category-economia-e-lavoro","tag-fabrizio-politi","tag-fabriziopoliti"],"yoast_head":"<!-- This site is optimized with the Yoast SEO plugin v27.3 - https:\/\/yoast.com\/product\/yoast-seo-wordpress\/ -->\n<title>Riprendiamoci la nostra ricchezza - Fabrizio Politi - Article Marketing<\/title>\n<meta name=\"robots\" content=\"index, follow, max-snippet:-1, max-image-preview:large, max-video-preview:-1\" \/>\n<link rel=\"canonical\" href=\"https:\/\/www.article-marketing.eu\/comunicatistampa\/riprendiamoci-la-nostra-ricchezza-fabrizio-politi\/\" \/>\n<meta property=\"og:locale\" content=\"it_IT\" \/>\n<meta property=\"og:type\" content=\"article\" \/>\n<meta property=\"og:title\" content=\"Riprendiamoci la nostra ricchezza - Fabrizio Politi - Article Marketing\" \/>\n<meta property=\"og:description\" content=\"Nel secolo scorso Hitler diceva che:\u201cil 5 o il 10 per cento della popolazione, l\u2019\u00e9lite, deve comandare, il resto deve obbedire e lavorare\u201d. Che rende oggi quel 90% della popolazione del mondo ha pochissima influenza sulla decisione internazionale di politi\u00a0economica? Guarda e muore o decide di cambiare questo sistema perverso organizzandosi e di combattere questa ingiustizia? Questa disuguaglianza nella distribuzione della ricchezza mondiale, il desiderio di rivoluzione economica in FabrizioContinue reading...\" \/>\n<meta property=\"og:url\" content=\"https:\/\/www.article-marketing.eu\/comunicatistampa\/riprendiamoci-la-nostra-ricchezza-fabrizio-politi\/\" \/>\n<meta property=\"og:site_name\" content=\"Article Marketing\" \/>\n<meta property=\"article:published_time\" content=\"2017-03-23T18:45:44+00:00\" \/>\n<meta name=\"author\" content=\"fabrizio politi\" \/>\n<meta name=\"twitter:card\" content=\"summary_large_image\" \/>\n<meta name=\"twitter:label1\" content=\"Scritto da\" \/>\n\t<meta name=\"twitter:data1\" content=\"fabrizio politi\" \/>\n\t<meta name=\"twitter:label2\" content=\"Tempo di lettura stimato\" \/>\n\t<meta name=\"twitter:data2\" content=\"2 minuti\" \/>\n<script type=\"application\/ld+json\" class=\"yoast-schema-graph\">{\"@context\":\"https:\\\/\\\/schema.org\",\"@graph\":[{\"@type\":\"Article\",\"@id\":\"https:\\\/\\\/www.article-marketing.eu\\\/comunicatistampa\\\/riprendiamoci-la-nostra-ricchezza-fabrizio-politi\\\/#article\",\"isPartOf\":{\"@id\":\"https:\\\/\\\/www.article-marketing.eu\\\/comunicatistampa\\\/riprendiamoci-la-nostra-ricchezza-fabrizio-politi\\\/\"},\"author\":{\"name\":\"fabrizio politi\",\"@id\":\"https:\\\/\\\/www.article-marketing.eu\\\/comunicatistampa\\\/#\\\/schema\\\/person\\\/246091a258fb1b22778c2d38827ec5bf\"},\"headline\":\"Riprendiamoci la nostra ricchezza &#8211; Fabrizio Politi\",\"datePublished\":\"2017-03-23T18:45:44+00:00\",\"mainEntityOfPage\":{\"@id\":\"https:\\\/\\\/www.article-marketing.eu\\\/comunicatistampa\\\/riprendiamoci-la-nostra-ricchezza-fabrizio-politi\\\/\"},\"wordCount\":310,\"commentCount\":0,\"keywords\":[\"fabrizio politi\",\"fabriziopoliti\"],\"articleSection\":[\"Aziende\",\"Economia e lavoro\"],\"inLanguage\":\"it-IT\",\"potentialAction\":[{\"@type\":\"CommentAction\",\"name\":\"Comment\",\"target\":[\"https:\\\/\\\/www.article-marketing.eu\\\/comunicatistampa\\\/riprendiamoci-la-nostra-ricchezza-fabrizio-politi\\\/#respond\"]}]},{\"@type\":\"WebPage\",\"@id\":\"https:\\\/\\\/www.article-marketing.eu\\\/comunicatistampa\\\/riprendiamoci-la-nostra-ricchezza-fabrizio-politi\\\/\",\"url\":\"https:\\\/\\\/www.article-marketing.eu\\\/comunicatistampa\\\/riprendiamoci-la-nostra-ricchezza-fabrizio-politi\\\/\",\"name\":\"Riprendiamoci la nostra ricchezza - Fabrizio Politi - Article Marketing\",\"isPartOf\":{\"@id\":\"https:\\\/\\\/www.article-marketing.eu\\\/comunicatistampa\\\/#website\"},\"datePublished\":\"2017-03-23T18:45:44+00:00\",\"author\":{\"@id\":\"https:\\\/\\\/www.article-marketing.eu\\\/comunicatistampa\\\/#\\\/schema\\\/person\\\/246091a258fb1b22778c2d38827ec5bf\"},\"breadcrumb\":{\"@id\":\"https:\\\/\\\/www.article-marketing.eu\\\/comunicatistampa\\\/riprendiamoci-la-nostra-ricchezza-fabrizio-politi\\\/#breadcrumb\"},\"inLanguage\":\"it-IT\",\"potentialAction\":[{\"@type\":\"ReadAction\",\"target\":[\"https:\\\/\\\/www.article-marketing.eu\\\/comunicatistampa\\\/riprendiamoci-la-nostra-ricchezza-fabrizio-politi\\\/\"]}]},{\"@type\":\"BreadcrumbList\",\"@id\":\"https:\\\/\\\/www.article-marketing.eu\\\/comunicatistampa\\\/riprendiamoci-la-nostra-ricchezza-fabrizio-politi\\\/#breadcrumb\",\"itemListElement\":[{\"@type\":\"ListItem\",\"position\":1,\"name\":\"Home\",\"item\":\"https:\\\/\\\/www.article-marketing.eu\\\/comunicatistampa\\\/\"},{\"@type\":\"ListItem\",\"position\":2,\"name\":\"Riprendiamoci la nostra ricchezza &#8211; Fabrizio Politi\"}]},{\"@type\":\"WebSite\",\"@id\":\"https:\\\/\\\/www.article-marketing.eu\\\/comunicatistampa\\\/#website\",\"url\":\"https:\\\/\\\/www.article-marketing.eu\\\/comunicatistampa\\\/\",\"name\":\"Article Marketing\",\"description\":\"article marketing &amp; press release\",\"potentialAction\":[{\"@type\":\"SearchAction\",\"target\":{\"@type\":\"EntryPoint\",\"urlTemplate\":\"https:\\\/\\\/www.article-marketing.eu\\\/comunicatistampa\\\/?s={search_term_string}\"},\"query-input\":{\"@type\":\"PropertyValueSpecification\",\"valueRequired\":true,\"valueName\":\"search_term_string\"}}],\"inLanguage\":\"it-IT\"},{\"@type\":\"Person\",\"@id\":\"https:\\\/\\\/www.article-marketing.eu\\\/comunicatistampa\\\/#\\\/schema\\\/person\\\/246091a258fb1b22778c2d38827ec5bf\",\"name\":\"fabrizio politi\",\"image\":{\"@type\":\"ImageObject\",\"inLanguage\":\"it-IT\",\"@id\":\"https:\\\/\\\/secure.gravatar.com\\\/avatar\\\/df6eca0592b2669da5f70d1dd0d212001c1be2d629a82c52e6f91da32b64610a?s=96&d=mm&r=g\",\"url\":\"https:\\\/\\\/secure.gravatar.com\\\/avatar\\\/df6eca0592b2669da5f70d1dd0d212001c1be2d629a82c52e6f91da32b64610a?s=96&d=mm&r=g\",\"contentUrl\":\"https:\\\/\\\/secure.gravatar.com\\\/avatar\\\/df6eca0592b2669da5f70d1dd0d212001c1be2d629a82c52e6f91da32b64610a?s=96&d=mm&r=g\",\"caption\":\"fabrizio politi\"},\"url\":\"https:\\\/\\\/www.article-marketing.eu\\\/comunicatistampa\\\/author\\\/fabrizio-politi\\\/\"}]}<\/script>\n<!-- \/ Yoast SEO plugin. -->","yoast_head_json":{"title":"Riprendiamoci la nostra ricchezza - Fabrizio Politi - Article Marketing","robots":{"index":"index","follow":"follow","max-snippet":"max-snippet:-1","max-image-preview":"max-image-preview:large","max-video-preview":"max-video-preview:-1"},"canonical":"https:\/\/www.article-marketing.eu\/comunicatistampa\/riprendiamoci-la-nostra-ricchezza-fabrizio-politi\/","og_locale":"it_IT","og_type":"article","og_title":"Riprendiamoci la nostra ricchezza - Fabrizio Politi - Article Marketing","og_description":"Nel secolo scorso Hitler diceva che:\u201cil 5 o il 10 per cento della popolazione, l\u2019\u00e9lite, deve comandare, il resto deve obbedire e lavorare\u201d. Che rende oggi quel 90% della popolazione del mondo ha pochissima influenza sulla decisione internazionale di politi\u00a0economica? Guarda e muore o decide di cambiare questo sistema perverso organizzandosi e di combattere questa ingiustizia? Questa disuguaglianza nella distribuzione della ricchezza mondiale, il desiderio di rivoluzione economica in FabrizioContinue reading...","og_url":"https:\/\/www.article-marketing.eu\/comunicatistampa\/riprendiamoci-la-nostra-ricchezza-fabrizio-politi\/","og_site_name":"Article Marketing","article_published_time":"2017-03-23T18:45:44+00:00","author":"fabrizio politi","twitter_card":"summary_large_image","twitter_misc":{"Scritto da":"fabrizio politi","Tempo di lettura stimato":"2 minuti"},"schema":{"@context":"https:\/\/schema.org","@graph":[{"@type":"Article","@id":"https:\/\/www.article-marketing.eu\/comunicatistampa\/riprendiamoci-la-nostra-ricchezza-fabrizio-politi\/#article","isPartOf":{"@id":"https:\/\/www.article-marketing.eu\/comunicatistampa\/riprendiamoci-la-nostra-ricchezza-fabrizio-politi\/"},"author":{"name":"fabrizio politi","@id":"https:\/\/www.article-marketing.eu\/comunicatistampa\/#\/schema\/person\/246091a258fb1b22778c2d38827ec5bf"},"headline":"Riprendiamoci la nostra ricchezza &#8211; Fabrizio Politi","datePublished":"2017-03-23T18:45:44+00:00","mainEntityOfPage":{"@id":"https:\/\/www.article-marketing.eu\/comunicatistampa\/riprendiamoci-la-nostra-ricchezza-fabrizio-politi\/"},"wordCount":310,"commentCount":0,"keywords":["fabrizio politi","fabriziopoliti"],"articleSection":["Aziende","Economia e lavoro"],"inLanguage":"it-IT","potentialAction":[{"@type":"CommentAction","name":"Comment","target":["https:\/\/www.article-marketing.eu\/comunicatistampa\/riprendiamoci-la-nostra-ricchezza-fabrizio-politi\/#respond"]}]},{"@type":"WebPage","@id":"https:\/\/www.article-marketing.eu\/comunicatistampa\/riprendiamoci-la-nostra-ricchezza-fabrizio-politi\/","url":"https:\/\/www.article-marketing.eu\/comunicatistampa\/riprendiamoci-la-nostra-ricchezza-fabrizio-politi\/","name":"Riprendiamoci la nostra ricchezza - Fabrizio Politi - Article Marketing","isPartOf":{"@id":"https:\/\/www.article-marketing.eu\/comunicatistampa\/#website"},"datePublished":"2017-03-23T18:45:44+00:00","author":{"@id":"https:\/\/www.article-marketing.eu\/comunicatistampa\/#\/schema\/person\/246091a258fb1b22778c2d38827ec5bf"},"breadcrumb":{"@id":"https:\/\/www.article-marketing.eu\/comunicatistampa\/riprendiamoci-la-nostra-ricchezza-fabrizio-politi\/#breadcrumb"},"inLanguage":"it-IT","potentialAction":[{"@type":"ReadAction","target":["https:\/\/www.article-marketing.eu\/comunicatistampa\/riprendiamoci-la-nostra-ricchezza-fabrizio-politi\/"]}]},{"@type":"BreadcrumbList","@id":"https:\/\/www.article-marketing.eu\/comunicatistampa\/riprendiamoci-la-nostra-ricchezza-fabrizio-politi\/#breadcrumb","itemListElement":[{"@type":"ListItem","position":1,"name":"Home","item":"https:\/\/www.article-marketing.eu\/comunicatistampa\/"},{"@type":"ListItem","position":2,"name":"Riprendiamoci la nostra ricchezza &#8211; Fabrizio Politi"}]},{"@type":"WebSite","@id":"https:\/\/www.article-marketing.eu\/comunicatistampa\/#website","url":"https:\/\/www.article-marketing.eu\/comunicatistampa\/","name":"Article Marketing","description":"article marketing &amp; press release","potentialAction":[{"@type":"SearchAction","target":{"@type":"EntryPoint","urlTemplate":"https:\/\/www.article-marketing.eu\/comunicatistampa\/?s={search_term_string}"},"query-input":{"@type":"PropertyValueSpecification","valueRequired":true,"valueName":"search_term_string"}}],"inLanguage":"it-IT"},{"@type":"Person","@id":"https:\/\/www.article-marketing.eu\/comunicatistampa\/#\/schema\/person\/246091a258fb1b22778c2d38827ec5bf","name":"fabrizio politi","image":{"@type":"ImageObject","inLanguage":"it-IT","@id":"https:\/\/secure.gravatar.com\/avatar\/df6eca0592b2669da5f70d1dd0d212001c1be2d629a82c52e6f91da32b64610a?s=96&d=mm&r=g","url":"https:\/\/secure.gravatar.com\/avatar\/df6eca0592b2669da5f70d1dd0d212001c1be2d629a82c52e6f91da32b64610a?s=96&d=mm&r=g","contentUrl":"https:\/\/secure.gravatar.com\/avatar\/df6eca0592b2669da5f70d1dd0d212001c1be2d629a82c52e6f91da32b64610a?s=96&d=mm&r=g","caption":"fabrizio politi"},"url":"https:\/\/www.article-marketing.eu\/comunicatistampa\/author\/fabrizio-politi\/"}]}},"_links":{"self":[{"href":"https:\/\/www.article-marketing.eu\/comunicatistampa\/wp-json\/wp\/v2\/posts\/1451","targetHints":{"allow":["GET"]}}],"collection":[{"href":"https:\/\/www.article-marketing.eu\/comunicatistampa\/wp-json\/wp\/v2\/posts"}],"about":[{"href":"https:\/\/www.article-marketing.eu\/comunicatistampa\/wp-json\/wp\/v2\/types\/post"}],"author":[{"embeddable":true,"href":"https:\/\/www.article-marketing.eu\/comunicatistampa\/wp-json\/wp\/v2\/users\/152"}],"replies":[{"embeddable":true,"href":"https:\/\/www.article-marketing.eu\/comunicatistampa\/wp-json\/wp\/v2\/comments?post=1451"}],"version-history":[{"count":4,"href":"https:\/\/www.article-marketing.eu\/comunicatistampa\/wp-json\/wp\/v2\/posts\/1451\/revisions"}],"predecessor-version":[{"id":1483,"href":"https:\/\/www.article-marketing.eu\/comunicatistampa\/wp-json\/wp\/v2\/posts\/1451\/revisions\/1483"}],"wp:attachment":[{"href":"https:\/\/www.article-marketing.eu\/comunicatistampa\/wp-json\/wp\/v2\/media?parent=1451"}],"wp:term":[{"taxonomy":"category","embeddable":true,"href":"https:\/\/www.article-marketing.eu\/comunicatistampa\/wp-json\/wp\/v2\/categories?post=1451"},{"taxonomy":"post_tag","embeddable":true,"href":"https:\/\/www.article-marketing.eu\/comunicatistampa\/wp-json\/wp\/v2\/tags?post=1451"}],"curies":[{"name":"wp","href":"https:\/\/api.w.org\/{rel}","templated":true}]}}