{"id":14523,"date":"2020-04-13T16:05:07","date_gmt":"2020-04-13T14:05:07","guid":{"rendered":"https:\/\/www.article-marketing.eu\/comunicatistampa\/?p=14523"},"modified":"2020-04-13T16:05:07","modified_gmt":"2020-04-13T14:05:07","slug":"videoconferenza-la-valutazione-del-rischio-stress-lavoro-correlato","status":"publish","type":"post","link":"https:\/\/www.article-marketing.eu\/comunicatistampa\/videoconferenza-la-valutazione-del-rischio-stress-lavoro-correlato\/","title":{"rendered":"Videoconferenza: la valutazione del rischio stress lavoro-correlato"},"content":{"rendered":"<h3>Comunicato Stampa<\/h3>\n<h3>Videoconferenza: la valutazione del rischio stress lavoro-correlato<\/h3>\n<p><strong><em>Il 16 aprile 2020 una videoconferenza si soffermer\u00e0 sulla valutazione del rischio da stress lavoro correlato che pu\u00f2 essere condotta mediante metodologie di base, intermedie ed evolute.<\/em><\/strong><\/p>\n<p><strong><em>\u00a0<\/em><\/strong><\/p>\n<p>Nei luoghi di lavoro una delle sfide pi\u00f9 importanti, per una reale tutela della salute e sicurezza dei lavoratori, \u00e8 rappresentata dalla gestione del <strong>rischio<\/strong> <strong>stress lavoro-correlato.<\/strong><\/p>\n<p>Una gestione che \u00e8 resa ancor pi\u00f9 difficile in una societ\u00e0 come la nostra caratterizzata da tempi stretti, conflittualit\u00e0, competitivit\u00e0 e utilizzo di tecnologie in continuo cambiamento.<\/p>\n<p>E non c\u2019\u00e8 dubbio che, in questa fase correlata all\u2019attuale <strong>emergenza COVID-19,<\/strong> per molti lavoratori la sperimentazione di modalit\u00e0 lavorative nuove, come lo <strong>smart working<\/strong>, e la maggiore dipendenza da strumenti tecnologici, possono incidere ulteriormente sul benessere psicofisico.<\/p>\n<p>&nbsp;<\/p>\n<p><strong>La videoconferenza sul rischio stress lavoro-correlato<\/strong><\/p>\n<p>Per supportare gli operatori e le aziende nell\u2019analisi dello stress lavoro-correlato l\u2019<strong>Associazione Italiana Formatori ed Operatori della Sicurezza sul Lavoro<\/strong> (AiFOS) organizza il 16 aprile 2020 una videoconferenza dal titolo \u201c<strong>Stress lavoro-correlato, metodologie per la valutazione<\/strong>\u201d.<\/p>\n<p>Durante la videoconferenza si sottolineer\u00e0 che la valutazione del rischio da stress lavoro correlato pu\u00f2 essere condotta mediante metodologie basiche, intermedie ed evolute. L\u2019importante \u00e8 che l\u2019azione sia conforme alle richieste minime previste dalla legge.<\/p>\n<p>Tuttavia siamo certi che la conformit\u00e0 normativa basti? La conoscenza delle Linee Guida INAIL \u00e8 solo la base essenziale per effettuare una buona analisi.<\/p>\n<p>&nbsp;<\/p>\n<p>Il docente del corso in videoconferenza sar\u00e0 <strong>Andrea Cirincione<\/strong>, formatore e psicologo esperto in valutazioni stress lavoro\u2010correlato.<\/p>\n<p>&nbsp;<\/p>\n<p><strong>Lo stress lavoro-correlato e la normativa <\/strong><\/p>\n<p>Secondo alcuni dati presentati durante una <strong>campagna europea<\/strong> sulla gestione dello stress lavoro-correlato, lo stress negli ambienti di lavoro riguarda pi\u00f9 di 40 milioni di persone nell\u2019Unione Europea ed \u00e8 all\u2019origine della maggioranza di tutte le giornate lavorative perse.<\/p>\n<p>Inoltre almeno il 51% dei lavoratori ritiene che lo stress lavoro-correlato sia presente nel proprio ambiente lavorativo e quattro lavoratori su dieci pensano che, nella propria azienda, non sia ancora gestito adeguatamente.<\/p>\n<p>Non bisogna poi dimenticare che il <strong>Decreto legislativo 9 aprile 2008, n. 81<\/strong> prevede espressamente \u2013 all\u2019articolo 28 &#8211; la valutazione di tutti i rischi per la sicurezza e la salute dei lavoratori, \u2018<em>ivi compresi quelli riguardanti gruppi di lavoratori esposti a rischi particolari, tra cui anche quelli collegati allo stress lavoro-correlato\u2019<\/em>.<\/p>\n<p>Per favorire la valutazione dello stress nei luoghi di lavoro sono state fornite il 17 novembre 2010 alcune indicazioni elaborate dalla Commissione consultiva permanente per la salute e sicurezza sul lavoro. \u00a0Successivamente l\u2019Inail ha fornito un documento con linee di indirizzo sulla valutazione e gestione del rischio da stress lavoro-correlato, in attuazione del D.Lgs. 81\/2008, per aiutare le aziende a gestire questo rischio, passo per passo, al pari degli altri rischi previsti dalla normativa.<\/p>\n<p>&nbsp;<\/p>\n<p><strong>Le informazioni per seguire la videoconferenza <\/strong><\/p>\n<p>Il 16 aprile 2020 si terr\u00e0, dunque, dalle ore 16.00 alle ore 18.00, la videoconferenza, di 2 ore dal titolo \u201c<strong>Stress lavoro-correlato, metodologie per la valutazione<\/strong>\u201d.<\/p>\n<p>&nbsp;<\/p>\n<p>Ricordiamo che la <strong>videoconferenza<\/strong> \u00e8 una particolare formazione a distanza che, avvenendo tramite piattaforma informatica e tra pi\u00f9 persone presenti nello stesso momento, permette di ricreare delle vere e proprie aule virtuali di formazione.<\/p>\n<p>E in questa fase di sospensione delle attivit\u00e0 formative in aula, per l&#8217;evolversi della situazione epidemiologica da COVID-19, le videoconferenze \u2013 che in alcune Regioni sono equiparate alla formazione in presenza &#8211; risultano il modo pi\u00f9 efficace per ottemperare gli obblighi formativi.<\/p>\n<p>La partecipazione al corso vale come <strong>2 ore<\/strong> di <strong>aggiornamento<\/strong> per RSPP\/ASPP, Formatori qualificati (area 2) e Coordinatori alla sicurezza. Il corso \u00e8 valido anche ai fini della formazione specifica prevista per il Manager HSE (UNI 11720:2018 \u2013 area organizzativa-gestionale) e ai fini della formazione necessaria per l&#8217;iscrizione al Registro Consulenti AiFOS (Legge 4\/2013).<\/p>\n<p>&nbsp;<\/p>\n<p>Per avere informazioni e iscriversi al corso \u00e8 possibile utilizzare questo link:<\/p>\n<p><a href=\"https:\/\/bit.ly\/valutazione-slc-webinar\">https:\/\/bit.ly\/valutazione-slc-webinar<\/a><\/p>\n<p>&nbsp;<\/p>\n<p>Per <strong>informazioni<\/strong>:<\/p>\n<p><strong>Sede nazionale AiFOS<\/strong> &#8211; via Branze, 45 &#8211; 25123 Brescia c\/o CSMT, Universit\u00e0 degli Studi di Brescia &#8211; tel. 030.6595035 &#8211; fax 030.6595040 <a href=\"http:\/\/www.aifos.it\">www.aifos.it<\/a> &#8211; <a href=\"mailto:formarsi@aifos.it\">formarsi@aifos.it<\/a> &#8211; gototraining@aifos.it<\/p>\n<p>&nbsp;<\/p>\n<p><em>\u00a0<\/em><\/p>\n<p><em>09 aprile 2020<\/em><\/p>\n<p>&nbsp;<\/p>\n<p>&nbsp;<\/p>\n<p>&nbsp;<\/p>\n<p>Ufficio Stampa di AiFOS<\/p>\n<p>ufficiostampa@aifos.it<\/p>\n<p>http:\/\/www.aifos.it\/<\/p>\n","protected":false},"excerpt":{"rendered":"<p>Comunicato Stampa Videoconferenza: la valutazione del rischio stress lavoro-correlato Il 16 aprile 2020 una videoconferenza si soffermer\u00e0 sulla valutazione del rischio da stress lavoro correlato che pu\u00f2 essere condotta mediante metodologie di base, intermedie ed evolute. \u00a0 Nei luoghi di lavoro una delle sfide pi\u00f9 importanti, per una reale tutela della salute e sicurezza dei lavoratori, \u00e8 rappresentata dalla gestione del rischio stress lavoro-correlato. Una gestione che \u00e8 resa ancor<\/p>\n<p><a class=\"continue-reading\" href=\"https:\/\/www.article-marketing.eu\/comunicatistampa\/videoconferenza-la-valutazione-del-rischio-stress-lavoro-correlato\/\">Continue reading&#8230;<\/a><\/p>\n","protected":false},"author":881,"featured_media":0,"comment_status":"open","ping_status":"open","sticky":false,"template":"","format":"standard","meta":{"_monsterinsights_skip_tracking":false,"_monsterinsights_sitenote_active":false,"_monsterinsights_sitenote_note":"","_monsterinsights_sitenote_category":0,"footnotes":""},"categories":[78,379,386,378],"tags":[3301,6070,6067,3235,6068,193,6065,6069,6071,6066,6064,174,6023,5952],"class_list":["post-14523","post","type-post","status-publish","format-standard","hentry","category-comunicati-stampa","category-corsi","category-economia-e-lavoro","category-istruzione","tag-aifos","tag-andrea-cirincione","tag-benessere-psicofisico","tag-brescia","tag-decreto-legislativo-9-aprile-2008","tag-formazione","tag-metodologie-per-la-valutazione","tag-n-81","tag-rischi-psicosociali","tag-rischio-stress-lavoro-correlato","tag-stress-lavoro-correlato","tag-video","tag-videoconferenza","tag-webconference"],"yoast_head":"<!-- This site is optimized with the Yoast SEO plugin v27.3 - https:\/\/yoast.com\/product\/yoast-seo-wordpress\/ -->\n<title>Videoconferenza: la valutazione del rischio stress lavoro-correlato - Article Marketing<\/title>\n<meta name=\"robots\" content=\"index, follow, max-snippet:-1, max-image-preview:large, max-video-preview:-1\" \/>\n<link rel=\"canonical\" href=\"https:\/\/www.article-marketing.eu\/comunicatistampa\/videoconferenza-la-valutazione-del-rischio-stress-lavoro-correlato\/\" \/>\n<meta property=\"og:locale\" content=\"it_IT\" \/>\n<meta property=\"og:type\" content=\"article\" \/>\n<meta property=\"og:title\" content=\"Videoconferenza: la valutazione del rischio stress lavoro-correlato - Article Marketing\" \/>\n<meta property=\"og:description\" content=\"Comunicato Stampa Videoconferenza: la valutazione del rischio stress lavoro-correlato Il 16 aprile 2020 una videoconferenza si soffermer\u00e0 sulla valutazione del rischio da stress lavoro correlato che pu\u00f2 essere condotta mediante metodologie di base, intermedie ed evolute. \u00a0 Nei luoghi di lavoro una delle sfide pi\u00f9 importanti, per una reale tutela della salute e sicurezza dei lavoratori, \u00e8 rappresentata dalla gestione del rischio stress lavoro-correlato. Una gestione che \u00e8 resa ancorContinue reading...\" \/>\n<meta property=\"og:url\" content=\"https:\/\/www.article-marketing.eu\/comunicatistampa\/videoconferenza-la-valutazione-del-rischio-stress-lavoro-correlato\/\" \/>\n<meta property=\"og:site_name\" content=\"Article Marketing\" \/>\n<meta property=\"article:published_time\" content=\"2020-04-13T14:05:07+00:00\" \/>\n<meta name=\"author\" content=\"AIFUS\" \/>\n<meta name=\"twitter:card\" content=\"summary_large_image\" \/>\n<meta name=\"twitter:label1\" content=\"Scritto da\" \/>\n\t<meta name=\"twitter:data1\" content=\"AIFUS\" \/>\n\t<meta name=\"twitter:label2\" content=\"Tempo di lettura stimato\" \/>\n\t<meta name=\"twitter:data2\" content=\"3 minuti\" \/>\n<script type=\"application\/ld+json\" class=\"yoast-schema-graph\">{\"@context\":\"https:\\\/\\\/schema.org\",\"@graph\":[{\"@type\":\"Article\",\"@id\":\"https:\\\/\\\/www.article-marketing.eu\\\/comunicatistampa\\\/videoconferenza-la-valutazione-del-rischio-stress-lavoro-correlato\\\/#article\",\"isPartOf\":{\"@id\":\"https:\\\/\\\/www.article-marketing.eu\\\/comunicatistampa\\\/videoconferenza-la-valutazione-del-rischio-stress-lavoro-correlato\\\/\"},\"author\":{\"name\":\"AIFUS\",\"@id\":\"https:\\\/\\\/www.article-marketing.eu\\\/comunicatistampa\\\/#\\\/schema\\\/person\\\/d1985c4955ff71a05f49d68e3034b3cd\"},\"headline\":\"Videoconferenza: la valutazione del rischio stress lavoro-correlato\",\"datePublished\":\"2020-04-13T14:05:07+00:00\",\"mainEntityOfPage\":{\"@id\":\"https:\\\/\\\/www.article-marketing.eu\\\/comunicatistampa\\\/videoconferenza-la-valutazione-del-rischio-stress-lavoro-correlato\\\/\"},\"wordCount\":669,\"commentCount\":0,\"keywords\":[\"Aifos\",\"Andrea Cirincione\",\"benessere psicofisico\",\"Brescia\",\"Decreto legislativo 9 aprile 2008\",\"formazione\",\"metodologie per la valutazione\",\"n. 81\",\"rischi psicosociali\",\"rischio stress lavoro-correlato\",\"Stress lavoro-correlato\",\"Video\",\"videoconferenza\",\"webconference\"],\"articleSection\":[\"Comunicati stampa\",\"Corsi\",\"Economia e lavoro\",\"Istruzione\"],\"inLanguage\":\"it-IT\",\"potentialAction\":[{\"@type\":\"CommentAction\",\"name\":\"Comment\",\"target\":[\"https:\\\/\\\/www.article-marketing.eu\\\/comunicatistampa\\\/videoconferenza-la-valutazione-del-rischio-stress-lavoro-correlato\\\/#respond\"]}]},{\"@type\":\"WebPage\",\"@id\":\"https:\\\/\\\/www.article-marketing.eu\\\/comunicatistampa\\\/videoconferenza-la-valutazione-del-rischio-stress-lavoro-correlato\\\/\",\"url\":\"https:\\\/\\\/www.article-marketing.eu\\\/comunicatistampa\\\/videoconferenza-la-valutazione-del-rischio-stress-lavoro-correlato\\\/\",\"name\":\"Videoconferenza: la valutazione del rischio stress lavoro-correlato - Article Marketing\",\"isPartOf\":{\"@id\":\"https:\\\/\\\/www.article-marketing.eu\\\/comunicatistampa\\\/#website\"},\"datePublished\":\"2020-04-13T14:05:07+00:00\",\"author\":{\"@id\":\"https:\\\/\\\/www.article-marketing.eu\\\/comunicatistampa\\\/#\\\/schema\\\/person\\\/d1985c4955ff71a05f49d68e3034b3cd\"},\"breadcrumb\":{\"@id\":\"https:\\\/\\\/www.article-marketing.eu\\\/comunicatistampa\\\/videoconferenza-la-valutazione-del-rischio-stress-lavoro-correlato\\\/#breadcrumb\"},\"inLanguage\":\"it-IT\",\"potentialAction\":[{\"@type\":\"ReadAction\",\"target\":[\"https:\\\/\\\/www.article-marketing.eu\\\/comunicatistampa\\\/videoconferenza-la-valutazione-del-rischio-stress-lavoro-correlato\\\/\"]}]},{\"@type\":\"BreadcrumbList\",\"@id\":\"https:\\\/\\\/www.article-marketing.eu\\\/comunicatistampa\\\/videoconferenza-la-valutazione-del-rischio-stress-lavoro-correlato\\\/#breadcrumb\",\"itemListElement\":[{\"@type\":\"ListItem\",\"position\":1,\"name\":\"Home\",\"item\":\"https:\\\/\\\/www.article-marketing.eu\\\/comunicatistampa\\\/\"},{\"@type\":\"ListItem\",\"position\":2,\"name\":\"Videoconferenza: la valutazione del rischio stress lavoro-correlato\"}]},{\"@type\":\"WebSite\",\"@id\":\"https:\\\/\\\/www.article-marketing.eu\\\/comunicatistampa\\\/#website\",\"url\":\"https:\\\/\\\/www.article-marketing.eu\\\/comunicatistampa\\\/\",\"name\":\"Article Marketing\",\"description\":\"article marketing &amp; press release\",\"potentialAction\":[{\"@type\":\"SearchAction\",\"target\":{\"@type\":\"EntryPoint\",\"urlTemplate\":\"https:\\\/\\\/www.article-marketing.eu\\\/comunicatistampa\\\/?s={search_term_string}\"},\"query-input\":{\"@type\":\"PropertyValueSpecification\",\"valueRequired\":true,\"valueName\":\"search_term_string\"}}],\"inLanguage\":\"it-IT\"},{\"@type\":\"Person\",\"@id\":\"https:\\\/\\\/www.article-marketing.eu\\\/comunicatistampa\\\/#\\\/schema\\\/person\\\/d1985c4955ff71a05f49d68e3034b3cd\",\"name\":\"AIFUS\",\"image\":{\"@type\":\"ImageObject\",\"inLanguage\":\"it-IT\",\"@id\":\"https:\\\/\\\/secure.gravatar.com\\\/avatar\\\/05cf2a2ba057667571308b94c84f00ff48766ffac95710a87491a9b3ddcee484?s=96&d=mm&r=g\",\"url\":\"https:\\\/\\\/secure.gravatar.com\\\/avatar\\\/05cf2a2ba057667571308b94c84f00ff48766ffac95710a87491a9b3ddcee484?s=96&d=mm&r=g\",\"contentUrl\":\"https:\\\/\\\/secure.gravatar.com\\\/avatar\\\/05cf2a2ba057667571308b94c84f00ff48766ffac95710a87491a9b3ddcee484?s=96&d=mm&r=g\",\"caption\":\"AIFUS\"},\"url\":\"https:\\\/\\\/www.article-marketing.eu\\\/comunicatistampa\\\/author\\\/aifus\\\/\"}]}<\/script>\n<!-- \/ Yoast SEO plugin. -->","yoast_head_json":{"title":"Videoconferenza: la valutazione del rischio stress lavoro-correlato - Article Marketing","robots":{"index":"index","follow":"follow","max-snippet":"max-snippet:-1","max-image-preview":"max-image-preview:large","max-video-preview":"max-video-preview:-1"},"canonical":"https:\/\/www.article-marketing.eu\/comunicatistampa\/videoconferenza-la-valutazione-del-rischio-stress-lavoro-correlato\/","og_locale":"it_IT","og_type":"article","og_title":"Videoconferenza: la valutazione del rischio stress lavoro-correlato - Article Marketing","og_description":"Comunicato Stampa Videoconferenza: la valutazione del rischio stress lavoro-correlato Il 16 aprile 2020 una videoconferenza si soffermer\u00e0 sulla valutazione del rischio da stress lavoro correlato che pu\u00f2 essere condotta mediante metodologie di base, intermedie ed evolute. \u00a0 Nei luoghi di lavoro una delle sfide pi\u00f9 importanti, per una reale tutela della salute e sicurezza dei lavoratori, \u00e8 rappresentata dalla gestione del rischio stress lavoro-correlato. Una gestione che \u00e8 resa ancorContinue reading...","og_url":"https:\/\/www.article-marketing.eu\/comunicatistampa\/videoconferenza-la-valutazione-del-rischio-stress-lavoro-correlato\/","og_site_name":"Article Marketing","article_published_time":"2020-04-13T14:05:07+00:00","author":"AIFUS","twitter_card":"summary_large_image","twitter_misc":{"Scritto da":"AIFUS","Tempo di lettura stimato":"3 minuti"},"schema":{"@context":"https:\/\/schema.org","@graph":[{"@type":"Article","@id":"https:\/\/www.article-marketing.eu\/comunicatistampa\/videoconferenza-la-valutazione-del-rischio-stress-lavoro-correlato\/#article","isPartOf":{"@id":"https:\/\/www.article-marketing.eu\/comunicatistampa\/videoconferenza-la-valutazione-del-rischio-stress-lavoro-correlato\/"},"author":{"name":"AIFUS","@id":"https:\/\/www.article-marketing.eu\/comunicatistampa\/#\/schema\/person\/d1985c4955ff71a05f49d68e3034b3cd"},"headline":"Videoconferenza: la valutazione del rischio stress lavoro-correlato","datePublished":"2020-04-13T14:05:07+00:00","mainEntityOfPage":{"@id":"https:\/\/www.article-marketing.eu\/comunicatistampa\/videoconferenza-la-valutazione-del-rischio-stress-lavoro-correlato\/"},"wordCount":669,"commentCount":0,"keywords":["Aifos","Andrea Cirincione","benessere psicofisico","Brescia","Decreto legislativo 9 aprile 2008","formazione","metodologie per la valutazione","n. 81","rischi psicosociali","rischio stress lavoro-correlato","Stress lavoro-correlato","Video","videoconferenza","webconference"],"articleSection":["Comunicati stampa","Corsi","Economia e lavoro","Istruzione"],"inLanguage":"it-IT","potentialAction":[{"@type":"CommentAction","name":"Comment","target":["https:\/\/www.article-marketing.eu\/comunicatistampa\/videoconferenza-la-valutazione-del-rischio-stress-lavoro-correlato\/#respond"]}]},{"@type":"WebPage","@id":"https:\/\/www.article-marketing.eu\/comunicatistampa\/videoconferenza-la-valutazione-del-rischio-stress-lavoro-correlato\/","url":"https:\/\/www.article-marketing.eu\/comunicatistampa\/videoconferenza-la-valutazione-del-rischio-stress-lavoro-correlato\/","name":"Videoconferenza: la valutazione del rischio stress lavoro-correlato - Article Marketing","isPartOf":{"@id":"https:\/\/www.article-marketing.eu\/comunicatistampa\/#website"},"datePublished":"2020-04-13T14:05:07+00:00","author":{"@id":"https:\/\/www.article-marketing.eu\/comunicatistampa\/#\/schema\/person\/d1985c4955ff71a05f49d68e3034b3cd"},"breadcrumb":{"@id":"https:\/\/www.article-marketing.eu\/comunicatistampa\/videoconferenza-la-valutazione-del-rischio-stress-lavoro-correlato\/#breadcrumb"},"inLanguage":"it-IT","potentialAction":[{"@type":"ReadAction","target":["https:\/\/www.article-marketing.eu\/comunicatistampa\/videoconferenza-la-valutazione-del-rischio-stress-lavoro-correlato\/"]}]},{"@type":"BreadcrumbList","@id":"https:\/\/www.article-marketing.eu\/comunicatistampa\/videoconferenza-la-valutazione-del-rischio-stress-lavoro-correlato\/#breadcrumb","itemListElement":[{"@type":"ListItem","position":1,"name":"Home","item":"https:\/\/www.article-marketing.eu\/comunicatistampa\/"},{"@type":"ListItem","position":2,"name":"Videoconferenza: la valutazione del rischio stress lavoro-correlato"}]},{"@type":"WebSite","@id":"https:\/\/www.article-marketing.eu\/comunicatistampa\/#website","url":"https:\/\/www.article-marketing.eu\/comunicatistampa\/","name":"Article Marketing","description":"article marketing &amp; press release","potentialAction":[{"@type":"SearchAction","target":{"@type":"EntryPoint","urlTemplate":"https:\/\/www.article-marketing.eu\/comunicatistampa\/?s={search_term_string}"},"query-input":{"@type":"PropertyValueSpecification","valueRequired":true,"valueName":"search_term_string"}}],"inLanguage":"it-IT"},{"@type":"Person","@id":"https:\/\/www.article-marketing.eu\/comunicatistampa\/#\/schema\/person\/d1985c4955ff71a05f49d68e3034b3cd","name":"AIFUS","image":{"@type":"ImageObject","inLanguage":"it-IT","@id":"https:\/\/secure.gravatar.com\/avatar\/05cf2a2ba057667571308b94c84f00ff48766ffac95710a87491a9b3ddcee484?s=96&d=mm&r=g","url":"https:\/\/secure.gravatar.com\/avatar\/05cf2a2ba057667571308b94c84f00ff48766ffac95710a87491a9b3ddcee484?s=96&d=mm&r=g","contentUrl":"https:\/\/secure.gravatar.com\/avatar\/05cf2a2ba057667571308b94c84f00ff48766ffac95710a87491a9b3ddcee484?s=96&d=mm&r=g","caption":"AIFUS"},"url":"https:\/\/www.article-marketing.eu\/comunicatistampa\/author\/aifus\/"}]}},"_links":{"self":[{"href":"https:\/\/www.article-marketing.eu\/comunicatistampa\/wp-json\/wp\/v2\/posts\/14523","targetHints":{"allow":["GET"]}}],"collection":[{"href":"https:\/\/www.article-marketing.eu\/comunicatistampa\/wp-json\/wp\/v2\/posts"}],"about":[{"href":"https:\/\/www.article-marketing.eu\/comunicatistampa\/wp-json\/wp\/v2\/types\/post"}],"author":[{"embeddable":true,"href":"https:\/\/www.article-marketing.eu\/comunicatistampa\/wp-json\/wp\/v2\/users\/881"}],"replies":[{"embeddable":true,"href":"https:\/\/www.article-marketing.eu\/comunicatistampa\/wp-json\/wp\/v2\/comments?post=14523"}],"version-history":[{"count":2,"href":"https:\/\/www.article-marketing.eu\/comunicatistampa\/wp-json\/wp\/v2\/posts\/14523\/revisions"}],"predecessor-version":[{"id":14570,"href":"https:\/\/www.article-marketing.eu\/comunicatistampa\/wp-json\/wp\/v2\/posts\/14523\/revisions\/14570"}],"wp:attachment":[{"href":"https:\/\/www.article-marketing.eu\/comunicatistampa\/wp-json\/wp\/v2\/media?parent=14523"}],"wp:term":[{"taxonomy":"category","embeddable":true,"href":"https:\/\/www.article-marketing.eu\/comunicatistampa\/wp-json\/wp\/v2\/categories?post=14523"},{"taxonomy":"post_tag","embeddable":true,"href":"https:\/\/www.article-marketing.eu\/comunicatistampa\/wp-json\/wp\/v2\/tags?post=14523"}],"curies":[{"name":"wp","href":"https:\/\/api.w.org\/{rel}","templated":true}]}}