{"id":14526,"date":"2020-04-13T16:05:34","date_gmt":"2020-04-13T14:05:34","guid":{"rendered":"https:\/\/www.article-marketing.eu\/comunicatistampa\/?p=14526"},"modified":"2020-04-13T16:05:34","modified_gmt":"2020-04-13T14:05:34","slug":"chiuso-il-monastero-di-santa-veronica-giuliani","status":"publish","type":"post","link":"https:\/\/www.article-marketing.eu\/comunicatistampa\/chiuso-il-monastero-di-santa-veronica-giuliani\/","title":{"rendered":"Chiuso il monastero di Santa Veronica Giuliani"},"content":{"rendered":"<p>Per la prima volta dal 1643, <a href=\"https:\/\/www.amicisantaveronicagiuliani-napoli.it\/chiuso-il-monastero-di-santa-veronica-giuliani\/\" target=\"_blank\" rel=\"noopener noreferrer\"><strong>temporaneamente chiuse<\/strong>, a Citt\u00e0 di Castello, le porte del monastero di Santa Veronica Giuliani e della chiesa<\/a>. Una decisione non facile n\u00e9 indolore causata dall\u2019emergenza sanitaria causata dal Covid-19, presa come \u201c\u2026atto dovuto per preservare chiunque dal contagio\u201d.<\/p>\n<p>Le sorelle clarisse di clausura, con un triste e accorato \u201cComunicato del Monastero Santa Veronica Giuliani di Citt\u00e0 di Castello\u201c, che di seguito riportiamo integralmente, fanno sapere ai fedeli che questa chiusura non spegne la supplica che giorno e notte si innalza da questo luogo a noi tutti tanto caro.<\/p>\n<p><em>\u201cCarissimi fratelli e sorelle,<\/em><\/p>\n<p><em>da venerd\u00ec scorso, 20 marzo 2020, abbiamo deciso di chiudere completamente le porte del monastero e della chiesa a causa dell\u2019emergenza sanitaria. La decisione, non facile n\u00e9 indolore, \u00e8 stata presa come atto di responsabilit\u00e0 e di amore verso di voi e verso tutta la Citt\u00e0.<\/em><\/p>\n<p><em>Dal 1643 le porte del nostro monastero sono state sempre aperte, a significare che la scelta di ritirarsi dal mondo non equivaleva a fuggirlo, ma era necessaria per allargare gli spazi del cuore e accogliere tutti nell\u2019abbraccio vivo della preghiera.<\/em><br \/>\n<em>Ci commuove ricordare come le sorelle che si sono succedute nel corso degli anni, hanno scelto ogni volta di essere fedeli alla storia \u2013 a volte anche drammatica \u2013 che si trovavano a vivere. Questa fedelt\u00e0 \u00e8 stata per loro lo spazio per incontrare il Dio vivente e riuscire a camminare insieme all\u2019umanit\u00e0 spesso ferita e confusa.<\/em><br \/>\n<em>In questo tempo altrettanto drammatico, anche noi scegliamo di essere fedeli a questa storia difficile e di obbedire, cio\u00e8 ascoltare nel profondo, cosa essa ci stia dicendo.<\/em><br \/>\n<em>La chiusura delle nostre porte per preservare chiunque dal contagio, non spegne la supplica che giorno e notte si innalza da questo luogo a voi tanto caro: la nostra vita \u00e8 donata e lo sar\u00e0 sempre, soprattutto in questi giorni difficili e tragici per tutti.<\/em><\/p>\n<p><em>La vostra paura e il vostro dolore ci appartengono.<\/em><br \/>\n<em>Camminiamo insieme nell\u2019attesa di poterci guardare di nuovo negli occhi e scoprire di essere stati custoditi tutti nello stesso abbraccio di Amore.<\/em><\/p>\n<p><em>Le vostre Sorelle Cappuccine<\/em><br \/>\n<em>Monastero Santa Veronica Giuliani<\/em><br \/>\n<em>Citt\u00e0 di Castello\u201c.<\/em><\/p>\n<p>Le porte del Monastero di Clausura sono aperte da secoli, cos\u00ec come sottolineano le suore, gi\u00e0 protagoniste del primo calendario di clausura della storia, a significare che la scelta di ritirarsi dal mondo non equivale a fuggirlo, ma \u00e8 necessaria per allargare gli spazi del cuore e accogliere tutti nell&#8217;abbraccio vivo della preghiera\u201d.<\/p>\n","protected":false},"excerpt":{"rendered":"<p>Per la prima volta dal 1643, temporaneamente chiuse, a Citt\u00e0 di Castello, le porte del monastero di Santa Veronica Giuliani e della chiesa. Una decisione non facile n\u00e9 indolore causata dall\u2019emergenza sanitaria causata dal Covid-19, presa come \u201c\u2026atto dovuto per preservare chiunque dal contagio\u201d. Le sorelle clarisse di clausura, con un triste e accorato \u201cComunicato del Monastero Santa Veronica Giuliani di Citt\u00e0 di Castello\u201c, che di seguito riportiamo integralmente, fanno<\/p>\n<p><a class=\"continue-reading\" href=\"https:\/\/www.article-marketing.eu\/comunicatistampa\/chiuso-il-monastero-di-santa-veronica-giuliani\/\">Continue reading&#8230;<\/a><\/p>\n","protected":false},"author":5665,"featured_media":0,"comment_status":"open","ping_status":"open","sticky":false,"template":"","format":"standard","meta":{"_monsterinsights_skip_tracking":false,"_monsterinsights_sitenote_active":false,"_monsterinsights_sitenote_note":"","_monsterinsights_sitenote_category":0,"footnotes":""},"categories":[360],"tags":[],"class_list":["post-14526","post","type-post","status-publish","format-standard","hentry","category-religione"],"yoast_head":"<!-- This site is optimized with the Yoast SEO plugin v27.3 - https:\/\/yoast.com\/product\/yoast-seo-wordpress\/ -->\n<title>Chiuso il monastero di Santa Veronica Giuliani - Article Marketing<\/title>\n<meta name=\"description\" content=\"Per la prima volta dal 1643, temporaneamente chiuse, a Citt\u00e0 di Castello, le porte del monastero di Santa Veronica Giuliani e della chiesa.\" \/>\n<meta name=\"robots\" content=\"index, follow, max-snippet:-1, max-image-preview:large, max-video-preview:-1\" \/>\n<link rel=\"canonical\" href=\"https:\/\/www.article-marketing.eu\/comunicatistampa\/chiuso-il-monastero-di-santa-veronica-giuliani\/\" \/>\n<meta property=\"og:locale\" content=\"it_IT\" \/>\n<meta property=\"og:type\" content=\"article\" \/>\n<meta property=\"og:title\" content=\"Chiuso il monastero di Santa Veronica Giuliani - Article Marketing\" \/>\n<meta property=\"og:description\" content=\"Per la prima volta dal 1643, temporaneamente chiuse, a Citt\u00e0 di Castello, le porte del monastero di Santa Veronica Giuliani e della chiesa.\" \/>\n<meta property=\"og:url\" content=\"https:\/\/www.article-marketing.eu\/comunicatistampa\/chiuso-il-monastero-di-santa-veronica-giuliani\/\" \/>\n<meta property=\"og:site_name\" content=\"Article Marketing\" \/>\n<meta property=\"article:published_time\" content=\"2020-04-13T14:05:34+00:00\" \/>\n<meta name=\"author\" content=\"Alino35\" \/>\n<meta name=\"twitter:card\" content=\"summary_large_image\" \/>\n<meta name=\"twitter:label1\" content=\"Scritto da\" \/>\n\t<meta name=\"twitter:data1\" content=\"Alino35\" \/>\n\t<meta name=\"twitter:label2\" content=\"Tempo di lettura stimato\" \/>\n\t<meta name=\"twitter:data2\" content=\"2 minuti\" \/>\n<script type=\"application\/ld+json\" class=\"yoast-schema-graph\">{\"@context\":\"https:\\\/\\\/schema.org\",\"@graph\":[{\"@type\":\"Article\",\"@id\":\"https:\\\/\\\/www.article-marketing.eu\\\/comunicatistampa\\\/chiuso-il-monastero-di-santa-veronica-giuliani\\\/#article\",\"isPartOf\":{\"@id\":\"https:\\\/\\\/www.article-marketing.eu\\\/comunicatistampa\\\/chiuso-il-monastero-di-santa-veronica-giuliani\\\/\"},\"author\":{\"name\":\"Alino35\",\"@id\":\"https:\\\/\\\/www.article-marketing.eu\\\/comunicatistampa\\\/#\\\/schema\\\/person\\\/8aaf6f19e6792cc7669b58f546fd2170\"},\"headline\":\"Chiuso il monastero di Santa Veronica Giuliani\",\"datePublished\":\"2020-04-13T14:05:34+00:00\",\"mainEntityOfPage\":{\"@id\":\"https:\\\/\\\/www.article-marketing.eu\\\/comunicatistampa\\\/chiuso-il-monastero-di-santa-veronica-giuliani\\\/\"},\"wordCount\":410,\"commentCount\":0,\"articleSection\":[\"Religione\"],\"inLanguage\":\"it-IT\",\"potentialAction\":[{\"@type\":\"CommentAction\",\"name\":\"Comment\",\"target\":[\"https:\\\/\\\/www.article-marketing.eu\\\/comunicatistampa\\\/chiuso-il-monastero-di-santa-veronica-giuliani\\\/#respond\"]}]},{\"@type\":\"WebPage\",\"@id\":\"https:\\\/\\\/www.article-marketing.eu\\\/comunicatistampa\\\/chiuso-il-monastero-di-santa-veronica-giuliani\\\/\",\"url\":\"https:\\\/\\\/www.article-marketing.eu\\\/comunicatistampa\\\/chiuso-il-monastero-di-santa-veronica-giuliani\\\/\",\"name\":\"Chiuso il monastero di Santa Veronica Giuliani - Article Marketing\",\"isPartOf\":{\"@id\":\"https:\\\/\\\/www.article-marketing.eu\\\/comunicatistampa\\\/#website\"},\"datePublished\":\"2020-04-13T14:05:34+00:00\",\"author\":{\"@id\":\"https:\\\/\\\/www.article-marketing.eu\\\/comunicatistampa\\\/#\\\/schema\\\/person\\\/8aaf6f19e6792cc7669b58f546fd2170\"},\"description\":\"Per la prima volta dal 1643, temporaneamente chiuse, a Citt\u00e0 di Castello, le porte del monastero di Santa Veronica Giuliani e della chiesa.\",\"breadcrumb\":{\"@id\":\"https:\\\/\\\/www.article-marketing.eu\\\/comunicatistampa\\\/chiuso-il-monastero-di-santa-veronica-giuliani\\\/#breadcrumb\"},\"inLanguage\":\"it-IT\",\"potentialAction\":[{\"@type\":\"ReadAction\",\"target\":[\"https:\\\/\\\/www.article-marketing.eu\\\/comunicatistampa\\\/chiuso-il-monastero-di-santa-veronica-giuliani\\\/\"]}]},{\"@type\":\"BreadcrumbList\",\"@id\":\"https:\\\/\\\/www.article-marketing.eu\\\/comunicatistampa\\\/chiuso-il-monastero-di-santa-veronica-giuliani\\\/#breadcrumb\",\"itemListElement\":[{\"@type\":\"ListItem\",\"position\":1,\"name\":\"Home\",\"item\":\"https:\\\/\\\/www.article-marketing.eu\\\/comunicatistampa\\\/\"},{\"@type\":\"ListItem\",\"position\":2,\"name\":\"Chiuso il monastero di Santa Veronica Giuliani\"}]},{\"@type\":\"WebSite\",\"@id\":\"https:\\\/\\\/www.article-marketing.eu\\\/comunicatistampa\\\/#website\",\"url\":\"https:\\\/\\\/www.article-marketing.eu\\\/comunicatistampa\\\/\",\"name\":\"Article Marketing\",\"description\":\"article marketing &amp; press release\",\"potentialAction\":[{\"@type\":\"SearchAction\",\"target\":{\"@type\":\"EntryPoint\",\"urlTemplate\":\"https:\\\/\\\/www.article-marketing.eu\\\/comunicatistampa\\\/?s={search_term_string}\"},\"query-input\":{\"@type\":\"PropertyValueSpecification\",\"valueRequired\":true,\"valueName\":\"search_term_string\"}}],\"inLanguage\":\"it-IT\"},{\"@type\":\"Person\",\"@id\":\"https:\\\/\\\/www.article-marketing.eu\\\/comunicatistampa\\\/#\\\/schema\\\/person\\\/8aaf6f19e6792cc7669b58f546fd2170\",\"name\":\"Alino35\",\"image\":{\"@type\":\"ImageObject\",\"inLanguage\":\"it-IT\",\"@id\":\"https:\\\/\\\/secure.gravatar.com\\\/avatar\\\/773491e65e0634f300fd4d0b195ad752beadf50ffb09f7eb1f51f9ce6c98a928?s=96&d=mm&r=g\",\"url\":\"https:\\\/\\\/secure.gravatar.com\\\/avatar\\\/773491e65e0634f300fd4d0b195ad752beadf50ffb09f7eb1f51f9ce6c98a928?s=96&d=mm&r=g\",\"contentUrl\":\"https:\\\/\\\/secure.gravatar.com\\\/avatar\\\/773491e65e0634f300fd4d0b195ad752beadf50ffb09f7eb1f51f9ce6c98a928?s=96&d=mm&r=g\",\"caption\":\"Alino35\"},\"sameAs\":[\"https:\\\/\\\/www.web-napoli.it\\\/\"],\"url\":\"https:\\\/\\\/www.article-marketing.eu\\\/comunicatistampa\\\/author\\\/amicisanveronicagiuliani\\\/\"}]}<\/script>\n<!-- \/ Yoast SEO plugin. -->","yoast_head_json":{"title":"Chiuso il monastero di Santa Veronica Giuliani - Article Marketing","description":"Per la prima volta dal 1643, temporaneamente chiuse, a Citt\u00e0 di Castello, le porte del monastero di Santa Veronica Giuliani e della chiesa.","robots":{"index":"index","follow":"follow","max-snippet":"max-snippet:-1","max-image-preview":"max-image-preview:large","max-video-preview":"max-video-preview:-1"},"canonical":"https:\/\/www.article-marketing.eu\/comunicatistampa\/chiuso-il-monastero-di-santa-veronica-giuliani\/","og_locale":"it_IT","og_type":"article","og_title":"Chiuso il monastero di Santa Veronica Giuliani - Article Marketing","og_description":"Per la prima volta dal 1643, temporaneamente chiuse, a Citt\u00e0 di Castello, le porte del monastero di Santa Veronica Giuliani e della chiesa.","og_url":"https:\/\/www.article-marketing.eu\/comunicatistampa\/chiuso-il-monastero-di-santa-veronica-giuliani\/","og_site_name":"Article Marketing","article_published_time":"2020-04-13T14:05:34+00:00","author":"Alino35","twitter_card":"summary_large_image","twitter_misc":{"Scritto da":"Alino35","Tempo di lettura stimato":"2 minuti"},"schema":{"@context":"https:\/\/schema.org","@graph":[{"@type":"Article","@id":"https:\/\/www.article-marketing.eu\/comunicatistampa\/chiuso-il-monastero-di-santa-veronica-giuliani\/#article","isPartOf":{"@id":"https:\/\/www.article-marketing.eu\/comunicatistampa\/chiuso-il-monastero-di-santa-veronica-giuliani\/"},"author":{"name":"Alino35","@id":"https:\/\/www.article-marketing.eu\/comunicatistampa\/#\/schema\/person\/8aaf6f19e6792cc7669b58f546fd2170"},"headline":"Chiuso il monastero di Santa Veronica Giuliani","datePublished":"2020-04-13T14:05:34+00:00","mainEntityOfPage":{"@id":"https:\/\/www.article-marketing.eu\/comunicatistampa\/chiuso-il-monastero-di-santa-veronica-giuliani\/"},"wordCount":410,"commentCount":0,"articleSection":["Religione"],"inLanguage":"it-IT","potentialAction":[{"@type":"CommentAction","name":"Comment","target":["https:\/\/www.article-marketing.eu\/comunicatistampa\/chiuso-il-monastero-di-santa-veronica-giuliani\/#respond"]}]},{"@type":"WebPage","@id":"https:\/\/www.article-marketing.eu\/comunicatistampa\/chiuso-il-monastero-di-santa-veronica-giuliani\/","url":"https:\/\/www.article-marketing.eu\/comunicatistampa\/chiuso-il-monastero-di-santa-veronica-giuliani\/","name":"Chiuso il monastero di Santa Veronica Giuliani - Article Marketing","isPartOf":{"@id":"https:\/\/www.article-marketing.eu\/comunicatistampa\/#website"},"datePublished":"2020-04-13T14:05:34+00:00","author":{"@id":"https:\/\/www.article-marketing.eu\/comunicatistampa\/#\/schema\/person\/8aaf6f19e6792cc7669b58f546fd2170"},"description":"Per la prima volta dal 1643, temporaneamente chiuse, a Citt\u00e0 di Castello, le porte del monastero di Santa Veronica Giuliani e della chiesa.","breadcrumb":{"@id":"https:\/\/www.article-marketing.eu\/comunicatistampa\/chiuso-il-monastero-di-santa-veronica-giuliani\/#breadcrumb"},"inLanguage":"it-IT","potentialAction":[{"@type":"ReadAction","target":["https:\/\/www.article-marketing.eu\/comunicatistampa\/chiuso-il-monastero-di-santa-veronica-giuliani\/"]}]},{"@type":"BreadcrumbList","@id":"https:\/\/www.article-marketing.eu\/comunicatistampa\/chiuso-il-monastero-di-santa-veronica-giuliani\/#breadcrumb","itemListElement":[{"@type":"ListItem","position":1,"name":"Home","item":"https:\/\/www.article-marketing.eu\/comunicatistampa\/"},{"@type":"ListItem","position":2,"name":"Chiuso il monastero di Santa Veronica Giuliani"}]},{"@type":"WebSite","@id":"https:\/\/www.article-marketing.eu\/comunicatistampa\/#website","url":"https:\/\/www.article-marketing.eu\/comunicatistampa\/","name":"Article Marketing","description":"article marketing &amp; press release","potentialAction":[{"@type":"SearchAction","target":{"@type":"EntryPoint","urlTemplate":"https:\/\/www.article-marketing.eu\/comunicatistampa\/?s={search_term_string}"},"query-input":{"@type":"PropertyValueSpecification","valueRequired":true,"valueName":"search_term_string"}}],"inLanguage":"it-IT"},{"@type":"Person","@id":"https:\/\/www.article-marketing.eu\/comunicatistampa\/#\/schema\/person\/8aaf6f19e6792cc7669b58f546fd2170","name":"Alino35","image":{"@type":"ImageObject","inLanguage":"it-IT","@id":"https:\/\/secure.gravatar.com\/avatar\/773491e65e0634f300fd4d0b195ad752beadf50ffb09f7eb1f51f9ce6c98a928?s=96&d=mm&r=g","url":"https:\/\/secure.gravatar.com\/avatar\/773491e65e0634f300fd4d0b195ad752beadf50ffb09f7eb1f51f9ce6c98a928?s=96&d=mm&r=g","contentUrl":"https:\/\/secure.gravatar.com\/avatar\/773491e65e0634f300fd4d0b195ad752beadf50ffb09f7eb1f51f9ce6c98a928?s=96&d=mm&r=g","caption":"Alino35"},"sameAs":["https:\/\/www.web-napoli.it\/"],"url":"https:\/\/www.article-marketing.eu\/comunicatistampa\/author\/amicisanveronicagiuliani\/"}]}},"_links":{"self":[{"href":"https:\/\/www.article-marketing.eu\/comunicatistampa\/wp-json\/wp\/v2\/posts\/14526","targetHints":{"allow":["GET"]}}],"collection":[{"href":"https:\/\/www.article-marketing.eu\/comunicatistampa\/wp-json\/wp\/v2\/posts"}],"about":[{"href":"https:\/\/www.article-marketing.eu\/comunicatistampa\/wp-json\/wp\/v2\/types\/post"}],"author":[{"embeddable":true,"href":"https:\/\/www.article-marketing.eu\/comunicatistampa\/wp-json\/wp\/v2\/users\/5665"}],"replies":[{"embeddable":true,"href":"https:\/\/www.article-marketing.eu\/comunicatistampa\/wp-json\/wp\/v2\/comments?post=14526"}],"version-history":[{"count":3,"href":"https:\/\/www.article-marketing.eu\/comunicatistampa\/wp-json\/wp\/v2\/posts\/14526\/revisions"}],"predecessor-version":[{"id":14571,"href":"https:\/\/www.article-marketing.eu\/comunicatistampa\/wp-json\/wp\/v2\/posts\/14526\/revisions\/14571"}],"wp:attachment":[{"href":"https:\/\/www.article-marketing.eu\/comunicatistampa\/wp-json\/wp\/v2\/media?parent=14526"}],"wp:term":[{"taxonomy":"category","embeddable":true,"href":"https:\/\/www.article-marketing.eu\/comunicatistampa\/wp-json\/wp\/v2\/categories?post=14526"},{"taxonomy":"post_tag","embeddable":true,"href":"https:\/\/www.article-marketing.eu\/comunicatistampa\/wp-json\/wp\/v2\/tags?post=14526"}],"curies":[{"name":"wp","href":"https:\/\/api.w.org\/{rel}","templated":true}]}}