{"id":14553,"date":"2020-04-13T16:09:16","date_gmt":"2020-04-13T14:09:16","guid":{"rendered":"https:\/\/www.article-marketing.eu\/comunicatistampa\/?p=14553"},"modified":"2020-04-13T16:09:16","modified_gmt":"2020-04-13T14:09:16","slug":"cosa-mettere-nel-carrello-della-spesa-al-tempo-del-coronavirus-limportanza-della-vitamina-d","status":"publish","type":"post","link":"https:\/\/www.article-marketing.eu\/comunicatistampa\/cosa-mettere-nel-carrello-della-spesa-al-tempo-del-coronavirus-limportanza-della-vitamina-d\/","title":{"rendered":"Cosa mettere nel carrello della spesa al tempo del #coronavirus  (L\u2019importanza della Vitamina D)"},"content":{"rendered":"<p>&nbsp;<\/p>\n<p><strong>\u201cNutrirsi bene per dare vita agli anni e non solo anni alla vita\u201d.<\/strong><br \/>\n<strong>I consigli per fare una spesa corretta, possibilmente una volta alla settimana, in rispetto delle direttive anti-covid19<\/strong><\/p>\n<p>Tempo di Lettura : 2 minuti<br \/>\nIn questo periodo di emergenza sanitaria, la spesa al supermercato rientra tra i motivi consentiti dai decreti governativi per uscire di casa.<br \/>\nTutte le strutture alimentari stanno soffrendo di sovraffollamento e insufficienza di risorse, in questo stato di cose, diventa fondamentale sapersi muovere tra gli scaffali del supermercato, per cercare di comprare le cose giuste e soprattutto quelle tipologie di alimenti che ci possano aiutare a mantenere un equilibrio fisico in un periodo in cui tenersi in forma \u00e8 molto complicato. Inoltre \u00e8 importante cercare di comprare quei prodotti che vadano a rafforzare il nostro sistema immunitario, con l\u2019obiettivo di renderlo pi\u00f9 resistente agli attacchi provenienti da patogeni esterni.<br \/>\nSulla base di recenti evidenze scientifiche, il suggerimento che ci sentiamo di dare in questo articolo \u00e8 quello di calibrare la propria spesa su tutta la gamma di alimenti che contengono <strong>Vitamina D<\/strong>. Gli studi hanno evidenziato come, bassi livelli di <strong>Vitamina D<\/strong> favoriscano i processi infiammatori e predispongano maggiormente ad infezioni respiratorie delle basse vie aeree ed in particolare a forme di polmoniti; al contrario adeguati livelli di <strong>Vitamina D<\/strong> proteggono da infezioni alle vie respiratorie.<br \/>\nQuando parliamo di <strong>Vitamina D<\/strong>, tutti la associamo alla mineralizzazione delle ossa. Tuttavia, la <strong>Vitamina D<\/strong> esplica altre funzioni altrettanto importanti per l\u2019organismo, essendo alla base di funzioni biochimiche, che regolano in modo simile a un ormone, vari organi e sistemi. Infatti oggi conosciamo l\u2019azione che ha come cardioprotettore, di modulazione del metabolismo glucidico, come neuroprotettore e come regolatore dei processi dell\u2019infiammazione e del sistema immunitario.<\/p>\n<p>Il fabbisogno di <strong>Vitamina D<\/strong> \u00e8 da zero (grazie all\u2019esposizione al Sole) a 15 ng al giorno. Ovviamente \u00e8 maggiore in caso di gravidanza e intensa attivit\u00e0 sportiva<br \/>\nQuesta vitamina ha la caratteristica di essere\u00a0liposolubile, oltre alla sua presenza negli alimenti, il nostro corpo \u00e8 in grado di produrla in determinate condizioni.<br \/>\nIn realt\u00e0, non \u00e8 presente un\u2019unica molecola, ma se ne trovano forme diverse. In particolare, quelle di valore metabolico sono due:<br \/>\n1. l\u2019ergocalciferolo\u00a0(D2) prodotta da alcuni lieviti e piante;<br \/>\n2. il\u00a0colecalciferolo\u00a0(D3) di origine animale.<br \/>\nPurtroppo, la <strong>vitamina D2<\/strong> \u00e8 velocemente degradata dal fegato, dunque la pi\u00f9 importante \u00e8 la <strong>Vitamina D3<\/strong>.<br \/>\nSebbene con il temine di vitamina si intenda \u201cuna sostanza necessaria che il nostro organismo non \u00e8 in grado di produrre\u201d, la <strong>vitamina D<\/strong> pu\u00f2 essere prodotta dalla pelle grazie all\u2019esposizione al Sole (raggi UvB) da cui ricaviamo circa l\u201980% del fabbisogno. Tuttavia \u00e8 bene tener presente che la produzione della vitamina diminuisce con l\u2019invecchiamento ci\u00f2 \u00e8 dovuto ad una ridotta disponibilit\u00e0 della provitamina D3 che \u00e8 fisiologicamente inferiore rispetto ai giovani; la restante quota, circa il 20%, pu\u00f2 essere assunta direttamente dagli alimenti.<br \/>\nIn una condizione di ridotta esposizione al sole, in una fase di quarantena che stiamo vivendo in questi giorni, gli alimenti rappresentano per noi la principale fonte, un partner essenziale al fine di garantire la quantit\u00e0 adeguata giornaliera di questa importantissima vitamina.<br \/>\nDopo questa illustrazione relativa all\u2019importanza della <strong>Vitamina D<\/strong>, i principali cibi che consigliamo di mettere nel carrello, in periodo di CoronaVirus, sono essenzialmente cibi di origine animale, tendenzialmente ricchi di lipidi, come, pesci grassi dei mari del Nord (pesce azzurro: salmone, aringhe, sgombro, tonno, sardine, ecc.), ma anche pesce spada, cernia, molluschi, bottarga e caviale, meglio se provenienti da pescato libero.<br \/>\nUn ulteriore ottimo integratore alimentare di <strong>Vitamina D3<\/strong> \u00e8 l\u2019olio di fegato di merluzzo. Quantit\u00e0 minori di <strong>Vitamina D3<\/strong> sono contenute nelle frattaglie (soprattutto fegato manzo o maiale),nelle uova (tuorlo), nei formaggi, nel latte e nei suoi derivati (in particolare nel burro e nello yogurt).<br \/>\nNel mondo vegetale, invece, la <strong>Vitamina D<\/strong> scarseggia ed \u00e8 sempre presente nella forma\u00a0D2. L\u2019unica fonte vegetale apprezzabile di <strong>Vitamina D<\/strong> \u00e8 rappresentata da alcuni funghi coltivati in condizioni controllate sotto irraggiamento UvB, in particolare porcini, ma anche spugnole, ovuli, finferli e chiodini; nei prataioli il contenuto di <strong>Vitamina D<\/strong> \u00e8 minore, in alter tipologie addirittura nullo.<br \/>\nAltre fonti sono: la\u00a0frutta secca\u00a0(mandorle, noci etc.),fagioli\u00a0e le\u00a0verdure a foglia verde\u00a0(spinaci, bietola, cicoria, cavolo nero etc.).<br \/>\nInfine \u00e8 molto importante anche il modo in cui i cibi vengono cotti, infatti la <strong>Vitamina D<\/strong> \u00e8 molto sensibile alla luce e al calore; \u00e8 importante quindi conservare bene gli alimenti, consumare, se possibile, alimenti freschi e quando si va ai fornelli, usare metodi di cottura delicati.<br \/>\nPer maggiori informazioni in merito alla <strong>Vitamina D<\/strong> vi invitiamo a visitare il BLOG all\u2019interno del sito : www.arnutrisano.it oppure ad entrare direttamente in contatto con noi ai riferimenti qui sotto.<\/p>\n<p>_______________<\/p>\n<p>NUTRISANO &#8211; www.arnutrisano.it<br \/>\nDott.ssa Alessandra Romagnoli<br \/>\nromagnoli.nutrizionista@gmail.com Skype: alessandra_10010<\/p>\n<p>Dott. Giovanni Salvatori<br \/>\nsalvatorig@gmail.com Skype: Giovanni Salvatori<\/p>\n<p>Disponibili a consulto gratuito on line<\/p>\n","protected":false},"excerpt":{"rendered":"<p>&nbsp; \u201cNutrirsi bene per dare vita agli anni e non solo anni alla vita\u201d. I consigli per fare una spesa corretta, possibilmente una volta alla settimana, in rispetto delle direttive anti-covid19 Tempo di Lettura : 2 minuti In questo periodo di emergenza sanitaria, la spesa al supermercato rientra tra i motivi consentiti dai decreti governativi per uscire di casa. Tutte le strutture alimentari stanno soffrendo di sovraffollamento e insufficienza di<\/p>\n<p><a class=\"continue-reading\" href=\"https:\/\/www.article-marketing.eu\/comunicatistampa\/cosa-mettere-nel-carrello-della-spesa-al-tempo-del-coronavirus-limportanza-della-vitamina-d\/\">Continue reading&#8230;<\/a><\/p>\n","protected":false},"author":5631,"featured_media":0,"comment_status":"open","ping_status":"open","sticky":false,"template":"","format":"standard","meta":{"_monsterinsights_skip_tracking":false,"_monsterinsights_sitenote_active":false,"_monsterinsights_sitenote_note":"","_monsterinsights_sitenote_category":0,"footnotes":""},"categories":[370,369],"tags":[5812,6089,6088],"class_list":["post-14553","post","type-post","status-publish","format-standard","hentry","category-dieta-e-nutrizione","category-salute-e-benessere","tag-coronavirus","tag-spesa","tag-vitaminad"],"yoast_head":"<!-- This site is optimized with the Yoast SEO plugin v27.3 - https:\/\/yoast.com\/product\/yoast-seo-wordpress\/ -->\n<title>Cosa mettere nel carrello della spesa al tempo del #coronavirus (L\u2019importanza della Vitamina D) - Article Marketing<\/title>\n<meta name=\"robots\" content=\"index, follow, max-snippet:-1, max-image-preview:large, max-video-preview:-1\" \/>\n<link rel=\"canonical\" href=\"https:\/\/www.article-marketing.eu\/comunicatistampa\/cosa-mettere-nel-carrello-della-spesa-al-tempo-del-coronavirus-limportanza-della-vitamina-d\/\" \/>\n<meta property=\"og:locale\" content=\"it_IT\" \/>\n<meta property=\"og:type\" content=\"article\" \/>\n<meta property=\"og:title\" content=\"Cosa mettere nel carrello della spesa al tempo del #coronavirus (L\u2019importanza della Vitamina D) - Article Marketing\" \/>\n<meta property=\"og:description\" content=\"&nbsp; \u201cNutrirsi bene per dare vita agli anni e non solo anni alla vita\u201d. I consigli per fare una spesa corretta, possibilmente una volta alla settimana, in rispetto delle direttive anti-covid19 Tempo di Lettura : 2 minuti In questo periodo di emergenza sanitaria, la spesa al supermercato rientra tra i motivi consentiti dai decreti governativi per uscire di casa. Tutte le strutture alimentari stanno soffrendo di sovraffollamento e insufficienza diContinue reading...\" \/>\n<meta property=\"og:url\" content=\"https:\/\/www.article-marketing.eu\/comunicatistampa\/cosa-mettere-nel-carrello-della-spesa-al-tempo-del-coronavirus-limportanza-della-vitamina-d\/\" \/>\n<meta property=\"og:site_name\" content=\"Article Marketing\" \/>\n<meta property=\"article:published_time\" content=\"2020-04-13T14:09:16+00:00\" \/>\n<meta name=\"author\" content=\"AR Nutrisano\" \/>\n<meta name=\"twitter:card\" content=\"summary_large_image\" \/>\n<meta name=\"twitter:label1\" content=\"Scritto da\" \/>\n\t<meta name=\"twitter:data1\" content=\"AR Nutrisano\" \/>\n\t<meta name=\"twitter:label2\" content=\"Tempo di lettura stimato\" \/>\n\t<meta name=\"twitter:data2\" content=\"4 minuti\" \/>\n<script type=\"application\/ld+json\" class=\"yoast-schema-graph\">{\"@context\":\"https:\\\/\\\/schema.org\",\"@graph\":[{\"@type\":\"Article\",\"@id\":\"https:\\\/\\\/www.article-marketing.eu\\\/comunicatistampa\\\/cosa-mettere-nel-carrello-della-spesa-al-tempo-del-coronavirus-limportanza-della-vitamina-d\\\/#article\",\"isPartOf\":{\"@id\":\"https:\\\/\\\/www.article-marketing.eu\\\/comunicatistampa\\\/cosa-mettere-nel-carrello-della-spesa-al-tempo-del-coronavirus-limportanza-della-vitamina-d\\\/\"},\"author\":{\"name\":\"AR Nutrisano\",\"@id\":\"https:\\\/\\\/www.article-marketing.eu\\\/comunicatistampa\\\/#\\\/schema\\\/person\\\/a357c4bd870b52402ca9bb82f8a6d333\"},\"headline\":\"Cosa mettere nel carrello della spesa al tempo del #coronavirus (L\u2019importanza della Vitamina D)\",\"datePublished\":\"2020-04-13T14:09:16+00:00\",\"mainEntityOfPage\":{\"@id\":\"https:\\\/\\\/www.article-marketing.eu\\\/comunicatistampa\\\/cosa-mettere-nel-carrello-della-spesa-al-tempo-del-coronavirus-limportanza-della-vitamina-d\\\/\"},\"wordCount\":821,\"commentCount\":0,\"keywords\":[\"coronavirus\",\"Spesa\",\"VitaminaD\"],\"articleSection\":[\"Dieta e Nutrizione\",\"Salute e benessere\"],\"inLanguage\":\"it-IT\",\"potentialAction\":[{\"@type\":\"CommentAction\",\"name\":\"Comment\",\"target\":[\"https:\\\/\\\/www.article-marketing.eu\\\/comunicatistampa\\\/cosa-mettere-nel-carrello-della-spesa-al-tempo-del-coronavirus-limportanza-della-vitamina-d\\\/#respond\"]}]},{\"@type\":\"WebPage\",\"@id\":\"https:\\\/\\\/www.article-marketing.eu\\\/comunicatistampa\\\/cosa-mettere-nel-carrello-della-spesa-al-tempo-del-coronavirus-limportanza-della-vitamina-d\\\/\",\"url\":\"https:\\\/\\\/www.article-marketing.eu\\\/comunicatistampa\\\/cosa-mettere-nel-carrello-della-spesa-al-tempo-del-coronavirus-limportanza-della-vitamina-d\\\/\",\"name\":\"Cosa mettere nel carrello della spesa al tempo del #coronavirus (L\u2019importanza della Vitamina D) - Article Marketing\",\"isPartOf\":{\"@id\":\"https:\\\/\\\/www.article-marketing.eu\\\/comunicatistampa\\\/#website\"},\"datePublished\":\"2020-04-13T14:09:16+00:00\",\"author\":{\"@id\":\"https:\\\/\\\/www.article-marketing.eu\\\/comunicatistampa\\\/#\\\/schema\\\/person\\\/a357c4bd870b52402ca9bb82f8a6d333\"},\"breadcrumb\":{\"@id\":\"https:\\\/\\\/www.article-marketing.eu\\\/comunicatistampa\\\/cosa-mettere-nel-carrello-della-spesa-al-tempo-del-coronavirus-limportanza-della-vitamina-d\\\/#breadcrumb\"},\"inLanguage\":\"it-IT\",\"potentialAction\":[{\"@type\":\"ReadAction\",\"target\":[\"https:\\\/\\\/www.article-marketing.eu\\\/comunicatistampa\\\/cosa-mettere-nel-carrello-della-spesa-al-tempo-del-coronavirus-limportanza-della-vitamina-d\\\/\"]}]},{\"@type\":\"BreadcrumbList\",\"@id\":\"https:\\\/\\\/www.article-marketing.eu\\\/comunicatistampa\\\/cosa-mettere-nel-carrello-della-spesa-al-tempo-del-coronavirus-limportanza-della-vitamina-d\\\/#breadcrumb\",\"itemListElement\":[{\"@type\":\"ListItem\",\"position\":1,\"name\":\"Home\",\"item\":\"https:\\\/\\\/www.article-marketing.eu\\\/comunicatistampa\\\/\"},{\"@type\":\"ListItem\",\"position\":2,\"name\":\"Cosa mettere nel carrello della spesa al tempo del #coronavirus (L\u2019importanza della Vitamina D)\"}]},{\"@type\":\"WebSite\",\"@id\":\"https:\\\/\\\/www.article-marketing.eu\\\/comunicatistampa\\\/#website\",\"url\":\"https:\\\/\\\/www.article-marketing.eu\\\/comunicatistampa\\\/\",\"name\":\"Article Marketing\",\"description\":\"article marketing &amp; press release\",\"potentialAction\":[{\"@type\":\"SearchAction\",\"target\":{\"@type\":\"EntryPoint\",\"urlTemplate\":\"https:\\\/\\\/www.article-marketing.eu\\\/comunicatistampa\\\/?s={search_term_string}\"},\"query-input\":{\"@type\":\"PropertyValueSpecification\",\"valueRequired\":true,\"valueName\":\"search_term_string\"}}],\"inLanguage\":\"it-IT\"},{\"@type\":\"Person\",\"@id\":\"https:\\\/\\\/www.article-marketing.eu\\\/comunicatistampa\\\/#\\\/schema\\\/person\\\/a357c4bd870b52402ca9bb82f8a6d333\",\"name\":\"AR Nutrisano\",\"image\":{\"@type\":\"ImageObject\",\"inLanguage\":\"it-IT\",\"@id\":\"https:\\\/\\\/secure.gravatar.com\\\/avatar\\\/0843cb636cc276b76f054304c7519ce672845c5a62e837c301691fd164aa9d00?s=96&d=mm&r=g\",\"url\":\"https:\\\/\\\/secure.gravatar.com\\\/avatar\\\/0843cb636cc276b76f054304c7519ce672845c5a62e837c301691fd164aa9d00?s=96&d=mm&r=g\",\"contentUrl\":\"https:\\\/\\\/secure.gravatar.com\\\/avatar\\\/0843cb636cc276b76f054304c7519ce672845c5a62e837c301691fd164aa9d00?s=96&d=mm&r=g\",\"caption\":\"AR Nutrisano\"},\"url\":\"https:\\\/\\\/www.article-marketing.eu\\\/comunicatistampa\\\/author\\\/ar-nutrisano\\\/\"}]}<\/script>\n<!-- \/ Yoast SEO plugin. -->","yoast_head_json":{"title":"Cosa mettere nel carrello della spesa al tempo del #coronavirus (L\u2019importanza della Vitamina D) - Article Marketing","robots":{"index":"index","follow":"follow","max-snippet":"max-snippet:-1","max-image-preview":"max-image-preview:large","max-video-preview":"max-video-preview:-1"},"canonical":"https:\/\/www.article-marketing.eu\/comunicatistampa\/cosa-mettere-nel-carrello-della-spesa-al-tempo-del-coronavirus-limportanza-della-vitamina-d\/","og_locale":"it_IT","og_type":"article","og_title":"Cosa mettere nel carrello della spesa al tempo del #coronavirus (L\u2019importanza della Vitamina D) - Article Marketing","og_description":"&nbsp; \u201cNutrirsi bene per dare vita agli anni e non solo anni alla vita\u201d. I consigli per fare una spesa corretta, possibilmente una volta alla settimana, in rispetto delle direttive anti-covid19 Tempo di Lettura : 2 minuti In questo periodo di emergenza sanitaria, la spesa al supermercato rientra tra i motivi consentiti dai decreti governativi per uscire di casa. Tutte le strutture alimentari stanno soffrendo di sovraffollamento e insufficienza diContinue reading...","og_url":"https:\/\/www.article-marketing.eu\/comunicatistampa\/cosa-mettere-nel-carrello-della-spesa-al-tempo-del-coronavirus-limportanza-della-vitamina-d\/","og_site_name":"Article Marketing","article_published_time":"2020-04-13T14:09:16+00:00","author":"AR Nutrisano","twitter_card":"summary_large_image","twitter_misc":{"Scritto da":"AR Nutrisano","Tempo di lettura stimato":"4 minuti"},"schema":{"@context":"https:\/\/schema.org","@graph":[{"@type":"Article","@id":"https:\/\/www.article-marketing.eu\/comunicatistampa\/cosa-mettere-nel-carrello-della-spesa-al-tempo-del-coronavirus-limportanza-della-vitamina-d\/#article","isPartOf":{"@id":"https:\/\/www.article-marketing.eu\/comunicatistampa\/cosa-mettere-nel-carrello-della-spesa-al-tempo-del-coronavirus-limportanza-della-vitamina-d\/"},"author":{"name":"AR Nutrisano","@id":"https:\/\/www.article-marketing.eu\/comunicatistampa\/#\/schema\/person\/a357c4bd870b52402ca9bb82f8a6d333"},"headline":"Cosa mettere nel carrello della spesa al tempo del #coronavirus (L\u2019importanza della Vitamina D)","datePublished":"2020-04-13T14:09:16+00:00","mainEntityOfPage":{"@id":"https:\/\/www.article-marketing.eu\/comunicatistampa\/cosa-mettere-nel-carrello-della-spesa-al-tempo-del-coronavirus-limportanza-della-vitamina-d\/"},"wordCount":821,"commentCount":0,"keywords":["coronavirus","Spesa","VitaminaD"],"articleSection":["Dieta e Nutrizione","Salute e benessere"],"inLanguage":"it-IT","potentialAction":[{"@type":"CommentAction","name":"Comment","target":["https:\/\/www.article-marketing.eu\/comunicatistampa\/cosa-mettere-nel-carrello-della-spesa-al-tempo-del-coronavirus-limportanza-della-vitamina-d\/#respond"]}]},{"@type":"WebPage","@id":"https:\/\/www.article-marketing.eu\/comunicatistampa\/cosa-mettere-nel-carrello-della-spesa-al-tempo-del-coronavirus-limportanza-della-vitamina-d\/","url":"https:\/\/www.article-marketing.eu\/comunicatistampa\/cosa-mettere-nel-carrello-della-spesa-al-tempo-del-coronavirus-limportanza-della-vitamina-d\/","name":"Cosa mettere nel carrello della spesa al tempo del #coronavirus (L\u2019importanza della Vitamina D) - Article Marketing","isPartOf":{"@id":"https:\/\/www.article-marketing.eu\/comunicatistampa\/#website"},"datePublished":"2020-04-13T14:09:16+00:00","author":{"@id":"https:\/\/www.article-marketing.eu\/comunicatistampa\/#\/schema\/person\/a357c4bd870b52402ca9bb82f8a6d333"},"breadcrumb":{"@id":"https:\/\/www.article-marketing.eu\/comunicatistampa\/cosa-mettere-nel-carrello-della-spesa-al-tempo-del-coronavirus-limportanza-della-vitamina-d\/#breadcrumb"},"inLanguage":"it-IT","potentialAction":[{"@type":"ReadAction","target":["https:\/\/www.article-marketing.eu\/comunicatistampa\/cosa-mettere-nel-carrello-della-spesa-al-tempo-del-coronavirus-limportanza-della-vitamina-d\/"]}]},{"@type":"BreadcrumbList","@id":"https:\/\/www.article-marketing.eu\/comunicatistampa\/cosa-mettere-nel-carrello-della-spesa-al-tempo-del-coronavirus-limportanza-della-vitamina-d\/#breadcrumb","itemListElement":[{"@type":"ListItem","position":1,"name":"Home","item":"https:\/\/www.article-marketing.eu\/comunicatistampa\/"},{"@type":"ListItem","position":2,"name":"Cosa mettere nel carrello della spesa al tempo del #coronavirus (L\u2019importanza della Vitamina D)"}]},{"@type":"WebSite","@id":"https:\/\/www.article-marketing.eu\/comunicatistampa\/#website","url":"https:\/\/www.article-marketing.eu\/comunicatistampa\/","name":"Article Marketing","description":"article marketing &amp; press release","potentialAction":[{"@type":"SearchAction","target":{"@type":"EntryPoint","urlTemplate":"https:\/\/www.article-marketing.eu\/comunicatistampa\/?s={search_term_string}"},"query-input":{"@type":"PropertyValueSpecification","valueRequired":true,"valueName":"search_term_string"}}],"inLanguage":"it-IT"},{"@type":"Person","@id":"https:\/\/www.article-marketing.eu\/comunicatistampa\/#\/schema\/person\/a357c4bd870b52402ca9bb82f8a6d333","name":"AR Nutrisano","image":{"@type":"ImageObject","inLanguage":"it-IT","@id":"https:\/\/secure.gravatar.com\/avatar\/0843cb636cc276b76f054304c7519ce672845c5a62e837c301691fd164aa9d00?s=96&d=mm&r=g","url":"https:\/\/secure.gravatar.com\/avatar\/0843cb636cc276b76f054304c7519ce672845c5a62e837c301691fd164aa9d00?s=96&d=mm&r=g","contentUrl":"https:\/\/secure.gravatar.com\/avatar\/0843cb636cc276b76f054304c7519ce672845c5a62e837c301691fd164aa9d00?s=96&d=mm&r=g","caption":"AR Nutrisano"},"url":"https:\/\/www.article-marketing.eu\/comunicatistampa\/author\/ar-nutrisano\/"}]}},"_links":{"self":[{"href":"https:\/\/www.article-marketing.eu\/comunicatistampa\/wp-json\/wp\/v2\/posts\/14553","targetHints":{"allow":["GET"]}}],"collection":[{"href":"https:\/\/www.article-marketing.eu\/comunicatistampa\/wp-json\/wp\/v2\/posts"}],"about":[{"href":"https:\/\/www.article-marketing.eu\/comunicatistampa\/wp-json\/wp\/v2\/types\/post"}],"author":[{"embeddable":true,"href":"https:\/\/www.article-marketing.eu\/comunicatistampa\/wp-json\/wp\/v2\/users\/5631"}],"replies":[{"embeddable":true,"href":"https:\/\/www.article-marketing.eu\/comunicatistampa\/wp-json\/wp\/v2\/comments?post=14553"}],"version-history":[{"count":2,"href":"https:\/\/www.article-marketing.eu\/comunicatistampa\/wp-json\/wp\/v2\/posts\/14553\/revisions"}],"predecessor-version":[{"id":14577,"href":"https:\/\/www.article-marketing.eu\/comunicatistampa\/wp-json\/wp\/v2\/posts\/14553\/revisions\/14577"}],"wp:attachment":[{"href":"https:\/\/www.article-marketing.eu\/comunicatistampa\/wp-json\/wp\/v2\/media?parent=14553"}],"wp:term":[{"taxonomy":"category","embeddable":true,"href":"https:\/\/www.article-marketing.eu\/comunicatistampa\/wp-json\/wp\/v2\/categories?post=14553"},{"taxonomy":"post_tag","embeddable":true,"href":"https:\/\/www.article-marketing.eu\/comunicatistampa\/wp-json\/wp\/v2\/tags?post=14553"}],"curies":[{"name":"wp","href":"https:\/\/api.w.org\/{rel}","templated":true}]}}