{"id":14609,"date":"2020-04-16T15:29:18","date_gmt":"2020-04-16T13:29:18","guid":{"rendered":"https:\/\/www.article-marketing.eu\/comunicatistampa\/?p=14609"},"modified":"2020-04-16T15:29:18","modified_gmt":"2020-04-16T13:29:18","slug":"webinar-gratuito-lavoro-e-sicurezza-ai-tempi-del-coronavirus","status":"publish","type":"post","link":"https:\/\/www.article-marketing.eu\/comunicatistampa\/webinar-gratuito-lavoro-e-sicurezza-ai-tempi-del-coronavirus\/","title":{"rendered":"Webinar gratuito: lavoro e sicurezza ai tempi del Coronavirus"},"content":{"rendered":"<h3>Comunicato Stampa<\/h3>\n<h3>Webinar gratuito: lavoro e sicurezza ai tempi del Coronavirus<\/h3>\n<p><strong><em>Il 28 aprile 2020 si terr\u00e0 un convegno gratuito in modalit\u00e0 webinar per raccontare la sicurezza e la quotidianit\u00e0 delle attivit\u00e0 lavorative che, ai tempi del Coronavirus, non si sono fermate. <\/em><\/strong><\/p>\n<p><strong><em>\u00a0<\/em><\/strong><\/p>\n<p>Per riuscire ad affrontare nei luoghi di lavoro l\u2019<strong>emergenza COVID-19<\/strong>, correlata alla diffusione del virus <strong>SARS-CoV-2<\/strong>, \u00e8 necessario innanzitutto disporre di corrette informazioni. Informazioni che non riguardano solo la situazione epidemiologica, in continua evoluzione, ma anche la quotidianit\u00e0 specifica e la prevenzione necessaria negli ambiti lavorativi che, in deroga alla normativa nazionale che ha sospeso molte attivit\u00e0 industriali e commerciali, continuano le proprie attivit\u00e0.<\/p>\n<p>&nbsp;<\/p>\n<p><strong>Cosa sta avvenendo in queste attivit\u00e0 che non si sono fermate? Come tutelare salute e sicurezza nelle attivit\u00e0 in smart working? Cosa raccontano le testimonianze dei lavoratori che sono stati affetti e sono guariti dal COVID-19?<\/strong><\/p>\n<p>&nbsp;<\/p>\n<p><strong>Il nuovo webinar sul lavoro ai tempi del Coronavirus<\/strong><\/p>\n<p>Per rispondere a queste domande e fornire utili informazioni, l\u2019<strong>Associazione Italiana Formatori ed Operatori della Sicurezza sul Lavoro<\/strong> (AiFOS) organizza per il 28 aprile 2020 il convegno gratuito in modalit\u00e0 webinar \u201c<strong>Lavoro e sicurezza ai tempi del Coronavirus &#8211; Esperienze a confronto<\/strong>\u201d.<\/p>\n<p>&nbsp;<\/p>\n<p>Durante il convegno saranno presentate una serie di testimonianze di operatori che raccontano la quotidianit\u00e0 del lavoro durante l\u2019emergenza con riferimento ad alcune realt\u00e0 lavorative ancora attive.<\/p>\n<p>Si parler\u00e0, ad esempio, di assistenza sociosanitaria, di residenze sanitarie assistenziali (RSA), del lavoro degli operatori sanitari, dell\u2019esperienze delle aziende alimentari, della raccolta e smaltimento di rifiuti, \u2026 Si affronter\u00e0 anche il tema delle attivit\u00e0 in smart working e verr\u00e0 proposta un\u2019interessante testimonianza di un associato AiFOS che \u00e8 stato contagiato dal virus, che \u00e8 stato ricoverato in ospedale e che \u00e8 successivamente guarito.<\/p>\n<p>&nbsp;<\/p>\n<p>In questa fase di sospensione, a causa dell\u2019emergenza, di \u201c<em>ogni tipo di riunione o evento sociale e di ogni altra attivit\u00e0 convegnistica o congressuale\u201d,<\/em> il convegno si terr\u00e0 a distanza in modalit\u00e0 <strong>webinar<\/strong>, un termine nato dalla fusione dei termini web e seminar e utilizzato per identificare sessioni informative e formative a cui \u00e8 possibile prender parte attraverso una connessione informatica.<\/p>\n<p>&nbsp;<\/p>\n<p><strong>La sicurezza e il benessere nelle attivit\u00e0 di smart working<\/strong><\/p>\n<p>Il convegno si soffermer\u00e0 anche sui problemi e sulla salute dei lavoratori che continuano la propria attivit\u00e0 in <strong>smart working<\/strong> o \u201c<strong>lavoro agile<\/strong>\u201d, una modalit\u00e0 lavorativa effettuata al di fuori dei locali dell\u2019impresa e con l\u2019uso di tecnologie informatiche.<\/p>\n<p>&nbsp;<\/p>\n<p>Lo <strong>smart working<\/strong> \u00e8 una modalit\u00e0 lavorativa &#8211; indicata come una misura per il contrasto e il contenimento del diffondersi del virus SARS-CoV-2 &#8211; che \u2018<em>pu\u00f2 essere applicata, per la durata dello stato di emergenza di cui alla deliberazione del Consiglio dei ministri 31 gennaio 2020, dai datori di lavoro a ogni rapporto di lavoro subordinato, nel rispetto dei principi dettati dalle menzionate disposizioni, anche in assenza degli accordi individuali ivi previsti\u2019. <\/em><\/p>\n<p><strong>\u00a0<\/strong><\/p>\n<p><strong>Il programma del nuovo webinar su lavoro e sicurezza<\/strong><\/p>\n<p>Per fornire utili informazioni su come affrontare l\u2019emergenza COVID-19 in molti ambiti lavorativi si terr\u00e0, dunque, marted\u00ec <strong>28 aprile 2020<\/strong> \u2013 dalle ore 14.30 alle ore 17.30 &#8211; il convegno gratuito in modalit\u00e0 webinar \u201c<strong>Lavoro e sicurezza ai tempi del Coronavirus &#8211; Esperienze a confronto<\/strong>\u201d.<\/p>\n<p>&nbsp;<\/p>\n<p>Il <strong>programma<\/strong> del webinar:<\/p>\n<p>&nbsp;<\/p>\n<p>Apertura:<\/p>\n<ul>\n<li><strong>Francesco Naviglio<\/strong>, Segretario Generale AiFOS<\/li>\n<\/ul>\n<p>Introduzione al tema:<\/p>\n<ul>\n<li><strong>Lorenzo Fantini<\/strong>, Direttore dei Quaderni della Sicurezza AiFOS, avvocato giuslavorista<\/li>\n<\/ul>\n<p>Interventi:<\/p>\n<ul>\n<li><strong>Andrea Cirincione<\/strong>, Psicologo del Lavoro e delle Organizzazioni, Formatore esperto di Sicurezza sul Lavoro: <strong><em>L\u2019esperienza delle RSA, come motivare e tutelare gli operatori sanitari<\/em><\/strong><\/li>\n<li><strong>Elena Egivi<\/strong>, RSPP di Colla s.p.a., <strong><em>\u201cNoi in seconda linea\u201d, l\u2019esperienza dell\u2019azienda alimentare<\/em><\/strong><\/li>\n<li><strong>Federico Trolese<\/strong>, RSPP di Geofor s.p.a. socio unico Retiambiente s.p.a., <strong><em>Raccolta e smaltimento rifiuti: come \u00e8 cambiato il lavoro durante la pandemia<\/em><\/strong><\/li>\n<li><strong>Alessandro De Chellis<\/strong>, Consulente e facilitatore, <strong><em>Il lavoro prosegue anche da casa: il benessere degli smartworker durante l\u2019emergenza<\/em><\/strong><\/li>\n<li><strong>Giuseppe Nordio<\/strong>, Formatore e Consulente, \u201c<strong><em>Cronache dal fronte: io, RSPP, positivo al Coronavirus. La mia esperienza da ricoverato in ospedale<\/em><\/strong>\u201d<\/li>\n<\/ul>\n<p>Apertura:<\/p>\n<ul>\n<li><strong>Rocco Vitale<\/strong>, Presidente AiFOS<\/li>\n<\/ul>\n<p>&nbsp;<\/p>\n<p>Il link per avere informazioni e iscriversi al webinar:<\/p>\n<p><a href=\"https:\/\/bit.ly\/Lavoro-sicurezza-coronavirus-webinar\">https:\/\/bit.ly\/Lavoro-sicurezza-coronavirus-webinar<\/a><\/p>\n<p><strong><em>\u00a0<\/em><\/strong><\/p>\n<p>Per <strong>informazioni<\/strong>:<\/p>\n<p><strong>Sede nazionale AiFOS<\/strong> &#8211; via Branze, 45 &#8211; 25123 Brescia c\/o CSMT, Universit\u00e0 degli Studi di Brescia &#8211; tel. 030.6595035 &#8211; fax 030.6595040 <a href=\"http:\/\/www.aifos.it\">www.aifos.it<\/a> &#8211; <a href=\"mailto:convegni@aifos.it\">convegni@aifos.it<\/a><\/p>\n<p>&nbsp;<\/p>\n<p>&nbsp;<\/p>\n<p>&nbsp;<\/p>\n<p>&nbsp;<\/p>\n<p>Ufficio Stampa di AiFOS<\/p>\n<p>ufficiostampa@aifos.it<\/p>\n<p>http:\/\/www.aifos.it\/<\/p>\n","protected":false},"excerpt":{"rendered":"<p>Comunicato Stampa Webinar gratuito: lavoro e sicurezza ai tempi del Coronavirus Il 28 aprile 2020 si terr\u00e0 un convegno gratuito in modalit\u00e0 webinar per raccontare la sicurezza e la quotidianit\u00e0 delle attivit\u00e0 lavorative che, ai tempi del Coronavirus, non si sono fermate. \u00a0 Per riuscire ad affrontare nei luoghi di lavoro l\u2019emergenza COVID-19, correlata alla diffusione del virus SARS-CoV-2, \u00e8 necessario innanzitutto disporre di corrette informazioni. Informazioni che non riguardano<\/p>\n<p><a class=\"continue-reading\" href=\"https:\/\/www.article-marketing.eu\/comunicatistampa\/webinar-gratuito-lavoro-e-sicurezza-ai-tempi-del-coronavirus\/\">Continue reading&#8230;<\/a><\/p>\n","protected":false},"author":881,"featured_media":0,"comment_status":"open","ping_status":"open","sticky":false,"template":"","format":"standard","meta":{"_monsterinsights_skip_tracking":false,"_monsterinsights_sitenote_active":false,"_monsterinsights_sitenote_note":"","_monsterinsights_sitenote_category":0,"footnotes":""},"categories":[78,386,392,369],"tags":[3301,5183,6107,3235,3043,6105,5941,193,6104,6108,6106,6024,3767,174,6023],"class_list":["post-14609","post","type-post","status-publish","format-standard","hentry","category-comunicati-stampa","category-economia-e-lavoro","category-eventi","category-salute-e-benessere","tag-aifos","tag-azienda-alimentare","tag-benessere-degli-smartworker-durante-lemergenza","tag-brescia","tag-convegno","tag-convegno-gratuito-in-modalita-webinar","tag-emergenza-covid-19","tag-formazione","tag-lavoro-e-sicurezza-ai-tempi-del-coronavirus-esperienze-a-confronto","tag-pandemia","tag-raccolta-e-smaltimento-rifiuti","tag-sars-cov-2","tag-smart-working","tag-video","tag-videoconferenza"],"yoast_head":"<!-- This site is optimized with the Yoast SEO plugin v27.3 - https:\/\/yoast.com\/product\/yoast-seo-wordpress\/ -->\n<title>Webinar gratuito: lavoro e sicurezza ai tempi del Coronavirus - Article Marketing<\/title>\n<meta name=\"robots\" content=\"index, follow, max-snippet:-1, max-image-preview:large, max-video-preview:-1\" \/>\n<link rel=\"canonical\" href=\"https:\/\/www.article-marketing.eu\/comunicatistampa\/webinar-gratuito-lavoro-e-sicurezza-ai-tempi-del-coronavirus\/\" \/>\n<meta property=\"og:locale\" content=\"it_IT\" \/>\n<meta property=\"og:type\" content=\"article\" \/>\n<meta property=\"og:title\" content=\"Webinar gratuito: lavoro e sicurezza ai tempi del Coronavirus - Article Marketing\" \/>\n<meta property=\"og:description\" content=\"Comunicato Stampa Webinar gratuito: lavoro e sicurezza ai tempi del Coronavirus Il 28 aprile 2020 si terr\u00e0 un convegno gratuito in modalit\u00e0 webinar per raccontare la sicurezza e la quotidianit\u00e0 delle attivit\u00e0 lavorative che, ai tempi del Coronavirus, non si sono fermate. \u00a0 Per riuscire ad affrontare nei luoghi di lavoro l\u2019emergenza COVID-19, correlata alla diffusione del virus SARS-CoV-2, \u00e8 necessario innanzitutto disporre di corrette informazioni. Informazioni che non riguardanoContinue reading...\" \/>\n<meta property=\"og:url\" content=\"https:\/\/www.article-marketing.eu\/comunicatistampa\/webinar-gratuito-lavoro-e-sicurezza-ai-tempi-del-coronavirus\/\" \/>\n<meta property=\"og:site_name\" content=\"Article Marketing\" \/>\n<meta property=\"article:published_time\" content=\"2020-04-16T13:29:18+00:00\" \/>\n<meta name=\"author\" content=\"AIFUS\" \/>\n<meta name=\"twitter:card\" content=\"summary_large_image\" \/>\n<meta name=\"twitter:label1\" content=\"Scritto da\" \/>\n\t<meta name=\"twitter:data1\" content=\"AIFUS\" \/>\n\t<meta name=\"twitter:label2\" content=\"Tempo di lettura stimato\" \/>\n\t<meta name=\"twitter:data2\" content=\"4 minuti\" \/>\n<script type=\"application\/ld+json\" class=\"yoast-schema-graph\">{\"@context\":\"https:\\\/\\\/schema.org\",\"@graph\":[{\"@type\":\"Article\",\"@id\":\"https:\\\/\\\/www.article-marketing.eu\\\/comunicatistampa\\\/webinar-gratuito-lavoro-e-sicurezza-ai-tempi-del-coronavirus\\\/#article\",\"isPartOf\":{\"@id\":\"https:\\\/\\\/www.article-marketing.eu\\\/comunicatistampa\\\/webinar-gratuito-lavoro-e-sicurezza-ai-tempi-del-coronavirus\\\/\"},\"author\":{\"name\":\"AIFUS\",\"@id\":\"https:\\\/\\\/www.article-marketing.eu\\\/comunicatistampa\\\/#\\\/schema\\\/person\\\/d1985c4955ff71a05f49d68e3034b3cd\"},\"headline\":\"Webinar gratuito: lavoro e sicurezza ai tempi del Coronavirus\",\"datePublished\":\"2020-04-16T13:29:18+00:00\",\"mainEntityOfPage\":{\"@id\":\"https:\\\/\\\/www.article-marketing.eu\\\/comunicatistampa\\\/webinar-gratuito-lavoro-e-sicurezza-ai-tempi-del-coronavirus\\\/\"},\"wordCount\":721,\"commentCount\":0,\"keywords\":[\"Aifos\",\"azienda alimentare\",\"benessere degli smartworker durante l\u2019emergenza\",\"Brescia\",\"convegno\",\"convegno gratuito in modalit\u00e0 webinar\",\"emergenza COVID-19\",\"formazione\",\"Lavoro e sicurezza ai tempi del Coronavirus - Esperienze a confronto\",\"pandemia\",\"Raccolta e smaltimento rifiuti\",\"SARS-CoV-2\",\"smart working\",\"Video\",\"videoconferenza\"],\"articleSection\":[\"Comunicati stampa\",\"Economia e lavoro\",\"Eventi\",\"Salute e benessere\"],\"inLanguage\":\"it-IT\",\"potentialAction\":[{\"@type\":\"CommentAction\",\"name\":\"Comment\",\"target\":[\"https:\\\/\\\/www.article-marketing.eu\\\/comunicatistampa\\\/webinar-gratuito-lavoro-e-sicurezza-ai-tempi-del-coronavirus\\\/#respond\"]}]},{\"@type\":\"WebPage\",\"@id\":\"https:\\\/\\\/www.article-marketing.eu\\\/comunicatistampa\\\/webinar-gratuito-lavoro-e-sicurezza-ai-tempi-del-coronavirus\\\/\",\"url\":\"https:\\\/\\\/www.article-marketing.eu\\\/comunicatistampa\\\/webinar-gratuito-lavoro-e-sicurezza-ai-tempi-del-coronavirus\\\/\",\"name\":\"Webinar gratuito: lavoro e sicurezza ai tempi del Coronavirus - Article Marketing\",\"isPartOf\":{\"@id\":\"https:\\\/\\\/www.article-marketing.eu\\\/comunicatistampa\\\/#website\"},\"datePublished\":\"2020-04-16T13:29:18+00:00\",\"author\":{\"@id\":\"https:\\\/\\\/www.article-marketing.eu\\\/comunicatistampa\\\/#\\\/schema\\\/person\\\/d1985c4955ff71a05f49d68e3034b3cd\"},\"breadcrumb\":{\"@id\":\"https:\\\/\\\/www.article-marketing.eu\\\/comunicatistampa\\\/webinar-gratuito-lavoro-e-sicurezza-ai-tempi-del-coronavirus\\\/#breadcrumb\"},\"inLanguage\":\"it-IT\",\"potentialAction\":[{\"@type\":\"ReadAction\",\"target\":[\"https:\\\/\\\/www.article-marketing.eu\\\/comunicatistampa\\\/webinar-gratuito-lavoro-e-sicurezza-ai-tempi-del-coronavirus\\\/\"]}]},{\"@type\":\"BreadcrumbList\",\"@id\":\"https:\\\/\\\/www.article-marketing.eu\\\/comunicatistampa\\\/webinar-gratuito-lavoro-e-sicurezza-ai-tempi-del-coronavirus\\\/#breadcrumb\",\"itemListElement\":[{\"@type\":\"ListItem\",\"position\":1,\"name\":\"Home\",\"item\":\"https:\\\/\\\/www.article-marketing.eu\\\/comunicatistampa\\\/\"},{\"@type\":\"ListItem\",\"position\":2,\"name\":\"Webinar gratuito: lavoro e sicurezza ai tempi del Coronavirus\"}]},{\"@type\":\"WebSite\",\"@id\":\"https:\\\/\\\/www.article-marketing.eu\\\/comunicatistampa\\\/#website\",\"url\":\"https:\\\/\\\/www.article-marketing.eu\\\/comunicatistampa\\\/\",\"name\":\"Article Marketing\",\"description\":\"article marketing &amp; press release\",\"potentialAction\":[{\"@type\":\"SearchAction\",\"target\":{\"@type\":\"EntryPoint\",\"urlTemplate\":\"https:\\\/\\\/www.article-marketing.eu\\\/comunicatistampa\\\/?s={search_term_string}\"},\"query-input\":{\"@type\":\"PropertyValueSpecification\",\"valueRequired\":true,\"valueName\":\"search_term_string\"}}],\"inLanguage\":\"it-IT\"},{\"@type\":\"Person\",\"@id\":\"https:\\\/\\\/www.article-marketing.eu\\\/comunicatistampa\\\/#\\\/schema\\\/person\\\/d1985c4955ff71a05f49d68e3034b3cd\",\"name\":\"AIFUS\",\"image\":{\"@type\":\"ImageObject\",\"inLanguage\":\"it-IT\",\"@id\":\"https:\\\/\\\/secure.gravatar.com\\\/avatar\\\/05cf2a2ba057667571308b94c84f00ff48766ffac95710a87491a9b3ddcee484?s=96&d=mm&r=g\",\"url\":\"https:\\\/\\\/secure.gravatar.com\\\/avatar\\\/05cf2a2ba057667571308b94c84f00ff48766ffac95710a87491a9b3ddcee484?s=96&d=mm&r=g\",\"contentUrl\":\"https:\\\/\\\/secure.gravatar.com\\\/avatar\\\/05cf2a2ba057667571308b94c84f00ff48766ffac95710a87491a9b3ddcee484?s=96&d=mm&r=g\",\"caption\":\"AIFUS\"},\"url\":\"https:\\\/\\\/www.article-marketing.eu\\\/comunicatistampa\\\/author\\\/aifus\\\/\"}]}<\/script>\n<!-- \/ Yoast SEO plugin. -->","yoast_head_json":{"title":"Webinar gratuito: lavoro e sicurezza ai tempi del Coronavirus - Article Marketing","robots":{"index":"index","follow":"follow","max-snippet":"max-snippet:-1","max-image-preview":"max-image-preview:large","max-video-preview":"max-video-preview:-1"},"canonical":"https:\/\/www.article-marketing.eu\/comunicatistampa\/webinar-gratuito-lavoro-e-sicurezza-ai-tempi-del-coronavirus\/","og_locale":"it_IT","og_type":"article","og_title":"Webinar gratuito: lavoro e sicurezza ai tempi del Coronavirus - Article Marketing","og_description":"Comunicato Stampa Webinar gratuito: lavoro e sicurezza ai tempi del Coronavirus Il 28 aprile 2020 si terr\u00e0 un convegno gratuito in modalit\u00e0 webinar per raccontare la sicurezza e la quotidianit\u00e0 delle attivit\u00e0 lavorative che, ai tempi del Coronavirus, non si sono fermate. \u00a0 Per riuscire ad affrontare nei luoghi di lavoro l\u2019emergenza COVID-19, correlata alla diffusione del virus SARS-CoV-2, \u00e8 necessario innanzitutto disporre di corrette informazioni. Informazioni che non riguardanoContinue reading...","og_url":"https:\/\/www.article-marketing.eu\/comunicatistampa\/webinar-gratuito-lavoro-e-sicurezza-ai-tempi-del-coronavirus\/","og_site_name":"Article Marketing","article_published_time":"2020-04-16T13:29:18+00:00","author":"AIFUS","twitter_card":"summary_large_image","twitter_misc":{"Scritto da":"AIFUS","Tempo di lettura stimato":"4 minuti"},"schema":{"@context":"https:\/\/schema.org","@graph":[{"@type":"Article","@id":"https:\/\/www.article-marketing.eu\/comunicatistampa\/webinar-gratuito-lavoro-e-sicurezza-ai-tempi-del-coronavirus\/#article","isPartOf":{"@id":"https:\/\/www.article-marketing.eu\/comunicatistampa\/webinar-gratuito-lavoro-e-sicurezza-ai-tempi-del-coronavirus\/"},"author":{"name":"AIFUS","@id":"https:\/\/www.article-marketing.eu\/comunicatistampa\/#\/schema\/person\/d1985c4955ff71a05f49d68e3034b3cd"},"headline":"Webinar gratuito: lavoro e sicurezza ai tempi del Coronavirus","datePublished":"2020-04-16T13:29:18+00:00","mainEntityOfPage":{"@id":"https:\/\/www.article-marketing.eu\/comunicatistampa\/webinar-gratuito-lavoro-e-sicurezza-ai-tempi-del-coronavirus\/"},"wordCount":721,"commentCount":0,"keywords":["Aifos","azienda alimentare","benessere degli smartworker durante l\u2019emergenza","Brescia","convegno","convegno gratuito in modalit\u00e0 webinar","emergenza COVID-19","formazione","Lavoro e sicurezza ai tempi del Coronavirus - Esperienze a confronto","pandemia","Raccolta e smaltimento rifiuti","SARS-CoV-2","smart working","Video","videoconferenza"],"articleSection":["Comunicati stampa","Economia e lavoro","Eventi","Salute e benessere"],"inLanguage":"it-IT","potentialAction":[{"@type":"CommentAction","name":"Comment","target":["https:\/\/www.article-marketing.eu\/comunicatistampa\/webinar-gratuito-lavoro-e-sicurezza-ai-tempi-del-coronavirus\/#respond"]}]},{"@type":"WebPage","@id":"https:\/\/www.article-marketing.eu\/comunicatistampa\/webinar-gratuito-lavoro-e-sicurezza-ai-tempi-del-coronavirus\/","url":"https:\/\/www.article-marketing.eu\/comunicatistampa\/webinar-gratuito-lavoro-e-sicurezza-ai-tempi-del-coronavirus\/","name":"Webinar gratuito: lavoro e sicurezza ai tempi del Coronavirus - Article Marketing","isPartOf":{"@id":"https:\/\/www.article-marketing.eu\/comunicatistampa\/#website"},"datePublished":"2020-04-16T13:29:18+00:00","author":{"@id":"https:\/\/www.article-marketing.eu\/comunicatistampa\/#\/schema\/person\/d1985c4955ff71a05f49d68e3034b3cd"},"breadcrumb":{"@id":"https:\/\/www.article-marketing.eu\/comunicatistampa\/webinar-gratuito-lavoro-e-sicurezza-ai-tempi-del-coronavirus\/#breadcrumb"},"inLanguage":"it-IT","potentialAction":[{"@type":"ReadAction","target":["https:\/\/www.article-marketing.eu\/comunicatistampa\/webinar-gratuito-lavoro-e-sicurezza-ai-tempi-del-coronavirus\/"]}]},{"@type":"BreadcrumbList","@id":"https:\/\/www.article-marketing.eu\/comunicatistampa\/webinar-gratuito-lavoro-e-sicurezza-ai-tempi-del-coronavirus\/#breadcrumb","itemListElement":[{"@type":"ListItem","position":1,"name":"Home","item":"https:\/\/www.article-marketing.eu\/comunicatistampa\/"},{"@type":"ListItem","position":2,"name":"Webinar gratuito: lavoro e sicurezza ai tempi del Coronavirus"}]},{"@type":"WebSite","@id":"https:\/\/www.article-marketing.eu\/comunicatistampa\/#website","url":"https:\/\/www.article-marketing.eu\/comunicatistampa\/","name":"Article Marketing","description":"article marketing &amp; press release","potentialAction":[{"@type":"SearchAction","target":{"@type":"EntryPoint","urlTemplate":"https:\/\/www.article-marketing.eu\/comunicatistampa\/?s={search_term_string}"},"query-input":{"@type":"PropertyValueSpecification","valueRequired":true,"valueName":"search_term_string"}}],"inLanguage":"it-IT"},{"@type":"Person","@id":"https:\/\/www.article-marketing.eu\/comunicatistampa\/#\/schema\/person\/d1985c4955ff71a05f49d68e3034b3cd","name":"AIFUS","image":{"@type":"ImageObject","inLanguage":"it-IT","@id":"https:\/\/secure.gravatar.com\/avatar\/05cf2a2ba057667571308b94c84f00ff48766ffac95710a87491a9b3ddcee484?s=96&d=mm&r=g","url":"https:\/\/secure.gravatar.com\/avatar\/05cf2a2ba057667571308b94c84f00ff48766ffac95710a87491a9b3ddcee484?s=96&d=mm&r=g","contentUrl":"https:\/\/secure.gravatar.com\/avatar\/05cf2a2ba057667571308b94c84f00ff48766ffac95710a87491a9b3ddcee484?s=96&d=mm&r=g","caption":"AIFUS"},"url":"https:\/\/www.article-marketing.eu\/comunicatistampa\/author\/aifus\/"}]}},"_links":{"self":[{"href":"https:\/\/www.article-marketing.eu\/comunicatistampa\/wp-json\/wp\/v2\/posts\/14609","targetHints":{"allow":["GET"]}}],"collection":[{"href":"https:\/\/www.article-marketing.eu\/comunicatistampa\/wp-json\/wp\/v2\/posts"}],"about":[{"href":"https:\/\/www.article-marketing.eu\/comunicatistampa\/wp-json\/wp\/v2\/types\/post"}],"author":[{"embeddable":true,"href":"https:\/\/www.article-marketing.eu\/comunicatistampa\/wp-json\/wp\/v2\/users\/881"}],"replies":[{"embeddable":true,"href":"https:\/\/www.article-marketing.eu\/comunicatistampa\/wp-json\/wp\/v2\/comments?post=14609"}],"version-history":[{"count":2,"href":"https:\/\/www.article-marketing.eu\/comunicatistampa\/wp-json\/wp\/v2\/posts\/14609\/revisions"}],"predecessor-version":[{"id":14618,"href":"https:\/\/www.article-marketing.eu\/comunicatistampa\/wp-json\/wp\/v2\/posts\/14609\/revisions\/14618"}],"wp:attachment":[{"href":"https:\/\/www.article-marketing.eu\/comunicatistampa\/wp-json\/wp\/v2\/media?parent=14609"}],"wp:term":[{"taxonomy":"category","embeddable":true,"href":"https:\/\/www.article-marketing.eu\/comunicatistampa\/wp-json\/wp\/v2\/categories?post=14609"},{"taxonomy":"post_tag","embeddable":true,"href":"https:\/\/www.article-marketing.eu\/comunicatistampa\/wp-json\/wp\/v2\/tags?post=14609"}],"curies":[{"name":"wp","href":"https:\/\/api.w.org\/{rel}","templated":true}]}}