{"id":14616,"date":"2020-04-16T15:29:29","date_gmt":"2020-04-16T13:29:29","guid":{"rendered":"https:\/\/www.article-marketing.eu\/comunicatistampa\/?p=14616"},"modified":"2020-04-16T15:29:29","modified_gmt":"2020-04-16T13:29:29","slug":"poggi-sempre-piu-green-grazie-al-nuovo-impianto-fotovoltaico","status":"publish","type":"post","link":"https:\/\/www.article-marketing.eu\/comunicatistampa\/poggi-sempre-piu-green-grazie-al-nuovo-impianto-fotovoltaico\/","title":{"rendered":"Poggi sempre pi\u00f9 green grazie al nuovo impianto fotovoltaico"},"content":{"rendered":"<p lang=\"it-IT\" align=\"JUSTIFY\"><span style=\"color: #000000;\"><span style=\"font-family: Verdana, sans-serif;\"><span style=\"font-size: medium;\"><i>Un impianto fotovoltaico connesso in rete, con una capacit\u00e0 unitaria di 394, 52 kWp. Cos\u00ec l&#8217;azienda bolognese, specializzata in organi di trasmissione, prosegue il proprio percorso all&#8217;insegna della sostenibilit\u00e0 ambientale<\/i><\/span><\/span><\/span><\/p>\n<p lang=\"it-IT\" align=\"JUSTIFY\"><span style=\"color: #000000;\"><span style=\"font-family: Calibri, sans-serif;\"><span style=\"font-size: medium;\"><span style=\"font-family: Verdana, sans-serif;\"><span style=\"font-size: small;\"><b>Prosegue il percorso di Poggi Trasmissione Meccaniche S.p.a. all&#8217;insegna della sostenibilit\u00e0<\/b><\/span><\/span><span style=\"font-family: Verdana, sans-serif;\"><span style=\"font-size: small;\"> ambientale e delle soluzioni green. <\/span><\/span><span style=\"font-family: Verdana, sans-serif;\"><span style=\"font-size: small;\"><b>L&#8217;azienda bolognese<\/b><\/span><\/span><span style=\"font-family: Verdana, sans-serif;\"><span style=\"font-size: small;\">, specializzata nella progettazione e produzione di organi di trasmissione ad alto valore tecnologico, <\/span><\/span><span style=\"font-family: Verdana, sans-serif;\"><span style=\"font-size: small;\"><b>ha da poco terminato<\/b><\/span><\/span><span style=\"font-family: Verdana, sans-serif;\"><span style=\"font-size: small;\"> presso la propria sede, i<\/span><\/span><span style=\"font-family: Verdana, sans-serif;\"><span style=\"font-size: small;\"><b> lavori di installazione di un impianto fotovoltaico con capacit\u00e0 unitaria di 394, 52 kWp<\/b><\/span><\/span><span style=\"font-family: Verdana, sans-serif;\"><span style=\"font-size: small;\">. <\/span><\/span><span style=\"font-family: Verdana, sans-serif;\"><span style=\"font-size: small;\"><b>Un progetto fortemente voluto dall&#8217;azienda<\/b><\/span><\/span><span style=\"font-family: Verdana, sans-serif;\"><span style=\"font-size: small;\"> e che, da novembre a marzo, ha visto l&#8217;intervento di SIAT, realt\u00e0 di spicco del settore fotovoltaico, che ne ha curato lo sviluppo in tutte le sue fasi, dallo studio di fattibilit\u00e0 alla realizzazione tecnica.<\/span><\/span><\/span><\/span><\/span><\/p>\n<p lang=\"it-IT\" align=\"JUSTIFY\"><span style=\"color: #000000;\"><span style=\"font-family: Calibri, sans-serif;\"><span style=\"font-size: medium;\"><span style=\"font-family: Verdana, sans-serif;\"><span style=\"font-size: small;\"><b>L&#8217;impianto connesso in rete<\/b><\/span><\/span><span style=\"font-family: Verdana, sans-serif;\"><span style=\"font-size: small;\"> e installato sul tetto dell&#8217;azienda, \u00e8 composto da 1409 moduli da 280 W e secondo le stime dei tecnici della SIAT <\/span><\/span><span style=\"font-family: Verdana, sans-serif;\"><span style=\"font-size: small;\"><b>avr\u00e0 una capacit\u00e0 produttiva di 459.853 kWh\/annuo<\/b><\/span><\/span><span style=\"font-family: Verdana, sans-serif;\"><span style=\"font-size: small;\">. <\/span><\/span><span style=\"font-family: Verdana, sans-serif;\"><span style=\"font-size: small;\"><b>Ci\u00f2 permetter\u00e0 <\/b><\/span><\/span><span style=\"font-family: Verdana, sans-serif;\"><span style=\"font-size: small;\">a Poggi Trasmissione Meccaniche S.p.a. di ottenere <\/span><\/span><span style=\"font-family: Verdana, sans-serif;\"><span style=\"font-size: small;\"><b>un significativo risparmio energetico<\/b><\/span><\/span><span style=\"font-family: Verdana, sans-serif;\"><span style=\"font-size: small;\"> e di allocare, di conseguenza, maggiori<\/span><\/span><span style=\"font-family: Verdana, sans-serif;\"><span style=\"font-size: small;\"><b> risorse per la ricerca nell&#8217;ambito degli organi di trasmissione<\/b><\/span><\/span><span style=\"font-family: Verdana, sans-serif;\"><span style=\"font-size: small;\">. Un&#8217;attivit\u00e0 quest&#8217;ultima che contraddistingue da sempre l&#8217;azienda attraverso la progettazione di soluzioni all&#8217;avanguardia, in grado di portare innovazione nel settore. Esempi attuali di questa capacit\u00e0 pioneristica sono <\/span><\/span><span style=\"font-family: Verdana, sans-serif;\"><span style=\"font-size: small;\"><b>P-drive\u00ae<\/b><\/span><\/span><span style=\"font-family: Verdana, sans-serif;\"><span style=\"font-size: small;\">,<\/span><\/span><b> <\/b><span style=\"font-family: Verdana, sans-serif;\"><span style=\"font-size: small;\">gamma di pulegge e cinghie sincrone a bassa rumorosit\u00e0 e altamente performanti e<\/span><\/span><span style=\"font-family: Verdana, sans-serif;\"><span style=\"font-size: small;\"> il concept <\/span><\/span><span style=\"font-family: Verdana, sans-serif;\"><span style=\"font-size: small;\"><b>P-gear\u00ae<\/b><\/span><\/span><span style=\"font-family: Verdana, sans-serif;\"><span style=\"font-size: small;\">, <\/span><\/span><span style=\"font-family: Verdana, sans-serif;\"><span style=\"font-size: small;\"><b>sistema di trasmissione<\/b><\/span><\/span> <span style=\"font-family: Verdana, sans-serif;\"><span style=\"font-size: small;\"><b>del moto con ingranamenti senza contatto<\/b><\/span><\/span><span style=\"font-family: Verdana, sans-serif;\"><span style=\"font-size: small;\">, applicato nel campo dei rinvii angolari e dei riduttori: non un semplice prodotto, ma una soluzione rivoluzionaria ed evoluta, capace di ridurre il consumo energetico, la rumorosit\u00e0 e le vibrazioni.<\/span><\/span><\/span><\/span><\/span><\/p>\n<p lang=\"it-IT\" align=\"JUSTIFY\"><span style=\"color: #000000;\">\u201c<span style=\"font-family: Calibri, sans-serif;\"><span style=\"font-size: medium;\"><span style=\"font-family: Verdana, sans-serif;\"><span style=\"font-size: small;\"><i>Siamo molto orgogliosi del progetto<\/i><\/span><\/span><span style=\"font-family: Verdana, sans-serif;\"><span style=\"font-size: small;\"> \u2013 commenta <\/span><\/span><span style=\"font-family: Verdana, sans-serif;\"><span style=\"font-size: small;\"><b>Andrea Poggi, presidente dell&#8217;azienda<\/b><\/span><\/span><span style=\"font-family: Verdana, sans-serif;\"><span style=\"font-size: small;\"> \u2013 l<\/span><\/span><span style=\"font-family: Verdana, sans-serif;\"><span style=\"font-size: small;\"><i>&#8216;investimento nel fotovoltaico riflette un impegno radicale nei confronti della sostenibilit\u00e0, una responsabilit\u00e0 verso l&#8217;ambiente che continuer\u00e0 a caratterizzare la nostra storia anche nei prossimi anni attraverso scelte e decisioni strategiche volte a valorizzare al massimo l&#8217;utilizzo di risorse ed energie rinnovabili<\/i><\/span><\/span><span style=\"font-family: Verdana, sans-serif;\"><span style=\"font-size: small;\">\u201d.<\/span><\/span><\/span><\/span><\/span><\/p>\n<blockquote class=\"wp-embedded-content\" data-secret=\"xXmpB6yu3S\"><p><a href=\"https:\/\/www.poggispa.com\/\">Home<\/a><\/p><\/blockquote>\n<p><iframe loading=\"lazy\" title=\"&#8220;Home&#8221; &#8212; Poggi Spa\" class=\"wp-embedded-content\" sandbox=\"allow-scripts\" security=\"restricted\" style=\"position: absolute; clip: rect(1px, 1px, 1px, 1px);\" src=\"https:\/\/www.poggispa.com\/embed\/#?secret=xXmpB6yu3S\" data-secret=\"xXmpB6yu3S\" width=\"600\" height=\"338\" frameborder=\"0\" marginwidth=\"0\" marginheight=\"0\" scrolling=\"no\"><\/iframe><\/p>\n","protected":false},"excerpt":{"rendered":"<p>Un impianto fotovoltaico connesso in rete, con una capacit\u00e0 unitaria di 394, 52 kWp. Cos\u00ec l&#8217;azienda bolognese, specializzata in organi di trasmissione, prosegue il proprio percorso all&#8217;insegna della sostenibilit\u00e0 ambientale Prosegue il percorso di Poggi Trasmissione Meccaniche S.p.a. all&#8217;insegna della sostenibilit\u00e0 ambientale e delle soluzioni green. L&#8217;azienda bolognese, specializzata nella progettazione e produzione di organi di trasmissione ad alto valore tecnologico, ha da poco terminato presso la propria sede, i<\/p>\n<p><a class=\"continue-reading\" href=\"https:\/\/www.article-marketing.eu\/comunicatistampa\/poggi-sempre-piu-green-grazie-al-nuovo-impianto-fotovoltaico\/\">Continue reading&#8230;<\/a><\/p>\n","protected":false},"author":397,"featured_media":0,"comment_status":"open","ping_status":"open","sticky":false,"template":"","format":"standard","meta":{"_monsterinsights_skip_tracking":false,"_monsterinsights_sitenote_active":false,"_monsterinsights_sitenote_note":"","_monsterinsights_sitenote_category":0,"footnotes":""},"categories":[78],"tags":[6110,4500,5864,1995,6109],"class_list":["post-14616","post","type-post","status-publish","format-standard","hentry","category-comunicati-stampa","tag-impianto-fotovoltaico","tag-organi-di-trasmissione","tag-poggi-trasmissioni-meccaniche-spa","tag-sostenibilita","tag-trasmissione-del-moto"],"yoast_head":"<!-- This site is optimized with the Yoast SEO plugin v27.3 - https:\/\/yoast.com\/product\/yoast-seo-wordpress\/ -->\n<title>Poggi sempre pi\u00f9 green grazie al nuovo impianto fotovoltaico - Article Marketing<\/title>\n<meta name=\"robots\" content=\"index, follow, max-snippet:-1, max-image-preview:large, max-video-preview:-1\" \/>\n<link rel=\"canonical\" href=\"https:\/\/www.article-marketing.eu\/comunicatistampa\/poggi-sempre-piu-green-grazie-al-nuovo-impianto-fotovoltaico\/\" \/>\n<meta property=\"og:locale\" content=\"it_IT\" \/>\n<meta property=\"og:type\" content=\"article\" \/>\n<meta property=\"og:title\" content=\"Poggi sempre pi\u00f9 green grazie al nuovo impianto fotovoltaico - Article Marketing\" \/>\n<meta property=\"og:description\" content=\"Un impianto fotovoltaico connesso in rete, con una capacit\u00e0 unitaria di 394, 52 kWp. Cos\u00ec l&#8217;azienda bolognese, specializzata in organi di trasmissione, prosegue il proprio percorso all&#8217;insegna della sostenibilit\u00e0 ambientale Prosegue il percorso di Poggi Trasmissione Meccaniche S.p.a. all&#8217;insegna della sostenibilit\u00e0 ambientale e delle soluzioni green. L&#8217;azienda bolognese, specializzata nella progettazione e produzione di organi di trasmissione ad alto valore tecnologico, ha da poco terminato presso la propria sede, iContinue reading...\" \/>\n<meta property=\"og:url\" content=\"https:\/\/www.article-marketing.eu\/comunicatistampa\/poggi-sempre-piu-green-grazie-al-nuovo-impianto-fotovoltaico\/\" \/>\n<meta property=\"og:site_name\" content=\"Article Marketing\" \/>\n<meta property=\"article:published_time\" content=\"2020-04-16T13:29:29+00:00\" \/>\n<meta name=\"author\" content=\"Borderline Agency\" \/>\n<meta name=\"twitter:card\" content=\"summary_large_image\" \/>\n<meta name=\"twitter:label1\" content=\"Scritto da\" \/>\n\t<meta name=\"twitter:data1\" content=\"Borderline Agency\" \/>\n\t<meta name=\"twitter:label2\" content=\"Tempo di lettura stimato\" \/>\n\t<meta name=\"twitter:data2\" content=\"2 minuti\" \/>\n<script type=\"application\/ld+json\" class=\"yoast-schema-graph\">{\"@context\":\"https:\\\/\\\/schema.org\",\"@graph\":[{\"@type\":\"Article\",\"@id\":\"https:\\\/\\\/www.article-marketing.eu\\\/comunicatistampa\\\/poggi-sempre-piu-green-grazie-al-nuovo-impianto-fotovoltaico\\\/#article\",\"isPartOf\":{\"@id\":\"https:\\\/\\\/www.article-marketing.eu\\\/comunicatistampa\\\/poggi-sempre-piu-green-grazie-al-nuovo-impianto-fotovoltaico\\\/\"},\"author\":{\"name\":\"Borderline Agency\",\"@id\":\"https:\\\/\\\/www.article-marketing.eu\\\/comunicatistampa\\\/#\\\/schema\\\/person\\\/1c4ab1c7aad84347e26e78235da6ff1b\"},\"headline\":\"Poggi sempre pi\u00f9 green grazie al nuovo impianto fotovoltaico\",\"datePublished\":\"2020-04-16T13:29:29+00:00\",\"mainEntityOfPage\":{\"@id\":\"https:\\\/\\\/www.article-marketing.eu\\\/comunicatistampa\\\/poggi-sempre-piu-green-grazie-al-nuovo-impianto-fotovoltaico\\\/\"},\"wordCount\":330,\"commentCount\":0,\"keywords\":[\"Impianto fotovoltaico\",\"organi di trasmissione\",\"Poggi Trasmissioni Meccaniche SpA\",\"sostenibilit\u00e0\",\"Trasmissione del moto\"],\"articleSection\":[\"Comunicati stampa\"],\"inLanguage\":\"it-IT\",\"potentialAction\":[{\"@type\":\"CommentAction\",\"name\":\"Comment\",\"target\":[\"https:\\\/\\\/www.article-marketing.eu\\\/comunicatistampa\\\/poggi-sempre-piu-green-grazie-al-nuovo-impianto-fotovoltaico\\\/#respond\"]}]},{\"@type\":\"WebPage\",\"@id\":\"https:\\\/\\\/www.article-marketing.eu\\\/comunicatistampa\\\/poggi-sempre-piu-green-grazie-al-nuovo-impianto-fotovoltaico\\\/\",\"url\":\"https:\\\/\\\/www.article-marketing.eu\\\/comunicatistampa\\\/poggi-sempre-piu-green-grazie-al-nuovo-impianto-fotovoltaico\\\/\",\"name\":\"Poggi sempre pi\u00f9 green grazie al nuovo impianto fotovoltaico - Article Marketing\",\"isPartOf\":{\"@id\":\"https:\\\/\\\/www.article-marketing.eu\\\/comunicatistampa\\\/#website\"},\"datePublished\":\"2020-04-16T13:29:29+00:00\",\"author\":{\"@id\":\"https:\\\/\\\/www.article-marketing.eu\\\/comunicatistampa\\\/#\\\/schema\\\/person\\\/1c4ab1c7aad84347e26e78235da6ff1b\"},\"breadcrumb\":{\"@id\":\"https:\\\/\\\/www.article-marketing.eu\\\/comunicatistampa\\\/poggi-sempre-piu-green-grazie-al-nuovo-impianto-fotovoltaico\\\/#breadcrumb\"},\"inLanguage\":\"it-IT\",\"potentialAction\":[{\"@type\":\"ReadAction\",\"target\":[\"https:\\\/\\\/www.article-marketing.eu\\\/comunicatistampa\\\/poggi-sempre-piu-green-grazie-al-nuovo-impianto-fotovoltaico\\\/\"]}]},{\"@type\":\"BreadcrumbList\",\"@id\":\"https:\\\/\\\/www.article-marketing.eu\\\/comunicatistampa\\\/poggi-sempre-piu-green-grazie-al-nuovo-impianto-fotovoltaico\\\/#breadcrumb\",\"itemListElement\":[{\"@type\":\"ListItem\",\"position\":1,\"name\":\"Home\",\"item\":\"https:\\\/\\\/www.article-marketing.eu\\\/comunicatistampa\\\/\"},{\"@type\":\"ListItem\",\"position\":2,\"name\":\"Poggi sempre pi\u00f9 green grazie al nuovo impianto fotovoltaico\"}]},{\"@type\":\"WebSite\",\"@id\":\"https:\\\/\\\/www.article-marketing.eu\\\/comunicatistampa\\\/#website\",\"url\":\"https:\\\/\\\/www.article-marketing.eu\\\/comunicatistampa\\\/\",\"name\":\"Article Marketing\",\"description\":\"article marketing &amp; press release\",\"potentialAction\":[{\"@type\":\"SearchAction\",\"target\":{\"@type\":\"EntryPoint\",\"urlTemplate\":\"https:\\\/\\\/www.article-marketing.eu\\\/comunicatistampa\\\/?s={search_term_string}\"},\"query-input\":{\"@type\":\"PropertyValueSpecification\",\"valueRequired\":true,\"valueName\":\"search_term_string\"}}],\"inLanguage\":\"it-IT\"},{\"@type\":\"Person\",\"@id\":\"https:\\\/\\\/www.article-marketing.eu\\\/comunicatistampa\\\/#\\\/schema\\\/person\\\/1c4ab1c7aad84347e26e78235da6ff1b\",\"name\":\"Borderline Agency\",\"image\":{\"@type\":\"ImageObject\",\"inLanguage\":\"it-IT\",\"@id\":\"https:\\\/\\\/secure.gravatar.com\\\/avatar\\\/741fa053101610cb0be7dc835c116926549ae4ae2142ff35eac04d78fda61461?s=96&d=mm&r=g\",\"url\":\"https:\\\/\\\/secure.gravatar.com\\\/avatar\\\/741fa053101610cb0be7dc835c116926549ae4ae2142ff35eac04d78fda61461?s=96&d=mm&r=g\",\"contentUrl\":\"https:\\\/\\\/secure.gravatar.com\\\/avatar\\\/741fa053101610cb0be7dc835c116926549ae4ae2142ff35eac04d78fda61461?s=96&d=mm&r=g\",\"caption\":\"Borderline Agency\"},\"url\":\"https:\\\/\\\/www.article-marketing.eu\\\/comunicatistampa\\\/author\\\/borderline-agency\\\/\"}]}<\/script>\n<!-- \/ Yoast SEO plugin. -->","yoast_head_json":{"title":"Poggi sempre pi\u00f9 green grazie al nuovo impianto fotovoltaico - Article Marketing","robots":{"index":"index","follow":"follow","max-snippet":"max-snippet:-1","max-image-preview":"max-image-preview:large","max-video-preview":"max-video-preview:-1"},"canonical":"https:\/\/www.article-marketing.eu\/comunicatistampa\/poggi-sempre-piu-green-grazie-al-nuovo-impianto-fotovoltaico\/","og_locale":"it_IT","og_type":"article","og_title":"Poggi sempre pi\u00f9 green grazie al nuovo impianto fotovoltaico - Article Marketing","og_description":"Un impianto fotovoltaico connesso in rete, con una capacit\u00e0 unitaria di 394, 52 kWp. Cos\u00ec l&#8217;azienda bolognese, specializzata in organi di trasmissione, prosegue il proprio percorso all&#8217;insegna della sostenibilit\u00e0 ambientale Prosegue il percorso di Poggi Trasmissione Meccaniche S.p.a. all&#8217;insegna della sostenibilit\u00e0 ambientale e delle soluzioni green. L&#8217;azienda bolognese, specializzata nella progettazione e produzione di organi di trasmissione ad alto valore tecnologico, ha da poco terminato presso la propria sede, iContinue reading...","og_url":"https:\/\/www.article-marketing.eu\/comunicatistampa\/poggi-sempre-piu-green-grazie-al-nuovo-impianto-fotovoltaico\/","og_site_name":"Article Marketing","article_published_time":"2020-04-16T13:29:29+00:00","author":"Borderline Agency","twitter_card":"summary_large_image","twitter_misc":{"Scritto da":"Borderline Agency","Tempo di lettura stimato":"2 minuti"},"schema":{"@context":"https:\/\/schema.org","@graph":[{"@type":"Article","@id":"https:\/\/www.article-marketing.eu\/comunicatistampa\/poggi-sempre-piu-green-grazie-al-nuovo-impianto-fotovoltaico\/#article","isPartOf":{"@id":"https:\/\/www.article-marketing.eu\/comunicatistampa\/poggi-sempre-piu-green-grazie-al-nuovo-impianto-fotovoltaico\/"},"author":{"name":"Borderline Agency","@id":"https:\/\/www.article-marketing.eu\/comunicatistampa\/#\/schema\/person\/1c4ab1c7aad84347e26e78235da6ff1b"},"headline":"Poggi sempre pi\u00f9 green grazie al nuovo impianto fotovoltaico","datePublished":"2020-04-16T13:29:29+00:00","mainEntityOfPage":{"@id":"https:\/\/www.article-marketing.eu\/comunicatistampa\/poggi-sempre-piu-green-grazie-al-nuovo-impianto-fotovoltaico\/"},"wordCount":330,"commentCount":0,"keywords":["Impianto fotovoltaico","organi di trasmissione","Poggi Trasmissioni Meccaniche SpA","sostenibilit\u00e0","Trasmissione del moto"],"articleSection":["Comunicati stampa"],"inLanguage":"it-IT","potentialAction":[{"@type":"CommentAction","name":"Comment","target":["https:\/\/www.article-marketing.eu\/comunicatistampa\/poggi-sempre-piu-green-grazie-al-nuovo-impianto-fotovoltaico\/#respond"]}]},{"@type":"WebPage","@id":"https:\/\/www.article-marketing.eu\/comunicatistampa\/poggi-sempre-piu-green-grazie-al-nuovo-impianto-fotovoltaico\/","url":"https:\/\/www.article-marketing.eu\/comunicatistampa\/poggi-sempre-piu-green-grazie-al-nuovo-impianto-fotovoltaico\/","name":"Poggi sempre pi\u00f9 green grazie al nuovo impianto fotovoltaico - Article Marketing","isPartOf":{"@id":"https:\/\/www.article-marketing.eu\/comunicatistampa\/#website"},"datePublished":"2020-04-16T13:29:29+00:00","author":{"@id":"https:\/\/www.article-marketing.eu\/comunicatistampa\/#\/schema\/person\/1c4ab1c7aad84347e26e78235da6ff1b"},"breadcrumb":{"@id":"https:\/\/www.article-marketing.eu\/comunicatistampa\/poggi-sempre-piu-green-grazie-al-nuovo-impianto-fotovoltaico\/#breadcrumb"},"inLanguage":"it-IT","potentialAction":[{"@type":"ReadAction","target":["https:\/\/www.article-marketing.eu\/comunicatistampa\/poggi-sempre-piu-green-grazie-al-nuovo-impianto-fotovoltaico\/"]}]},{"@type":"BreadcrumbList","@id":"https:\/\/www.article-marketing.eu\/comunicatistampa\/poggi-sempre-piu-green-grazie-al-nuovo-impianto-fotovoltaico\/#breadcrumb","itemListElement":[{"@type":"ListItem","position":1,"name":"Home","item":"https:\/\/www.article-marketing.eu\/comunicatistampa\/"},{"@type":"ListItem","position":2,"name":"Poggi sempre pi\u00f9 green grazie al nuovo impianto fotovoltaico"}]},{"@type":"WebSite","@id":"https:\/\/www.article-marketing.eu\/comunicatistampa\/#website","url":"https:\/\/www.article-marketing.eu\/comunicatistampa\/","name":"Article Marketing","description":"article marketing &amp; press release","potentialAction":[{"@type":"SearchAction","target":{"@type":"EntryPoint","urlTemplate":"https:\/\/www.article-marketing.eu\/comunicatistampa\/?s={search_term_string}"},"query-input":{"@type":"PropertyValueSpecification","valueRequired":true,"valueName":"search_term_string"}}],"inLanguage":"it-IT"},{"@type":"Person","@id":"https:\/\/www.article-marketing.eu\/comunicatistampa\/#\/schema\/person\/1c4ab1c7aad84347e26e78235da6ff1b","name":"Borderline Agency","image":{"@type":"ImageObject","inLanguage":"it-IT","@id":"https:\/\/secure.gravatar.com\/avatar\/741fa053101610cb0be7dc835c116926549ae4ae2142ff35eac04d78fda61461?s=96&d=mm&r=g","url":"https:\/\/secure.gravatar.com\/avatar\/741fa053101610cb0be7dc835c116926549ae4ae2142ff35eac04d78fda61461?s=96&d=mm&r=g","contentUrl":"https:\/\/secure.gravatar.com\/avatar\/741fa053101610cb0be7dc835c116926549ae4ae2142ff35eac04d78fda61461?s=96&d=mm&r=g","caption":"Borderline Agency"},"url":"https:\/\/www.article-marketing.eu\/comunicatistampa\/author\/borderline-agency\/"}]}},"_links":{"self":[{"href":"https:\/\/www.article-marketing.eu\/comunicatistampa\/wp-json\/wp\/v2\/posts\/14616","targetHints":{"allow":["GET"]}}],"collection":[{"href":"https:\/\/www.article-marketing.eu\/comunicatistampa\/wp-json\/wp\/v2\/posts"}],"about":[{"href":"https:\/\/www.article-marketing.eu\/comunicatistampa\/wp-json\/wp\/v2\/types\/post"}],"author":[{"embeddable":true,"href":"https:\/\/www.article-marketing.eu\/comunicatistampa\/wp-json\/wp\/v2\/users\/397"}],"replies":[{"embeddable":true,"href":"https:\/\/www.article-marketing.eu\/comunicatistampa\/wp-json\/wp\/v2\/comments?post=14616"}],"version-history":[{"count":2,"href":"https:\/\/www.article-marketing.eu\/comunicatistampa\/wp-json\/wp\/v2\/posts\/14616\/revisions"}],"predecessor-version":[{"id":14619,"href":"https:\/\/www.article-marketing.eu\/comunicatistampa\/wp-json\/wp\/v2\/posts\/14616\/revisions\/14619"}],"wp:attachment":[{"href":"https:\/\/www.article-marketing.eu\/comunicatistampa\/wp-json\/wp\/v2\/media?parent=14616"}],"wp:term":[{"taxonomy":"category","embeddable":true,"href":"https:\/\/www.article-marketing.eu\/comunicatistampa\/wp-json\/wp\/v2\/categories?post=14616"},{"taxonomy":"post_tag","embeddable":true,"href":"https:\/\/www.article-marketing.eu\/comunicatistampa\/wp-json\/wp\/v2\/tags?post=14616"}],"curies":[{"name":"wp","href":"https:\/\/api.w.org\/{rel}","templated":true}]}}