{"id":1467,"date":"2017-03-23T19:48:15","date_gmt":"2017-03-23T18:48:15","guid":{"rendered":"http:\/\/www.article-marketing.eu\/comunicatistampa\/?p=1467"},"modified":"2017-03-23T19:48:15","modified_gmt":"2017-03-23T18:48:15","slug":"la-legge-italiana-sulla-cremazione","status":"publish","type":"post","link":"https:\/\/www.article-marketing.eu\/comunicatistampa\/la-legge-italiana-sulla-cremazione\/","title":{"rendered":"La legge italiana sulla cremazione"},"content":{"rendered":"<p><span style=\"font-weight: 400;\">Si parla spesso di cremazione in Italia, ma cosa dispone la legge in merito? \u00c8 notizia degli ultimi tempi l\u2019apertura del Vaticano anche alla <\/span><a href=\"http:\/\/www.funeraliroma.it\/\"><span style=\"font-weight: 400;\">cremazione a Roma<\/span><\/a><span style=\"font-weight: 400;\"> e nel resto d\u2019Italia, consentendo, quindi, anche il rito cattolico a coloro che decidano di procedere con questa pratica piuttosto che con la tradizionale sepoltura. \u00c8 possibile quindi anche per i cattolici italiani decidere liberamente di farsi cremare e di avere comunque il rito del funerale in chiesa.<\/span><\/p>\n<p><b><i>Cremazione, cosa dice la Chiesa<\/i><\/b><\/p>\n<p><span style=\"font-weight: 400;\">Da un lato va segnalata la grande apertura e flessibilit\u00e0 che la chiesa cattolica ha riconosciuto finalmente alla pratica, ormai molto diffusa, della cremazione, e dall\u2019altro ad alcuni limiti imposti comunque dalla Congregazione per la dottrina della fede, vale a dire il braccio della chiesa romana che controlla l\u2019applicazione pura della religione cattolica. Il limite pi\u00f9 importante su questo tema \u00e8 il divieto di disperdere le ceneri del defunto che ha avuto un funerale cattolico. Dunque le ceneri dovranno comunque essere conservate in un cimitero o in una chiesa, un luogo adibito quindi alla conservazione del corpo e dell\u2019anima dei cattolici stessi. <\/span><\/p>\n<p><b>I numeri sulla cremazione<\/b><\/p>\n<p><span style=\"font-weight: 400;\">D\u2019altro canto, la chiesa cattolica si \u00e8 trovata ad affrontare una pratica molto diffusa, soprattutto nel mondo. Se \u00e8 vero che in Italia ancora la maggior parte delle persone sceglie comunque il tradizionale percorso di sepoltura e il rito canonico, sono comunque sempre in aumento coloro che decidono liberamente di farsi cremare. Negli altri Paesi invece, la pratica risulta essere molto popolare se si pensa anche soltanto alla Svizzera, in cui quasi il 90 per cento dei cittadini sceglie la cremazione. Numeri molto alti si registrano anche in Danimarca e in Svezia e a seguire altri paesi del Nord Europa, tra cui la Slovenia e la Germania. Fredda la Spagna, cattolica anch\u2019essa, almeno \u2013 se non di pi\u00f9 \u2013 quanto l\u2019Italia. <\/span><\/p>\n<p><b>La legge in Italia<\/b><\/p>\n<p><span style=\"font-weight: 400;\">La cremazione in Italia si regge con il decreto legge del 1987, il 359, convertito poi in legge nello stesso anno. Con questa legge la cremazione era un servizio erogato gratuitamente dal comune di appartenenza, mentre nel 2001 una nuova legge lo ha reso un servizio a pagamento. Oggi la legge che dispone le regole per questa materia \u00e8 proprio la 130 del 2001. La legge impone che sia la persona a decidere come svolgere il rito del suo funerale e se svolgerlo, nonch\u00e9 la modalit\u00e0 di sepoltura o di cremazione. Le volont\u00e0 dovrebbero essere espresse in un testamento cosiddetto olografo, cio\u00e8 scritto e firmato e dato a un notaio. Un\u2019alternativa pu\u00f2 essere quella di esprimere la propria volont\u00e0 al proprio coniuge o di un familiare molto prossimo. <\/span><\/p>\n","protected":false},"excerpt":{"rendered":"<p>Si parla spesso di cremazione in Italia, ma cosa dispone la legge in merito? \u00c8 notizia degli ultimi tempi l\u2019apertura del Vaticano anche alla cremazione a Roma e nel resto d\u2019Italia, consentendo, quindi, anche il rito cattolico a coloro che decidano di procedere con questa pratica piuttosto che con la tradizionale sepoltura. \u00c8 possibile quindi anche per i cattolici italiani decidere liberamente di farsi cremare e di avere comunque il<\/p>\n<p><a class=\"continue-reading\" href=\"https:\/\/www.article-marketing.eu\/comunicatistampa\/la-legge-italiana-sulla-cremazione\/\">Continue reading&#8230;<\/a><\/p>\n","protected":false},"author":165,"featured_media":0,"comment_status":"open","ping_status":"open","sticky":false,"template":"","format":"standard","meta":{"_monsterinsights_skip_tracking":false,"_monsterinsights_sitenote_active":false,"_monsterinsights_sitenote_note":"","_monsterinsights_sitenote_category":0,"footnotes":""},"categories":[394],"tags":[810,314],"class_list":["post-1467","post","type-post","status-publish","format-standard","hentry","category-servizi","tag-cremazione","tag-servizi"],"yoast_head":"<!-- This site is optimized with the Yoast SEO plugin v27.3 - https:\/\/yoast.com\/product\/yoast-seo-wordpress\/ -->\n<title>La legge italiana sulla cremazione - Article Marketing<\/title>\n<meta name=\"robots\" content=\"index, follow, max-snippet:-1, max-image-preview:large, max-video-preview:-1\" \/>\n<link rel=\"canonical\" href=\"https:\/\/www.article-marketing.eu\/comunicatistampa\/la-legge-italiana-sulla-cremazione\/\" \/>\n<meta property=\"og:locale\" content=\"it_IT\" \/>\n<meta property=\"og:type\" content=\"article\" \/>\n<meta property=\"og:title\" content=\"La legge italiana sulla cremazione - Article Marketing\" \/>\n<meta property=\"og:description\" content=\"Si parla spesso di cremazione in Italia, ma cosa dispone la legge in merito? \u00c8 notizia degli ultimi tempi l\u2019apertura del Vaticano anche alla cremazione a Roma e nel resto d\u2019Italia, consentendo, quindi, anche il rito cattolico a coloro che decidano di procedere con questa pratica piuttosto che con la tradizionale sepoltura. \u00c8 possibile quindi anche per i cattolici italiani decidere liberamente di farsi cremare e di avere comunque ilContinue reading...\" \/>\n<meta property=\"og:url\" content=\"https:\/\/www.article-marketing.eu\/comunicatistampa\/la-legge-italiana-sulla-cremazione\/\" \/>\n<meta property=\"og:site_name\" content=\"Article Marketing\" \/>\n<meta property=\"article:published_time\" content=\"2017-03-23T18:48:15+00:00\" \/>\n<meta name=\"author\" content=\"Skira\" \/>\n<meta name=\"twitter:card\" content=\"summary_large_image\" \/>\n<meta name=\"twitter:label1\" content=\"Scritto da\" \/>\n\t<meta name=\"twitter:data1\" content=\"Skira\" \/>\n\t<meta name=\"twitter:label2\" content=\"Tempo di lettura stimato\" \/>\n\t<meta name=\"twitter:data2\" content=\"2 minuti\" \/>\n<script type=\"application\/ld+json\" class=\"yoast-schema-graph\">{\"@context\":\"https:\\\/\\\/schema.org\",\"@graph\":[{\"@type\":\"Article\",\"@id\":\"https:\\\/\\\/www.article-marketing.eu\\\/comunicatistampa\\\/la-legge-italiana-sulla-cremazione\\\/#article\",\"isPartOf\":{\"@id\":\"https:\\\/\\\/www.article-marketing.eu\\\/comunicatistampa\\\/la-legge-italiana-sulla-cremazione\\\/\"},\"author\":{\"name\":\"Skira\",\"@id\":\"https:\\\/\\\/www.article-marketing.eu\\\/comunicatistampa\\\/#\\\/schema\\\/person\\\/ac66fb21435b35ebf746d54ebc8d83e8\"},\"headline\":\"La legge italiana sulla cremazione\",\"datePublished\":\"2017-03-23T18:48:15+00:00\",\"mainEntityOfPage\":{\"@id\":\"https:\\\/\\\/www.article-marketing.eu\\\/comunicatistampa\\\/la-legge-italiana-sulla-cremazione\\\/\"},\"wordCount\":439,\"commentCount\":0,\"keywords\":[\"cremazione\",\"servizi\"],\"articleSection\":[\"Servizi\"],\"inLanguage\":\"it-IT\",\"potentialAction\":[{\"@type\":\"CommentAction\",\"name\":\"Comment\",\"target\":[\"https:\\\/\\\/www.article-marketing.eu\\\/comunicatistampa\\\/la-legge-italiana-sulla-cremazione\\\/#respond\"]}]},{\"@type\":\"WebPage\",\"@id\":\"https:\\\/\\\/www.article-marketing.eu\\\/comunicatistampa\\\/la-legge-italiana-sulla-cremazione\\\/\",\"url\":\"https:\\\/\\\/www.article-marketing.eu\\\/comunicatistampa\\\/la-legge-italiana-sulla-cremazione\\\/\",\"name\":\"La legge italiana sulla cremazione - Article Marketing\",\"isPartOf\":{\"@id\":\"https:\\\/\\\/www.article-marketing.eu\\\/comunicatistampa\\\/#website\"},\"datePublished\":\"2017-03-23T18:48:15+00:00\",\"author\":{\"@id\":\"https:\\\/\\\/www.article-marketing.eu\\\/comunicatistampa\\\/#\\\/schema\\\/person\\\/ac66fb21435b35ebf746d54ebc8d83e8\"},\"breadcrumb\":{\"@id\":\"https:\\\/\\\/www.article-marketing.eu\\\/comunicatistampa\\\/la-legge-italiana-sulla-cremazione\\\/#breadcrumb\"},\"inLanguage\":\"it-IT\",\"potentialAction\":[{\"@type\":\"ReadAction\",\"target\":[\"https:\\\/\\\/www.article-marketing.eu\\\/comunicatistampa\\\/la-legge-italiana-sulla-cremazione\\\/\"]}]},{\"@type\":\"BreadcrumbList\",\"@id\":\"https:\\\/\\\/www.article-marketing.eu\\\/comunicatistampa\\\/la-legge-italiana-sulla-cremazione\\\/#breadcrumb\",\"itemListElement\":[{\"@type\":\"ListItem\",\"position\":1,\"name\":\"Home\",\"item\":\"https:\\\/\\\/www.article-marketing.eu\\\/comunicatistampa\\\/\"},{\"@type\":\"ListItem\",\"position\":2,\"name\":\"La legge italiana sulla cremazione\"}]},{\"@type\":\"WebSite\",\"@id\":\"https:\\\/\\\/www.article-marketing.eu\\\/comunicatistampa\\\/#website\",\"url\":\"https:\\\/\\\/www.article-marketing.eu\\\/comunicatistampa\\\/\",\"name\":\"Article Marketing\",\"description\":\"article marketing &amp; press release\",\"potentialAction\":[{\"@type\":\"SearchAction\",\"target\":{\"@type\":\"EntryPoint\",\"urlTemplate\":\"https:\\\/\\\/www.article-marketing.eu\\\/comunicatistampa\\\/?s={search_term_string}\"},\"query-input\":{\"@type\":\"PropertyValueSpecification\",\"valueRequired\":true,\"valueName\":\"search_term_string\"}}],\"inLanguage\":\"it-IT\"},{\"@type\":\"Person\",\"@id\":\"https:\\\/\\\/www.article-marketing.eu\\\/comunicatistampa\\\/#\\\/schema\\\/person\\\/ac66fb21435b35ebf746d54ebc8d83e8\",\"name\":\"Skira\",\"image\":{\"@type\":\"ImageObject\",\"inLanguage\":\"it-IT\",\"@id\":\"https:\\\/\\\/secure.gravatar.com\\\/avatar\\\/96027df7e813f38b27b1ed6edfffa7ee09d3ee46e2ac7cd3ecc56a0d446d6775?s=96&d=mm&r=g\",\"url\":\"https:\\\/\\\/secure.gravatar.com\\\/avatar\\\/96027df7e813f38b27b1ed6edfffa7ee09d3ee46e2ac7cd3ecc56a0d446d6775?s=96&d=mm&r=g\",\"contentUrl\":\"https:\\\/\\\/secure.gravatar.com\\\/avatar\\\/96027df7e813f38b27b1ed6edfffa7ee09d3ee46e2ac7cd3ecc56a0d446d6775?s=96&d=mm&r=g\",\"caption\":\"Skira\"},\"url\":\"https:\\\/\\\/www.article-marketing.eu\\\/comunicatistampa\\\/author\\\/skira\\\/\"}]}<\/script>\n<!-- \/ Yoast SEO plugin. -->","yoast_head_json":{"title":"La legge italiana sulla cremazione - Article Marketing","robots":{"index":"index","follow":"follow","max-snippet":"max-snippet:-1","max-image-preview":"max-image-preview:large","max-video-preview":"max-video-preview:-1"},"canonical":"https:\/\/www.article-marketing.eu\/comunicatistampa\/la-legge-italiana-sulla-cremazione\/","og_locale":"it_IT","og_type":"article","og_title":"La legge italiana sulla cremazione - Article Marketing","og_description":"Si parla spesso di cremazione in Italia, ma cosa dispone la legge in merito? \u00c8 notizia degli ultimi tempi l\u2019apertura del Vaticano anche alla cremazione a Roma e nel resto d\u2019Italia, consentendo, quindi, anche il rito cattolico a coloro che decidano di procedere con questa pratica piuttosto che con la tradizionale sepoltura. \u00c8 possibile quindi anche per i cattolici italiani decidere liberamente di farsi cremare e di avere comunque ilContinue reading...","og_url":"https:\/\/www.article-marketing.eu\/comunicatistampa\/la-legge-italiana-sulla-cremazione\/","og_site_name":"Article Marketing","article_published_time":"2017-03-23T18:48:15+00:00","author":"Skira","twitter_card":"summary_large_image","twitter_misc":{"Scritto da":"Skira","Tempo di lettura stimato":"2 minuti"},"schema":{"@context":"https:\/\/schema.org","@graph":[{"@type":"Article","@id":"https:\/\/www.article-marketing.eu\/comunicatistampa\/la-legge-italiana-sulla-cremazione\/#article","isPartOf":{"@id":"https:\/\/www.article-marketing.eu\/comunicatistampa\/la-legge-italiana-sulla-cremazione\/"},"author":{"name":"Skira","@id":"https:\/\/www.article-marketing.eu\/comunicatistampa\/#\/schema\/person\/ac66fb21435b35ebf746d54ebc8d83e8"},"headline":"La legge italiana sulla cremazione","datePublished":"2017-03-23T18:48:15+00:00","mainEntityOfPage":{"@id":"https:\/\/www.article-marketing.eu\/comunicatistampa\/la-legge-italiana-sulla-cremazione\/"},"wordCount":439,"commentCount":0,"keywords":["cremazione","servizi"],"articleSection":["Servizi"],"inLanguage":"it-IT","potentialAction":[{"@type":"CommentAction","name":"Comment","target":["https:\/\/www.article-marketing.eu\/comunicatistampa\/la-legge-italiana-sulla-cremazione\/#respond"]}]},{"@type":"WebPage","@id":"https:\/\/www.article-marketing.eu\/comunicatistampa\/la-legge-italiana-sulla-cremazione\/","url":"https:\/\/www.article-marketing.eu\/comunicatistampa\/la-legge-italiana-sulla-cremazione\/","name":"La legge italiana sulla cremazione - Article Marketing","isPartOf":{"@id":"https:\/\/www.article-marketing.eu\/comunicatistampa\/#website"},"datePublished":"2017-03-23T18:48:15+00:00","author":{"@id":"https:\/\/www.article-marketing.eu\/comunicatistampa\/#\/schema\/person\/ac66fb21435b35ebf746d54ebc8d83e8"},"breadcrumb":{"@id":"https:\/\/www.article-marketing.eu\/comunicatistampa\/la-legge-italiana-sulla-cremazione\/#breadcrumb"},"inLanguage":"it-IT","potentialAction":[{"@type":"ReadAction","target":["https:\/\/www.article-marketing.eu\/comunicatistampa\/la-legge-italiana-sulla-cremazione\/"]}]},{"@type":"BreadcrumbList","@id":"https:\/\/www.article-marketing.eu\/comunicatistampa\/la-legge-italiana-sulla-cremazione\/#breadcrumb","itemListElement":[{"@type":"ListItem","position":1,"name":"Home","item":"https:\/\/www.article-marketing.eu\/comunicatistampa\/"},{"@type":"ListItem","position":2,"name":"La legge italiana sulla cremazione"}]},{"@type":"WebSite","@id":"https:\/\/www.article-marketing.eu\/comunicatistampa\/#website","url":"https:\/\/www.article-marketing.eu\/comunicatistampa\/","name":"Article Marketing","description":"article marketing &amp; press release","potentialAction":[{"@type":"SearchAction","target":{"@type":"EntryPoint","urlTemplate":"https:\/\/www.article-marketing.eu\/comunicatistampa\/?s={search_term_string}"},"query-input":{"@type":"PropertyValueSpecification","valueRequired":true,"valueName":"search_term_string"}}],"inLanguage":"it-IT"},{"@type":"Person","@id":"https:\/\/www.article-marketing.eu\/comunicatistampa\/#\/schema\/person\/ac66fb21435b35ebf746d54ebc8d83e8","name":"Skira","image":{"@type":"ImageObject","inLanguage":"it-IT","@id":"https:\/\/secure.gravatar.com\/avatar\/96027df7e813f38b27b1ed6edfffa7ee09d3ee46e2ac7cd3ecc56a0d446d6775?s=96&d=mm&r=g","url":"https:\/\/secure.gravatar.com\/avatar\/96027df7e813f38b27b1ed6edfffa7ee09d3ee46e2ac7cd3ecc56a0d446d6775?s=96&d=mm&r=g","contentUrl":"https:\/\/secure.gravatar.com\/avatar\/96027df7e813f38b27b1ed6edfffa7ee09d3ee46e2ac7cd3ecc56a0d446d6775?s=96&d=mm&r=g","caption":"Skira"},"url":"https:\/\/www.article-marketing.eu\/comunicatistampa\/author\/skira\/"}]}},"_links":{"self":[{"href":"https:\/\/www.article-marketing.eu\/comunicatistampa\/wp-json\/wp\/v2\/posts\/1467","targetHints":{"allow":["GET"]}}],"collection":[{"href":"https:\/\/www.article-marketing.eu\/comunicatistampa\/wp-json\/wp\/v2\/posts"}],"about":[{"href":"https:\/\/www.article-marketing.eu\/comunicatistampa\/wp-json\/wp\/v2\/types\/post"}],"author":[{"embeddable":true,"href":"https:\/\/www.article-marketing.eu\/comunicatistampa\/wp-json\/wp\/v2\/users\/165"}],"replies":[{"embeddable":true,"href":"https:\/\/www.article-marketing.eu\/comunicatistampa\/wp-json\/wp\/v2\/comments?post=1467"}],"version-history":[{"count":2,"href":"https:\/\/www.article-marketing.eu\/comunicatistampa\/wp-json\/wp\/v2\/posts\/1467\/revisions"}],"predecessor-version":[{"id":1486,"href":"https:\/\/www.article-marketing.eu\/comunicatistampa\/wp-json\/wp\/v2\/posts\/1467\/revisions\/1486"}],"wp:attachment":[{"href":"https:\/\/www.article-marketing.eu\/comunicatistampa\/wp-json\/wp\/v2\/media?parent=1467"}],"wp:term":[{"taxonomy":"category","embeddable":true,"href":"https:\/\/www.article-marketing.eu\/comunicatistampa\/wp-json\/wp\/v2\/categories?post=1467"},{"taxonomy":"post_tag","embeddable":true,"href":"https:\/\/www.article-marketing.eu\/comunicatistampa\/wp-json\/wp\/v2\/tags?post=1467"}],"curies":[{"name":"wp","href":"https:\/\/api.w.org\/{rel}","templated":true}]}}