{"id":14674,"date":"2020-04-24T06:30:30","date_gmt":"2020-04-24T04:30:30","guid":{"rendered":"https:\/\/www.article-marketing.eu\/comunicatistampa\/?p=14674"},"modified":"2020-04-24T06:30:30","modified_gmt":"2020-04-24T04:30:30","slug":"covid-19-un-corso-per-conoscere-il-virus-e-affrontare-lemergenza","status":"publish","type":"post","link":"https:\/\/www.article-marketing.eu\/comunicatistampa\/covid-19-un-corso-per-conoscere-il-virus-e-affrontare-lemergenza\/","title":{"rendered":"COVID-19: un corso per conoscere il virus e affrontare l\u2019emergenza"},"content":{"rendered":"<h3>Comunicato Stampa<\/h3>\n<h3>COVID-19: un corso per conoscere il virus e affrontare l\u2019emergenza<\/h3>\n<p><strong><em>Un corso in modalit\u00e0 e-learning permetter\u00e0 di conoscere il virus SARS-CoV-2, di approfondire le misure adottate dalle aziende per contrastarne la diffusione e di affrontare gli aspetti psicologici legati all\u2019emergenza COVID-19<\/em><\/strong><\/p>\n<p><strong><em>\u00a0<\/em><\/strong><\/p>\n<p>Nella attuale situazione epidemiologica di diffusione del nuovo coronavirus <strong>SARS-CoV-2 <\/strong>nel nostro Paese si avvicina sempre di pi\u00f9 la cosiddetta<strong> Fase 2<\/strong> e molte aziende si stanno preparando in questi giorni alla riapertura delle attivit\u00e0, attivando procedure e protocolli, controlli agli ingressi, nuovi percorsi, nuove modalit\u00e0 per l\u2019utilizzo degli spazi comuni\u2026.<\/p>\n<p>Tuttavia, come \u00e8 sempre stato fatto anche per quanto concerne la salute e la sicurezza sul lavoro, per ogni cambiamento, per ogni modifica al ciclo produttivo, per qualsiasi implementazioni di procedure \u00e8 di fondamentale importanza occuparsi della <strong>corretta informazione e formazione dei lavoratori<\/strong>.<\/p>\n<p>Solo in questo modo, con l\u2019aiuto di tutti &#8211; azienda e lavoratori &#8211; \u00e8 possibile evitare la diffusione del virus.<\/p>\n<p>\u00c8 necessario che i lavoratori siano adeguatamente informati sui <strong>comportamenti da tenere sul luogo di lavoro<\/strong> e siano cos\u00ec pronti a gestire al meglio le attivit\u00e0 richieste e le modifiche correlate alle misure di contenimento del virus.<\/p>\n<p>&nbsp;<\/p>\n<p><strong>Il nuovo corso in e-learning su Covid-19 e lavoro<\/strong><\/p>\n<p>Per rendere il lavoratore responsabile e consapevole dei comportamenti a tutela della sicurezza propria e altrui, l\u2019<strong>Associazione Italiana Formatori ed Operatori della Sicurezza sul Lavoro<\/strong> (AiFOS) ha prodotto un nuovo corso in <strong>modalit\u00e0 e-learning<\/strong> dal titolo \u201c<strong>Covid 19 e lavoro: cosa conoscere<\/strong>\u201d.<\/p>\n<p>Il corso proposto approfondisce sia gli aspetti tecnici legati alle principali misure adottate dalle aziende per garantire un contrasto alla <strong>diffusione del Coronavirus<\/strong>, sia gli aspetti psicologici per accompagnare al meglio il lavoratore in questo delicato periodo.<\/p>\n<p>Si tratta quindi di una prima formazione \u2013 rivolta a Lavoratori, Preposti, Dirigenti, ASPP e RSPP, Formatori e Coordinatori della sicurezza &#8211; che deve essere adeguatamente integrata dall\u2019azienda con le specifiche riguardanti le proprie procedure di sicurezza.<\/p>\n<p>&nbsp;<\/p>\n<p>I contenuti del corso sono stati elaborati da due professionisti del settore e docenti qualificati:<\/p>\n<ul>\n<li><strong>Matteo Fadenti<\/strong>: Tecnico della prevenzione negli ambienti e luoghi di lavoro, Formatore AiFOS;<\/li>\n<li><strong>Sandra Frigerio<\/strong>: Psicologa cognitiva e Formatrice AiFOS.<\/li>\n<\/ul>\n<p>&nbsp;<\/p>\n<p>Il corso \u00e8 valido quale <strong>aggiornamento<\/strong> ai sensi degli Accordi Stato-Regioni del 21 luglio 2011 e del 7 luglio 2016 per tutte le figure della sicurezza (Lavoratori, preposti, dirigenti, ASPP, RSPP, Formatori e Coordinatori alla sicurezza).<\/p>\n<p>La <strong>piattaforma e-learning AiFOS<\/strong> rispetta, inoltre, tutti i requisiti previsti dall\u2019Allegato II dell\u2019Accordo Stato-Regioni del 7 luglio 2016.<\/p>\n<p>&nbsp;<\/p>\n<p><strong>L\u2019importanza della formazione e informazione dei lavoratori<\/strong><\/p>\n<p>Un documento importante per la tutela della salute e sicurezza nelle aziende \u00e8 il \u201c<strong>Protocollo condiviso di regolamentazione delle misure per il contrasto e il contenimento della diffusione del virus Covid-19 negli ambienti di lavoro<\/strong>\u201d del 14 marzo 2020. Il documento ha come obiettivo prioritario quello di \u201cconiugare la prosecuzione delle attivit\u00e0 produttive con la garanzia di condizioni di salubrit\u00e0 e sicurezza degli ambienti di lavoro e delle modalit\u00e0 lavorative\u201d.<\/p>\n<p>Il Protocollo si sofferma anche sul tema dell\u2019informazione e formazione dei lavoratori e al punto 1 stabilisce che \u201c<em>l\u2019azienda, attraverso le modalit\u00e0 pi\u00f9 idonee ed efficaci, informa tutti i lavoratori e chiunque entri in azienda circa le disposizioni delle Autorit\u00e0<\/em>\u201d in merito alle disposizioni anticontagio.<\/p>\n<p>&nbsp;<\/p>\n<p><strong>Il programma del corso sull\u2019emergenza Covid-19<\/strong><\/p>\n<p>L\u2019Associazione AiFOS ha prodotto il nuovo corso in modalit\u00e0 e-learning, della durata di 1 ora, \u201c<strong>Covid 19 e lavoro: cosa conoscere<\/strong>\u201d.<\/p>\n<p>&nbsp;<\/p>\n<p>Il <strong>programma del corso<\/strong>:<\/p>\n<ul>\n<li><strong>Covid 19: Che cos\u2019\u00e8 e come prevenire la diffusione <\/strong>\n<ul>\n<li>Introduzione alla microbiologia e i coronavirus<\/li>\n<li>Sistemi di prevenzione e protezione (distanziamento sociale, igiene delle mani, pulizia e sanificazione degli ambienti e delle attrezzature, utilizzo di mascherine e guanti)<\/li>\n<li>La gestione del rischio in azienda<\/li>\n<\/ul>\n<\/li>\n<\/ul>\n<p>&nbsp;<\/p>\n<ul>\n<li><strong>Aspetti psicologici legati all\u2019emergenza Covid 19<\/strong><\/li>\n<\/ul>\n<ul>\n<li>Come gestire le emozioni (stress, paura, panico e ansia)<\/li>\n<li>La riorganizzazione del tempo e delle attivit\u00e0<\/li>\n<li>Le giuste informazioni<\/li>\n<li>Buone prassi sul posto di lavoro<\/li>\n<\/ul>\n<p>&nbsp;<\/p>\n<p>Oltre al corso in e-learning, sar\u00e0 presto disponibile anche un <strong>supporto didattico<\/strong>, dallo stesso contenuto, con slide in power point dedicato ai formatori che intendano erogare direttamente il corso di formazione in videoconferenza e personalizzarlo a seconda delle procedure attivate in azienda.<\/p>\n<p>&nbsp;<\/p>\n<p>Una quota del ricavato della distribuzione del corso di formazione e-learning sar\u00e0 devoluta da AiFOS e dal partner tecnico Modulo srl a sostegno di <strong>iniziative benefiche<\/strong> a supporto dell\u2019emergenza Covid-19.<\/p>\n<p>&nbsp;<\/p>\n<p>Per <strong>informazioni<\/strong>:<\/p>\n<p>Sede nazionale AiFOS &#8211; via Branze, 45 &#8211; 25123 Brescia c\/o CSMT, Universit\u00e0 degli Studi di Brescia \u2013 Settore Formazione e-learning tel. 030.6595233 &#8211; <a href=\"http:\/\/www.aifos.it\">www.aifos.it<\/a> &#8211; <a href=\"mailto:e-learning@aifos.it\">e-learning@aifos.it<\/a><\/p>\n<p>&nbsp;<\/p>\n<p><em>\u00a0<\/em><\/p>\n<p><em>23 aprile 2020<\/em><\/p>\n<p>&nbsp;<\/p>\n<p>&nbsp;<\/p>\n<p>&nbsp;<\/p>\n<p>&nbsp;<\/p>\n<p>Ufficio Stampa di AiFOS<\/p>\n<p><a href=\"mailto:ufficiostampa@aifos.it\">ufficiostampa@aifos.it<\/a><\/p>\n<p>http:\/\/www.aifos.it\/<\/p>\n","protected":false},"excerpt":{"rendered":"<p>Comunicato Stampa COVID-19: un corso per conoscere il virus e affrontare l\u2019emergenza Un corso in modalit\u00e0 e-learning permetter\u00e0 di conoscere il virus SARS-CoV-2, di approfondire le misure adottate dalle aziende per contrastarne la diffusione e di affrontare gli aspetti psicologici legati all\u2019emergenza COVID-19 \u00a0 Nella attuale situazione epidemiologica di diffusione del nuovo coronavirus SARS-CoV-2 nel nostro Paese si avvicina sempre di pi\u00f9 la cosiddetta Fase 2 e molte aziende si<\/p>\n<p><a class=\"continue-reading\" href=\"https:\/\/www.article-marketing.eu\/comunicatistampa\/covid-19-un-corso-per-conoscere-il-virus-e-affrontare-lemergenza\/\">Continue reading&#8230;<\/a><\/p>\n","protected":false},"author":881,"featured_media":0,"comment_status":"open","ping_status":"open","sticky":false,"template":"","format":"standard","meta":{"_monsterinsights_skip_tracking":false,"_monsterinsights_sitenote_active":false,"_monsterinsights_sitenote_note":"","_monsterinsights_sitenote_category":0,"footnotes":""},"categories":[78,379,386,378,369],"tags":[3301,3235,6120,6115,6116,5941,6121,193,6108,6117,6118,6024,6119],"class_list":["post-14674","post","type-post","status-publish","format-standard","hentry","category-comunicati-stampa","category-corsi","category-economia-e-lavoro","category-istruzione","category-salute-e-benessere","tag-aifos","tag-brescia","tag-corso-e-learning","tag-covid-19-e-lavoro-cosa-conoscere","tag-diffusione-del-coronavirus","tag-emergenza-covid-19","tag-fad","tag-formazione","tag-pandemia","tag-piattaforma-e-learning-aifos","tag-protocollo-condiviso-di-regolamentazione-delle-misure-per-il-contrasto-e-il-contenimento-della-diffusione-del-virus-covid-19-negli-ambienti-di-lavoro","tag-sars-cov-2","tag-stress-da-covid-19"],"yoast_head":"<!-- This site is optimized with the Yoast SEO plugin v27.3 - https:\/\/yoast.com\/product\/yoast-seo-wordpress\/ -->\n<title>COVID-19: un corso per conoscere il virus e affrontare l\u2019emergenza - Article Marketing<\/title>\n<meta name=\"robots\" content=\"index, follow, max-snippet:-1, max-image-preview:large, max-video-preview:-1\" \/>\n<link rel=\"canonical\" href=\"https:\/\/www.article-marketing.eu\/comunicatistampa\/covid-19-un-corso-per-conoscere-il-virus-e-affrontare-lemergenza\/\" \/>\n<meta property=\"og:locale\" content=\"it_IT\" \/>\n<meta property=\"og:type\" content=\"article\" \/>\n<meta property=\"og:title\" content=\"COVID-19: un corso per conoscere il virus e affrontare l\u2019emergenza - Article Marketing\" \/>\n<meta property=\"og:description\" content=\"Comunicato Stampa COVID-19: un corso per conoscere il virus e affrontare l\u2019emergenza Un corso in modalit\u00e0 e-learning permetter\u00e0 di conoscere il virus SARS-CoV-2, di approfondire le misure adottate dalle aziende per contrastarne la diffusione e di affrontare gli aspetti psicologici legati all\u2019emergenza COVID-19 \u00a0 Nella attuale situazione epidemiologica di diffusione del nuovo coronavirus SARS-CoV-2 nel nostro Paese si avvicina sempre di pi\u00f9 la cosiddetta Fase 2 e molte aziende siContinue reading...\" \/>\n<meta property=\"og:url\" content=\"https:\/\/www.article-marketing.eu\/comunicatistampa\/covid-19-un-corso-per-conoscere-il-virus-e-affrontare-lemergenza\/\" \/>\n<meta property=\"og:site_name\" content=\"Article Marketing\" \/>\n<meta property=\"article:published_time\" content=\"2020-04-24T04:30:30+00:00\" \/>\n<meta name=\"author\" content=\"AIFUS\" \/>\n<meta name=\"twitter:card\" content=\"summary_large_image\" \/>\n<meta name=\"twitter:label1\" content=\"Scritto da\" \/>\n\t<meta name=\"twitter:data1\" content=\"AIFUS\" \/>\n\t<meta name=\"twitter:label2\" content=\"Tempo di lettura stimato\" \/>\n\t<meta name=\"twitter:data2\" content=\"4 minuti\" \/>\n<script type=\"application\/ld+json\" class=\"yoast-schema-graph\">{\"@context\":\"https:\\\/\\\/schema.org\",\"@graph\":[{\"@type\":\"Article\",\"@id\":\"https:\\\/\\\/www.article-marketing.eu\\\/comunicatistampa\\\/covid-19-un-corso-per-conoscere-il-virus-e-affrontare-lemergenza\\\/#article\",\"isPartOf\":{\"@id\":\"https:\\\/\\\/www.article-marketing.eu\\\/comunicatistampa\\\/covid-19-un-corso-per-conoscere-il-virus-e-affrontare-lemergenza\\\/\"},\"author\":{\"name\":\"AIFUS\",\"@id\":\"https:\\\/\\\/www.article-marketing.eu\\\/comunicatistampa\\\/#\\\/schema\\\/person\\\/d1985c4955ff71a05f49d68e3034b3cd\"},\"headline\":\"COVID-19: un corso per conoscere il virus e affrontare l\u2019emergenza\",\"datePublished\":\"2020-04-24T04:30:30+00:00\",\"mainEntityOfPage\":{\"@id\":\"https:\\\/\\\/www.article-marketing.eu\\\/comunicatistampa\\\/covid-19-un-corso-per-conoscere-il-virus-e-affrontare-lemergenza\\\/\"},\"wordCount\":769,\"commentCount\":0,\"keywords\":[\"Aifos\",\"Brescia\",\"corso e-learning\",\"Covid 19 e lavoro: cosa conoscere\",\"diffusione del Coronavirus\",\"emergenza COVID-19\",\"FAD\",\"formazione\",\"pandemia\",\"piattaforma e-learning AiFOS\",\"Protocollo condiviso di regolamentazione delle misure per il contrasto e il contenimento della diffusione del virus Covid-19 negli ambienti di lavoro\",\"SARS-CoV-2\",\"stress da Covid-19\"],\"articleSection\":[\"Comunicati stampa\",\"Corsi\",\"Economia e lavoro\",\"Istruzione\",\"Salute e benessere\"],\"inLanguage\":\"it-IT\",\"potentialAction\":[{\"@type\":\"CommentAction\",\"name\":\"Comment\",\"target\":[\"https:\\\/\\\/www.article-marketing.eu\\\/comunicatistampa\\\/covid-19-un-corso-per-conoscere-il-virus-e-affrontare-lemergenza\\\/#respond\"]}]},{\"@type\":\"WebPage\",\"@id\":\"https:\\\/\\\/www.article-marketing.eu\\\/comunicatistampa\\\/covid-19-un-corso-per-conoscere-il-virus-e-affrontare-lemergenza\\\/\",\"url\":\"https:\\\/\\\/www.article-marketing.eu\\\/comunicatistampa\\\/covid-19-un-corso-per-conoscere-il-virus-e-affrontare-lemergenza\\\/\",\"name\":\"COVID-19: un corso per conoscere il virus e affrontare l\u2019emergenza - Article Marketing\",\"isPartOf\":{\"@id\":\"https:\\\/\\\/www.article-marketing.eu\\\/comunicatistampa\\\/#website\"},\"datePublished\":\"2020-04-24T04:30:30+00:00\",\"author\":{\"@id\":\"https:\\\/\\\/www.article-marketing.eu\\\/comunicatistampa\\\/#\\\/schema\\\/person\\\/d1985c4955ff71a05f49d68e3034b3cd\"},\"breadcrumb\":{\"@id\":\"https:\\\/\\\/www.article-marketing.eu\\\/comunicatistampa\\\/covid-19-un-corso-per-conoscere-il-virus-e-affrontare-lemergenza\\\/#breadcrumb\"},\"inLanguage\":\"it-IT\",\"potentialAction\":[{\"@type\":\"ReadAction\",\"target\":[\"https:\\\/\\\/www.article-marketing.eu\\\/comunicatistampa\\\/covid-19-un-corso-per-conoscere-il-virus-e-affrontare-lemergenza\\\/\"]}]},{\"@type\":\"BreadcrumbList\",\"@id\":\"https:\\\/\\\/www.article-marketing.eu\\\/comunicatistampa\\\/covid-19-un-corso-per-conoscere-il-virus-e-affrontare-lemergenza\\\/#breadcrumb\",\"itemListElement\":[{\"@type\":\"ListItem\",\"position\":1,\"name\":\"Home\",\"item\":\"https:\\\/\\\/www.article-marketing.eu\\\/comunicatistampa\\\/\"},{\"@type\":\"ListItem\",\"position\":2,\"name\":\"COVID-19: un corso per conoscere il virus e affrontare l\u2019emergenza\"}]},{\"@type\":\"WebSite\",\"@id\":\"https:\\\/\\\/www.article-marketing.eu\\\/comunicatistampa\\\/#website\",\"url\":\"https:\\\/\\\/www.article-marketing.eu\\\/comunicatistampa\\\/\",\"name\":\"Article Marketing\",\"description\":\"article marketing &amp; press release\",\"potentialAction\":[{\"@type\":\"SearchAction\",\"target\":{\"@type\":\"EntryPoint\",\"urlTemplate\":\"https:\\\/\\\/www.article-marketing.eu\\\/comunicatistampa\\\/?s={search_term_string}\"},\"query-input\":{\"@type\":\"PropertyValueSpecification\",\"valueRequired\":true,\"valueName\":\"search_term_string\"}}],\"inLanguage\":\"it-IT\"},{\"@type\":\"Person\",\"@id\":\"https:\\\/\\\/www.article-marketing.eu\\\/comunicatistampa\\\/#\\\/schema\\\/person\\\/d1985c4955ff71a05f49d68e3034b3cd\",\"name\":\"AIFUS\",\"image\":{\"@type\":\"ImageObject\",\"inLanguage\":\"it-IT\",\"@id\":\"https:\\\/\\\/secure.gravatar.com\\\/avatar\\\/05cf2a2ba057667571308b94c84f00ff48766ffac95710a87491a9b3ddcee484?s=96&d=mm&r=g\",\"url\":\"https:\\\/\\\/secure.gravatar.com\\\/avatar\\\/05cf2a2ba057667571308b94c84f00ff48766ffac95710a87491a9b3ddcee484?s=96&d=mm&r=g\",\"contentUrl\":\"https:\\\/\\\/secure.gravatar.com\\\/avatar\\\/05cf2a2ba057667571308b94c84f00ff48766ffac95710a87491a9b3ddcee484?s=96&d=mm&r=g\",\"caption\":\"AIFUS\"},\"url\":\"https:\\\/\\\/www.article-marketing.eu\\\/comunicatistampa\\\/author\\\/aifus\\\/\"}]}<\/script>\n<!-- \/ Yoast SEO plugin. -->","yoast_head_json":{"title":"COVID-19: un corso per conoscere il virus e affrontare l\u2019emergenza - Article Marketing","robots":{"index":"index","follow":"follow","max-snippet":"max-snippet:-1","max-image-preview":"max-image-preview:large","max-video-preview":"max-video-preview:-1"},"canonical":"https:\/\/www.article-marketing.eu\/comunicatistampa\/covid-19-un-corso-per-conoscere-il-virus-e-affrontare-lemergenza\/","og_locale":"it_IT","og_type":"article","og_title":"COVID-19: un corso per conoscere il virus e affrontare l\u2019emergenza - Article Marketing","og_description":"Comunicato Stampa COVID-19: un corso per conoscere il virus e affrontare l\u2019emergenza Un corso in modalit\u00e0 e-learning permetter\u00e0 di conoscere il virus SARS-CoV-2, di approfondire le misure adottate dalle aziende per contrastarne la diffusione e di affrontare gli aspetti psicologici legati all\u2019emergenza COVID-19 \u00a0 Nella attuale situazione epidemiologica di diffusione del nuovo coronavirus SARS-CoV-2 nel nostro Paese si avvicina sempre di pi\u00f9 la cosiddetta Fase 2 e molte aziende siContinue reading...","og_url":"https:\/\/www.article-marketing.eu\/comunicatistampa\/covid-19-un-corso-per-conoscere-il-virus-e-affrontare-lemergenza\/","og_site_name":"Article Marketing","article_published_time":"2020-04-24T04:30:30+00:00","author":"AIFUS","twitter_card":"summary_large_image","twitter_misc":{"Scritto da":"AIFUS","Tempo di lettura stimato":"4 minuti"},"schema":{"@context":"https:\/\/schema.org","@graph":[{"@type":"Article","@id":"https:\/\/www.article-marketing.eu\/comunicatistampa\/covid-19-un-corso-per-conoscere-il-virus-e-affrontare-lemergenza\/#article","isPartOf":{"@id":"https:\/\/www.article-marketing.eu\/comunicatistampa\/covid-19-un-corso-per-conoscere-il-virus-e-affrontare-lemergenza\/"},"author":{"name":"AIFUS","@id":"https:\/\/www.article-marketing.eu\/comunicatistampa\/#\/schema\/person\/d1985c4955ff71a05f49d68e3034b3cd"},"headline":"COVID-19: un corso per conoscere il virus e affrontare l\u2019emergenza","datePublished":"2020-04-24T04:30:30+00:00","mainEntityOfPage":{"@id":"https:\/\/www.article-marketing.eu\/comunicatistampa\/covid-19-un-corso-per-conoscere-il-virus-e-affrontare-lemergenza\/"},"wordCount":769,"commentCount":0,"keywords":["Aifos","Brescia","corso e-learning","Covid 19 e lavoro: cosa conoscere","diffusione del Coronavirus","emergenza COVID-19","FAD","formazione","pandemia","piattaforma e-learning AiFOS","Protocollo condiviso di regolamentazione delle misure per il contrasto e il contenimento della diffusione del virus Covid-19 negli ambienti di lavoro","SARS-CoV-2","stress da Covid-19"],"articleSection":["Comunicati stampa","Corsi","Economia e lavoro","Istruzione","Salute e benessere"],"inLanguage":"it-IT","potentialAction":[{"@type":"CommentAction","name":"Comment","target":["https:\/\/www.article-marketing.eu\/comunicatistampa\/covid-19-un-corso-per-conoscere-il-virus-e-affrontare-lemergenza\/#respond"]}]},{"@type":"WebPage","@id":"https:\/\/www.article-marketing.eu\/comunicatistampa\/covid-19-un-corso-per-conoscere-il-virus-e-affrontare-lemergenza\/","url":"https:\/\/www.article-marketing.eu\/comunicatistampa\/covid-19-un-corso-per-conoscere-il-virus-e-affrontare-lemergenza\/","name":"COVID-19: un corso per conoscere il virus e affrontare l\u2019emergenza - Article Marketing","isPartOf":{"@id":"https:\/\/www.article-marketing.eu\/comunicatistampa\/#website"},"datePublished":"2020-04-24T04:30:30+00:00","author":{"@id":"https:\/\/www.article-marketing.eu\/comunicatistampa\/#\/schema\/person\/d1985c4955ff71a05f49d68e3034b3cd"},"breadcrumb":{"@id":"https:\/\/www.article-marketing.eu\/comunicatistampa\/covid-19-un-corso-per-conoscere-il-virus-e-affrontare-lemergenza\/#breadcrumb"},"inLanguage":"it-IT","potentialAction":[{"@type":"ReadAction","target":["https:\/\/www.article-marketing.eu\/comunicatistampa\/covid-19-un-corso-per-conoscere-il-virus-e-affrontare-lemergenza\/"]}]},{"@type":"BreadcrumbList","@id":"https:\/\/www.article-marketing.eu\/comunicatistampa\/covid-19-un-corso-per-conoscere-il-virus-e-affrontare-lemergenza\/#breadcrumb","itemListElement":[{"@type":"ListItem","position":1,"name":"Home","item":"https:\/\/www.article-marketing.eu\/comunicatistampa\/"},{"@type":"ListItem","position":2,"name":"COVID-19: un corso per conoscere il virus e affrontare l\u2019emergenza"}]},{"@type":"WebSite","@id":"https:\/\/www.article-marketing.eu\/comunicatistampa\/#website","url":"https:\/\/www.article-marketing.eu\/comunicatistampa\/","name":"Article Marketing","description":"article marketing &amp; press release","potentialAction":[{"@type":"SearchAction","target":{"@type":"EntryPoint","urlTemplate":"https:\/\/www.article-marketing.eu\/comunicatistampa\/?s={search_term_string}"},"query-input":{"@type":"PropertyValueSpecification","valueRequired":true,"valueName":"search_term_string"}}],"inLanguage":"it-IT"},{"@type":"Person","@id":"https:\/\/www.article-marketing.eu\/comunicatistampa\/#\/schema\/person\/d1985c4955ff71a05f49d68e3034b3cd","name":"AIFUS","image":{"@type":"ImageObject","inLanguage":"it-IT","@id":"https:\/\/secure.gravatar.com\/avatar\/05cf2a2ba057667571308b94c84f00ff48766ffac95710a87491a9b3ddcee484?s=96&d=mm&r=g","url":"https:\/\/secure.gravatar.com\/avatar\/05cf2a2ba057667571308b94c84f00ff48766ffac95710a87491a9b3ddcee484?s=96&d=mm&r=g","contentUrl":"https:\/\/secure.gravatar.com\/avatar\/05cf2a2ba057667571308b94c84f00ff48766ffac95710a87491a9b3ddcee484?s=96&d=mm&r=g","caption":"AIFUS"},"url":"https:\/\/www.article-marketing.eu\/comunicatistampa\/author\/aifus\/"}]}},"_links":{"self":[{"href":"https:\/\/www.article-marketing.eu\/comunicatistampa\/wp-json\/wp\/v2\/posts\/14674","targetHints":{"allow":["GET"]}}],"collection":[{"href":"https:\/\/www.article-marketing.eu\/comunicatistampa\/wp-json\/wp\/v2\/posts"}],"about":[{"href":"https:\/\/www.article-marketing.eu\/comunicatistampa\/wp-json\/wp\/v2\/types\/post"}],"author":[{"embeddable":true,"href":"https:\/\/www.article-marketing.eu\/comunicatistampa\/wp-json\/wp\/v2\/users\/881"}],"replies":[{"embeddable":true,"href":"https:\/\/www.article-marketing.eu\/comunicatistampa\/wp-json\/wp\/v2\/comments?post=14674"}],"version-history":[{"count":2,"href":"https:\/\/www.article-marketing.eu\/comunicatistampa\/wp-json\/wp\/v2\/posts\/14674\/revisions"}],"predecessor-version":[{"id":14685,"href":"https:\/\/www.article-marketing.eu\/comunicatistampa\/wp-json\/wp\/v2\/posts\/14674\/revisions\/14685"}],"wp:attachment":[{"href":"https:\/\/www.article-marketing.eu\/comunicatistampa\/wp-json\/wp\/v2\/media?parent=14674"}],"wp:term":[{"taxonomy":"category","embeddable":true,"href":"https:\/\/www.article-marketing.eu\/comunicatistampa\/wp-json\/wp\/v2\/categories?post=14674"},{"taxonomy":"post_tag","embeddable":true,"href":"https:\/\/www.article-marketing.eu\/comunicatistampa\/wp-json\/wp\/v2\/tags?post=14674"}],"curies":[{"name":"wp","href":"https:\/\/api.w.org\/{rel}","templated":true}]}}