{"id":14689,"date":"2020-04-24T19:01:23","date_gmt":"2020-04-24T17:01:23","guid":{"rendered":"https:\/\/www.article-marketing.eu\/comunicatistampa\/?p=14689"},"modified":"2020-04-24T19:01:23","modified_gmt":"2020-04-24T17:01:23","slug":"piperina-e-curcuma-la-combo-perfetta-per-la-salute","status":"publish","type":"post","link":"https:\/\/www.article-marketing.eu\/comunicatistampa\/piperina-e-curcuma-la-combo-perfetta-per-la-salute\/","title":{"rendered":"Piperina e Curcuma: La combo perfetta per la salute"},"content":{"rendered":"<p>La curcuma (Curcuma longa) o lo zafferano dell&#8217;India \u00e8 una spezia gialla che \u00e8 stata ben nota in Asia per diverse migliaia di anni. Origine del sud-est, \u00e8 coltivata ad esempio in Cina, Indonesia, India o Sri Lanka.<\/p>\n<p>Questa spezia (e pi\u00f9 in particolare il rizoma) \u00e8 oggi ampiamente utilizzata nel mondo culinario (come unit\u00e0 o in una miscela come il curry). Profuma e corregge l&#8217;acidit\u00e0 ma \u00e8 anche usata come ingrediente attivo negli integratori alimentari quali <a href=\"https:\/\/www.weightworld.it\/piperina-e-curcuma.html\">piperina e curcuma<\/a> e nei prodotti dietetici per la salute, il benessere. In effetti, le sue virt\u00f9 sono numerose e agisce su diverse sfere: cardiovascolare, articolare, intestinale ed epatica per citarne alcune.<\/p>\n<p>Questa spezia ha due propriet\u00e0 interessanti per il corpo: antiossidante e antinfiammatorio.<\/p>\n<p>Qualitativamente, possiamo distinguere la polvere di curcuma essiccata utilizzata per la cottura e l&#8217;estratto titolato di curcuma. Nel primo, le molecole attive, i curcuminoidi (composti fenolici) compresa la curcumina, rappresentano tra il 5 e l&#8217;8% della polvere totale. Al contrario, un estratto di curcuma titolato \u00e8 un estratto di cui i curcuminoidi si trovano in maggiore quantit\u00e0 a seguito di un processo industriale (con l&#8217;ottenimento di estratti titolati in curcuminoidi a oltre l&#8217;80%) con il vantaggio di un aumento degli effetti e significativo sul corpo rispetto alla polvere.<\/p>\n<p>Nota: la <a href=\"https:\/\/www.weightworld.it\/curcuma-con-pepe-nero-e-zenzero.html\">curcuma con pepe nero e zenzero<\/a> \u00e8 una fonte di ferro e magnesio<\/p>\n<p>Per lo sport<\/p>\n<p>L&#8217;esercizio fisico intenso pu\u00f2 indurre danni muscolari e fenomeni infiammatori. Il loro grado dipende dalla durata, dall&#8217;intensit\u00e0 e dal tipo di esercizio. Gli sforzi eccentrici sostenuti e significativi (corsa in discesa, elevazione negativa significativa su ultra-percorsi, ad esempio, sforzi di tipo di forza, pliometrico nel bodybuilding) causano il maggior danno.<\/p>\n<p>Un contributo culinario della curcuma durante i pasti prima o dopo la gara ma anche complementare durante tali esercizi \u00e8 molto interessante perch\u00e9 aiuta a ridurre i danni muscolari durante l&#8217;esercizio e ottimizzare i processi di recupero. Questa spezia \u00e8 anche interessante perch\u00e9 modula eventuali disturbi digestivi.<\/p>\n<p><strong>I benefici della curcuma<\/strong><\/p>\n<p>La curcuma, utilizzata nella medicina ayurvedica (la medicina pi\u00f9 antica del mondo) ha propriet\u00e0 medicinali abbastanza significative: antiossidante, propriet\u00e0 antinfiammatorie naturali, effetto positivo sui problemi digestivi &#8230;<\/p>\n<p>Al fine di potenziare le propriet\u00e0 terapeutiche con gli effetti della curcuma, deve essere combinato con pepe nero (piperina) per aumentare i principi attivi.<\/p>\n<p><strong>Curcuma, un antinfiammatorio naturale<\/strong><\/p>\n<p>Tra gli effetti benefici, la curcuma, grazie alla sua azione antinfiammatoria, aiuta ad alleviare i dolori articolari causati da et\u00e0, sport o altri come artrite, artrosi, artrite reumatoide, tendinite &#8230; o dolore muscolare. Pu\u00f2 essere assunto in compresse, polvere ma anche in applicazione locale con un impiastro. Fai attenzione, la curcuma aiuta a ridurre il dolore, non a trattarlo.<\/p>\n<p><strong>Curcuma, un sollievo per problemi gastrointestinali<\/strong><\/p>\n<p>Le persone con dolore digestivo (mal di stomaco), intestino, colon con gonfiore pi\u00f9 o meno pronunciato vedono in alcuni casi la sindrome dell&#8217;intestino irritabile, la curcuma avrebbe interessanti virt\u00f9 per alleviare questi problemi idealmente associati con probiotici. Pertanto, la flora intestinale verr\u00e0 rafforzata.<\/p>\n<p><strong>Trattamento del cancro e della curcuma<\/strong><\/p>\n<p>Alcune persone sostengono che la curcuma \u00e8 una sorta di anticancro o \u00e8 brava a prevenire il cancro. Personalmente, e sulla base di studi scientifici, non posso dirlo.<\/p>\n<p><strong>Conclusione sui benefici della curcuma<\/strong><\/p>\n<p>I benefici della curcuma sul tuo corpo sono efficaci nel ridurre l&#8217;irritazione, il dolore causato da malattie infiammatorie. La curcuma \u00e8 particolarmente riconosciuta per il suo lato antinfiammatorio naturale, \u00e8 interessante consumarla. Per gli atleti, durante un periodo di intenso carico di lavoro (preparazione per un evento), \u00e8 molto interessante curarsi con questo rimedio naturale.<\/p>\n<p><strong>Consulenza sul livello dei contributi<\/strong><\/p>\n<p>\u00c8 interessante portare un minimo di 200-300 mg di curcuminoidi al giorno durante i giorni di esercizio e recupero. Questo contributo pu\u00f2 essere fornito tramite polvere di curcuma (in cucina), prodotti dietetici per l&#8217;esercizio (bevande per esercizi dietetici e \/ o bevande di recupero che li contengono) o integratori alimentari specifici (compresse contenenti estratti titolati in curcuminoidi).<\/p>\n<p>La piperina, un ingrediente attivo nel pepe, aumenta (20 volte di pi\u00f9) la biodisponibilit\u00e0 della curcumina e potenzia la sua azione, combinando queste due spezie nei tuoi piatti. 4-6 g di curcuma in polvere al giorno o un cucchiaino da t\u00e8<\/p>\n","protected":false},"excerpt":{"rendered":"<p>La curcuma (Curcuma longa) o lo zafferano dell&#8217;India \u00e8 una spezia gialla che \u00e8 stata ben nota in Asia per diverse migliaia di anni. Origine del sud-est, \u00e8 coltivata ad esempio in Cina, Indonesia, India o Sri Lanka. Questa spezia (e pi\u00f9 in particolare il rizoma) \u00e8 oggi ampiamente utilizzata nel mondo culinario (come unit\u00e0 o in una miscela come il curry). Profuma e corregge l&#8217;acidit\u00e0 ma \u00e8 anche usata<\/p>\n<p><a class=\"continue-reading\" href=\"https:\/\/www.article-marketing.eu\/comunicatistampa\/piperina-e-curcuma-la-combo-perfetta-per-la-salute\/\">Continue reading&#8230;<\/a><\/p>\n","protected":false},"author":5719,"featured_media":0,"comment_status":"open","ping_status":"open","sticky":false,"template":"","format":"gallery","meta":{"_monsterinsights_skip_tracking":false,"_monsterinsights_sitenote_active":false,"_monsterinsights_sitenote_note":"","_monsterinsights_sitenote_category":0,"footnotes":""},"categories":[370,369],"tags":[6131],"class_list":["post-14689","post","type-post","status-publish","format-gallery","hentry","category-dieta-e-nutrizione","category-salute-e-benessere","tag-piperina-e-curcuma","post_format-post-format-gallery"],"yoast_head":"<!-- This site is optimized with the Yoast SEO plugin v27.3 - https:\/\/yoast.com\/product\/yoast-seo-wordpress\/ -->\n<title>Piperina e Curcuma: La combo perfetta per la salute - Article Marketing<\/title>\n<meta name=\"description\" content=\"Al fine di potenziare le propriet\u00e0 terapeutiche curcuma e piperina possono essere combinate con il pepe nero. Scopri la forza di questa combo\" \/>\n<meta name=\"robots\" content=\"index, follow, max-snippet:-1, max-image-preview:large, max-video-preview:-1\" \/>\n<link rel=\"canonical\" href=\"https:\/\/www.article-marketing.eu\/comunicatistampa\/piperina-e-curcuma-la-combo-perfetta-per-la-salute\/\" \/>\n<meta property=\"og:locale\" content=\"it_IT\" \/>\n<meta property=\"og:type\" content=\"article\" \/>\n<meta property=\"og:title\" content=\"Piperina e Curcuma: La combo perfetta per la salute - Article Marketing\" \/>\n<meta property=\"og:description\" content=\"Al fine di potenziare le propriet\u00e0 terapeutiche curcuma e piperina possono essere combinate con il pepe nero. Scopri la forza di questa combo\" \/>\n<meta property=\"og:url\" content=\"https:\/\/www.article-marketing.eu\/comunicatistampa\/piperina-e-curcuma-la-combo-perfetta-per-la-salute\/\" \/>\n<meta property=\"og:site_name\" content=\"Article Marketing\" \/>\n<meta property=\"article:published_time\" content=\"2020-04-24T17:01:23+00:00\" \/>\n<meta name=\"author\" content=\"Laura Baschi\" \/>\n<meta name=\"twitter:card\" content=\"summary_large_image\" \/>\n<meta name=\"twitter:label1\" content=\"Scritto da\" \/>\n\t<meta name=\"twitter:data1\" content=\"Laura Baschi\" \/>\n\t<meta name=\"twitter:label2\" content=\"Tempo di lettura stimato\" \/>\n\t<meta name=\"twitter:data2\" content=\"3 minuti\" \/>\n<script type=\"application\/ld+json\" class=\"yoast-schema-graph\">{\"@context\":\"https:\\\/\\\/schema.org\",\"@graph\":[{\"@type\":\"Article\",\"@id\":\"https:\\\/\\\/www.article-marketing.eu\\\/comunicatistampa\\\/piperina-e-curcuma-la-combo-perfetta-per-la-salute\\\/#article\",\"isPartOf\":{\"@id\":\"https:\\\/\\\/www.article-marketing.eu\\\/comunicatistampa\\\/piperina-e-curcuma-la-combo-perfetta-per-la-salute\\\/\"},\"author\":{\"name\":\"Laura Baschi\",\"@id\":\"https:\\\/\\\/www.article-marketing.eu\\\/comunicatistampa\\\/#\\\/schema\\\/person\\\/35ba9686650a1314bd4b3fc8273c9112\"},\"headline\":\"Piperina e Curcuma: La combo perfetta per la salute\",\"datePublished\":\"2020-04-24T17:01:23+00:00\",\"mainEntityOfPage\":{\"@id\":\"https:\\\/\\\/www.article-marketing.eu\\\/comunicatistampa\\\/piperina-e-curcuma-la-combo-perfetta-per-la-salute\\\/\"},\"wordCount\":677,\"commentCount\":0,\"keywords\":[\"piperina e curcuma\"],\"articleSection\":[\"Dieta e Nutrizione\",\"Salute e benessere\"],\"inLanguage\":\"it-IT\",\"potentialAction\":[{\"@type\":\"CommentAction\",\"name\":\"Comment\",\"target\":[\"https:\\\/\\\/www.article-marketing.eu\\\/comunicatistampa\\\/piperina-e-curcuma-la-combo-perfetta-per-la-salute\\\/#respond\"]}]},{\"@type\":\"WebPage\",\"@id\":\"https:\\\/\\\/www.article-marketing.eu\\\/comunicatistampa\\\/piperina-e-curcuma-la-combo-perfetta-per-la-salute\\\/\",\"url\":\"https:\\\/\\\/www.article-marketing.eu\\\/comunicatistampa\\\/piperina-e-curcuma-la-combo-perfetta-per-la-salute\\\/\",\"name\":\"Piperina e Curcuma: La combo perfetta per la salute - Article Marketing\",\"isPartOf\":{\"@id\":\"https:\\\/\\\/www.article-marketing.eu\\\/comunicatistampa\\\/#website\"},\"datePublished\":\"2020-04-24T17:01:23+00:00\",\"author\":{\"@id\":\"https:\\\/\\\/www.article-marketing.eu\\\/comunicatistampa\\\/#\\\/schema\\\/person\\\/35ba9686650a1314bd4b3fc8273c9112\"},\"description\":\"Al fine di potenziare le propriet\u00e0 terapeutiche curcuma e piperina possono essere combinate con il pepe nero. Scopri la forza di questa combo\",\"breadcrumb\":{\"@id\":\"https:\\\/\\\/www.article-marketing.eu\\\/comunicatistampa\\\/piperina-e-curcuma-la-combo-perfetta-per-la-salute\\\/#breadcrumb\"},\"inLanguage\":\"it-IT\",\"potentialAction\":[{\"@type\":\"ReadAction\",\"target\":[\"https:\\\/\\\/www.article-marketing.eu\\\/comunicatistampa\\\/piperina-e-curcuma-la-combo-perfetta-per-la-salute\\\/\"]}]},{\"@type\":\"BreadcrumbList\",\"@id\":\"https:\\\/\\\/www.article-marketing.eu\\\/comunicatistampa\\\/piperina-e-curcuma-la-combo-perfetta-per-la-salute\\\/#breadcrumb\",\"itemListElement\":[{\"@type\":\"ListItem\",\"position\":1,\"name\":\"Home\",\"item\":\"https:\\\/\\\/www.article-marketing.eu\\\/comunicatistampa\\\/\"},{\"@type\":\"ListItem\",\"position\":2,\"name\":\"Piperina e Curcuma: La combo perfetta per la salute\"}]},{\"@type\":\"WebSite\",\"@id\":\"https:\\\/\\\/www.article-marketing.eu\\\/comunicatistampa\\\/#website\",\"url\":\"https:\\\/\\\/www.article-marketing.eu\\\/comunicatistampa\\\/\",\"name\":\"Article Marketing\",\"description\":\"article marketing &amp; press release\",\"potentialAction\":[{\"@type\":\"SearchAction\",\"target\":{\"@type\":\"EntryPoint\",\"urlTemplate\":\"https:\\\/\\\/www.article-marketing.eu\\\/comunicatistampa\\\/?s={search_term_string}\"},\"query-input\":{\"@type\":\"PropertyValueSpecification\",\"valueRequired\":true,\"valueName\":\"search_term_string\"}}],\"inLanguage\":\"it-IT\"},{\"@type\":\"Person\",\"@id\":\"https:\\\/\\\/www.article-marketing.eu\\\/comunicatistampa\\\/#\\\/schema\\\/person\\\/35ba9686650a1314bd4b3fc8273c9112\",\"name\":\"Laura Baschi\",\"image\":{\"@type\":\"ImageObject\",\"inLanguage\":\"it-IT\",\"@id\":\"https:\\\/\\\/secure.gravatar.com\\\/avatar\\\/fa614d05009f48e230f0b1af99c0e23c8aae23a3b00c58fa766f434fe87fdde1?s=96&d=mm&r=g\",\"url\":\"https:\\\/\\\/secure.gravatar.com\\\/avatar\\\/fa614d05009f48e230f0b1af99c0e23c8aae23a3b00c58fa766f434fe87fdde1?s=96&d=mm&r=g\",\"contentUrl\":\"https:\\\/\\\/secure.gravatar.com\\\/avatar\\\/fa614d05009f48e230f0b1af99c0e23c8aae23a3b00c58fa766f434fe87fdde1?s=96&d=mm&r=g\",\"caption\":\"Laura Baschi\"},\"url\":\"https:\\\/\\\/www.article-marketing.eu\\\/comunicatistampa\\\/author\\\/laura-baschi\\\/\"}]}<\/script>\n<!-- \/ Yoast SEO plugin. -->","yoast_head_json":{"title":"Piperina e Curcuma: La combo perfetta per la salute - Article Marketing","description":"Al fine di potenziare le propriet\u00e0 terapeutiche curcuma e piperina possono essere combinate con il pepe nero. Scopri la forza di questa combo","robots":{"index":"index","follow":"follow","max-snippet":"max-snippet:-1","max-image-preview":"max-image-preview:large","max-video-preview":"max-video-preview:-1"},"canonical":"https:\/\/www.article-marketing.eu\/comunicatistampa\/piperina-e-curcuma-la-combo-perfetta-per-la-salute\/","og_locale":"it_IT","og_type":"article","og_title":"Piperina e Curcuma: La combo perfetta per la salute - Article Marketing","og_description":"Al fine di potenziare le propriet\u00e0 terapeutiche curcuma e piperina possono essere combinate con il pepe nero. Scopri la forza di questa combo","og_url":"https:\/\/www.article-marketing.eu\/comunicatistampa\/piperina-e-curcuma-la-combo-perfetta-per-la-salute\/","og_site_name":"Article Marketing","article_published_time":"2020-04-24T17:01:23+00:00","author":"Laura Baschi","twitter_card":"summary_large_image","twitter_misc":{"Scritto da":"Laura Baschi","Tempo di lettura stimato":"3 minuti"},"schema":{"@context":"https:\/\/schema.org","@graph":[{"@type":"Article","@id":"https:\/\/www.article-marketing.eu\/comunicatistampa\/piperina-e-curcuma-la-combo-perfetta-per-la-salute\/#article","isPartOf":{"@id":"https:\/\/www.article-marketing.eu\/comunicatistampa\/piperina-e-curcuma-la-combo-perfetta-per-la-salute\/"},"author":{"name":"Laura Baschi","@id":"https:\/\/www.article-marketing.eu\/comunicatistampa\/#\/schema\/person\/35ba9686650a1314bd4b3fc8273c9112"},"headline":"Piperina e Curcuma: La combo perfetta per la salute","datePublished":"2020-04-24T17:01:23+00:00","mainEntityOfPage":{"@id":"https:\/\/www.article-marketing.eu\/comunicatistampa\/piperina-e-curcuma-la-combo-perfetta-per-la-salute\/"},"wordCount":677,"commentCount":0,"keywords":["piperina e curcuma"],"articleSection":["Dieta e Nutrizione","Salute e benessere"],"inLanguage":"it-IT","potentialAction":[{"@type":"CommentAction","name":"Comment","target":["https:\/\/www.article-marketing.eu\/comunicatistampa\/piperina-e-curcuma-la-combo-perfetta-per-la-salute\/#respond"]}]},{"@type":"WebPage","@id":"https:\/\/www.article-marketing.eu\/comunicatistampa\/piperina-e-curcuma-la-combo-perfetta-per-la-salute\/","url":"https:\/\/www.article-marketing.eu\/comunicatistampa\/piperina-e-curcuma-la-combo-perfetta-per-la-salute\/","name":"Piperina e Curcuma: La combo perfetta per la salute - Article Marketing","isPartOf":{"@id":"https:\/\/www.article-marketing.eu\/comunicatistampa\/#website"},"datePublished":"2020-04-24T17:01:23+00:00","author":{"@id":"https:\/\/www.article-marketing.eu\/comunicatistampa\/#\/schema\/person\/35ba9686650a1314bd4b3fc8273c9112"},"description":"Al fine di potenziare le propriet\u00e0 terapeutiche curcuma e piperina possono essere combinate con il pepe nero. Scopri la forza di questa combo","breadcrumb":{"@id":"https:\/\/www.article-marketing.eu\/comunicatistampa\/piperina-e-curcuma-la-combo-perfetta-per-la-salute\/#breadcrumb"},"inLanguage":"it-IT","potentialAction":[{"@type":"ReadAction","target":["https:\/\/www.article-marketing.eu\/comunicatistampa\/piperina-e-curcuma-la-combo-perfetta-per-la-salute\/"]}]},{"@type":"BreadcrumbList","@id":"https:\/\/www.article-marketing.eu\/comunicatistampa\/piperina-e-curcuma-la-combo-perfetta-per-la-salute\/#breadcrumb","itemListElement":[{"@type":"ListItem","position":1,"name":"Home","item":"https:\/\/www.article-marketing.eu\/comunicatistampa\/"},{"@type":"ListItem","position":2,"name":"Piperina e Curcuma: La combo perfetta per la salute"}]},{"@type":"WebSite","@id":"https:\/\/www.article-marketing.eu\/comunicatistampa\/#website","url":"https:\/\/www.article-marketing.eu\/comunicatistampa\/","name":"Article Marketing","description":"article marketing &amp; press release","potentialAction":[{"@type":"SearchAction","target":{"@type":"EntryPoint","urlTemplate":"https:\/\/www.article-marketing.eu\/comunicatistampa\/?s={search_term_string}"},"query-input":{"@type":"PropertyValueSpecification","valueRequired":true,"valueName":"search_term_string"}}],"inLanguage":"it-IT"},{"@type":"Person","@id":"https:\/\/www.article-marketing.eu\/comunicatistampa\/#\/schema\/person\/35ba9686650a1314bd4b3fc8273c9112","name":"Laura Baschi","image":{"@type":"ImageObject","inLanguage":"it-IT","@id":"https:\/\/secure.gravatar.com\/avatar\/fa614d05009f48e230f0b1af99c0e23c8aae23a3b00c58fa766f434fe87fdde1?s=96&d=mm&r=g","url":"https:\/\/secure.gravatar.com\/avatar\/fa614d05009f48e230f0b1af99c0e23c8aae23a3b00c58fa766f434fe87fdde1?s=96&d=mm&r=g","contentUrl":"https:\/\/secure.gravatar.com\/avatar\/fa614d05009f48e230f0b1af99c0e23c8aae23a3b00c58fa766f434fe87fdde1?s=96&d=mm&r=g","caption":"Laura Baschi"},"url":"https:\/\/www.article-marketing.eu\/comunicatistampa\/author\/laura-baschi\/"}]}},"_links":{"self":[{"href":"https:\/\/www.article-marketing.eu\/comunicatistampa\/wp-json\/wp\/v2\/posts\/14689","targetHints":{"allow":["GET"]}}],"collection":[{"href":"https:\/\/www.article-marketing.eu\/comunicatistampa\/wp-json\/wp\/v2\/posts"}],"about":[{"href":"https:\/\/www.article-marketing.eu\/comunicatistampa\/wp-json\/wp\/v2\/types\/post"}],"author":[{"embeddable":true,"href":"https:\/\/www.article-marketing.eu\/comunicatistampa\/wp-json\/wp\/v2\/users\/5719"}],"replies":[{"embeddable":true,"href":"https:\/\/www.article-marketing.eu\/comunicatistampa\/wp-json\/wp\/v2\/comments?post=14689"}],"version-history":[{"count":2,"href":"https:\/\/www.article-marketing.eu\/comunicatistampa\/wp-json\/wp\/v2\/posts\/14689\/revisions"}],"predecessor-version":[{"id":14691,"href":"https:\/\/www.article-marketing.eu\/comunicatistampa\/wp-json\/wp\/v2\/posts\/14689\/revisions\/14691"}],"wp:attachment":[{"href":"https:\/\/www.article-marketing.eu\/comunicatistampa\/wp-json\/wp\/v2\/media?parent=14689"}],"wp:term":[{"taxonomy":"category","embeddable":true,"href":"https:\/\/www.article-marketing.eu\/comunicatistampa\/wp-json\/wp\/v2\/categories?post=14689"},{"taxonomy":"post_tag","embeddable":true,"href":"https:\/\/www.article-marketing.eu\/comunicatistampa\/wp-json\/wp\/v2\/tags?post=14689"}],"curies":[{"name":"wp","href":"https:\/\/api.w.org\/{rel}","templated":true}]}}