{"id":1470,"date":"2017-03-23T19:48:30","date_gmt":"2017-03-23T18:48:30","guid":{"rendered":"http:\/\/www.article-marketing.eu\/comunicatistampa\/?p=1470"},"modified":"2017-03-23T19:48:30","modified_gmt":"2017-03-23T18:48:30","slug":"temporary-shop-retail-design","status":"publish","type":"post","link":"https:\/\/www.article-marketing.eu\/comunicatistampa\/temporary-shop-retail-design\/","title":{"rendered":"TEMPORARY SHOP &amp; RETAIL DESIGN"},"content":{"rendered":"<p><strong>Le nuove frontiere della <em>shopping experience<\/em> nel Corso organizzato da POLI.design<\/strong><\/p>\n<p><strong>Iscrizioni aperte<\/strong><\/p>\n<p><strong>Disponibili agevolazioni economiche alla frequenza<\/strong><\/p>\n<p><strong>\u00a0<\/strong><em>\u201cIl 2016 conferma la crescita costante del fenomeno del <strong>Temporary shop<\/strong>: il fatturato generato dagli store temporanei raggiunge la quota di 83,5 milioni di euro, <strong>in crescita del 7% rispetto al 2015<\/strong>.\u201d<\/em> (confcommerciomilano.it \u2013 02\/02\/2017)<\/p>\n<p>Il Corso di Alta Formazione in <strong>Temporary Shop &amp; Retail Design<\/strong>, organizzato da POLI.design, torna a <strong>maggio 2017<\/strong> con la sua IV edizione proprio per <strong>indagare le dinamiche di mercato<\/strong> che hanno determinato l\u2019esplosione di <em>temporary shop<\/em>, <em>pop-up store<\/em> e <em>moving store<\/em>, al fine di <strong>generare concept di progettazione ancor pi\u00f9 innovativi<\/strong> e in linea con le tendenze internazionali.<\/p>\n<p>Nelle parole di Gianpietro Sacchi, Direttore del Corso, la <em>mission<\/em> del <em>designer<\/em> degli spazi temporanei: \u201c<em>Il temporary retail \u00e8 forse l\u2019ambito dove il progettista deve saper interpretare con maggior velocit\u00e0 e precisione le <strong>aspettative del brand<\/strong> e soddisfare i <strong>bisogni di coloro che frequenteranno quello spazio<\/strong> e che dovranno in pochissimo tempo diventare \u201cparte di una storia\u201d raccontata dal progetto\u201d.<\/em><\/p>\n<p>L\u2019approccio metodologico del Corso risponde a questa sfida integrando ad aspetti tecnici relativi alla <strong>progettazione, <\/strong>quali impiego dei materiali, illuminotecnica, scelta degli arredi, la pianificazione di <strong>strategie di comunicazione, budget e business plan<\/strong> a supporto.<\/p>\n<p>In quest\u2019ottica i progettisti saranno coinvolti in due diverse fasi di didattica: la prima prevede interventi di <strong>architetti<\/strong>, <strong>esperti di marketing<\/strong>, <strong>scenografi<\/strong>, <strong>lighting designer <\/strong>tra i pi\u00f9 quotati del settore.<\/p>\n<p>Nella seconda parte le conoscenze acquisite troveranno risvolto pratico nel <strong><em>project work<\/em><\/strong> durante il quale si svilupper\u00e0<strong> un progetto reale basato su un <em>brief<\/em> specifico<\/strong>. Un approccio fortemente pratico che negli anni ha stimolato sinergie tra i partecipanti e talvolta la <strong>nascita di nuove collaborazioni professionali<\/strong>.<\/p>\n<p>Un mix di teoria e pratica garantito anche dalla <em>partnership<\/em> tra la componente universitaria e il mondo delle aziende e delle professioni.<\/p>\n<p>Forte del successo ottenuto durante le tre edizioni precedenti, il Corso svolto in collaborazione con <strong>Assotemporary<\/strong> pu\u00f2 vantare anche per questa IV edizione la presenza di <strong>Aziende Sponsor<\/strong> di livello quali <strong>DORNBRACHT, FLORIM, CEDIT, ALAPE, \u00c9LITIS<\/strong> e di <strong>WHAT A SPACE <\/strong>e<strong> ON House Milano <\/strong>in qualit\u00e0 di<strong> Partner tecnici.<\/strong><\/p>\n<p><strong>Le iscrizioni sono aperte<\/strong>, <strong>sono previste agevolazioni economiche alla frequenza<\/strong>.<\/p>\n<p>La quarta edizione del corso inizier\u00e0 l\u20198 maggio 2017 e si concluder\u00e0 il 26 maggio 2017, con una frequenza di otto ore giornaliere. In base alla propria disponibilit\u00e0 di tempo, agli interessi professionali e alle conoscenze dei programmi di progettazione, <strong>i candidati<\/strong> <strong>possono scegliere se partecipare alle lezioni teoriche pi\u00f9 il project work<\/strong> finale, <strong>oppure alle sole lezioni teoriche<\/strong>, comunicando la propria preferenza all&#8217;Ufficio Formazione all&#8217;atto dell&#8217;iscrizione.<\/p>\n<p>Al fine di garantire il pi\u00f9 possibile il completamento della formazione, viene riconosciuta ai partecipanti la possibilit\u00e0 di <strong>iscriversi congiuntamente a pi\u00f9 percorsi formativi con le seguenti formule<\/strong>:<\/p>\n<ul>\n<li><strong>Corso Temporary Shop &amp; Retail Design<\/strong> a Euro 400,00 + IVA (anzich\u00e9 Euro 800,00 + IVA).<\/li>\n<li><strong>Corso Hotel Design Solutions<\/strong> a Euro 800,00 + IVA (anzich\u00e9 Euro 1000,00 + IVA).<\/li>\n<\/ul>\n<p>L\u2019iniziativa \u00e8 valida fino al 03\/05\/2017. Potranno usufruire di tale iniziativa coloro che formalizzeranno la propria iscrizione ai due corsi effettuando il pagamento delle due rate entro il <strong>03\/05\/2017<\/strong>.<\/p>\n<p><strong>Per ulteriori informazioni<\/strong> si prega di contattare l\u2019Ufficio Formazione POLI.design, email <a href=\"mailto:formazione@polidesign.net\">formazione@polidesign.net<\/a>, Tel. (+39) 02 2399 7275.<\/p>\n<p>&nbsp;<\/p>\n<p><strong>Press Contact<\/strong><\/p>\n<p><strong>Ufficio Comunicazione POLI.design<\/strong><\/p>\n<p>Tel. (+39) 02 2399 7201<\/p>\n<p>Mail: <a href=\"mailto:comunicazione@polidesign.net\">comunicazione@polidesign.net<\/a><\/p>\n<p>&nbsp;<\/p>\n","protected":false},"excerpt":{"rendered":"<p>Le nuove frontiere della shopping experience nel Corso organizzato da POLI.design Iscrizioni aperte Disponibili agevolazioni economiche alla frequenza \u00a0\u201cIl 2016 conferma la crescita costante del fenomeno del Temporary shop: il fatturato generato dagli store temporanei raggiunge la quota di 83,5 milioni di euro, in crescita del 7% rispetto al 2015.\u201d (confcommerciomilano.it \u2013 02\/02\/2017) Il Corso di Alta Formazione in Temporary Shop &amp; Retail Design, organizzato da POLI.design, torna a maggio<\/p>\n<p><a class=\"continue-reading\" href=\"https:\/\/www.article-marketing.eu\/comunicatistampa\/temporary-shop-retail-design\/\">Continue reading&#8230;<\/a><\/p>\n","protected":false},"author":18,"featured_media":0,"comment_status":"open","ping_status":"open","sticky":false,"template":"","format":"standard","meta":{"_monsterinsights_skip_tracking":false,"_monsterinsights_sitenote_active":false,"_monsterinsights_sitenote_note":"","_monsterinsights_sitenote_category":0,"footnotes":""},"categories":[78,379,378],"tags":[814,824,822,823,813,821,811,815,812,817,524,820,818,819,816],"class_list":["post-1470","post","type-post","status-publish","format-standard","hentry","category-comunicati-stampa","category-corsi","category-istruzione","tag-alape","tag-assotemporary","tag-budget","tag-business-plan","tag-cedit","tag-comunicazione","tag-dornbracht","tag-elitis","tag-florim","tag-on-house-milano","tag-poli-design","tag-pop-up-store-e-moving-store","tag-shopping-experience","tag-temporary-shop","tag-what-a-space"],"yoast_head":"<!-- This site is optimized with the Yoast SEO plugin v27.3 - https:\/\/yoast.com\/product\/yoast-seo-wordpress\/ -->\n<title>TEMPORARY SHOP &amp; RETAIL DESIGN - Article Marketing<\/title>\n<meta name=\"robots\" content=\"index, follow, max-snippet:-1, max-image-preview:large, max-video-preview:-1\" \/>\n<link rel=\"canonical\" href=\"https:\/\/www.article-marketing.eu\/comunicatistampa\/temporary-shop-retail-design\/\" \/>\n<meta property=\"og:locale\" content=\"it_IT\" \/>\n<meta property=\"og:type\" content=\"article\" \/>\n<meta property=\"og:title\" content=\"TEMPORARY SHOP &amp; RETAIL DESIGN - Article Marketing\" \/>\n<meta property=\"og:description\" content=\"Le nuove frontiere della shopping experience nel Corso organizzato da POLI.design Iscrizioni aperte Disponibili agevolazioni economiche alla frequenza \u00a0\u201cIl 2016 conferma la crescita costante del fenomeno del Temporary shop: il fatturato generato dagli store temporanei raggiunge la quota di 83,5 milioni di euro, in crescita del 7% rispetto al 2015.\u201d (confcommerciomilano.it \u2013 02\/02\/2017) Il Corso di Alta Formazione in Temporary Shop &amp; Retail Design, organizzato da POLI.design, torna a maggioContinue reading...\" \/>\n<meta property=\"og:url\" content=\"https:\/\/www.article-marketing.eu\/comunicatistampa\/temporary-shop-retail-design\/\" \/>\n<meta property=\"og:site_name\" content=\"Article Marketing\" \/>\n<meta property=\"article:published_time\" content=\"2017-03-23T18:48:30+00:00\" \/>\n<meta name=\"author\" content=\"POLI.design\" \/>\n<meta name=\"twitter:card\" content=\"summary_large_image\" \/>\n<meta name=\"twitter:label1\" content=\"Scritto da\" \/>\n\t<meta name=\"twitter:data1\" content=\"POLI.design\" \/>\n\t<meta name=\"twitter:label2\" content=\"Tempo di lettura stimato\" \/>\n\t<meta name=\"twitter:data2\" content=\"3 minuti\" \/>\n<script type=\"application\/ld+json\" class=\"yoast-schema-graph\">{\"@context\":\"https:\\\/\\\/schema.org\",\"@graph\":[{\"@type\":\"Article\",\"@id\":\"https:\\\/\\\/www.article-marketing.eu\\\/comunicatistampa\\\/temporary-shop-retail-design\\\/#article\",\"isPartOf\":{\"@id\":\"https:\\\/\\\/www.article-marketing.eu\\\/comunicatistampa\\\/temporary-shop-retail-design\\\/\"},\"author\":{\"name\":\"POLI.design\",\"@id\":\"https:\\\/\\\/www.article-marketing.eu\\\/comunicatistampa\\\/#\\\/schema\\\/person\\\/146a6885c81198281a9e0ba0035b8e2d\"},\"headline\":\"TEMPORARY SHOP &amp; RETAIL DESIGN\",\"datePublished\":\"2017-03-23T18:48:30+00:00\",\"mainEntityOfPage\":{\"@id\":\"https:\\\/\\\/www.article-marketing.eu\\\/comunicatistampa\\\/temporary-shop-retail-design\\\/\"},\"wordCount\":540,\"commentCount\":0,\"keywords\":[\"ALAPE\",\"Assotemporary\",\"budget\",\"business plan\",\"CEDIT\",\"comunicazione\",\"DORNBRACHT\",\"\u00c9LITIS\",\"FLORIM\",\"ON House Milano\",\"POLI.design\",\"pop-up store e moving store\",\"shopping experience\",\"temporary shop\",\"WHAT A SPACE\"],\"articleSection\":[\"Comunicati stampa\",\"Corsi\",\"Istruzione\"],\"inLanguage\":\"it-IT\",\"potentialAction\":[{\"@type\":\"CommentAction\",\"name\":\"Comment\",\"target\":[\"https:\\\/\\\/www.article-marketing.eu\\\/comunicatistampa\\\/temporary-shop-retail-design\\\/#respond\"]}]},{\"@type\":\"WebPage\",\"@id\":\"https:\\\/\\\/www.article-marketing.eu\\\/comunicatistampa\\\/temporary-shop-retail-design\\\/\",\"url\":\"https:\\\/\\\/www.article-marketing.eu\\\/comunicatistampa\\\/temporary-shop-retail-design\\\/\",\"name\":\"TEMPORARY SHOP &amp; RETAIL DESIGN - Article Marketing\",\"isPartOf\":{\"@id\":\"https:\\\/\\\/www.article-marketing.eu\\\/comunicatistampa\\\/#website\"},\"datePublished\":\"2017-03-23T18:48:30+00:00\",\"author\":{\"@id\":\"https:\\\/\\\/www.article-marketing.eu\\\/comunicatistampa\\\/#\\\/schema\\\/person\\\/146a6885c81198281a9e0ba0035b8e2d\"},\"breadcrumb\":{\"@id\":\"https:\\\/\\\/www.article-marketing.eu\\\/comunicatistampa\\\/temporary-shop-retail-design\\\/#breadcrumb\"},\"inLanguage\":\"it-IT\",\"potentialAction\":[{\"@type\":\"ReadAction\",\"target\":[\"https:\\\/\\\/www.article-marketing.eu\\\/comunicatistampa\\\/temporary-shop-retail-design\\\/\"]}]},{\"@type\":\"BreadcrumbList\",\"@id\":\"https:\\\/\\\/www.article-marketing.eu\\\/comunicatistampa\\\/temporary-shop-retail-design\\\/#breadcrumb\",\"itemListElement\":[{\"@type\":\"ListItem\",\"position\":1,\"name\":\"Home\",\"item\":\"https:\\\/\\\/www.article-marketing.eu\\\/comunicatistampa\\\/\"},{\"@type\":\"ListItem\",\"position\":2,\"name\":\"TEMPORARY SHOP &amp; RETAIL DESIGN\"}]},{\"@type\":\"WebSite\",\"@id\":\"https:\\\/\\\/www.article-marketing.eu\\\/comunicatistampa\\\/#website\",\"url\":\"https:\\\/\\\/www.article-marketing.eu\\\/comunicatistampa\\\/\",\"name\":\"Article Marketing\",\"description\":\"article marketing &amp; press release\",\"potentialAction\":[{\"@type\":\"SearchAction\",\"target\":{\"@type\":\"EntryPoint\",\"urlTemplate\":\"https:\\\/\\\/www.article-marketing.eu\\\/comunicatistampa\\\/?s={search_term_string}\"},\"query-input\":{\"@type\":\"PropertyValueSpecification\",\"valueRequired\":true,\"valueName\":\"search_term_string\"}}],\"inLanguage\":\"it-IT\"},{\"@type\":\"Person\",\"@id\":\"https:\\\/\\\/www.article-marketing.eu\\\/comunicatistampa\\\/#\\\/schema\\\/person\\\/146a6885c81198281a9e0ba0035b8e2d\",\"name\":\"POLI.design\",\"image\":{\"@type\":\"ImageObject\",\"inLanguage\":\"it-IT\",\"@id\":\"https:\\\/\\\/secure.gravatar.com\\\/avatar\\\/87f7987dbfa674c5dd5f9fa3495ce312cba20aa6ee3f9f6df08061703fd5b3c2?s=96&d=mm&r=g\",\"url\":\"https:\\\/\\\/secure.gravatar.com\\\/avatar\\\/87f7987dbfa674c5dd5f9fa3495ce312cba20aa6ee3f9f6df08061703fd5b3c2?s=96&d=mm&r=g\",\"contentUrl\":\"https:\\\/\\\/secure.gravatar.com\\\/avatar\\\/87f7987dbfa674c5dd5f9fa3495ce312cba20aa6ee3f9f6df08061703fd5b3c2?s=96&d=mm&r=g\",\"caption\":\"POLI.design\"},\"url\":\"https:\\\/\\\/www.article-marketing.eu\\\/comunicatistampa\\\/author\\\/poli-design\\\/\"}]}<\/script>\n<!-- \/ Yoast SEO plugin. -->","yoast_head_json":{"title":"TEMPORARY SHOP &amp; RETAIL DESIGN - Article Marketing","robots":{"index":"index","follow":"follow","max-snippet":"max-snippet:-1","max-image-preview":"max-image-preview:large","max-video-preview":"max-video-preview:-1"},"canonical":"https:\/\/www.article-marketing.eu\/comunicatistampa\/temporary-shop-retail-design\/","og_locale":"it_IT","og_type":"article","og_title":"TEMPORARY SHOP &amp; RETAIL DESIGN - Article Marketing","og_description":"Le nuove frontiere della shopping experience nel Corso organizzato da POLI.design Iscrizioni aperte Disponibili agevolazioni economiche alla frequenza \u00a0\u201cIl 2016 conferma la crescita costante del fenomeno del Temporary shop: il fatturato generato dagli store temporanei raggiunge la quota di 83,5 milioni di euro, in crescita del 7% rispetto al 2015.\u201d (confcommerciomilano.it \u2013 02\/02\/2017) Il Corso di Alta Formazione in Temporary Shop &amp; Retail Design, organizzato da POLI.design, torna a maggioContinue reading...","og_url":"https:\/\/www.article-marketing.eu\/comunicatistampa\/temporary-shop-retail-design\/","og_site_name":"Article Marketing","article_published_time":"2017-03-23T18:48:30+00:00","author":"POLI.design","twitter_card":"summary_large_image","twitter_misc":{"Scritto da":"POLI.design","Tempo di lettura stimato":"3 minuti"},"schema":{"@context":"https:\/\/schema.org","@graph":[{"@type":"Article","@id":"https:\/\/www.article-marketing.eu\/comunicatistampa\/temporary-shop-retail-design\/#article","isPartOf":{"@id":"https:\/\/www.article-marketing.eu\/comunicatistampa\/temporary-shop-retail-design\/"},"author":{"name":"POLI.design","@id":"https:\/\/www.article-marketing.eu\/comunicatistampa\/#\/schema\/person\/146a6885c81198281a9e0ba0035b8e2d"},"headline":"TEMPORARY SHOP &amp; RETAIL DESIGN","datePublished":"2017-03-23T18:48:30+00:00","mainEntityOfPage":{"@id":"https:\/\/www.article-marketing.eu\/comunicatistampa\/temporary-shop-retail-design\/"},"wordCount":540,"commentCount":0,"keywords":["ALAPE","Assotemporary","budget","business plan","CEDIT","comunicazione","DORNBRACHT","\u00c9LITIS","FLORIM","ON House Milano","POLI.design","pop-up store e moving store","shopping experience","temporary shop","WHAT A SPACE"],"articleSection":["Comunicati stampa","Corsi","Istruzione"],"inLanguage":"it-IT","potentialAction":[{"@type":"CommentAction","name":"Comment","target":["https:\/\/www.article-marketing.eu\/comunicatistampa\/temporary-shop-retail-design\/#respond"]}]},{"@type":"WebPage","@id":"https:\/\/www.article-marketing.eu\/comunicatistampa\/temporary-shop-retail-design\/","url":"https:\/\/www.article-marketing.eu\/comunicatistampa\/temporary-shop-retail-design\/","name":"TEMPORARY SHOP &amp; RETAIL DESIGN - Article Marketing","isPartOf":{"@id":"https:\/\/www.article-marketing.eu\/comunicatistampa\/#website"},"datePublished":"2017-03-23T18:48:30+00:00","author":{"@id":"https:\/\/www.article-marketing.eu\/comunicatistampa\/#\/schema\/person\/146a6885c81198281a9e0ba0035b8e2d"},"breadcrumb":{"@id":"https:\/\/www.article-marketing.eu\/comunicatistampa\/temporary-shop-retail-design\/#breadcrumb"},"inLanguage":"it-IT","potentialAction":[{"@type":"ReadAction","target":["https:\/\/www.article-marketing.eu\/comunicatistampa\/temporary-shop-retail-design\/"]}]},{"@type":"BreadcrumbList","@id":"https:\/\/www.article-marketing.eu\/comunicatistampa\/temporary-shop-retail-design\/#breadcrumb","itemListElement":[{"@type":"ListItem","position":1,"name":"Home","item":"https:\/\/www.article-marketing.eu\/comunicatistampa\/"},{"@type":"ListItem","position":2,"name":"TEMPORARY SHOP &amp; RETAIL DESIGN"}]},{"@type":"WebSite","@id":"https:\/\/www.article-marketing.eu\/comunicatistampa\/#website","url":"https:\/\/www.article-marketing.eu\/comunicatistampa\/","name":"Article Marketing","description":"article marketing &amp; press release","potentialAction":[{"@type":"SearchAction","target":{"@type":"EntryPoint","urlTemplate":"https:\/\/www.article-marketing.eu\/comunicatistampa\/?s={search_term_string}"},"query-input":{"@type":"PropertyValueSpecification","valueRequired":true,"valueName":"search_term_string"}}],"inLanguage":"it-IT"},{"@type":"Person","@id":"https:\/\/www.article-marketing.eu\/comunicatistampa\/#\/schema\/person\/146a6885c81198281a9e0ba0035b8e2d","name":"POLI.design","image":{"@type":"ImageObject","inLanguage":"it-IT","@id":"https:\/\/secure.gravatar.com\/avatar\/87f7987dbfa674c5dd5f9fa3495ce312cba20aa6ee3f9f6df08061703fd5b3c2?s=96&d=mm&r=g","url":"https:\/\/secure.gravatar.com\/avatar\/87f7987dbfa674c5dd5f9fa3495ce312cba20aa6ee3f9f6df08061703fd5b3c2?s=96&d=mm&r=g","contentUrl":"https:\/\/secure.gravatar.com\/avatar\/87f7987dbfa674c5dd5f9fa3495ce312cba20aa6ee3f9f6df08061703fd5b3c2?s=96&d=mm&r=g","caption":"POLI.design"},"url":"https:\/\/www.article-marketing.eu\/comunicatistampa\/author\/poli-design\/"}]}},"_links":{"self":[{"href":"https:\/\/www.article-marketing.eu\/comunicatistampa\/wp-json\/wp\/v2\/posts\/1470","targetHints":{"allow":["GET"]}}],"collection":[{"href":"https:\/\/www.article-marketing.eu\/comunicatistampa\/wp-json\/wp\/v2\/posts"}],"about":[{"href":"https:\/\/www.article-marketing.eu\/comunicatistampa\/wp-json\/wp\/v2\/types\/post"}],"author":[{"embeddable":true,"href":"https:\/\/www.article-marketing.eu\/comunicatistampa\/wp-json\/wp\/v2\/users\/18"}],"replies":[{"embeddable":true,"href":"https:\/\/www.article-marketing.eu\/comunicatistampa\/wp-json\/wp\/v2\/comments?post=1470"}],"version-history":[{"count":2,"href":"https:\/\/www.article-marketing.eu\/comunicatistampa\/wp-json\/wp\/v2\/posts\/1470\/revisions"}],"predecessor-version":[{"id":1487,"href":"https:\/\/www.article-marketing.eu\/comunicatistampa\/wp-json\/wp\/v2\/posts\/1470\/revisions\/1487"}],"wp:attachment":[{"href":"https:\/\/www.article-marketing.eu\/comunicatistampa\/wp-json\/wp\/v2\/media?parent=1470"}],"wp:term":[{"taxonomy":"category","embeddable":true,"href":"https:\/\/www.article-marketing.eu\/comunicatistampa\/wp-json\/wp\/v2\/categories?post=1470"},{"taxonomy":"post_tag","embeddable":true,"href":"https:\/\/www.article-marketing.eu\/comunicatistampa\/wp-json\/wp\/v2\/tags?post=1470"}],"curies":[{"name":"wp","href":"https:\/\/api.w.org\/{rel}","templated":true}]}}