{"id":14731,"date":"2020-04-29T19:45:03","date_gmt":"2020-04-29T17:45:03","guid":{"rendered":"https:\/\/www.article-marketing.eu\/comunicatistampa\/?p=14731"},"modified":"2020-04-29T19:45:03","modified_gmt":"2020-04-29T17:45:03","slug":"obbligo-di-aggiornamento-del-dvr-e-della-formazione-obbligatoria","status":"publish","type":"post","link":"https:\/\/www.article-marketing.eu\/comunicatistampa\/obbligo-di-aggiornamento-del-dvr-e-della-formazione-obbligatoria\/","title":{"rendered":"Obbligo di aggiornamento del DVR e della formazione obbligatoria"},"content":{"rendered":"<p>Con l&#8217;attuale situazione di emergenza venutasi a creare con il virus CoVID-19, scopriamo, insieme all&#8217;esperto consulente in sicurezza sul lavoro <strong>Riccardo P.<\/strong> quali sono le mosse da adottare per redigere il <strong>documento di valutazione dei rischi<\/strong> (DVR).<!--more--><\/p>\n<h2>Devo aggiornare il DVR per il rischio da COVID-19?<\/h2>\n<p><strong>NO,<\/strong> la valutazione e la gestione di un rischio biologico generale che trascende la singola Azienda e che minaccia la salute pubblica spettano alle Pubbliche Autorit\u00e0 \u2013 le uniche a ci\u00f2 deputate e in possesso dei necessari strumenti istituzionali e scientifici; tocca a queste ultime indicare le misure di prevenzione necessarie.<\/p>\n<p>Il DdL non ha n\u00e9 possibilit\u00e0 n\u00e9 capacit\u00e0 di fare tale valutazione, ma deve attuare al meglio e secondo le modalit\u00e0 pi\u00f9 consone nella propria azienda (e dimostrare di averlo fatto in caso di controllo) tutte le \u201cmisure per il contrasto e la diffusione del CoViD \u2013 19\u201d dettagliate elencate nel \u201cProtocollo condiviso di regolamentazione delle misure per il contrasto e il contenimento della diffusione del virus COVID-19 negli ambienti di lavoro\u201d, del 14 marzo 2020\u00a0 tra Governo e parti sociali\u201d senza rielencarle come appendice o come integrazione del DVR.<\/p>\n<p>Deve quindi limitarsi all\u2019attuazione coscienziosa e responsabile delle misure che le Autorit\u00e0 competenti hanno imposto, assicurando che tutto il personale le rispetti, regolamentandone le attivit\u00e0 svolte in una prospettiva di coinvolgimento e di adeguamento alle indicazioni emanate a livello nazionale.<\/p>\n<p><strong>N.B. <\/strong>La <strong>revisione\/integrazione del DVR diviene per\u00f2 necessaria<\/strong>, coinvolgendo tutte le figure aventi titolo, allorch\u00e9 a seguito dell\u2019adozione di tali misure, o in conseguenze di scelte di mercato, si abbiano cambiamenti significativi nell\u2019organizzazione del lavoro o dei processi produttivi, o nelle procedure di lavoro presenti o nell\u2019utilizzo di macchine, sostanze ecc. <em>Il che \u00e8 poi quanto dice l\u2019art. 29 comma 3 del D.Lgs 81\/2008.<\/em><\/p>\n<p>Ci\u00f2 pu\u00f2 avvenire, ad es., in caso di riduzione del personale all\u2019interno di un\u2019area o reparto in maniera da rispettare sempre la distanza di sicurezza o nel caso di riorganizzazione o di modifica\/riconversione del ciclo produttivo.<\/p>\n<p>Qualche esempio volutamente banalizzato: se una azienda riduce la propria produzione e fa turnare il proprio personale e, di conseguenza, in un reparto prima presidiato da due o pi\u00f9 dipendenti, uno solo resta presente nel turno, nasce un rischio prima non valutato, quello del lavoro in solitario, che deve essere valutato nell&#8217; <a href=\"https:\/\/www.gruppoerrepisrl.com\/consulenza\/sicurezza-del-lavoro.html\" target=\"_blank\" rel=\"noopener noreferrer\">aggiornamento del DVR<\/a> precedente..<\/p>\n<p>Allo stesso modo, se una azienda di tendaggi e tovaglieria converte il proprio ciclo produttivo sulla fabbricazione di maschere acquisendo nuove macchine, nuovi materiali con eventuali modifiche di mansioni ecc., il precedente DVR va aggiornato: idem dicasi per una azienda che fabbrica detersivi e che si mette a produrre anche disinfettanti idroalcolici. In quest\u2019ultimo caso non solo il DVR andrebbe integrato, ma potrebbero sorgere altri adempimenti collaterali da considerare, ad es. la verifica del CPI.<\/p>\n<h2>Devo aggiornare la mia formazione obbligatoria da poco scaduta o in scadenza?<\/h2>\n<p>NO:\u00a0 ll \u201cProtocollo condiviso\u201d sopra citato, stabilisce che\u00a0\u201cIl mancato completamento dell\u2019aggiornamento della formazione professionale e\/o abilitante entro i termini previsti\u00a0per tutti i ruoli\/funzioni aziendali in materia di salute e sicurezza nei luoghi di lavoro, dovuto all\u2019emergenza in corso e quindi per causa di forza maggiore,\u00a0non comporta l\u2019impossibilit\u00e0 a continuare lo svolgimento dello specifico ruolo\/funzione\u00a0(ad es. l\u2019addetto antincendio o al primo soccorso possono continuare ad intervenire se richiesto; il carrellista pu\u00f2 continuare a condurre il muletto, il RLS pu\u00f2 continuare a svolgere attivamente il proprio ruolo).<\/p>\n<p>L\u2019aggiornamento del DVR dovr\u00e0 essere prontamente completato una volta ripristinate le ordinarie attivit\u00e0 formative nelle forme indicate dalla normativa vigente.<\/p>\n<p>Attenzione che tale tolleranza non riguarda il completamento della formazione iniziale o di base; l\u2019operatore privo di tale formazione di base non pu\u00f2 assolutamente essere adibito al ruolo cui la tale formazione obbligatoria e\/o abilitante si riferisce.<\/p>\n","protected":false},"excerpt":{"rendered":"<p>Con l&#8217;attuale situazione di emergenza venutasi a creare con il virus CoVID-19, scopriamo, insieme all&#8217;esperto consulente in sicurezza sul lavoro Riccardo P. quali sono le mosse da adottare per redigere il documento di valutazione dei rischi (DVR).<\/p>\n","protected":false},"author":20,"featured_media":0,"comment_status":"open","ping_status":"open","sticky":false,"template":"","format":"standard","meta":{"_monsterinsights_skip_tracking":false,"_monsterinsights_sitenote_active":false,"_monsterinsights_sitenote_note":"","_monsterinsights_sitenote_category":0,"footnotes":""},"categories":[78],"tags":[6049,6146,1538],"class_list":["post-14731","post","type-post","status-publish","format-standard","hentry","category-comunicati-stampa","tag-covid-19","tag-documento-valutazione-dei-rischi","tag-sicurezza-sul-lavoro"],"yoast_head":"<!-- This site is optimized with the Yoast SEO plugin v27.3 - https:\/\/yoast.com\/product\/yoast-seo-wordpress\/ -->\n<title>Obbligo di aggiornamento del DVR e della formazione obbligatoria - Article Marketing<\/title>\n<meta name=\"description\" content=\"Le domande pi\u00f9 frequenti per la gestione del nostro DVR in concomitanza con l&#039;emergenza CoViD-19 per garantire la sicurezza del nostro ambiente lavorativo.\" \/>\n<meta name=\"robots\" content=\"index, follow, max-snippet:-1, max-image-preview:large, max-video-preview:-1\" \/>\n<link rel=\"canonical\" href=\"https:\/\/www.article-marketing.eu\/comunicatistampa\/obbligo-di-aggiornamento-del-dvr-e-della-formazione-obbligatoria\/\" \/>\n<meta property=\"og:locale\" content=\"it_IT\" \/>\n<meta property=\"og:type\" content=\"article\" \/>\n<meta property=\"og:title\" content=\"Obbligo di aggiornamento del DVR e della formazione obbligatoria - Article Marketing\" \/>\n<meta property=\"og:description\" content=\"Le domande pi\u00f9 frequenti per la gestione del nostro DVR in concomitanza con l&#039;emergenza CoViD-19 per garantire la sicurezza del nostro ambiente lavorativo.\" \/>\n<meta property=\"og:url\" content=\"https:\/\/www.article-marketing.eu\/comunicatistampa\/obbligo-di-aggiornamento-del-dvr-e-della-formazione-obbligatoria\/\" \/>\n<meta property=\"og:site_name\" content=\"Article Marketing\" \/>\n<meta property=\"article:published_time\" content=\"2020-04-29T17:45:03+00:00\" \/>\n<meta name=\"author\" content=\"ictadmin\" \/>\n<meta name=\"twitter:card\" content=\"summary_large_image\" \/>\n<meta name=\"twitter:label1\" content=\"Scritto da\" \/>\n\t<meta name=\"twitter:data1\" content=\"ictadmin\" \/>\n\t<meta name=\"twitter:label2\" content=\"Tempo di lettura stimato\" \/>\n\t<meta name=\"twitter:data2\" content=\"3 minuti\" \/>\n<script type=\"application\/ld+json\" class=\"yoast-schema-graph\">{\"@context\":\"https:\\\/\\\/schema.org\",\"@graph\":[{\"@type\":\"Article\",\"@id\":\"https:\\\/\\\/www.article-marketing.eu\\\/comunicatistampa\\\/obbligo-di-aggiornamento-del-dvr-e-della-formazione-obbligatoria\\\/#article\",\"isPartOf\":{\"@id\":\"https:\\\/\\\/www.article-marketing.eu\\\/comunicatistampa\\\/obbligo-di-aggiornamento-del-dvr-e-della-formazione-obbligatoria\\\/\"},\"author\":{\"name\":\"ictadmin\",\"@id\":\"https:\\\/\\\/www.article-marketing.eu\\\/comunicatistampa\\\/#\\\/schema\\\/person\\\/b3bcdff9e011a199a2a599263f766107\"},\"headline\":\"Obbligo di aggiornamento del DVR e della formazione obbligatoria\",\"datePublished\":\"2020-04-29T17:45:03+00:00\",\"mainEntityOfPage\":{\"@id\":\"https:\\\/\\\/www.article-marketing.eu\\\/comunicatistampa\\\/obbligo-di-aggiornamento-del-dvr-e-della-formazione-obbligatoria\\\/\"},\"wordCount\":638,\"commentCount\":0,\"keywords\":[\"COVID-19\",\"documento valutazione dei rischi\",\"sicurezza sul lavoro\"],\"articleSection\":[\"Comunicati stampa\"],\"inLanguage\":\"it-IT\",\"potentialAction\":[{\"@type\":\"CommentAction\",\"name\":\"Comment\",\"target\":[\"https:\\\/\\\/www.article-marketing.eu\\\/comunicatistampa\\\/obbligo-di-aggiornamento-del-dvr-e-della-formazione-obbligatoria\\\/#respond\"]}]},{\"@type\":\"WebPage\",\"@id\":\"https:\\\/\\\/www.article-marketing.eu\\\/comunicatistampa\\\/obbligo-di-aggiornamento-del-dvr-e-della-formazione-obbligatoria\\\/\",\"url\":\"https:\\\/\\\/www.article-marketing.eu\\\/comunicatistampa\\\/obbligo-di-aggiornamento-del-dvr-e-della-formazione-obbligatoria\\\/\",\"name\":\"Obbligo di aggiornamento del DVR e della formazione obbligatoria - Article Marketing\",\"isPartOf\":{\"@id\":\"https:\\\/\\\/www.article-marketing.eu\\\/comunicatistampa\\\/#website\"},\"datePublished\":\"2020-04-29T17:45:03+00:00\",\"author\":{\"@id\":\"https:\\\/\\\/www.article-marketing.eu\\\/comunicatistampa\\\/#\\\/schema\\\/person\\\/b3bcdff9e011a199a2a599263f766107\"},\"description\":\"Le domande pi\u00f9 frequenti per la gestione del nostro DVR in concomitanza con l'emergenza CoViD-19 per garantire la sicurezza del nostro ambiente lavorativo.\",\"breadcrumb\":{\"@id\":\"https:\\\/\\\/www.article-marketing.eu\\\/comunicatistampa\\\/obbligo-di-aggiornamento-del-dvr-e-della-formazione-obbligatoria\\\/#breadcrumb\"},\"inLanguage\":\"it-IT\",\"potentialAction\":[{\"@type\":\"ReadAction\",\"target\":[\"https:\\\/\\\/www.article-marketing.eu\\\/comunicatistampa\\\/obbligo-di-aggiornamento-del-dvr-e-della-formazione-obbligatoria\\\/\"]}]},{\"@type\":\"BreadcrumbList\",\"@id\":\"https:\\\/\\\/www.article-marketing.eu\\\/comunicatistampa\\\/obbligo-di-aggiornamento-del-dvr-e-della-formazione-obbligatoria\\\/#breadcrumb\",\"itemListElement\":[{\"@type\":\"ListItem\",\"position\":1,\"name\":\"Home\",\"item\":\"https:\\\/\\\/www.article-marketing.eu\\\/comunicatistampa\\\/\"},{\"@type\":\"ListItem\",\"position\":2,\"name\":\"Obbligo di aggiornamento del DVR e della formazione obbligatoria\"}]},{\"@type\":\"WebSite\",\"@id\":\"https:\\\/\\\/www.article-marketing.eu\\\/comunicatistampa\\\/#website\",\"url\":\"https:\\\/\\\/www.article-marketing.eu\\\/comunicatistampa\\\/\",\"name\":\"Article Marketing\",\"description\":\"article marketing &amp; press release\",\"potentialAction\":[{\"@type\":\"SearchAction\",\"target\":{\"@type\":\"EntryPoint\",\"urlTemplate\":\"https:\\\/\\\/www.article-marketing.eu\\\/comunicatistampa\\\/?s={search_term_string}\"},\"query-input\":{\"@type\":\"PropertyValueSpecification\",\"valueRequired\":true,\"valueName\":\"search_term_string\"}}],\"inLanguage\":\"it-IT\"},{\"@type\":\"Person\",\"@id\":\"https:\\\/\\\/www.article-marketing.eu\\\/comunicatistampa\\\/#\\\/schema\\\/person\\\/b3bcdff9e011a199a2a599263f766107\",\"name\":\"ictadmin\",\"image\":{\"@type\":\"ImageObject\",\"inLanguage\":\"it-IT\",\"@id\":\"https:\\\/\\\/secure.gravatar.com\\\/avatar\\\/4781f1aabadd09b0a8a9ebb8a05baf20204aa27c12ab5ca92f17e612775150e9?s=96&d=mm&r=g\",\"url\":\"https:\\\/\\\/secure.gravatar.com\\\/avatar\\\/4781f1aabadd09b0a8a9ebb8a05baf20204aa27c12ab5ca92f17e612775150e9?s=96&d=mm&r=g\",\"contentUrl\":\"https:\\\/\\\/secure.gravatar.com\\\/avatar\\\/4781f1aabadd09b0a8a9ebb8a05baf20204aa27c12ab5ca92f17e612775150e9?s=96&d=mm&r=g\",\"caption\":\"ictadmin\"},\"description\":\"IDRA TECNOLOGIE INFORMATICHE \u00e8 un Gruppo di consulenti con decennale esperienza, nei Servizi e nelle Soluzioni per il business in ambito Information &amp; Communication Technology (ICT). In particolare, il Gruppo si compone di tre segmenti operativi: Consulenza - progettazione, gestione e valorizzazione delle risorse ICT aziendali; Web - sviluppo siti web e soluzioni evolute per il posizionamento CRM - progettazione e implementazione di strategie per il customers relationship management\",\"sameAs\":[\"http:\\\/\\\/www.idratech.eu\\\/\"],\"url\":\"https:\\\/\\\/www.article-marketing.eu\\\/comunicatistampa\\\/author\\\/ictadmin\\\/\"}]}<\/script>\n<!-- \/ Yoast SEO plugin. -->","yoast_head_json":{"title":"Obbligo di aggiornamento del DVR e della formazione obbligatoria - Article Marketing","description":"Le domande pi\u00f9 frequenti per la gestione del nostro DVR in concomitanza con l'emergenza CoViD-19 per garantire la sicurezza del nostro ambiente lavorativo.","robots":{"index":"index","follow":"follow","max-snippet":"max-snippet:-1","max-image-preview":"max-image-preview:large","max-video-preview":"max-video-preview:-1"},"canonical":"https:\/\/www.article-marketing.eu\/comunicatistampa\/obbligo-di-aggiornamento-del-dvr-e-della-formazione-obbligatoria\/","og_locale":"it_IT","og_type":"article","og_title":"Obbligo di aggiornamento del DVR e della formazione obbligatoria - Article Marketing","og_description":"Le domande pi\u00f9 frequenti per la gestione del nostro DVR in concomitanza con l'emergenza CoViD-19 per garantire la sicurezza del nostro ambiente lavorativo.","og_url":"https:\/\/www.article-marketing.eu\/comunicatistampa\/obbligo-di-aggiornamento-del-dvr-e-della-formazione-obbligatoria\/","og_site_name":"Article Marketing","article_published_time":"2020-04-29T17:45:03+00:00","author":"ictadmin","twitter_card":"summary_large_image","twitter_misc":{"Scritto da":"ictadmin","Tempo di lettura stimato":"3 minuti"},"schema":{"@context":"https:\/\/schema.org","@graph":[{"@type":"Article","@id":"https:\/\/www.article-marketing.eu\/comunicatistampa\/obbligo-di-aggiornamento-del-dvr-e-della-formazione-obbligatoria\/#article","isPartOf":{"@id":"https:\/\/www.article-marketing.eu\/comunicatistampa\/obbligo-di-aggiornamento-del-dvr-e-della-formazione-obbligatoria\/"},"author":{"name":"ictadmin","@id":"https:\/\/www.article-marketing.eu\/comunicatistampa\/#\/schema\/person\/b3bcdff9e011a199a2a599263f766107"},"headline":"Obbligo di aggiornamento del DVR e della formazione obbligatoria","datePublished":"2020-04-29T17:45:03+00:00","mainEntityOfPage":{"@id":"https:\/\/www.article-marketing.eu\/comunicatistampa\/obbligo-di-aggiornamento-del-dvr-e-della-formazione-obbligatoria\/"},"wordCount":638,"commentCount":0,"keywords":["COVID-19","documento valutazione dei rischi","sicurezza sul lavoro"],"articleSection":["Comunicati stampa"],"inLanguage":"it-IT","potentialAction":[{"@type":"CommentAction","name":"Comment","target":["https:\/\/www.article-marketing.eu\/comunicatistampa\/obbligo-di-aggiornamento-del-dvr-e-della-formazione-obbligatoria\/#respond"]}]},{"@type":"WebPage","@id":"https:\/\/www.article-marketing.eu\/comunicatistampa\/obbligo-di-aggiornamento-del-dvr-e-della-formazione-obbligatoria\/","url":"https:\/\/www.article-marketing.eu\/comunicatistampa\/obbligo-di-aggiornamento-del-dvr-e-della-formazione-obbligatoria\/","name":"Obbligo di aggiornamento del DVR e della formazione obbligatoria - Article Marketing","isPartOf":{"@id":"https:\/\/www.article-marketing.eu\/comunicatistampa\/#website"},"datePublished":"2020-04-29T17:45:03+00:00","author":{"@id":"https:\/\/www.article-marketing.eu\/comunicatistampa\/#\/schema\/person\/b3bcdff9e011a199a2a599263f766107"},"description":"Le domande pi\u00f9 frequenti per la gestione del nostro DVR in concomitanza con l'emergenza CoViD-19 per garantire la sicurezza del nostro ambiente lavorativo.","breadcrumb":{"@id":"https:\/\/www.article-marketing.eu\/comunicatistampa\/obbligo-di-aggiornamento-del-dvr-e-della-formazione-obbligatoria\/#breadcrumb"},"inLanguage":"it-IT","potentialAction":[{"@type":"ReadAction","target":["https:\/\/www.article-marketing.eu\/comunicatistampa\/obbligo-di-aggiornamento-del-dvr-e-della-formazione-obbligatoria\/"]}]},{"@type":"BreadcrumbList","@id":"https:\/\/www.article-marketing.eu\/comunicatistampa\/obbligo-di-aggiornamento-del-dvr-e-della-formazione-obbligatoria\/#breadcrumb","itemListElement":[{"@type":"ListItem","position":1,"name":"Home","item":"https:\/\/www.article-marketing.eu\/comunicatistampa\/"},{"@type":"ListItem","position":2,"name":"Obbligo di aggiornamento del DVR e della formazione obbligatoria"}]},{"@type":"WebSite","@id":"https:\/\/www.article-marketing.eu\/comunicatistampa\/#website","url":"https:\/\/www.article-marketing.eu\/comunicatistampa\/","name":"Article Marketing","description":"article marketing &amp; press release","potentialAction":[{"@type":"SearchAction","target":{"@type":"EntryPoint","urlTemplate":"https:\/\/www.article-marketing.eu\/comunicatistampa\/?s={search_term_string}"},"query-input":{"@type":"PropertyValueSpecification","valueRequired":true,"valueName":"search_term_string"}}],"inLanguage":"it-IT"},{"@type":"Person","@id":"https:\/\/www.article-marketing.eu\/comunicatistampa\/#\/schema\/person\/b3bcdff9e011a199a2a599263f766107","name":"ictadmin","image":{"@type":"ImageObject","inLanguage":"it-IT","@id":"https:\/\/secure.gravatar.com\/avatar\/4781f1aabadd09b0a8a9ebb8a05baf20204aa27c12ab5ca92f17e612775150e9?s=96&d=mm&r=g","url":"https:\/\/secure.gravatar.com\/avatar\/4781f1aabadd09b0a8a9ebb8a05baf20204aa27c12ab5ca92f17e612775150e9?s=96&d=mm&r=g","contentUrl":"https:\/\/secure.gravatar.com\/avatar\/4781f1aabadd09b0a8a9ebb8a05baf20204aa27c12ab5ca92f17e612775150e9?s=96&d=mm&r=g","caption":"ictadmin"},"description":"IDRA TECNOLOGIE INFORMATICHE \u00e8 un Gruppo di consulenti con decennale esperienza, nei Servizi e nelle Soluzioni per il business in ambito Information &amp; Communication Technology (ICT). In particolare, il Gruppo si compone di tre segmenti operativi: Consulenza - progettazione, gestione e valorizzazione delle risorse ICT aziendali; Web - sviluppo siti web e soluzioni evolute per il posizionamento CRM - progettazione e implementazione di strategie per il customers relationship management","sameAs":["http:\/\/www.idratech.eu\/"],"url":"https:\/\/www.article-marketing.eu\/comunicatistampa\/author\/ictadmin\/"}]}},"_links":{"self":[{"href":"https:\/\/www.article-marketing.eu\/comunicatistampa\/wp-json\/wp\/v2\/posts\/14731","targetHints":{"allow":["GET"]}}],"collection":[{"href":"https:\/\/www.article-marketing.eu\/comunicatistampa\/wp-json\/wp\/v2\/posts"}],"about":[{"href":"https:\/\/www.article-marketing.eu\/comunicatistampa\/wp-json\/wp\/v2\/types\/post"}],"author":[{"embeddable":true,"href":"https:\/\/www.article-marketing.eu\/comunicatistampa\/wp-json\/wp\/v2\/users\/20"}],"replies":[{"embeddable":true,"href":"https:\/\/www.article-marketing.eu\/comunicatistampa\/wp-json\/wp\/v2\/comments?post=14731"}],"version-history":[{"count":2,"href":"https:\/\/www.article-marketing.eu\/comunicatistampa\/wp-json\/wp\/v2\/posts\/14731\/revisions"}],"predecessor-version":[{"id":14737,"href":"https:\/\/www.article-marketing.eu\/comunicatistampa\/wp-json\/wp\/v2\/posts\/14731\/revisions\/14737"}],"wp:attachment":[{"href":"https:\/\/www.article-marketing.eu\/comunicatistampa\/wp-json\/wp\/v2\/media?parent=14731"}],"wp:term":[{"taxonomy":"category","embeddable":true,"href":"https:\/\/www.article-marketing.eu\/comunicatistampa\/wp-json\/wp\/v2\/categories?post=14731"},{"taxonomy":"post_tag","embeddable":true,"href":"https:\/\/www.article-marketing.eu\/comunicatistampa\/wp-json\/wp\/v2\/tags?post=14731"}],"curies":[{"name":"wp","href":"https:\/\/api.w.org\/{rel}","templated":true}]}}