{"id":14764,"date":"2020-05-07T20:28:02","date_gmt":"2020-05-07T18:28:02","guid":{"rendered":"https:\/\/www.article-marketing.eu\/comunicatistampa\/?p=14764"},"modified":"2020-05-07T20:28:02","modified_gmt":"2020-05-07T18:28:02","slug":"videoconferenza-la-gestione-del-rischio-da-sars-cov2-e-la-fase-2","status":"publish","type":"post","link":"https:\/\/www.article-marketing.eu\/comunicatistampa\/videoconferenza-la-gestione-del-rischio-da-sars-cov2-e-la-fase-2\/","title":{"rendered":"Videoconferenza: la gestione del rischio da SARS-COV2 e la fase 2"},"content":{"rendered":"<h2>Comunicato Stampa<\/h2>\n<h2>Videoconferenza: la gestione del rischio da SARS-COV2 e la fase 2<\/h2>\n<p><strong><em>Il 15 e il 22 maggio 2020 un corso in videoconferenza permetter\u00e0 di individuare procedure\/comportamenti idonei alla gestione del rischio da SARS-COV2 durante la fase 2 di riapertura delle attivit\u00e0 aziendali.<\/em><\/strong><\/p>\n<p><strong><em>\u00a0<\/em><\/strong><\/p>\n<p>La situazione epidemiologica correlata alla diffusione del <strong>virus SARS-COV2<\/strong> si sta lentamente modificando ed \u00e8 stata inaugurata negli scorsi giorni, anticipata dal <strong>decreto del Presidente del Consiglio dei ministri<\/strong> <strong>del 26 aprile 2020<\/strong>, la cosiddetta fase 2 dell\u2019emergenza COVID-19.<\/p>\n<p>La nuova fase prevede dal 4 maggio non solo un allentamento del <em>lockdown<\/em>, la situazione di isolamento e di blocco che stiamo tutti vivendo in relazione all\u2019emergenza, ma anche la possibile riapertura di molte attivit\u00e0 lavorative.<\/p>\n<p>&nbsp;<\/p>\n<p><strong>La videoconferenza sulla gestione del rischio da SARS-COV2<\/strong><\/p>\n<p>Proprio per favorire una idonea conoscenza dell\u2019emergenza COVID-19 anche in relazione alla nuova fase epidemiologica, l\u2019<strong>Associazione Italiana Formatori ed Operatori della Sicurezza sul Lavoro<\/strong> (AiFOS) organizza il <strong>15<\/strong> e il <strong>22 maggio 2020<\/strong> un corso, suddiviso in due videoconferenze da 4 ore, dal titolo \u201c<strong>La gestione del rischio da SARS-COV2: la fase 2. Procedure, protocolli e gestione psicologica<\/strong>\u201d.<\/p>\n<p>&nbsp;<\/p>\n<p>Il corso, considerata l\u2019evoluzione dello scenario epidemiologico e il carattere particolarmente diffusivo dell\u2019epidemia di COVID-19, intende fornire spunti per la individuazione di apposite procedure\/modalit\u00e0 comportamentali da porre in essere al fine di garantire lo svolgimento delle attivit\u00e0 aziendali e nel contempo garantire la gestione della salute e della sicurezza dei lavoratori.<\/p>\n<p>&nbsp;<\/p>\n<p>I tre <strong>docenti<\/strong> del corso in videoconferenza:<\/p>\n<ul>\n<li><strong>Matteo Fadenti: <\/strong>tecnico della prevenzione negli ambienti e luoghi di lavoro, con specializzazione nell\u2019igiene e sicurezza alimentare, formatore e consulente<\/li>\n<li><strong>Carlo Zamponi:<\/strong> docente a contratto all\u2019Universit\u00e0 degli Studi dell\u2019Aquila, formatore in ambito sicurezza sul lavoro<\/li>\n<li><strong>Andrea Cirincione:<\/strong> Psicologo del lavoro e delle organizzazioni con esperienza pluriennale nel settore della sicurezza sul lavoro, formatore e consulente<\/li>\n<\/ul>\n<p><strong>\u00a0<\/strong><\/p>\n<p><strong>Il protocollo condiviso di regolamentazione per l\u2019emergenza COVID-19<\/strong><\/p>\n<p>Per le attivit\u00e0 che non risultano sospese il DPCM del 26 aprile 2020 richiede che siano rispettati i contenuti del \u201c<strong>Protocollo condiviso di regolamentazione delle misure per il contrasto e il contenimento della diffusione del virus Covid-19 negli ambienti di lavoro<\/strong>\u201d un protocollo firmato il 14 marzo e aggiornato il 24 aprile.<\/p>\n<p>&nbsp;<\/p>\n<p>Ricordiamo che il \u201c<strong>Protocollo condiviso<\/strong>\u201d si sofferma su numerosi aspetti relativi alla tutela della salute nelle aziende: modalit\u00e0 di ingresso, informazione, accesso dei fornitori esterni, gestione di una persona sintomatica, riunioni ed eventi, gestione spazi comuni, pulizia e sanificazione, precauzioni igieniche, dispositivi di protezione individuale, organizzazione aziendale, sorveglianza sanitaria, \u2026<\/p>\n<p>&nbsp;<\/p>\n<p><strong>Il programma delle videoconferenze per la gestione del rischio<\/strong><\/p>\n<p>Il 15 e il 22 maggio 2020 si terr\u00e0 \u2013 dalle 9.00 alle 13.00 \u2013 il corso, suddiviso in due videoconferenze di 4 ore ciascuna, dal titolo \u201c<strong>La gestione del rischio da SARS-COV2: la fase 2. Procedure, protocolli e gestione psicologica<\/strong>\u201d.<\/p>\n<p>&nbsp;<\/p>\n<p>Questi alcuni degli <strong>argomenti<\/strong> che verranno trattati nei due moduli:<\/p>\n<ul>\n<li><strong>MODULO 1: La gestione del rischio da SARS-COV2: procedure e protocolli aziendali<\/strong>\n<ul>\n<li>IL COVID-19: cos\u2019\u00e8 e come si trasmette<\/li>\n<li>La gestione del COVID-19 in ambito lavorativo<\/li>\n<li>Il titolo x: esposizione ad agenti biologici: il documento di valutazione dei rischi<\/li>\n<li>Il protocollo condiviso<\/li>\n<li>Il documento tecnico INAIL<\/li>\n<li>Procedure attuative del protocollo di gestione covid-19 in azienda<\/li>\n<li>Le misure organizzative \/ gestionali: il piano degli interventi alla luce delle nuove disposizioni<\/li>\n<li>Le attivit\u00e0 di sanificazione ambientale<\/li>\n<li>Il medico competente e la gestione della sorveglianza sanitaria<\/li>\n<li>Le prestazioni garantite dall\u2019INAIL ai suoi assicurati in caso di infezione da nuovo coronavirus di origine professionale<\/li>\n<\/ul>\n<\/li>\n<li><strong>MODULO 2: Il Rischio BioPsicologico \u2013 La gestione psicologica del rischio biologico<\/strong>\n<ul>\n<li>L\u2019ATTEGGIAMENTO da tenere nella \u201cFase 2\u201d<\/li>\n<li>La PAURA: differenza tra paura e ansia, sintomatologia, la \u201cgiusta paura del virus\u201d, il circolo vizioso del processo ansiogeno<\/li>\n<li>Le REAZIONI DIFFERENZIATE: le tipologie di ansia in funzione dell\u2019et\u00e0 (pi\u00f9 generalizzata negli adulti, pi\u00f9 fobica nei giovani), del vissuto (le riattivazioni della memoria emotiva), del ruolo (il carico da responsabilit\u00e0, controllo, supporto)<\/li>\n<li>La CONSAPEVOLEZZA: la giusta percezione del rischio partendo dal rischio biologico<\/li>\n<li>La COMUNICAZIONE e le RELAZIONI: suggerimenti ed esempi e Linee Guida per gestire l\u2019impatto<\/li>\n<li>Lo STRESS da pandemia: come funziona<\/li>\n<li>Il DEBIASING (pensare in modo funzionale)<\/li>\n<li>COMPORTAMENTI: la check list delle azioni corrette; cenni sulla dinamica della resilienza = si pu\u00f2 uscire migliorati da questa crisi?<\/li>\n<li>MALESSERE e BENESSERE ORGANIZZATIVO: check list operativa<\/li>\n<\/ul>\n<\/li>\n<\/ul>\n<p>&nbsp;<\/p>\n<p>La partecipazione al corso vale come 8 ore di <strong>aggiornamento<\/strong> per RSPP\/ASPP e Coordinatori alla sicurezza e 4 ore di aggiornamento per formatori qualificati area 2 e area 3. Il corso \u00e8 valido anche ai fini della formazione specifica prevista per il Manager HSE (UNI 11720:2018 \u2013 area organizzativa e gestionale) e ai fini della formazione necessaria per l&#8217;iscrizione al Registro Consulenti AiFOS (Legge 4\/2013).<\/p>\n<p>&nbsp;<\/p>\n<p>Per avere ulteriori dettagli sul corso e iscriversi, \u00e8 possibile utilizzare questo link:<\/p>\n<p><a href=\"https:\/\/aifos.org\/home\/formazione\/videoconferenza\/rischi-tecnici-igenico-sanitari\/area2\/la_gestione_del_rischio_da_sars-cov2_la_fase_2\">https:\/\/aifos.org\/home\/formazione\/videoconferenza\/rischi-tecnici-igenico-sanitari\/area2\/la_gestione_del_rischio_da_sars-cov2_la_fase_2<\/a><\/p>\n<p><strong><em>\u00a0<\/em><\/strong><\/p>\n<p>Per <strong>informazioni<\/strong>:<\/p>\n<p><strong>Sede nazionale AiFOS<\/strong> &#8211; via Branze, 45 &#8211; 25123 Brescia c\/o CSMT, Universit\u00e0 degli Studi di Brescia &#8211; tel. 030.6595035 &#8211; fax 030.6595040 <a href=\"http:\/\/www.aifos.it\">www.aifos.it<\/a> &#8211; <a href=\"mailto:formarsi@aifos.it\">formarsi@aifos.it<\/a> &#8211; gototraining@aifos.it<\/p>\n<p>&nbsp;<\/p>\n<p><em>\u00a0<\/em><\/p>\n<p><em>07 maggio 2020<\/em><\/p>\n<p>&nbsp;<\/p>\n<p>&nbsp;<\/p>\n<p>&nbsp;<\/p>\n<p>Ufficio Stampa di AiFOS<\/p>\n<p>ufficiostampa@aifos.it<\/p>\n<p>http:\/\/www.aifos.it\/<\/p>\n","protected":false},"excerpt":{"rendered":"<p>Comunicato Stampa Videoconferenza: la gestione del rischio da SARS-COV2 e la fase 2 Il 15 e il 22 maggio 2020 un corso in videoconferenza permetter\u00e0 di individuare procedure\/comportamenti idonei alla gestione del rischio da SARS-COV2 durante la fase 2 di riapertura delle attivit\u00e0 aziendali. \u00a0 La situazione epidemiologica correlata alla diffusione del virus SARS-COV2 si sta lentamente modificando ed \u00e8 stata inaugurata negli scorsi giorni, anticipata dal decreto del Presidente<\/p>\n<p><a class=\"continue-reading\" href=\"https:\/\/www.article-marketing.eu\/comunicatistampa\/videoconferenza-la-gestione-del-rischio-da-sars-cov2-e-la-fase-2\/\">Continue reading&#8230;<\/a><\/p>\n","protected":false},"author":881,"featured_media":0,"comment_status":"open","ping_status":"open","sticky":false,"template":"","format":"standard","meta":{"_monsterinsights_skip_tracking":false,"_monsterinsights_sitenote_active":false,"_monsterinsights_sitenote_note":"","_monsterinsights_sitenote_category":0,"footnotes":""},"categories":[78,379,378,369,394],"tags":[3301,3235,6163,5941,193,6164,6161,6165,6108,6162,6118,6024,6023],"class_list":["post-14764","post","type-post","status-publish","format-standard","hentry","category-comunicati-stampa","category-corsi","category-istruzione","category-salute-e-benessere","category-servizi","tag-aifos","tag-brescia","tag-decreto-del-presidente-del-consiglio-dei-ministri-del-26-aprile-2020","tag-emergenza-covid-19","tag-formazione","tag-il-rischio-biopsicologico","tag-la-gestione-del-rischio-da-sars-cov2-la-fase-2-procedure","tag-la-gestione-psicologica-del-rischio-biologico","tag-pandemia","tag-protocolli-e-gestione-psicologica","tag-protocollo-condiviso-di-regolamentazione-delle-misure-per-il-contrasto-e-il-contenimento-della-diffusione-del-virus-covid-19-negli-ambienti-di-lavoro","tag-sars-cov-2","tag-videoconferenza"],"yoast_head":"<!-- This site is optimized with the Yoast SEO plugin v27.3 - https:\/\/yoast.com\/product\/yoast-seo-wordpress\/ -->\n<title>Videoconferenza: la gestione del rischio da SARS-COV2 e la fase 2 - Article Marketing<\/title>\n<meta name=\"robots\" content=\"index, follow, max-snippet:-1, max-image-preview:large, max-video-preview:-1\" \/>\n<link rel=\"canonical\" href=\"https:\/\/www.article-marketing.eu\/comunicatistampa\/videoconferenza-la-gestione-del-rischio-da-sars-cov2-e-la-fase-2\/\" \/>\n<meta property=\"og:locale\" content=\"it_IT\" \/>\n<meta property=\"og:type\" content=\"article\" \/>\n<meta property=\"og:title\" content=\"Videoconferenza: la gestione del rischio da SARS-COV2 e la fase 2 - Article Marketing\" \/>\n<meta property=\"og:description\" content=\"Comunicato Stampa Videoconferenza: la gestione del rischio da SARS-COV2 e la fase 2 Il 15 e il 22 maggio 2020 un corso in videoconferenza permetter\u00e0 di individuare procedure\/comportamenti idonei alla gestione del rischio da SARS-COV2 durante la fase 2 di riapertura delle attivit\u00e0 aziendali. \u00a0 La situazione epidemiologica correlata alla diffusione del virus SARS-COV2 si sta lentamente modificando ed \u00e8 stata inaugurata negli scorsi giorni, anticipata dal decreto del PresidenteContinue reading...\" \/>\n<meta property=\"og:url\" content=\"https:\/\/www.article-marketing.eu\/comunicatistampa\/videoconferenza-la-gestione-del-rischio-da-sars-cov2-e-la-fase-2\/\" \/>\n<meta property=\"og:site_name\" content=\"Article Marketing\" \/>\n<meta property=\"article:published_time\" content=\"2020-05-07T18:28:02+00:00\" \/>\n<meta name=\"author\" content=\"AIFUS\" \/>\n<meta name=\"twitter:card\" content=\"summary_large_image\" \/>\n<meta name=\"twitter:label1\" content=\"Scritto da\" \/>\n\t<meta name=\"twitter:data1\" content=\"AIFUS\" \/>\n\t<meta name=\"twitter:label2\" content=\"Tempo di lettura stimato\" \/>\n\t<meta name=\"twitter:data2\" content=\"4 minuti\" \/>\n<script type=\"application\/ld+json\" class=\"yoast-schema-graph\">{\"@context\":\"https:\\\/\\\/schema.org\",\"@graph\":[{\"@type\":\"Article\",\"@id\":\"https:\\\/\\\/www.article-marketing.eu\\\/comunicatistampa\\\/videoconferenza-la-gestione-del-rischio-da-sars-cov2-e-la-fase-2\\\/#article\",\"isPartOf\":{\"@id\":\"https:\\\/\\\/www.article-marketing.eu\\\/comunicatistampa\\\/videoconferenza-la-gestione-del-rischio-da-sars-cov2-e-la-fase-2\\\/\"},\"author\":{\"name\":\"AIFUS\",\"@id\":\"https:\\\/\\\/www.article-marketing.eu\\\/comunicatistampa\\\/#\\\/schema\\\/person\\\/d1985c4955ff71a05f49d68e3034b3cd\"},\"headline\":\"Videoconferenza: la gestione del rischio da SARS-COV2 e la fase 2\",\"datePublished\":\"2020-05-07T18:28:02+00:00\",\"mainEntityOfPage\":{\"@id\":\"https:\\\/\\\/www.article-marketing.eu\\\/comunicatistampa\\\/videoconferenza-la-gestione-del-rischio-da-sars-cov2-e-la-fase-2\\\/\"},\"wordCount\":836,\"commentCount\":0,\"keywords\":[\"Aifos\",\"Brescia\",\"decreto del Presidente del Consiglio dei ministri del 26 aprile 2020\",\"emergenza COVID-19\",\"formazione\",\"Il Rischio BioPsicologico\",\"La gestione del rischio da SARS-COV2: la fase 2. Procedure\",\"La gestione psicologica del rischio biologico\",\"pandemia\",\"protocolli e gestione psicologica\",\"Protocollo condiviso di regolamentazione delle misure per il contrasto e il contenimento della diffusione del virus Covid-19 negli ambienti di lavoro\",\"SARS-CoV-2\",\"videoconferenza\"],\"articleSection\":[\"Comunicati stampa\",\"Corsi\",\"Istruzione\",\"Salute e benessere\",\"Servizi\"],\"inLanguage\":\"it-IT\",\"potentialAction\":[{\"@type\":\"CommentAction\",\"name\":\"Comment\",\"target\":[\"https:\\\/\\\/www.article-marketing.eu\\\/comunicatistampa\\\/videoconferenza-la-gestione-del-rischio-da-sars-cov2-e-la-fase-2\\\/#respond\"]}]},{\"@type\":\"WebPage\",\"@id\":\"https:\\\/\\\/www.article-marketing.eu\\\/comunicatistampa\\\/videoconferenza-la-gestione-del-rischio-da-sars-cov2-e-la-fase-2\\\/\",\"url\":\"https:\\\/\\\/www.article-marketing.eu\\\/comunicatistampa\\\/videoconferenza-la-gestione-del-rischio-da-sars-cov2-e-la-fase-2\\\/\",\"name\":\"Videoconferenza: la gestione del rischio da SARS-COV2 e la fase 2 - Article Marketing\",\"isPartOf\":{\"@id\":\"https:\\\/\\\/www.article-marketing.eu\\\/comunicatistampa\\\/#website\"},\"datePublished\":\"2020-05-07T18:28:02+00:00\",\"author\":{\"@id\":\"https:\\\/\\\/www.article-marketing.eu\\\/comunicatistampa\\\/#\\\/schema\\\/person\\\/d1985c4955ff71a05f49d68e3034b3cd\"},\"breadcrumb\":{\"@id\":\"https:\\\/\\\/www.article-marketing.eu\\\/comunicatistampa\\\/videoconferenza-la-gestione-del-rischio-da-sars-cov2-e-la-fase-2\\\/#breadcrumb\"},\"inLanguage\":\"it-IT\",\"potentialAction\":[{\"@type\":\"ReadAction\",\"target\":[\"https:\\\/\\\/www.article-marketing.eu\\\/comunicatistampa\\\/videoconferenza-la-gestione-del-rischio-da-sars-cov2-e-la-fase-2\\\/\"]}]},{\"@type\":\"BreadcrumbList\",\"@id\":\"https:\\\/\\\/www.article-marketing.eu\\\/comunicatistampa\\\/videoconferenza-la-gestione-del-rischio-da-sars-cov2-e-la-fase-2\\\/#breadcrumb\",\"itemListElement\":[{\"@type\":\"ListItem\",\"position\":1,\"name\":\"Home\",\"item\":\"https:\\\/\\\/www.article-marketing.eu\\\/comunicatistampa\\\/\"},{\"@type\":\"ListItem\",\"position\":2,\"name\":\"Videoconferenza: la gestione del rischio da SARS-COV2 e la fase 2\"}]},{\"@type\":\"WebSite\",\"@id\":\"https:\\\/\\\/www.article-marketing.eu\\\/comunicatistampa\\\/#website\",\"url\":\"https:\\\/\\\/www.article-marketing.eu\\\/comunicatistampa\\\/\",\"name\":\"Article Marketing\",\"description\":\"article marketing &amp; press release\",\"potentialAction\":[{\"@type\":\"SearchAction\",\"target\":{\"@type\":\"EntryPoint\",\"urlTemplate\":\"https:\\\/\\\/www.article-marketing.eu\\\/comunicatistampa\\\/?s={search_term_string}\"},\"query-input\":{\"@type\":\"PropertyValueSpecification\",\"valueRequired\":true,\"valueName\":\"search_term_string\"}}],\"inLanguage\":\"it-IT\"},{\"@type\":\"Person\",\"@id\":\"https:\\\/\\\/www.article-marketing.eu\\\/comunicatistampa\\\/#\\\/schema\\\/person\\\/d1985c4955ff71a05f49d68e3034b3cd\",\"name\":\"AIFUS\",\"image\":{\"@type\":\"ImageObject\",\"inLanguage\":\"it-IT\",\"@id\":\"https:\\\/\\\/secure.gravatar.com\\\/avatar\\\/05cf2a2ba057667571308b94c84f00ff48766ffac95710a87491a9b3ddcee484?s=96&d=mm&r=g\",\"url\":\"https:\\\/\\\/secure.gravatar.com\\\/avatar\\\/05cf2a2ba057667571308b94c84f00ff48766ffac95710a87491a9b3ddcee484?s=96&d=mm&r=g\",\"contentUrl\":\"https:\\\/\\\/secure.gravatar.com\\\/avatar\\\/05cf2a2ba057667571308b94c84f00ff48766ffac95710a87491a9b3ddcee484?s=96&d=mm&r=g\",\"caption\":\"AIFUS\"},\"url\":\"https:\\\/\\\/www.article-marketing.eu\\\/comunicatistampa\\\/author\\\/aifus\\\/\"}]}<\/script>\n<!-- \/ Yoast SEO plugin. -->","yoast_head_json":{"title":"Videoconferenza: la gestione del rischio da SARS-COV2 e la fase 2 - Article Marketing","robots":{"index":"index","follow":"follow","max-snippet":"max-snippet:-1","max-image-preview":"max-image-preview:large","max-video-preview":"max-video-preview:-1"},"canonical":"https:\/\/www.article-marketing.eu\/comunicatistampa\/videoconferenza-la-gestione-del-rischio-da-sars-cov2-e-la-fase-2\/","og_locale":"it_IT","og_type":"article","og_title":"Videoconferenza: la gestione del rischio da SARS-COV2 e la fase 2 - Article Marketing","og_description":"Comunicato Stampa Videoconferenza: la gestione del rischio da SARS-COV2 e la fase 2 Il 15 e il 22 maggio 2020 un corso in videoconferenza permetter\u00e0 di individuare procedure\/comportamenti idonei alla gestione del rischio da SARS-COV2 durante la fase 2 di riapertura delle attivit\u00e0 aziendali. \u00a0 La situazione epidemiologica correlata alla diffusione del virus SARS-COV2 si sta lentamente modificando ed \u00e8 stata inaugurata negli scorsi giorni, anticipata dal decreto del PresidenteContinue reading...","og_url":"https:\/\/www.article-marketing.eu\/comunicatistampa\/videoconferenza-la-gestione-del-rischio-da-sars-cov2-e-la-fase-2\/","og_site_name":"Article Marketing","article_published_time":"2020-05-07T18:28:02+00:00","author":"AIFUS","twitter_card":"summary_large_image","twitter_misc":{"Scritto da":"AIFUS","Tempo di lettura stimato":"4 minuti"},"schema":{"@context":"https:\/\/schema.org","@graph":[{"@type":"Article","@id":"https:\/\/www.article-marketing.eu\/comunicatistampa\/videoconferenza-la-gestione-del-rischio-da-sars-cov2-e-la-fase-2\/#article","isPartOf":{"@id":"https:\/\/www.article-marketing.eu\/comunicatistampa\/videoconferenza-la-gestione-del-rischio-da-sars-cov2-e-la-fase-2\/"},"author":{"name":"AIFUS","@id":"https:\/\/www.article-marketing.eu\/comunicatistampa\/#\/schema\/person\/d1985c4955ff71a05f49d68e3034b3cd"},"headline":"Videoconferenza: la gestione del rischio da SARS-COV2 e la fase 2","datePublished":"2020-05-07T18:28:02+00:00","mainEntityOfPage":{"@id":"https:\/\/www.article-marketing.eu\/comunicatistampa\/videoconferenza-la-gestione-del-rischio-da-sars-cov2-e-la-fase-2\/"},"wordCount":836,"commentCount":0,"keywords":["Aifos","Brescia","decreto del Presidente del Consiglio dei ministri del 26 aprile 2020","emergenza COVID-19","formazione","Il Rischio BioPsicologico","La gestione del rischio da SARS-COV2: la fase 2. Procedure","La gestione psicologica del rischio biologico","pandemia","protocolli e gestione psicologica","Protocollo condiviso di regolamentazione delle misure per il contrasto e il contenimento della diffusione del virus Covid-19 negli ambienti di lavoro","SARS-CoV-2","videoconferenza"],"articleSection":["Comunicati stampa","Corsi","Istruzione","Salute e benessere","Servizi"],"inLanguage":"it-IT","potentialAction":[{"@type":"CommentAction","name":"Comment","target":["https:\/\/www.article-marketing.eu\/comunicatistampa\/videoconferenza-la-gestione-del-rischio-da-sars-cov2-e-la-fase-2\/#respond"]}]},{"@type":"WebPage","@id":"https:\/\/www.article-marketing.eu\/comunicatistampa\/videoconferenza-la-gestione-del-rischio-da-sars-cov2-e-la-fase-2\/","url":"https:\/\/www.article-marketing.eu\/comunicatistampa\/videoconferenza-la-gestione-del-rischio-da-sars-cov2-e-la-fase-2\/","name":"Videoconferenza: la gestione del rischio da SARS-COV2 e la fase 2 - Article Marketing","isPartOf":{"@id":"https:\/\/www.article-marketing.eu\/comunicatistampa\/#website"},"datePublished":"2020-05-07T18:28:02+00:00","author":{"@id":"https:\/\/www.article-marketing.eu\/comunicatistampa\/#\/schema\/person\/d1985c4955ff71a05f49d68e3034b3cd"},"breadcrumb":{"@id":"https:\/\/www.article-marketing.eu\/comunicatistampa\/videoconferenza-la-gestione-del-rischio-da-sars-cov2-e-la-fase-2\/#breadcrumb"},"inLanguage":"it-IT","potentialAction":[{"@type":"ReadAction","target":["https:\/\/www.article-marketing.eu\/comunicatistampa\/videoconferenza-la-gestione-del-rischio-da-sars-cov2-e-la-fase-2\/"]}]},{"@type":"BreadcrumbList","@id":"https:\/\/www.article-marketing.eu\/comunicatistampa\/videoconferenza-la-gestione-del-rischio-da-sars-cov2-e-la-fase-2\/#breadcrumb","itemListElement":[{"@type":"ListItem","position":1,"name":"Home","item":"https:\/\/www.article-marketing.eu\/comunicatistampa\/"},{"@type":"ListItem","position":2,"name":"Videoconferenza: la gestione del rischio da SARS-COV2 e la fase 2"}]},{"@type":"WebSite","@id":"https:\/\/www.article-marketing.eu\/comunicatistampa\/#website","url":"https:\/\/www.article-marketing.eu\/comunicatistampa\/","name":"Article Marketing","description":"article marketing &amp; press release","potentialAction":[{"@type":"SearchAction","target":{"@type":"EntryPoint","urlTemplate":"https:\/\/www.article-marketing.eu\/comunicatistampa\/?s={search_term_string}"},"query-input":{"@type":"PropertyValueSpecification","valueRequired":true,"valueName":"search_term_string"}}],"inLanguage":"it-IT"},{"@type":"Person","@id":"https:\/\/www.article-marketing.eu\/comunicatistampa\/#\/schema\/person\/d1985c4955ff71a05f49d68e3034b3cd","name":"AIFUS","image":{"@type":"ImageObject","inLanguage":"it-IT","@id":"https:\/\/secure.gravatar.com\/avatar\/05cf2a2ba057667571308b94c84f00ff48766ffac95710a87491a9b3ddcee484?s=96&d=mm&r=g","url":"https:\/\/secure.gravatar.com\/avatar\/05cf2a2ba057667571308b94c84f00ff48766ffac95710a87491a9b3ddcee484?s=96&d=mm&r=g","contentUrl":"https:\/\/secure.gravatar.com\/avatar\/05cf2a2ba057667571308b94c84f00ff48766ffac95710a87491a9b3ddcee484?s=96&d=mm&r=g","caption":"AIFUS"},"url":"https:\/\/www.article-marketing.eu\/comunicatistampa\/author\/aifus\/"}]}},"_links":{"self":[{"href":"https:\/\/www.article-marketing.eu\/comunicatistampa\/wp-json\/wp\/v2\/posts\/14764","targetHints":{"allow":["GET"]}}],"collection":[{"href":"https:\/\/www.article-marketing.eu\/comunicatistampa\/wp-json\/wp\/v2\/posts"}],"about":[{"href":"https:\/\/www.article-marketing.eu\/comunicatistampa\/wp-json\/wp\/v2\/types\/post"}],"author":[{"embeddable":true,"href":"https:\/\/www.article-marketing.eu\/comunicatistampa\/wp-json\/wp\/v2\/users\/881"}],"replies":[{"embeddable":true,"href":"https:\/\/www.article-marketing.eu\/comunicatistampa\/wp-json\/wp\/v2\/comments?post=14764"}],"version-history":[{"count":2,"href":"https:\/\/www.article-marketing.eu\/comunicatistampa\/wp-json\/wp\/v2\/posts\/14764\/revisions"}],"predecessor-version":[{"id":14773,"href":"https:\/\/www.article-marketing.eu\/comunicatistampa\/wp-json\/wp\/v2\/posts\/14764\/revisions\/14773"}],"wp:attachment":[{"href":"https:\/\/www.article-marketing.eu\/comunicatistampa\/wp-json\/wp\/v2\/media?parent=14764"}],"wp:term":[{"taxonomy":"category","embeddable":true,"href":"https:\/\/www.article-marketing.eu\/comunicatistampa\/wp-json\/wp\/v2\/categories?post=14764"},{"taxonomy":"post_tag","embeddable":true,"href":"https:\/\/www.article-marketing.eu\/comunicatistampa\/wp-json\/wp\/v2\/tags?post=14764"}],"curies":[{"name":"wp","href":"https:\/\/api.w.org\/{rel}","templated":true}]}}