{"id":14858,"date":"2020-05-22T01:19:27","date_gmt":"2020-05-21T23:19:27","guid":{"rendered":"https:\/\/www.article-marketing.eu\/comunicatistampa\/?p=14858"},"modified":"2020-05-22T01:19:27","modified_gmt":"2020-05-21T23:19:27","slug":"far-ripartire-la-formazione-alla-sicurezza-sul-lavoro-in-presenza","status":"publish","type":"post","link":"https:\/\/www.article-marketing.eu\/comunicatistampa\/far-ripartire-la-formazione-alla-sicurezza-sul-lavoro-in-presenza\/","title":{"rendered":"Far ripartire la formazione alla sicurezza sul lavoro in presenza"},"content":{"rendered":"<h3>Comunicato Stampa<\/h3>\n<h3>Far ripartire la formazione alla sicurezza sul lavoro in presenza<\/h3>\n<p><strong><em>L\u2019Associazione AiFOS scrive una lettera aperta al Presidente del Consiglio dei Ministri e al Presidente della Conferenza delle Regioni per far<\/em><\/strong> <strong><em>ripartire la formazione alla sicurezza sul lavoro in presenza. \u00a0<\/em><\/strong><\/p>\n<p><strong><em>\u00a0<\/em><\/strong><\/p>\n<p><em>La <strong>formazione alla sicurezza<\/strong> sul lavoro \u00e8 alla base non solo di ogni strategia di prevenzione di infortuni e malattie professionali, ma anche delle misure per fronteggiare le emergenze correlate alla gestione e al contenimento del contagio del <strong>virus SARS-CoV-2<\/strong>.<\/em><\/p>\n<p><em>A raccontarlo \u00e8 una lettera aperta scritta dall\u2019<strong>Associazione Italiana Formatori ed Operatori della Sicurezza sul Lavoro<\/strong> (<strong>AiFOS<\/strong>), a tutela di tutti gli operatori che si occupano di formazione alla sicurezza, per richiedere di far <strong>ripartire la formazione alla sicurezza sul lavoro in presenza<\/strong> nel rispetto delle misure precauzionali gi\u00e0 adottate per la ripresa delle attivit\u00e0 lavorative.<\/em><\/p>\n<p>&nbsp;<\/p>\n<p><strong>LETTERA APERTA<\/strong> al Presidente del Consiglio dei Ministri e al Presidente della Conferenza delle Regioni<\/p>\n<p>&nbsp;<\/p>\n<p>Egregi Presidenti,<\/p>\n<p>la formazione alla sicurezza sul lavoro \u00e8 alla base delle misure per fronteggiare le emergenze da Coronavirus anche se &#8211; in modo incomprensibile &#8211; \u00e8 stata dimenticata ed abolita dalle norme e dai decreti. Dopo la prima fase della pandemia e la totale chiusura delle attivit\u00e0 (comprensibile ed utile) si assiste, nella fase della ripresa, alla mancanza di serie indicazioni e di consapevolezza dell\u2019importanza della formazione quale elemento essenziale per la sicurezza sia negli ambienti di vita che di lavoro.<\/p>\n<p>La formazione alla sicurezza \u00e8 strettamente connessa al lavoro: non \u00e8 cosa a parte, ma parte integrante.<\/p>\n<p><strong>Soprattutto nella fase di apertura delle attivit\u00e0 produttive<\/strong>, commerciali e sociali che adottano tutte le misure di sicurezza ed applicano il \u201cProtocollo\u201d siglato tra le parti sociali, <strong>pare naturale ed ovvio che i medesimi lavoratori possano svolgere, soprattutto all\u2019interno degli ambienti di lavoro, una formazione utile <\/strong>anche alla luce dei pericoli che la pandemia ha fatto emergere.<\/p>\n<p>Sono aperte le attivit\u00e0, i parchi, le chiese e ci si ostina a \u201ctener chiusa\u201d la formazione in presenza.<\/p>\n<p>Si \u00e8 sempre fatta una certa confusione tra la formazione alla sicurezza sul lavoro e la formazione professionale ed altre tipologie di formazione. La formazione alla sicurezza \u00e8 quella prevista dal D. Lgs. 81\/2008 e le norme che obbligano i datori di lavoro a fornire la formazione ai lavoratori neo assunti, quando cambiano mansione o all\u2019introduzione di nuove tecnologie o attrezzature di lavoro non sono state abolite. Allo stesso tempo non si incide sulla riduzione degli infortuni e degli incidenti sul lavoro per decreto, ma questo si pu\u00f2 fare solo con una seria formazione.<\/p>\n<p>Alcune regioni hanno con chiarezza definito come la videoconferenza abbia il medesimo valore della lezione d\u2019aula e laddove possibile questa modalit\u00e0 \u00e8 stata molto apprezzata. Siamo certi che proseguir\u00e0 anche in futuro. Sappiamo bene, tuttavia, che \u00e8 una metodologia non adatta a tutti i lavoratori, a tutti i settori e a tutte le tipologie di corsi di formazione, in particolare a quelli che prevedono parti pratiche e utilizzo di attrezzature.<\/p>\n<p>Per quanto riguarda la formazione pratica e l\u2019addestramento vi sono state, solo da alcune regioni, aperture alla possibilit\u00e0 di un loro svolgimento, senza voler ammettere che le attivit\u00e0 pratiche hanno sempre bisogno di una parte teorica.<\/p>\n<p>Sotto questo aspetto l\u2019Accordo sancito in sede di Conferenza Stato-Regioni del 21 dicembre 2011, riguardante la formazione dei lavoratori, precisa che detta formazione pu\u00f2 avvenire sia in aula che sul luogo di lavoro e, come vuole la legge, in orario di lavoro. <strong>Pare ovvio e scontato che proprio le azioni indotte dalla pandemia da COVID-19, che comprendono anche l\u2019informazione e la formazione dei lavoratori, devono poter essere svolte in presenza, nei luoghi di lavoro, nel rispetto delle misure precauzionali gi\u00e0 adottate per la ripresa delle attivit\u00e0 lavorative<\/strong>!<\/p>\n<p>Si prenda atto &#8211; con seriet\u00e0 e tempestivit\u00e0 &#8211; che questo settore, che coinvolge migliaia di formatori e consulenti della sicurezza, \u00e8 stato abbandonato a se stesso e che a tutta la categoria da noi rappresentata pi\u00f9 viene impedito di lavorare proprio nel momento in cui la loro azione \u00e8 quanto mai utile ed indispensabile per combattere la pandemia.<\/p>\n<p>&nbsp;<\/p>\n<p><strong>Accompagnare le aziende, le imprese ed i lavoratori nell\u2019applicazione delle misure di sicurezza si fa con la formazione alla sicurezza sul lavoro che deve subito essere consentita in presenza sull\u2019intero territorio nazionale poich\u00e9 gli infortuni sul lavoro e le malattie professionali non conoscono confini e la formazione delle persone sta alla base della salute e sicurezza di tutti<\/strong>.<\/p>\n<p>&nbsp;<\/p>\n<p>&nbsp;<\/p>\n<p><em>Invitiamo tutti gli operatori a diffondere la lettera che \u00e8 scaricabile attraverso il seguente link:<\/em><\/p>\n<p><em><a href=\"https:\/\/bit.ly\/Far-ripartire-la-formazione-alla-sicurezza-sul-lavoro-in-presenza\">https:\/\/bit.ly\/Far-ripartire-la-formazione-alla-sicurezza-sul-lavoro-in-presenza<\/a><\/em><\/p>\n<p><strong><em>\u00a0<\/em><\/strong><\/p>\n<p>Per <strong>informazioni<\/strong>:<\/p>\n<p><strong>Sede nazionale AiFOS<\/strong> &#8211; via Branze, 45 &#8211; 25123 Brescia c\/o CSMT, Universit\u00e0 degli Studi di Brescia &#8211; tel. 030.6595035 &#8211; fax 030.6595040 <a href=\"http:\/\/www.aifos.it\">www.aifos.it<\/a> &#8211; <a href=\"mailto:info@aifos.it\">info@aifos.it<\/a><\/p>\n<p><em>\u00a0<\/em><\/p>\n<p><em>\u00a0<\/em><\/p>\n<p><em>21 maggio 2020<\/em><\/p>\n<p>&nbsp;<\/p>\n<p>&nbsp;<\/p>\n<p>Ufficio Stampa di AiFOS<\/p>\n<p>ufficiostampa@aifos.it<\/p>\n<p>http:\/\/www.aifos.it\/<\/p>\n","protected":false},"excerpt":{"rendered":"<p>Comunicato Stampa Far ripartire la formazione alla sicurezza sul lavoro in presenza L\u2019Associazione AiFOS scrive una lettera aperta al Presidente del Consiglio dei Ministri e al Presidente della Conferenza delle Regioni per far ripartire la formazione alla sicurezza sul lavoro in presenza. \u00a0 \u00a0 La formazione alla sicurezza sul lavoro \u00e8 alla base non solo di ogni strategia di prevenzione di infortuni e malattie professionali, ma anche delle misure per<\/p>\n<p><a class=\"continue-reading\" href=\"https:\/\/www.article-marketing.eu\/comunicatistampa\/far-ripartire-la-formazione-alla-sicurezza-sul-lavoro-in-presenza\/\">Continue reading&#8230;<\/a><\/p>\n","protected":false},"author":881,"featured_media":0,"comment_status":"open","ping_status":"open","sticky":false,"template":"","format":"standard","meta":{"_monsterinsights_skip_tracking":false,"_monsterinsights_sitenote_active":false,"_monsterinsights_sitenote_note":"","_monsterinsights_sitenote_category":0,"footnotes":""},"categories":[78,386,420],"tags":[3301,3235,5941,6192,193,6188,6189,6108,6193,6190,6024,6023,6191],"class_list":["post-14858","post","type-post","status-publish","format-standard","hentry","category-comunicati-stampa","category-economia-e-lavoro","category-tutela-e-denunce-2","tag-aifos","tag-brescia","tag-emergenza-covid-19","tag-far-ripartire-la-formazione-alla-sicurezza","tag-formazione","tag-formazione-alla-sicurezza-sul-lavoro-in-presenza","tag-lettera-aperta","tag-pandemia","tag-pandemia-da-covid-19","tag-presidente-del-consiglio-dei-ministri","tag-sars-cov-2","tag-videoconferenza","tag-virus-sars-cov-2"],"yoast_head":"<!-- This site is optimized with the Yoast SEO plugin v27.3 - https:\/\/yoast.com\/product\/yoast-seo-wordpress\/ -->\n<title>Far ripartire la formazione alla sicurezza sul lavoro in presenza - Article Marketing<\/title>\n<meta name=\"robots\" content=\"index, follow, max-snippet:-1, max-image-preview:large, max-video-preview:-1\" \/>\n<link rel=\"canonical\" href=\"https:\/\/www.article-marketing.eu\/comunicatistampa\/far-ripartire-la-formazione-alla-sicurezza-sul-lavoro-in-presenza\/\" \/>\n<meta property=\"og:locale\" content=\"it_IT\" \/>\n<meta property=\"og:type\" content=\"article\" \/>\n<meta property=\"og:title\" content=\"Far ripartire la formazione alla sicurezza sul lavoro in presenza - Article Marketing\" \/>\n<meta property=\"og:description\" content=\"Comunicato Stampa Far ripartire la formazione alla sicurezza sul lavoro in presenza L\u2019Associazione AiFOS scrive una lettera aperta al Presidente del Consiglio dei Ministri e al Presidente della Conferenza delle Regioni per far ripartire la formazione alla sicurezza sul lavoro in presenza. \u00a0 \u00a0 La formazione alla sicurezza sul lavoro \u00e8 alla base non solo di ogni strategia di prevenzione di infortuni e malattie professionali, ma anche delle misure perContinue reading...\" \/>\n<meta property=\"og:url\" content=\"https:\/\/www.article-marketing.eu\/comunicatistampa\/far-ripartire-la-formazione-alla-sicurezza-sul-lavoro-in-presenza\/\" \/>\n<meta property=\"og:site_name\" content=\"Article Marketing\" \/>\n<meta property=\"article:published_time\" content=\"2020-05-21T23:19:27+00:00\" \/>\n<meta name=\"author\" content=\"AIFUS\" \/>\n<meta name=\"twitter:card\" content=\"summary_large_image\" \/>\n<meta name=\"twitter:label1\" content=\"Scritto da\" \/>\n\t<meta name=\"twitter:data1\" content=\"AIFUS\" \/>\n\t<meta name=\"twitter:label2\" content=\"Tempo di lettura stimato\" \/>\n\t<meta name=\"twitter:data2\" content=\"4 minuti\" \/>\n<script type=\"application\/ld+json\" class=\"yoast-schema-graph\">{\"@context\":\"https:\\\/\\\/schema.org\",\"@graph\":[{\"@type\":\"Article\",\"@id\":\"https:\\\/\\\/www.article-marketing.eu\\\/comunicatistampa\\\/far-ripartire-la-formazione-alla-sicurezza-sul-lavoro-in-presenza\\\/#article\",\"isPartOf\":{\"@id\":\"https:\\\/\\\/www.article-marketing.eu\\\/comunicatistampa\\\/far-ripartire-la-formazione-alla-sicurezza-sul-lavoro-in-presenza\\\/\"},\"author\":{\"name\":\"AIFUS\",\"@id\":\"https:\\\/\\\/www.article-marketing.eu\\\/comunicatistampa\\\/#\\\/schema\\\/person\\\/d1985c4955ff71a05f49d68e3034b3cd\"},\"headline\":\"Far ripartire la formazione alla sicurezza sul lavoro in presenza\",\"datePublished\":\"2020-05-21T23:19:27+00:00\",\"mainEntityOfPage\":{\"@id\":\"https:\\\/\\\/www.article-marketing.eu\\\/comunicatistampa\\\/far-ripartire-la-formazione-alla-sicurezza-sul-lavoro-in-presenza\\\/\"},\"wordCount\":804,\"commentCount\":0,\"keywords\":[\"Aifos\",\"Brescia\",\"emergenza COVID-19\",\"far ripartire la formazione alla sicurezza\",\"formazione\",\"formazione alla sicurezza sul lavoro in presenza\",\"LETTERA APERTA\",\"pandemia\",\"pandemia da COVID-19\",\"Presidente del Consiglio dei Ministri\",\"SARS-CoV-2\",\"videoconferenza\",\"virus SARS-CoV-2\"],\"articleSection\":[\"Comunicati stampa\",\"Economia e lavoro\",\"Tutela e denunce\"],\"inLanguage\":\"it-IT\",\"potentialAction\":[{\"@type\":\"CommentAction\",\"name\":\"Comment\",\"target\":[\"https:\\\/\\\/www.article-marketing.eu\\\/comunicatistampa\\\/far-ripartire-la-formazione-alla-sicurezza-sul-lavoro-in-presenza\\\/#respond\"]}]},{\"@type\":\"WebPage\",\"@id\":\"https:\\\/\\\/www.article-marketing.eu\\\/comunicatistampa\\\/far-ripartire-la-formazione-alla-sicurezza-sul-lavoro-in-presenza\\\/\",\"url\":\"https:\\\/\\\/www.article-marketing.eu\\\/comunicatistampa\\\/far-ripartire-la-formazione-alla-sicurezza-sul-lavoro-in-presenza\\\/\",\"name\":\"Far ripartire la formazione alla sicurezza sul lavoro in presenza - Article Marketing\",\"isPartOf\":{\"@id\":\"https:\\\/\\\/www.article-marketing.eu\\\/comunicatistampa\\\/#website\"},\"datePublished\":\"2020-05-21T23:19:27+00:00\",\"author\":{\"@id\":\"https:\\\/\\\/www.article-marketing.eu\\\/comunicatistampa\\\/#\\\/schema\\\/person\\\/d1985c4955ff71a05f49d68e3034b3cd\"},\"breadcrumb\":{\"@id\":\"https:\\\/\\\/www.article-marketing.eu\\\/comunicatistampa\\\/far-ripartire-la-formazione-alla-sicurezza-sul-lavoro-in-presenza\\\/#breadcrumb\"},\"inLanguage\":\"it-IT\",\"potentialAction\":[{\"@type\":\"ReadAction\",\"target\":[\"https:\\\/\\\/www.article-marketing.eu\\\/comunicatistampa\\\/far-ripartire-la-formazione-alla-sicurezza-sul-lavoro-in-presenza\\\/\"]}]},{\"@type\":\"BreadcrumbList\",\"@id\":\"https:\\\/\\\/www.article-marketing.eu\\\/comunicatistampa\\\/far-ripartire-la-formazione-alla-sicurezza-sul-lavoro-in-presenza\\\/#breadcrumb\",\"itemListElement\":[{\"@type\":\"ListItem\",\"position\":1,\"name\":\"Home\",\"item\":\"https:\\\/\\\/www.article-marketing.eu\\\/comunicatistampa\\\/\"},{\"@type\":\"ListItem\",\"position\":2,\"name\":\"Far ripartire la formazione alla sicurezza sul lavoro in presenza\"}]},{\"@type\":\"WebSite\",\"@id\":\"https:\\\/\\\/www.article-marketing.eu\\\/comunicatistampa\\\/#website\",\"url\":\"https:\\\/\\\/www.article-marketing.eu\\\/comunicatistampa\\\/\",\"name\":\"Article Marketing\",\"description\":\"article marketing &amp; press release\",\"potentialAction\":[{\"@type\":\"SearchAction\",\"target\":{\"@type\":\"EntryPoint\",\"urlTemplate\":\"https:\\\/\\\/www.article-marketing.eu\\\/comunicatistampa\\\/?s={search_term_string}\"},\"query-input\":{\"@type\":\"PropertyValueSpecification\",\"valueRequired\":true,\"valueName\":\"search_term_string\"}}],\"inLanguage\":\"it-IT\"},{\"@type\":\"Person\",\"@id\":\"https:\\\/\\\/www.article-marketing.eu\\\/comunicatistampa\\\/#\\\/schema\\\/person\\\/d1985c4955ff71a05f49d68e3034b3cd\",\"name\":\"AIFUS\",\"image\":{\"@type\":\"ImageObject\",\"inLanguage\":\"it-IT\",\"@id\":\"https:\\\/\\\/secure.gravatar.com\\\/avatar\\\/05cf2a2ba057667571308b94c84f00ff48766ffac95710a87491a9b3ddcee484?s=96&d=mm&r=g\",\"url\":\"https:\\\/\\\/secure.gravatar.com\\\/avatar\\\/05cf2a2ba057667571308b94c84f00ff48766ffac95710a87491a9b3ddcee484?s=96&d=mm&r=g\",\"contentUrl\":\"https:\\\/\\\/secure.gravatar.com\\\/avatar\\\/05cf2a2ba057667571308b94c84f00ff48766ffac95710a87491a9b3ddcee484?s=96&d=mm&r=g\",\"caption\":\"AIFUS\"},\"url\":\"https:\\\/\\\/www.article-marketing.eu\\\/comunicatistampa\\\/author\\\/aifus\\\/\"}]}<\/script>\n<!-- \/ Yoast SEO plugin. -->","yoast_head_json":{"title":"Far ripartire la formazione alla sicurezza sul lavoro in presenza - Article Marketing","robots":{"index":"index","follow":"follow","max-snippet":"max-snippet:-1","max-image-preview":"max-image-preview:large","max-video-preview":"max-video-preview:-1"},"canonical":"https:\/\/www.article-marketing.eu\/comunicatistampa\/far-ripartire-la-formazione-alla-sicurezza-sul-lavoro-in-presenza\/","og_locale":"it_IT","og_type":"article","og_title":"Far ripartire la formazione alla sicurezza sul lavoro in presenza - Article Marketing","og_description":"Comunicato Stampa Far ripartire la formazione alla sicurezza sul lavoro in presenza L\u2019Associazione AiFOS scrive una lettera aperta al Presidente del Consiglio dei Ministri e al Presidente della Conferenza delle Regioni per far ripartire la formazione alla sicurezza sul lavoro in presenza. \u00a0 \u00a0 La formazione alla sicurezza sul lavoro \u00e8 alla base non solo di ogni strategia di prevenzione di infortuni e malattie professionali, ma anche delle misure perContinue reading...","og_url":"https:\/\/www.article-marketing.eu\/comunicatistampa\/far-ripartire-la-formazione-alla-sicurezza-sul-lavoro-in-presenza\/","og_site_name":"Article Marketing","article_published_time":"2020-05-21T23:19:27+00:00","author":"AIFUS","twitter_card":"summary_large_image","twitter_misc":{"Scritto da":"AIFUS","Tempo di lettura stimato":"4 minuti"},"schema":{"@context":"https:\/\/schema.org","@graph":[{"@type":"Article","@id":"https:\/\/www.article-marketing.eu\/comunicatistampa\/far-ripartire-la-formazione-alla-sicurezza-sul-lavoro-in-presenza\/#article","isPartOf":{"@id":"https:\/\/www.article-marketing.eu\/comunicatistampa\/far-ripartire-la-formazione-alla-sicurezza-sul-lavoro-in-presenza\/"},"author":{"name":"AIFUS","@id":"https:\/\/www.article-marketing.eu\/comunicatistampa\/#\/schema\/person\/d1985c4955ff71a05f49d68e3034b3cd"},"headline":"Far ripartire la formazione alla sicurezza sul lavoro in presenza","datePublished":"2020-05-21T23:19:27+00:00","mainEntityOfPage":{"@id":"https:\/\/www.article-marketing.eu\/comunicatistampa\/far-ripartire-la-formazione-alla-sicurezza-sul-lavoro-in-presenza\/"},"wordCount":804,"commentCount":0,"keywords":["Aifos","Brescia","emergenza COVID-19","far ripartire la formazione alla sicurezza","formazione","formazione alla sicurezza sul lavoro in presenza","LETTERA APERTA","pandemia","pandemia da COVID-19","Presidente del Consiglio dei Ministri","SARS-CoV-2","videoconferenza","virus SARS-CoV-2"],"articleSection":["Comunicati stampa","Economia e lavoro","Tutela e denunce"],"inLanguage":"it-IT","potentialAction":[{"@type":"CommentAction","name":"Comment","target":["https:\/\/www.article-marketing.eu\/comunicatistampa\/far-ripartire-la-formazione-alla-sicurezza-sul-lavoro-in-presenza\/#respond"]}]},{"@type":"WebPage","@id":"https:\/\/www.article-marketing.eu\/comunicatistampa\/far-ripartire-la-formazione-alla-sicurezza-sul-lavoro-in-presenza\/","url":"https:\/\/www.article-marketing.eu\/comunicatistampa\/far-ripartire-la-formazione-alla-sicurezza-sul-lavoro-in-presenza\/","name":"Far ripartire la formazione alla sicurezza sul lavoro in presenza - Article Marketing","isPartOf":{"@id":"https:\/\/www.article-marketing.eu\/comunicatistampa\/#website"},"datePublished":"2020-05-21T23:19:27+00:00","author":{"@id":"https:\/\/www.article-marketing.eu\/comunicatistampa\/#\/schema\/person\/d1985c4955ff71a05f49d68e3034b3cd"},"breadcrumb":{"@id":"https:\/\/www.article-marketing.eu\/comunicatistampa\/far-ripartire-la-formazione-alla-sicurezza-sul-lavoro-in-presenza\/#breadcrumb"},"inLanguage":"it-IT","potentialAction":[{"@type":"ReadAction","target":["https:\/\/www.article-marketing.eu\/comunicatistampa\/far-ripartire-la-formazione-alla-sicurezza-sul-lavoro-in-presenza\/"]}]},{"@type":"BreadcrumbList","@id":"https:\/\/www.article-marketing.eu\/comunicatistampa\/far-ripartire-la-formazione-alla-sicurezza-sul-lavoro-in-presenza\/#breadcrumb","itemListElement":[{"@type":"ListItem","position":1,"name":"Home","item":"https:\/\/www.article-marketing.eu\/comunicatistampa\/"},{"@type":"ListItem","position":2,"name":"Far ripartire la formazione alla sicurezza sul lavoro in presenza"}]},{"@type":"WebSite","@id":"https:\/\/www.article-marketing.eu\/comunicatistampa\/#website","url":"https:\/\/www.article-marketing.eu\/comunicatistampa\/","name":"Article Marketing","description":"article marketing &amp; press release","potentialAction":[{"@type":"SearchAction","target":{"@type":"EntryPoint","urlTemplate":"https:\/\/www.article-marketing.eu\/comunicatistampa\/?s={search_term_string}"},"query-input":{"@type":"PropertyValueSpecification","valueRequired":true,"valueName":"search_term_string"}}],"inLanguage":"it-IT"},{"@type":"Person","@id":"https:\/\/www.article-marketing.eu\/comunicatistampa\/#\/schema\/person\/d1985c4955ff71a05f49d68e3034b3cd","name":"AIFUS","image":{"@type":"ImageObject","inLanguage":"it-IT","@id":"https:\/\/secure.gravatar.com\/avatar\/05cf2a2ba057667571308b94c84f00ff48766ffac95710a87491a9b3ddcee484?s=96&d=mm&r=g","url":"https:\/\/secure.gravatar.com\/avatar\/05cf2a2ba057667571308b94c84f00ff48766ffac95710a87491a9b3ddcee484?s=96&d=mm&r=g","contentUrl":"https:\/\/secure.gravatar.com\/avatar\/05cf2a2ba057667571308b94c84f00ff48766ffac95710a87491a9b3ddcee484?s=96&d=mm&r=g","caption":"AIFUS"},"url":"https:\/\/www.article-marketing.eu\/comunicatistampa\/author\/aifus\/"}]}},"_links":{"self":[{"href":"https:\/\/www.article-marketing.eu\/comunicatistampa\/wp-json\/wp\/v2\/posts\/14858","targetHints":{"allow":["GET"]}}],"collection":[{"href":"https:\/\/www.article-marketing.eu\/comunicatistampa\/wp-json\/wp\/v2\/posts"}],"about":[{"href":"https:\/\/www.article-marketing.eu\/comunicatistampa\/wp-json\/wp\/v2\/types\/post"}],"author":[{"embeddable":true,"href":"https:\/\/www.article-marketing.eu\/comunicatistampa\/wp-json\/wp\/v2\/users\/881"}],"replies":[{"embeddable":true,"href":"https:\/\/www.article-marketing.eu\/comunicatistampa\/wp-json\/wp\/v2\/comments?post=14858"}],"version-history":[{"count":2,"href":"https:\/\/www.article-marketing.eu\/comunicatistampa\/wp-json\/wp\/v2\/posts\/14858\/revisions"}],"predecessor-version":[{"id":14860,"href":"https:\/\/www.article-marketing.eu\/comunicatistampa\/wp-json\/wp\/v2\/posts\/14858\/revisions\/14860"}],"wp:attachment":[{"href":"https:\/\/www.article-marketing.eu\/comunicatistampa\/wp-json\/wp\/v2\/media?parent=14858"}],"wp:term":[{"taxonomy":"category","embeddable":true,"href":"https:\/\/www.article-marketing.eu\/comunicatistampa\/wp-json\/wp\/v2\/categories?post=14858"},{"taxonomy":"post_tag","embeddable":true,"href":"https:\/\/www.article-marketing.eu\/comunicatistampa\/wp-json\/wp\/v2\/tags?post=14858"}],"curies":[{"name":"wp","href":"https:\/\/api.w.org\/{rel}","templated":true}]}}