{"id":15048,"date":"2020-06-16T18:49:46","date_gmt":"2020-06-16T16:49:46","guid":{"rendered":"https:\/\/www.article-marketing.eu\/comunicatistampa\/?p=15048"},"modified":"2020-06-16T18:49:46","modified_gmt":"2020-06-16T16:49:46","slug":"viral-art-presso-la-galleria-cael-a-milano","status":"publish","type":"post","link":"https:\/\/www.article-marketing.eu\/comunicatistampa\/viral-art-presso-la-galleria-cael-a-milano\/","title":{"rendered":"\u201cVIRAL ART\u201d presso la Galleria Cael a Milano"},"content":{"rendered":"<p><strong><u>COMUNICATO STAMPA<\/u><\/strong><\/p>\n<p><strong>\u00a0<\/strong><\/p>\n<p><strong>Esposizione d&#8217;arte contemporanea <\/strong><\/p>\n<p>&nbsp;<\/p>\n<p><strong>\u201cVIRAL ART\u201d<\/strong><\/p>\n<p><strong>\u00a0<\/strong><\/p>\n<p><strong>Milano, Galleria Cael, <\/strong><strong>Via Carlo Tenca 11<\/strong><\/p>\n<p><strong>dal 26 giugno al 12 luglio 2020<\/strong><\/p>\n<p><strong>Evento inaugurale 26 giugno 2020, ore 18<\/strong><\/p>\n<p><strong>\u00a0<\/strong><\/p>\n<p><strong>Informazioni mostra e catalogo on line: <\/strong><a href=\"https:\/\/divulgarti.org\/obsession\/\">http:\/\/divulgarti.org\/viralart\/<\/a><\/p>\n<p>&nbsp;<\/p>\n<p>&nbsp;<\/p>\n<p>Proviamo per un momento a immaginare che, in questo periodo cos\u00ec inquieto, drammatico e triste, \u201cvirale\u201d non sia un morbo che dilania i corpi e toglie il respiro, ma invece la bellezza dell&#8217;arte!<\/p>\n<p>&nbsp;<\/p>\n<p>Vogliamo provarci? Sono oltre 30 gli artisti provenienti da ogni parte del globo che \u201ccontagiano\u201d il pubblico con la loro creativit\u00e0 nella mostra \u201c<strong>Viral Art<\/strong>\u201d, Milano, Galleria Cael, via Carlo Tenca 11, dal 26 giugno al 12 luglio 2020, per la cura di <strong>Loredana Trestin<\/strong>, coadiuvata da <strong>Cristina Bianchi<\/strong>, e l&#8217;organizzazione di <strong>Divulgarti<\/strong>.<\/p>\n<p>&nbsp;<\/p>\n<p>E allora il bello, la creazione artistica, la capacit\u00e0 tecnica unita a una profonda riflessione sul presente diventano veramente \u201cvirali\u201d e ci contagiano con immagini, colori, espressioni dell&#8217;arte pittorica e visuale tra le pi\u00f9 originali e affascinanti.<\/p>\n<p>&nbsp;<\/p>\n<p>S\u00ec, perch\u00e9 le opere che gli artisti propongono e scelte da <strong>Loredana Trestin<\/strong> per la mostra \u201c<strong>Viral Art<\/strong>\u201d sono veramente le pi\u00f9 diverse, pur di riempire i nostri occhi e farci guardare la realt\u00e0 attraverso il filtro genuino del bello, la lente d&#8217;ingrandimento della creativit\u00e0 artistica che a volte distorce o vela, ma sempre nel modo pi\u00f9 vero e che prende forma dalle sensibilit\u00e0 di ogni artista qui presentato.<\/p>\n<p>&nbsp;<\/p>\n<p>In questa originalit\u00e0 espressiva, che va dalla performing art alla pittura pi\u00f9 pura, dalla contaminazione tra materiali e tecniche alla concept art, vi \u00e8 una speciale sezione dedicata alla video arte, per rappresentare cos\u00ec la pi\u00f9 vasta gamma di soluzioni creative. Infatti, alcuni monitor che trovano posto nella bellissima location di <strong>Galleria Cael<\/strong> rendono merito a una tecnica espressiva non certo nuova, ma assolutamente indispensabile in questo periodo di lockdown, di chiusure di musei e di sospensione degli eventi espositivi in tutto il mondo. Abbattendo cos\u00ec le barriere fisiche, l&#8217;arte in video ci da modo di apprezzare il bello anche in una dimensione nostra, privata, domestica.<\/p>\n<p>&nbsp;<\/p>\n<p>Infatti, per altro, ogni evento creato da <strong>Divulgarti<\/strong> e da <strong>Loredana Trestin<\/strong> prevede sempre una diretta video di ogni vernissage e ora trova, dal 12 giugno 2020, una estensione appunto televisiva con il programma \u201c<strong>A regola d&#8217;Arte<\/strong>\u201d, in onda sui canali <strong>Sky 821<\/strong> e <strong>Arte Italia 125<\/strong>.<\/p>\n<p>&nbsp;<\/p>\n<p>Il vernissage della mostra \u201c<strong>Viral Art<\/strong>\u201d \u00e8 alle <strong>ore 18<\/strong> di <strong>venerd\u00ec 26 giugno 2020<\/strong> e l&#8217;esposizione resta aperta sino al <strong>12 luglio<\/strong>, con o<strong>rario 11 \u2013 20 dal luned\u00ec al venerd\u00ec<\/strong>.<\/p>\n<p>&nbsp;<\/p>\n<p>Gli artisti selezionati e in esposizione sono: Maria Adorelle, Loretta Agostini, Paulo Amsel, Inesa Antanauskiene, Gloria Arz\u00e0, Donia Baqaeen, Christin Behrend, Sylvain Boisjoly, Chris Burton, Stefano Canziani, Matteo Carella, Diana \u010cern\u00e1kov\u00e1, Aur\u00e9lie Charles, Giovanni De Luca, Bhavya Dixit, Anna Ferrari, Veronica Garcea, Jennifer Gehr, Al Gord, Florian J\u00e4ger, Java, Marina Kallinowski, Audrey Kao, Mary-Jo Lough, Piergiorgio Mela, Mitzu, Gunilla Munro Gyllenspetz, Guillaume Pannatier, Italo Rocca, Tommy Wagner, Janin Walter<\/p>\n<p>&nbsp;<\/p>\n<p>&nbsp;<\/p>\n<p><strong>Esposizione d&#8217;arte contemporanea <\/strong><\/p>\n<p>&nbsp;<\/p>\n<p><strong>\u201cVIRAL ART\u201d<\/strong><\/p>\n<p>&nbsp;<\/p>\n<p><strong>Milano, Galleria Cael, <\/strong><strong>Via Carlo Tenca 11<\/strong><\/p>\n<p><strong>dal 26 giugno al 12 luglio 2020<\/strong><\/p>\n<p><strong>Orari: 11 \u2013 19 dal luned\u00ec al venerd\u00ec<\/strong><\/p>\n<p><strong>\u00a0<\/strong><\/p>\n<p><strong><u>Evento inaugurale 26 giugno 2020, ore 18<\/u><\/strong><\/p>\n<p><strong>\u00a0<\/strong><\/p>\n<p><strong>Direzione artistica e curatela: Loredana Trestin<br \/>\nAssistente curatore: Maria Cristina Bianchi<br \/>\nOrganizzazione: Agnese Casassa<\/strong><strong>, Ludovica Dagna, Elisa Gallani, Valentina Maggiolo<\/strong><strong><br \/>\nGrafica e web: Anna Maria Ferrari<br \/>\nUfficio stampa: Piero Cademartori, Agnese Casassa<\/strong><\/p>\n<p><strong>\u00a0<\/strong><\/p>\n<p><strong><u>Recapiti<\/u><\/strong><\/p>\n<p><strong>Divulgarti: +39 331 6465774 \u2013 <\/strong><a href=\"mailto:eventi@divulgarti.org\">eventi@divulgarti.org<\/a><strong> \u2013 <\/strong><a href=\"mailto:segreteria@divulgarti.org\">segreteria@divulgarti.org<\/a><\/p>\n<p><strong>Galleria Cael: +39 <\/strong><strong>02 6738 2992<\/strong> <strong>&#8211; <\/strong>info@caelpipin.com<\/p>\n<p><strong>Ufficio stampa: Piero Cademartori, +39 338 7676 020 \u2013 <\/strong>ufficiostampa@divulgarti.org<\/p>\n<p><strong>Web: <\/strong>www.divulgarti.org<strong> \u2013 <\/strong>www.businessatelier.eu<\/p>\n<p>&nbsp;<\/p>\n<p><strong>Informazioni mostra: <\/strong>https:\/\/divulgarti.org\/viralart\/<\/p>\n<p>&nbsp;<\/p>\n<p>Sedi espositive permanenti: Divulgarti Eventi al Ducale, Palazzo Ducale, piazza Matteotti 1, Genova; Creativity Art Design-Business Atelier, Palazzo Saluzzo dei Rolli, via Chiabrera 7\/2, Genova<br \/>\nSede amministrativa: Localit\u00e0 Vagge, Savignone (GE) &#8211; Partita IVA e c. f. 02373090998<\/p>\n<p>Call: +39 331 6465774 \u2013 eventi@divulgarti.org \u2013 segreteria@divulgarti.org \u2013 ufficiostampa@divulgarti.org<\/p>\n<p>Web: www.divulgarti.org \u2013 www.businessatelier.eu<\/p>\n<p>&nbsp;<\/p>\n<p>&nbsp;<\/p>\n<p><strong>Divulgarti<\/strong>, nata a Genova nel 2015 da un&#8217;idea di Loredana Trestin \u2013 gallerista e curatrice d&#8217;arte \u2013 opera attraverso la proposta culturale, in primo luogo organizzando mostre d&#8217;arte di artisti contemporanei in alcuni luoghi ricchi di storia culturale e di prestigio, come Palazzo Ducale e Palazzo Saluzzo dei Rolli a Genova, o Palazzo Zenobio a Venezia, sede della Biennale d&#8217;Arte, o in atelier di via Monte Napoleone a Milano e in altre location nazionali. Le mostre e le iniziative culturali sono affiancate da incontri, conferenze, seminari, aperitivi con l&#8217;autore, piccoli spettacoli, per coniugare l&#8217;arte ai temi del dibattito e dell&#8217;approfondimento culturale. Sovente favorisce l&#8217;incontro tra arte e imprese, nello spazio Business Atelier dedicato appunto all&#8217;esposizione di aziende, studi di design, artigiani, case di moda in un contesto riservato all&#8217;arte, cos\u00ec come l&#8217;incontro tra artisti e mondo della scuola, attraverso laboratori per bambini e ragazzi e inserendo giovani studenti in un percorso pre lavorativo nei diversi settori per l&#8217;organizzazione di mostre ed eventi d&#8217;arte.<\/p>\n<p>&nbsp;<\/p>\n<p>&nbsp;<\/p>\n<p><strong>Direttore: Loredana Trestin<br \/>\nAssistente alla direzione: Maria Cristina Bianchi<br \/>\nStaff organizzativo: Agnese Casassa, Ludovica Dagna, Elisa Gallani, Valentina Maggiolo<br \/>\nGrafica e web: Anna Maria Ferrari<br \/>\nUfficio stampa: Piero Cademartori<\/strong><\/p>\n","protected":false},"excerpt":{"rendered":"<p>COMUNICATO STAMPA \u00a0 Esposizione d&#8217;arte contemporanea &nbsp; \u201cVIRAL ART\u201d \u00a0 Milano, Galleria Cael, Via Carlo Tenca 11 dal 26 giugno al 12 luglio 2020 Evento inaugurale 26 giugno 2020, ore 18 \u00a0 Informazioni mostra e catalogo on line: http:\/\/divulgarti.org\/viralart\/ &nbsp; &nbsp; Proviamo per un momento a immaginare che, in questo periodo cos\u00ec inquieto, drammatico e triste, \u201cvirale\u201d non sia un morbo che dilania i corpi e toglie il respiro, ma<\/p>\n<p><a class=\"continue-reading\" href=\"https:\/\/www.article-marketing.eu\/comunicatistampa\/viral-art-presso-la-galleria-cael-a-milano\/\">Continue reading&#8230;<\/a><\/p>\n","protected":false},"author":5642,"featured_media":0,"comment_status":"open","ping_status":"open","sticky":false,"template":"","format":"standard","meta":{"_monsterinsights_skip_tracking":false,"_monsterinsights_sitenote_active":false,"_monsterinsights_sitenote_note":"","_monsterinsights_sitenote_category":0,"footnotes":""},"categories":[407,78,392],"tags":[571,979,991],"class_list":["post-15048","post","type-post","status-publish","format-standard","hentry","category-arte-e-cultura","category-comunicati-stampa","category-eventi","tag-arte","tag-eventi-milano","tag-mostra"],"yoast_head":"<!-- This site is optimized with the Yoast SEO plugin v27.3 - https:\/\/yoast.com\/product\/yoast-seo-wordpress\/ -->\n<title>\u201cVIRAL ART\u201d presso la Galleria Cael a Milano - Article Marketing<\/title>\n<meta name=\"robots\" content=\"index, follow, max-snippet:-1, max-image-preview:large, max-video-preview:-1\" \/>\n<link rel=\"canonical\" href=\"https:\/\/www.article-marketing.eu\/comunicatistampa\/viral-art-presso-la-galleria-cael-a-milano\/\" \/>\n<meta property=\"og:locale\" content=\"it_IT\" \/>\n<meta property=\"og:type\" content=\"article\" \/>\n<meta property=\"og:title\" content=\"\u201cVIRAL ART\u201d presso la Galleria Cael a Milano - Article Marketing\" \/>\n<meta property=\"og:description\" content=\"COMUNICATO STAMPA \u00a0 Esposizione d&#8217;arte contemporanea &nbsp; \u201cVIRAL ART\u201d \u00a0 Milano, Galleria Cael, Via Carlo Tenca 11 dal 26 giugno al 12 luglio 2020 Evento inaugurale 26 giugno 2020, ore 18 \u00a0 Informazioni mostra e catalogo on line: http:\/\/divulgarti.org\/viralart\/ &nbsp; &nbsp; Proviamo per un momento a immaginare che, in questo periodo cos\u00ec inquieto, drammatico e triste, \u201cvirale\u201d non sia un morbo che dilania i corpi e toglie il respiro, maContinue reading...\" \/>\n<meta property=\"og:url\" content=\"https:\/\/www.article-marketing.eu\/comunicatistampa\/viral-art-presso-la-galleria-cael-a-milano\/\" \/>\n<meta property=\"og:site_name\" content=\"Article Marketing\" \/>\n<meta property=\"article:published_time\" content=\"2020-06-16T16:49:46+00:00\" \/>\n<meta name=\"author\" content=\"Agnese\" \/>\n<meta name=\"twitter:card\" content=\"summary_large_image\" \/>\n<meta name=\"twitter:label1\" content=\"Scritto da\" \/>\n\t<meta name=\"twitter:data1\" content=\"Agnese\" \/>\n\t<meta name=\"twitter:label2\" content=\"Tempo di lettura stimato\" \/>\n\t<meta name=\"twitter:data2\" content=\"4 minuti\" \/>\n<script type=\"application\/ld+json\" class=\"yoast-schema-graph\">{\"@context\":\"https:\\\/\\\/schema.org\",\"@graph\":[{\"@type\":\"Article\",\"@id\":\"https:\\\/\\\/www.article-marketing.eu\\\/comunicatistampa\\\/viral-art-presso-la-galleria-cael-a-milano\\\/#article\",\"isPartOf\":{\"@id\":\"https:\\\/\\\/www.article-marketing.eu\\\/comunicatistampa\\\/viral-art-presso-la-galleria-cael-a-milano\\\/\"},\"author\":{\"name\":\"Agnese\",\"@id\":\"https:\\\/\\\/www.article-marketing.eu\\\/comunicatistampa\\\/#\\\/schema\\\/person\\\/e9a676adc63c89ce5e2ac75699053d87\"},\"headline\":\"\u201cVIRAL ART\u201d presso la Galleria Cael a Milano\",\"datePublished\":\"2020-06-16T16:49:46+00:00\",\"mainEntityOfPage\":{\"@id\":\"https:\\\/\\\/www.article-marketing.eu\\\/comunicatistampa\\\/viral-art-presso-la-galleria-cael-a-milano\\\/\"},\"wordCount\":821,\"commentCount\":0,\"keywords\":[\"Arte\",\"eventi milano\",\"mostra\"],\"articleSection\":[\"Arte e cultura\",\"Comunicati stampa\",\"Eventi\"],\"inLanguage\":\"it-IT\",\"potentialAction\":[{\"@type\":\"CommentAction\",\"name\":\"Comment\",\"target\":[\"https:\\\/\\\/www.article-marketing.eu\\\/comunicatistampa\\\/viral-art-presso-la-galleria-cael-a-milano\\\/#respond\"]}]},{\"@type\":\"WebPage\",\"@id\":\"https:\\\/\\\/www.article-marketing.eu\\\/comunicatistampa\\\/viral-art-presso-la-galleria-cael-a-milano\\\/\",\"url\":\"https:\\\/\\\/www.article-marketing.eu\\\/comunicatistampa\\\/viral-art-presso-la-galleria-cael-a-milano\\\/\",\"name\":\"\u201cVIRAL ART\u201d presso la Galleria Cael a Milano - Article Marketing\",\"isPartOf\":{\"@id\":\"https:\\\/\\\/www.article-marketing.eu\\\/comunicatistampa\\\/#website\"},\"datePublished\":\"2020-06-16T16:49:46+00:00\",\"author\":{\"@id\":\"https:\\\/\\\/www.article-marketing.eu\\\/comunicatistampa\\\/#\\\/schema\\\/person\\\/e9a676adc63c89ce5e2ac75699053d87\"},\"breadcrumb\":{\"@id\":\"https:\\\/\\\/www.article-marketing.eu\\\/comunicatistampa\\\/viral-art-presso-la-galleria-cael-a-milano\\\/#breadcrumb\"},\"inLanguage\":\"it-IT\",\"potentialAction\":[{\"@type\":\"ReadAction\",\"target\":[\"https:\\\/\\\/www.article-marketing.eu\\\/comunicatistampa\\\/viral-art-presso-la-galleria-cael-a-milano\\\/\"]}]},{\"@type\":\"BreadcrumbList\",\"@id\":\"https:\\\/\\\/www.article-marketing.eu\\\/comunicatistampa\\\/viral-art-presso-la-galleria-cael-a-milano\\\/#breadcrumb\",\"itemListElement\":[{\"@type\":\"ListItem\",\"position\":1,\"name\":\"Home\",\"item\":\"https:\\\/\\\/www.article-marketing.eu\\\/comunicatistampa\\\/\"},{\"@type\":\"ListItem\",\"position\":2,\"name\":\"\u201cVIRAL ART\u201d presso la Galleria Cael a Milano\"}]},{\"@type\":\"WebSite\",\"@id\":\"https:\\\/\\\/www.article-marketing.eu\\\/comunicatistampa\\\/#website\",\"url\":\"https:\\\/\\\/www.article-marketing.eu\\\/comunicatistampa\\\/\",\"name\":\"Article Marketing\",\"description\":\"article marketing &amp; press release\",\"potentialAction\":[{\"@type\":\"SearchAction\",\"target\":{\"@type\":\"EntryPoint\",\"urlTemplate\":\"https:\\\/\\\/www.article-marketing.eu\\\/comunicatistampa\\\/?s={search_term_string}\"},\"query-input\":{\"@type\":\"PropertyValueSpecification\",\"valueRequired\":true,\"valueName\":\"search_term_string\"}}],\"inLanguage\":\"it-IT\"},{\"@type\":\"Person\",\"@id\":\"https:\\\/\\\/www.article-marketing.eu\\\/comunicatistampa\\\/#\\\/schema\\\/person\\\/e9a676adc63c89ce5e2ac75699053d87\",\"name\":\"Agnese\",\"image\":{\"@type\":\"ImageObject\",\"inLanguage\":\"it-IT\",\"@id\":\"https:\\\/\\\/secure.gravatar.com\\\/avatar\\\/fe16341238a537f199c2aa5a4110288ae01b185c55a3d56abc57bcd589c7938f?s=96&d=mm&r=g\",\"url\":\"https:\\\/\\\/secure.gravatar.com\\\/avatar\\\/fe16341238a537f199c2aa5a4110288ae01b185c55a3d56abc57bcd589c7938f?s=96&d=mm&r=g\",\"contentUrl\":\"https:\\\/\\\/secure.gravatar.com\\\/avatar\\\/fe16341238a537f199c2aa5a4110288ae01b185c55a3d56abc57bcd589c7938f?s=96&d=mm&r=g\",\"caption\":\"Agnese\"},\"url\":\"https:\\\/\\\/www.article-marketing.eu\\\/comunicatistampa\\\/author\\\/agnese\\\/\"}]}<\/script>\n<!-- \/ Yoast SEO plugin. -->","yoast_head_json":{"title":"\u201cVIRAL ART\u201d presso la Galleria Cael a Milano - Article Marketing","robots":{"index":"index","follow":"follow","max-snippet":"max-snippet:-1","max-image-preview":"max-image-preview:large","max-video-preview":"max-video-preview:-1"},"canonical":"https:\/\/www.article-marketing.eu\/comunicatistampa\/viral-art-presso-la-galleria-cael-a-milano\/","og_locale":"it_IT","og_type":"article","og_title":"\u201cVIRAL ART\u201d presso la Galleria Cael a Milano - Article Marketing","og_description":"COMUNICATO STAMPA \u00a0 Esposizione d&#8217;arte contemporanea &nbsp; \u201cVIRAL ART\u201d \u00a0 Milano, Galleria Cael, Via Carlo Tenca 11 dal 26 giugno al 12 luglio 2020 Evento inaugurale 26 giugno 2020, ore 18 \u00a0 Informazioni mostra e catalogo on line: http:\/\/divulgarti.org\/viralart\/ &nbsp; &nbsp; Proviamo per un momento a immaginare che, in questo periodo cos\u00ec inquieto, drammatico e triste, \u201cvirale\u201d non sia un morbo che dilania i corpi e toglie il respiro, maContinue reading...","og_url":"https:\/\/www.article-marketing.eu\/comunicatistampa\/viral-art-presso-la-galleria-cael-a-milano\/","og_site_name":"Article Marketing","article_published_time":"2020-06-16T16:49:46+00:00","author":"Agnese","twitter_card":"summary_large_image","twitter_misc":{"Scritto da":"Agnese","Tempo di lettura stimato":"4 minuti"},"schema":{"@context":"https:\/\/schema.org","@graph":[{"@type":"Article","@id":"https:\/\/www.article-marketing.eu\/comunicatistampa\/viral-art-presso-la-galleria-cael-a-milano\/#article","isPartOf":{"@id":"https:\/\/www.article-marketing.eu\/comunicatistampa\/viral-art-presso-la-galleria-cael-a-milano\/"},"author":{"name":"Agnese","@id":"https:\/\/www.article-marketing.eu\/comunicatistampa\/#\/schema\/person\/e9a676adc63c89ce5e2ac75699053d87"},"headline":"\u201cVIRAL ART\u201d presso la Galleria Cael a Milano","datePublished":"2020-06-16T16:49:46+00:00","mainEntityOfPage":{"@id":"https:\/\/www.article-marketing.eu\/comunicatistampa\/viral-art-presso-la-galleria-cael-a-milano\/"},"wordCount":821,"commentCount":0,"keywords":["Arte","eventi milano","mostra"],"articleSection":["Arte e cultura","Comunicati stampa","Eventi"],"inLanguage":"it-IT","potentialAction":[{"@type":"CommentAction","name":"Comment","target":["https:\/\/www.article-marketing.eu\/comunicatistampa\/viral-art-presso-la-galleria-cael-a-milano\/#respond"]}]},{"@type":"WebPage","@id":"https:\/\/www.article-marketing.eu\/comunicatistampa\/viral-art-presso-la-galleria-cael-a-milano\/","url":"https:\/\/www.article-marketing.eu\/comunicatistampa\/viral-art-presso-la-galleria-cael-a-milano\/","name":"\u201cVIRAL ART\u201d presso la Galleria Cael a Milano - Article Marketing","isPartOf":{"@id":"https:\/\/www.article-marketing.eu\/comunicatistampa\/#website"},"datePublished":"2020-06-16T16:49:46+00:00","author":{"@id":"https:\/\/www.article-marketing.eu\/comunicatistampa\/#\/schema\/person\/e9a676adc63c89ce5e2ac75699053d87"},"breadcrumb":{"@id":"https:\/\/www.article-marketing.eu\/comunicatistampa\/viral-art-presso-la-galleria-cael-a-milano\/#breadcrumb"},"inLanguage":"it-IT","potentialAction":[{"@type":"ReadAction","target":["https:\/\/www.article-marketing.eu\/comunicatistampa\/viral-art-presso-la-galleria-cael-a-milano\/"]}]},{"@type":"BreadcrumbList","@id":"https:\/\/www.article-marketing.eu\/comunicatistampa\/viral-art-presso-la-galleria-cael-a-milano\/#breadcrumb","itemListElement":[{"@type":"ListItem","position":1,"name":"Home","item":"https:\/\/www.article-marketing.eu\/comunicatistampa\/"},{"@type":"ListItem","position":2,"name":"\u201cVIRAL ART\u201d presso la Galleria Cael a Milano"}]},{"@type":"WebSite","@id":"https:\/\/www.article-marketing.eu\/comunicatistampa\/#website","url":"https:\/\/www.article-marketing.eu\/comunicatistampa\/","name":"Article Marketing","description":"article marketing &amp; press release","potentialAction":[{"@type":"SearchAction","target":{"@type":"EntryPoint","urlTemplate":"https:\/\/www.article-marketing.eu\/comunicatistampa\/?s={search_term_string}"},"query-input":{"@type":"PropertyValueSpecification","valueRequired":true,"valueName":"search_term_string"}}],"inLanguage":"it-IT"},{"@type":"Person","@id":"https:\/\/www.article-marketing.eu\/comunicatistampa\/#\/schema\/person\/e9a676adc63c89ce5e2ac75699053d87","name":"Agnese","image":{"@type":"ImageObject","inLanguage":"it-IT","@id":"https:\/\/secure.gravatar.com\/avatar\/fe16341238a537f199c2aa5a4110288ae01b185c55a3d56abc57bcd589c7938f?s=96&d=mm&r=g","url":"https:\/\/secure.gravatar.com\/avatar\/fe16341238a537f199c2aa5a4110288ae01b185c55a3d56abc57bcd589c7938f?s=96&d=mm&r=g","contentUrl":"https:\/\/secure.gravatar.com\/avatar\/fe16341238a537f199c2aa5a4110288ae01b185c55a3d56abc57bcd589c7938f?s=96&d=mm&r=g","caption":"Agnese"},"url":"https:\/\/www.article-marketing.eu\/comunicatistampa\/author\/agnese\/"}]}},"_links":{"self":[{"href":"https:\/\/www.article-marketing.eu\/comunicatistampa\/wp-json\/wp\/v2\/posts\/15048","targetHints":{"allow":["GET"]}}],"collection":[{"href":"https:\/\/www.article-marketing.eu\/comunicatistampa\/wp-json\/wp\/v2\/posts"}],"about":[{"href":"https:\/\/www.article-marketing.eu\/comunicatistampa\/wp-json\/wp\/v2\/types\/post"}],"author":[{"embeddable":true,"href":"https:\/\/www.article-marketing.eu\/comunicatistampa\/wp-json\/wp\/v2\/users\/5642"}],"replies":[{"embeddable":true,"href":"https:\/\/www.article-marketing.eu\/comunicatistampa\/wp-json\/wp\/v2\/comments?post=15048"}],"version-history":[{"count":3,"href":"https:\/\/www.article-marketing.eu\/comunicatistampa\/wp-json\/wp\/v2\/posts\/15048\/revisions"}],"predecessor-version":[{"id":15061,"href":"https:\/\/www.article-marketing.eu\/comunicatistampa\/wp-json\/wp\/v2\/posts\/15048\/revisions\/15061"}],"wp:attachment":[{"href":"https:\/\/www.article-marketing.eu\/comunicatistampa\/wp-json\/wp\/v2\/media?parent=15048"}],"wp:term":[{"taxonomy":"category","embeddable":true,"href":"https:\/\/www.article-marketing.eu\/comunicatistampa\/wp-json\/wp\/v2\/categories?post=15048"},{"taxonomy":"post_tag","embeddable":true,"href":"https:\/\/www.article-marketing.eu\/comunicatistampa\/wp-json\/wp\/v2\/tags?post=15048"}],"curies":[{"name":"wp","href":"https:\/\/api.w.org\/{rel}","templated":true}]}}