{"id":15074,"date":"2020-06-18T22:23:30","date_gmt":"2020-06-18T20:23:30","guid":{"rendered":"https:\/\/www.article-marketing.eu\/comunicatistampa\/?p=15074"},"modified":"2020-06-18T22:23:30","modified_gmt":"2020-06-18T20:23:30","slug":"formazione-efficace-dallanalisi-dei-bisogni-alle-ricadute-formative","status":"publish","type":"post","link":"https:\/\/www.article-marketing.eu\/comunicatistampa\/formazione-efficace-dallanalisi-dei-bisogni-alle-ricadute-formative\/","title":{"rendered":"Formazione efficace: dall\u2019analisi dei bisogni alle ricadute formative"},"content":{"rendered":"<h2>Comunicato Stampa<\/h2>\n<h2>Formazione efficace: dall\u2019analisi dei bisogni alle ricadute formative<\/h2>\n<p><strong><em>Il 7 luglio 2020 una videoconferenza fornir\u00e0 gli strumenti per valutare l\u2019efficacia della formazione nel miglioramento delle competenze, dei comportamenti dei lavoratori e del livello di performance dell\u2019organizzazione aziendale. <\/em><\/strong><\/p>\n<p>&nbsp;<\/p>\n<p>La <strong>formazione<\/strong> \u00e8 un importante e valido strumento da utilizzare per facilitare l\u2019apprendimento di specifici comportamenti, conoscenze e abilit\u00e0 di cui il lavoratore ha bisogno per essere incisivo e competente nel suo lavoro.<\/p>\n<p>La formazione stessa assume poi un\u2019<strong>importanza strategica<\/strong> per valorizzare le potenzialit\u00e0 di qualunque organizzazione aziendale in un\u2019ottica di sviluppo continuo e di innovazione: assicura capacit\u00e0 competitive e, dunque, un\u2019adeguata adattabilit\u00e0 ai cambiamenti tecnologici e organizzativi.<\/p>\n<p>Tuttavia per avere queste potenzialit\u00e0 la <strong>formazione <\/strong>deve essere \u201c<strong>effettiva<\/strong>\u201d ed \u201c<strong>efficace<\/strong>\u201d ed \u00e8 necessario poter <strong>verificare<\/strong> quanto l\u2019iniziativa formativa sia risultata valida nel miglioramento delle competenze, dei comportamenti e del livello di performance dell\u2019organizzazione aziendale.<\/p>\n<p>&nbsp;<\/p>\n<p><strong>Come verificare l\u2019efficacia della formazione alla sicurezza? Come capire se sono migliorate le competenze e i comportamenti sicuri dei lavoratori? Come valutare il miglioramento del livello di performance dell\u2019organizzazione aziendale grazie all\u2019iniziativa formativa?<\/strong><\/p>\n<p><strong>\u00a0<\/strong><\/p>\n<p><strong>La videoconferenza sulla formazione efficace<\/strong><\/p>\n<p>Per favorire un\u2019adeguata valutazione dell\u2019efficacia della formazione e dei miglioramenti organizzativi aziendali l\u2019<strong>Associazione Italiana Formatori ed Operatori della Sicurezza sul Lavoro<\/strong> (AiFOS) organizza il <strong>07 luglio 2020 <\/strong>una videoconferenza di 6 ore titolo \u201c<strong>La formazione efficace: dall&#8217;analisi del fabbisogno alla valutazione dell&#8217;impatto organizzativo<\/strong>\u201d.<\/p>\n<p>Il corso si propone di verificare quanto l\u2019iniziativa formativa sia risultata valida per lo sviluppo e il miglioramento delle competenze in termini di apprendimento, variazione positiva dei comportamenti, livello di gradimento e di quantizzare, attraverso appositi ed appropriati indicatori, il miglioramento del livello di performance dell\u2019organizzazione aziendale raggiunto a distanza di tempo grazie all\u2019iniziativa formativa stessa.<\/p>\n<p>&nbsp;<\/p>\n<p>Il <strong>docente<\/strong> del corso in videoconferenza \u00e8 <strong>Carlo Zamponi<\/strong>, docente a contratto all\u2019Universit\u00e0 degli Studi dell\u2019Aquila e formatore in ambito sicurezza sul lavoro.<\/p>\n<p>&nbsp;<\/p>\n<p><strong>La metodologia didattica utilizzata durante la videoconferenza<\/strong><\/p>\n<p>Il percorso formativo proposto \u00e8 caratterizzato da una <strong>metodologia didattica fortemente interattiva<\/strong> che prevede diversi momenti di lavoro di gruppo durante i quali gli stessi discenti contribuiranno alla concretizzazione del percorso metodologico.<\/p>\n<p>Durante la formazione, secondo gli strumenti e le tecniche di <em>web based training<\/em> e <em>virtual team experience<\/em>, i partecipanti verranno suddivisi in piccoli gruppi, ciascuno dei quali si trover\u00e0 ad operare all\u2019interno di un\u2019<strong>aula virtuale <\/strong>creata tramite un apposito software.<\/p>\n<p>I <em>virtual team<\/em> svolgeranno le attivit\u00e0 proposte attuando metodologie didattiche basate sul <strong>lavoro di squadra<\/strong>, funzionale al raggiungimento di obiettivi comuni attraverso la promozione di un operoso spirito collaborativo. Verranno, a tal proposito, utilizzate appropriate <strong>metodologie didattiche<\/strong> quali l\u2019apprendimento collaborativo (cooperative learning) e la tecnica del jigsaw (puzzle).<\/p>\n<p>Ogni aula virtuale dovr\u00e0 portare a compimento lo svolgimento di una fase del piano di formazione aziendale che risulter\u00e0, dunque, ricomposto nella sua unit\u00e0 grazie al contributo di ciascun <em>team member<\/em>. La <strong>discussione conclusiva<\/strong> (<em>circle time<\/em>), quindi, verr\u00e0 impostata tramite la modalit\u00e0 della classe capovolta (<em>flipped classroom<\/em>) dal momento che saranno gli stessi partecipanti ad animare il dibattito e a illustrare i contenuti dei compiti eseguiti e il docente assumer\u00e0 il ruolo di ricettore e di facilitatore.<\/p>\n<p>&nbsp;<\/p>\n<p><strong>Gli argomenti del corso e le informazioni per iscriversi<\/strong><\/p>\n<p>La videoconferenza di 6 ore \u201c<strong>La formazione efficace: dall&#8217;analisi del fabbisogno alla valutazione dell&#8217;impatto organizzativo<\/strong>\u201d, organizzata dall\u2019Associazione AiFOS, si terr\u00e0 il <strong>07 luglio 2020 <\/strong>dalle ore 9.00 alle ore 13.00 e dalle 14.00 alle 16.00.<\/p>\n<p>&nbsp;<\/p>\n<p>Durante la videoconferenza verranno affrontati i seguenti <strong>argomenti<\/strong>:<\/p>\n<ul>\n<li>La politica e gli obiettivi aziendali, le esigenze formative<\/li>\n<li>Gli obiettivi del piano formativo<\/li>\n<li>Le fasi per la definizione del percorso formativo (esercitazione con virtual room)<\/li>\n<li>La qualificazione del Docente<\/li>\n<li>La tenuta sotto controllo del Piano Formativo aziendale<\/li>\n<li>La valutazione dell&#8217;efficacia formativa (l&#8217;apprendimento, il gradimento, le ricadute)<\/li>\n<li>Le ricadute formative, la valutazione sulle competenze, sull&#8217;organizzazione, sulle performance (esercitazione con virtual room).<\/li>\n<\/ul>\n<p>&nbsp;<\/p>\n<p>La partecipazione al corso vale come 6 ore di <strong>aggiornamento<\/strong> per RSPP\/ASPP e Coordinatori alla sicurezza e 6 ore di aggiornamento per formatori qualificati terza area tematica. Il corso \u00e8 valido anche ai fini della formazione specifica prevista per il Manager HSE (UNI 11720:2018 \u2013 area organizzativa e gestionale) e ai fini della formazione necessaria per l&#8217;iscrizione al Registro Consulenti AiFOS (Legge 4\/2013).<\/p>\n<p>&nbsp;<\/p>\n<p>Per avere ulteriori dettagli sul corso e iscriversi, \u00e8 possibile utilizzare questo link: <a href=\"https:\/\/aifos.org\/home\/formazione\/videoconferenza\/relazioni-comunicazione\/area3\/la_formazione_efficace\">https:\/\/aifos.org\/home\/formazione\/videoconferenza\/relazioni-comunicazione\/area3\/la_formazione_efficace<\/a><\/p>\n<p>&nbsp;<\/p>\n<p>Per informazioni:<\/p>\n<p><strong>Sede nazionale AiFOS<\/strong> &#8211; via Branze, 45 &#8211; 25123 Brescia c\/o CSMT, Universit\u00e0 degli Studi di Brescia &#8211; tel. 030.6595035 &#8211; fax 030.6595040 <a href=\"http:\/\/www.aifos.it\">www.aifos.it<\/a> &#8211; <a href=\"mailto:formarsi@aifos.it\">formarsi@aifos.it<\/a> &#8211; gototraining@aifos.it<\/p>\n<p><em>\u00a0<\/em><\/p>\n<p><em>18 giugno 2020<\/em><\/p>\n<p>&nbsp;<\/p>\n<p>Ufficio Stampa di AiFOS<\/p>\n<p>ufficiostampa@aifos.it<\/p>\n<p>http:\/\/www.aifos.it\/<\/p>\n","protected":false},"excerpt":{"rendered":"<p>Comunicato Stampa Formazione efficace: dall\u2019analisi dei bisogni alle ricadute formative Il 7 luglio 2020 una videoconferenza fornir\u00e0 gli strumenti per valutare l\u2019efficacia della formazione nel miglioramento delle competenze, dei comportamenti dei lavoratori e del livello di performance dell\u2019organizzazione aziendale. &nbsp; La formazione \u00e8 un importante e valido strumento da utilizzare per facilitare l\u2019apprendimento di specifici comportamenti, conoscenze e abilit\u00e0 di cui il lavoratore ha bisogno per essere incisivo e competente<\/p>\n<p><a class=\"continue-reading\" href=\"https:\/\/www.article-marketing.eu\/comunicatistampa\/formazione-efficace-dallanalisi-dei-bisogni-alle-ricadute-formative\/\">Continue reading&#8230;<\/a><\/p>\n","protected":false},"author":881,"featured_media":0,"comment_status":"open","ping_status":"open","sticky":false,"template":"","format":"standard","meta":{"_monsterinsights_skip_tracking":false,"_monsterinsights_sitenote_active":false,"_monsterinsights_sitenote_note":"","_monsterinsights_sitenote_category":0,"footnotes":""},"categories":[78,379,378,369,394],"tags":[3301,6273,3235,6278,6277,791,6280,6279,3300,6271,6274,6272,6276,6281,6023,6275],"class_list":["post-15074","post","type-post","status-publish","format-standard","hentry","category-comunicati-stampa","category-corsi","category-istruzione","category-salute-e-benessere","category-servizi","tag-aifos","tag-aula-virtuale","tag-brescia","tag-circle-time","tag-cooperative-learning","tag-corso","tag-esigenze-formative","tag-flipped-classroom","tag-formazione-alla-sicurezza","tag-la-formazione-efficace-dallanalisi-del-fabbisogno-alla-valutazione-dellimpatto-organizzativo","tag-lavoro-di-squadra","tag-livello-di-performance","tag-tecnica-del-jigsaw","tag-valutazione-dellefficacia-formativa","tag-videoconferenza","tag-virtual-team"],"yoast_head":"<!-- This site is optimized with the Yoast SEO plugin v27.3 - https:\/\/yoast.com\/product\/yoast-seo-wordpress\/ -->\n<title>Formazione efficace: dall\u2019analisi dei bisogni alle ricadute formative - Article Marketing<\/title>\n<meta name=\"robots\" content=\"index, follow, max-snippet:-1, max-image-preview:large, max-video-preview:-1\" \/>\n<link rel=\"canonical\" href=\"https:\/\/www.article-marketing.eu\/comunicatistampa\/formazione-efficace-dallanalisi-dei-bisogni-alle-ricadute-formative\/\" \/>\n<meta property=\"og:locale\" content=\"it_IT\" \/>\n<meta property=\"og:type\" content=\"article\" \/>\n<meta property=\"og:title\" content=\"Formazione efficace: dall\u2019analisi dei bisogni alle ricadute formative - Article Marketing\" \/>\n<meta property=\"og:description\" content=\"Comunicato Stampa Formazione efficace: dall\u2019analisi dei bisogni alle ricadute formative Il 7 luglio 2020 una videoconferenza fornir\u00e0 gli strumenti per valutare l\u2019efficacia della formazione nel miglioramento delle competenze, dei comportamenti dei lavoratori e del livello di performance dell\u2019organizzazione aziendale. &nbsp; La formazione \u00e8 un importante e valido strumento da utilizzare per facilitare l\u2019apprendimento di specifici comportamenti, conoscenze e abilit\u00e0 di cui il lavoratore ha bisogno per essere incisivo e competenteContinue reading...\" \/>\n<meta property=\"og:url\" content=\"https:\/\/www.article-marketing.eu\/comunicatistampa\/formazione-efficace-dallanalisi-dei-bisogni-alle-ricadute-formative\/\" \/>\n<meta property=\"og:site_name\" content=\"Article Marketing\" \/>\n<meta property=\"article:published_time\" content=\"2020-06-18T20:23:30+00:00\" \/>\n<meta name=\"author\" content=\"AIFUS\" \/>\n<meta name=\"twitter:card\" content=\"summary_large_image\" \/>\n<meta name=\"twitter:label1\" content=\"Scritto da\" \/>\n\t<meta name=\"twitter:data1\" content=\"AIFUS\" \/>\n\t<meta name=\"twitter:label2\" content=\"Tempo di lettura stimato\" \/>\n\t<meta name=\"twitter:data2\" content=\"4 minuti\" \/>\n<script type=\"application\/ld+json\" class=\"yoast-schema-graph\">{\"@context\":\"https:\\\/\\\/schema.org\",\"@graph\":[{\"@type\":\"Article\",\"@id\":\"https:\\\/\\\/www.article-marketing.eu\\\/comunicatistampa\\\/formazione-efficace-dallanalisi-dei-bisogni-alle-ricadute-formative\\\/#article\",\"isPartOf\":{\"@id\":\"https:\\\/\\\/www.article-marketing.eu\\\/comunicatistampa\\\/formazione-efficace-dallanalisi-dei-bisogni-alle-ricadute-formative\\\/\"},\"author\":{\"name\":\"AIFUS\",\"@id\":\"https:\\\/\\\/www.article-marketing.eu\\\/comunicatistampa\\\/#\\\/schema\\\/person\\\/d1985c4955ff71a05f49d68e3034b3cd\"},\"headline\":\"Formazione efficace: dall\u2019analisi dei bisogni alle ricadute formative\",\"datePublished\":\"2020-06-18T20:23:30+00:00\",\"mainEntityOfPage\":{\"@id\":\"https:\\\/\\\/www.article-marketing.eu\\\/comunicatistampa\\\/formazione-efficace-dallanalisi-dei-bisogni-alle-ricadute-formative\\\/\"},\"wordCount\":773,\"commentCount\":0,\"keywords\":[\"Aifos\",\"aula virtuale\",\"Brescia\",\"circle time\",\"cooperative learning\",\"corso\",\"esigenze formative\",\"flipped classroom\",\"formazione alla sicurezza\",\"La formazione efficace: dall'analisi del fabbisogno alla valutazione dell'impatto organizzativo\",\"lavoro di squadra\",\"livello di performance\",\"tecnica del jigsaw\",\"valutazione dell'efficacia formativa\",\"videoconferenza\",\"virtual team\"],\"articleSection\":[\"Comunicati stampa\",\"Corsi\",\"Istruzione\",\"Salute e benessere\",\"Servizi\"],\"inLanguage\":\"it-IT\",\"potentialAction\":[{\"@type\":\"CommentAction\",\"name\":\"Comment\",\"target\":[\"https:\\\/\\\/www.article-marketing.eu\\\/comunicatistampa\\\/formazione-efficace-dallanalisi-dei-bisogni-alle-ricadute-formative\\\/#respond\"]}]},{\"@type\":\"WebPage\",\"@id\":\"https:\\\/\\\/www.article-marketing.eu\\\/comunicatistampa\\\/formazione-efficace-dallanalisi-dei-bisogni-alle-ricadute-formative\\\/\",\"url\":\"https:\\\/\\\/www.article-marketing.eu\\\/comunicatistampa\\\/formazione-efficace-dallanalisi-dei-bisogni-alle-ricadute-formative\\\/\",\"name\":\"Formazione efficace: dall\u2019analisi dei bisogni alle ricadute formative - Article Marketing\",\"isPartOf\":{\"@id\":\"https:\\\/\\\/www.article-marketing.eu\\\/comunicatistampa\\\/#website\"},\"datePublished\":\"2020-06-18T20:23:30+00:00\",\"author\":{\"@id\":\"https:\\\/\\\/www.article-marketing.eu\\\/comunicatistampa\\\/#\\\/schema\\\/person\\\/d1985c4955ff71a05f49d68e3034b3cd\"},\"breadcrumb\":{\"@id\":\"https:\\\/\\\/www.article-marketing.eu\\\/comunicatistampa\\\/formazione-efficace-dallanalisi-dei-bisogni-alle-ricadute-formative\\\/#breadcrumb\"},\"inLanguage\":\"it-IT\",\"potentialAction\":[{\"@type\":\"ReadAction\",\"target\":[\"https:\\\/\\\/www.article-marketing.eu\\\/comunicatistampa\\\/formazione-efficace-dallanalisi-dei-bisogni-alle-ricadute-formative\\\/\"]}]},{\"@type\":\"BreadcrumbList\",\"@id\":\"https:\\\/\\\/www.article-marketing.eu\\\/comunicatistampa\\\/formazione-efficace-dallanalisi-dei-bisogni-alle-ricadute-formative\\\/#breadcrumb\",\"itemListElement\":[{\"@type\":\"ListItem\",\"position\":1,\"name\":\"Home\",\"item\":\"https:\\\/\\\/www.article-marketing.eu\\\/comunicatistampa\\\/\"},{\"@type\":\"ListItem\",\"position\":2,\"name\":\"Formazione efficace: dall\u2019analisi dei bisogni alle ricadute formative\"}]},{\"@type\":\"WebSite\",\"@id\":\"https:\\\/\\\/www.article-marketing.eu\\\/comunicatistampa\\\/#website\",\"url\":\"https:\\\/\\\/www.article-marketing.eu\\\/comunicatistampa\\\/\",\"name\":\"Article Marketing\",\"description\":\"article marketing &amp; press release\",\"potentialAction\":[{\"@type\":\"SearchAction\",\"target\":{\"@type\":\"EntryPoint\",\"urlTemplate\":\"https:\\\/\\\/www.article-marketing.eu\\\/comunicatistampa\\\/?s={search_term_string}\"},\"query-input\":{\"@type\":\"PropertyValueSpecification\",\"valueRequired\":true,\"valueName\":\"search_term_string\"}}],\"inLanguage\":\"it-IT\"},{\"@type\":\"Person\",\"@id\":\"https:\\\/\\\/www.article-marketing.eu\\\/comunicatistampa\\\/#\\\/schema\\\/person\\\/d1985c4955ff71a05f49d68e3034b3cd\",\"name\":\"AIFUS\",\"image\":{\"@type\":\"ImageObject\",\"inLanguage\":\"it-IT\",\"@id\":\"https:\\\/\\\/secure.gravatar.com\\\/avatar\\\/05cf2a2ba057667571308b94c84f00ff48766ffac95710a87491a9b3ddcee484?s=96&d=mm&r=g\",\"url\":\"https:\\\/\\\/secure.gravatar.com\\\/avatar\\\/05cf2a2ba057667571308b94c84f00ff48766ffac95710a87491a9b3ddcee484?s=96&d=mm&r=g\",\"contentUrl\":\"https:\\\/\\\/secure.gravatar.com\\\/avatar\\\/05cf2a2ba057667571308b94c84f00ff48766ffac95710a87491a9b3ddcee484?s=96&d=mm&r=g\",\"caption\":\"AIFUS\"},\"url\":\"https:\\\/\\\/www.article-marketing.eu\\\/comunicatistampa\\\/author\\\/aifus\\\/\"}]}<\/script>\n<!-- \/ Yoast SEO plugin. -->","yoast_head_json":{"title":"Formazione efficace: dall\u2019analisi dei bisogni alle ricadute formative - Article Marketing","robots":{"index":"index","follow":"follow","max-snippet":"max-snippet:-1","max-image-preview":"max-image-preview:large","max-video-preview":"max-video-preview:-1"},"canonical":"https:\/\/www.article-marketing.eu\/comunicatistampa\/formazione-efficace-dallanalisi-dei-bisogni-alle-ricadute-formative\/","og_locale":"it_IT","og_type":"article","og_title":"Formazione efficace: dall\u2019analisi dei bisogni alle ricadute formative - Article Marketing","og_description":"Comunicato Stampa Formazione efficace: dall\u2019analisi dei bisogni alle ricadute formative Il 7 luglio 2020 una videoconferenza fornir\u00e0 gli strumenti per valutare l\u2019efficacia della formazione nel miglioramento delle competenze, dei comportamenti dei lavoratori e del livello di performance dell\u2019organizzazione aziendale. &nbsp; La formazione \u00e8 un importante e valido strumento da utilizzare per facilitare l\u2019apprendimento di specifici comportamenti, conoscenze e abilit\u00e0 di cui il lavoratore ha bisogno per essere incisivo e competenteContinue reading...","og_url":"https:\/\/www.article-marketing.eu\/comunicatistampa\/formazione-efficace-dallanalisi-dei-bisogni-alle-ricadute-formative\/","og_site_name":"Article Marketing","article_published_time":"2020-06-18T20:23:30+00:00","author":"AIFUS","twitter_card":"summary_large_image","twitter_misc":{"Scritto da":"AIFUS","Tempo di lettura stimato":"4 minuti"},"schema":{"@context":"https:\/\/schema.org","@graph":[{"@type":"Article","@id":"https:\/\/www.article-marketing.eu\/comunicatistampa\/formazione-efficace-dallanalisi-dei-bisogni-alle-ricadute-formative\/#article","isPartOf":{"@id":"https:\/\/www.article-marketing.eu\/comunicatistampa\/formazione-efficace-dallanalisi-dei-bisogni-alle-ricadute-formative\/"},"author":{"name":"AIFUS","@id":"https:\/\/www.article-marketing.eu\/comunicatistampa\/#\/schema\/person\/d1985c4955ff71a05f49d68e3034b3cd"},"headline":"Formazione efficace: dall\u2019analisi dei bisogni alle ricadute formative","datePublished":"2020-06-18T20:23:30+00:00","mainEntityOfPage":{"@id":"https:\/\/www.article-marketing.eu\/comunicatistampa\/formazione-efficace-dallanalisi-dei-bisogni-alle-ricadute-formative\/"},"wordCount":773,"commentCount":0,"keywords":["Aifos","aula virtuale","Brescia","circle time","cooperative learning","corso","esigenze formative","flipped classroom","formazione alla sicurezza","La formazione efficace: dall'analisi del fabbisogno alla valutazione dell'impatto organizzativo","lavoro di squadra","livello di performance","tecnica del jigsaw","valutazione dell'efficacia formativa","videoconferenza","virtual team"],"articleSection":["Comunicati stampa","Corsi","Istruzione","Salute e benessere","Servizi"],"inLanguage":"it-IT","potentialAction":[{"@type":"CommentAction","name":"Comment","target":["https:\/\/www.article-marketing.eu\/comunicatistampa\/formazione-efficace-dallanalisi-dei-bisogni-alle-ricadute-formative\/#respond"]}]},{"@type":"WebPage","@id":"https:\/\/www.article-marketing.eu\/comunicatistampa\/formazione-efficace-dallanalisi-dei-bisogni-alle-ricadute-formative\/","url":"https:\/\/www.article-marketing.eu\/comunicatistampa\/formazione-efficace-dallanalisi-dei-bisogni-alle-ricadute-formative\/","name":"Formazione efficace: dall\u2019analisi dei bisogni alle ricadute formative - Article Marketing","isPartOf":{"@id":"https:\/\/www.article-marketing.eu\/comunicatistampa\/#website"},"datePublished":"2020-06-18T20:23:30+00:00","author":{"@id":"https:\/\/www.article-marketing.eu\/comunicatistampa\/#\/schema\/person\/d1985c4955ff71a05f49d68e3034b3cd"},"breadcrumb":{"@id":"https:\/\/www.article-marketing.eu\/comunicatistampa\/formazione-efficace-dallanalisi-dei-bisogni-alle-ricadute-formative\/#breadcrumb"},"inLanguage":"it-IT","potentialAction":[{"@type":"ReadAction","target":["https:\/\/www.article-marketing.eu\/comunicatistampa\/formazione-efficace-dallanalisi-dei-bisogni-alle-ricadute-formative\/"]}]},{"@type":"BreadcrumbList","@id":"https:\/\/www.article-marketing.eu\/comunicatistampa\/formazione-efficace-dallanalisi-dei-bisogni-alle-ricadute-formative\/#breadcrumb","itemListElement":[{"@type":"ListItem","position":1,"name":"Home","item":"https:\/\/www.article-marketing.eu\/comunicatistampa\/"},{"@type":"ListItem","position":2,"name":"Formazione efficace: dall\u2019analisi dei bisogni alle ricadute formative"}]},{"@type":"WebSite","@id":"https:\/\/www.article-marketing.eu\/comunicatistampa\/#website","url":"https:\/\/www.article-marketing.eu\/comunicatistampa\/","name":"Article Marketing","description":"article marketing &amp; press release","potentialAction":[{"@type":"SearchAction","target":{"@type":"EntryPoint","urlTemplate":"https:\/\/www.article-marketing.eu\/comunicatistampa\/?s={search_term_string}"},"query-input":{"@type":"PropertyValueSpecification","valueRequired":true,"valueName":"search_term_string"}}],"inLanguage":"it-IT"},{"@type":"Person","@id":"https:\/\/www.article-marketing.eu\/comunicatistampa\/#\/schema\/person\/d1985c4955ff71a05f49d68e3034b3cd","name":"AIFUS","image":{"@type":"ImageObject","inLanguage":"it-IT","@id":"https:\/\/secure.gravatar.com\/avatar\/05cf2a2ba057667571308b94c84f00ff48766ffac95710a87491a9b3ddcee484?s=96&d=mm&r=g","url":"https:\/\/secure.gravatar.com\/avatar\/05cf2a2ba057667571308b94c84f00ff48766ffac95710a87491a9b3ddcee484?s=96&d=mm&r=g","contentUrl":"https:\/\/secure.gravatar.com\/avatar\/05cf2a2ba057667571308b94c84f00ff48766ffac95710a87491a9b3ddcee484?s=96&d=mm&r=g","caption":"AIFUS"},"url":"https:\/\/www.article-marketing.eu\/comunicatistampa\/author\/aifus\/"}]}},"_links":{"self":[{"href":"https:\/\/www.article-marketing.eu\/comunicatistampa\/wp-json\/wp\/v2\/posts\/15074","targetHints":{"allow":["GET"]}}],"collection":[{"href":"https:\/\/www.article-marketing.eu\/comunicatistampa\/wp-json\/wp\/v2\/posts"}],"about":[{"href":"https:\/\/www.article-marketing.eu\/comunicatistampa\/wp-json\/wp\/v2\/types\/post"}],"author":[{"embeddable":true,"href":"https:\/\/www.article-marketing.eu\/comunicatistampa\/wp-json\/wp\/v2\/users\/881"}],"replies":[{"embeddable":true,"href":"https:\/\/www.article-marketing.eu\/comunicatistampa\/wp-json\/wp\/v2\/comments?post=15074"}],"version-history":[{"count":2,"href":"https:\/\/www.article-marketing.eu\/comunicatistampa\/wp-json\/wp\/v2\/posts\/15074\/revisions"}],"predecessor-version":[{"id":15084,"href":"https:\/\/www.article-marketing.eu\/comunicatistampa\/wp-json\/wp\/v2\/posts\/15074\/revisions\/15084"}],"wp:attachment":[{"href":"https:\/\/www.article-marketing.eu\/comunicatistampa\/wp-json\/wp\/v2\/media?parent=15074"}],"wp:term":[{"taxonomy":"category","embeddable":true,"href":"https:\/\/www.article-marketing.eu\/comunicatistampa\/wp-json\/wp\/v2\/categories?post=15074"},{"taxonomy":"post_tag","embeddable":true,"href":"https:\/\/www.article-marketing.eu\/comunicatistampa\/wp-json\/wp\/v2\/tags?post=15074"}],"curies":[{"name":"wp","href":"https:\/\/api.w.org\/{rel}","templated":true}]}}