{"id":15099,"date":"2020-06-22T18:20:32","date_gmt":"2020-06-22T16:20:32","guid":{"rendered":"https:\/\/www.article-marketing.eu\/comunicatistampa\/?p=15099"},"modified":"2020-06-22T18:20:32","modified_gmt":"2020-06-22T16:20:32","slug":"alviti-art-presente-alla-3-edizione-di-bias-2020","status":"publish","type":"post","link":"https:\/\/www.article-marketing.eu\/comunicatistampa\/alviti-art-presente-alla-3-edizione-di-bias-2020\/","title":{"rendered":"ALVITI ART PRESENTE ALLA 3\u00b0 EDIZIONE DI BIAS 2020"},"content":{"rendered":"<p>I fratelli <strong>Patrizio e Cristiano Alviti<\/strong> &#8211; pittore il primo, scultore il secondo, autodidatti entrambi &#8211; si preparano a calcare nuovamente le scene italiane con il nome di <a href=\"https:\/\/www.alvitiart.com\/\"><strong>ALVITIART<\/strong><\/a> partecipando alla <a href=\"https:\/\/www.bias.institute\/\"><strong>BIAS 2020<\/strong><\/a>, dopo essere stati accuratamente selezionati insieme ad altri <strong>100 artisti provenienti da tutto il mondo.<\/strong><\/p>\n<p>Biennale d\u2019Arte Sacra delle Religioni dell\u2019Umanit\u00e0, che rimarr\u00e0 attiva sino almeno alla fine di Ottobre 2020, la <strong>BIAS \u00e8 un\u2019esposizione transnazionale voluta e promossa da WISH-World International Sicilian Heritage, dall\u2019artista Rosa Mundi e dalla Fondazione Don\u00e0 dalle Rose<\/strong>, con l\u2019obiettivo di promuovere un percorso di crescita collettiva attraverso uno specifico contesto di espressione artistica e dialogo interreligioso, facendo dell\u2019arte contemporanea strumento di indagine, denuncia e conoscenza al di l\u00e0 di qualsiasi pregiudizio sociale, religioso, politico ed economico.<\/p>\n<p><strong>La Terza Edizione sar\u00e0 incentrata sul tema \u201cThe game of time, the time of\u00a0 game\u201d.<\/strong><\/p>\n<p>Prima tappa \u00e8 stata <strong>Venezia<\/strong> (12 giugno) cui ha fatto seguito <strong>Villa Barbarigo<\/strong> in provincia di Padova (13 giugno) mentre il 24 giugno \u00e8 la volta di <strong>Marsala<\/strong>. Per il mese di Luglio sono invece coinvolte le seguenti citt\u00e0:<\/p>\n<p>1\u00b0 luglio \u2013 Messina, MUME Museo Regionale Sicilia<br \/>\n10 luglio \u2013 Palermo, Loggiato di San Bartolomeo<br \/>\n11 luglio \u2013 Gibellina, Fondazione Orestiadi<br \/>\n12 luglio \u2013 Erice<br \/>\n24 luglio \u2013 Porto Rotondo<br \/>\n31 luglio \u2013 Salina<\/p>\n<p><strong>ALVITIART presenter\u00e0 in occasione di BIAS 2020 opere scultoree di Cristiano Alviti, della serie I Giganti, e incisioni monotipo su lastre in ferro di Patrizio Alviti, appartenenti alla neonata collezione VOLONTA\u2019 DI FERRO.<\/strong><\/p>\n<p><em>&#8220;Ogni scultura della serie I Giganti, realizzata tramite fusione in bronzo, \u00e8 simbolo dell\u2019imprigionamento umano e al tempo stesso del desiderio di ogni uomo di dare forma e voce al proprio mondo interiore, a qualsiasi costo. L\u2019equilibrio tra significato e postura, tra la resa della superficie e lo spazio circostante, costituiscono il meccanismo che mette in moto la riflessione. Il Gigante \u00e8 simbolo di svuotamento e dello stato come di incarceramento in cui sovente il potenziale umano \u00e8 costretto\u00a0&#8221; <\/em>spiega <strong>Cristiano Alviti.<\/strong><\/p>\n<p>Nel Gigante\u00a0si fondono\u00a0Vita, Storia, Tempo e Sogno trasformando l\u2019opera scultorea in un dialogo infinto con l\u2019umanit\u00e0.<\/p>\n<p>Quanto a Patrizio Alviti, che ama definirsi un \u201caccumulatore emozionale\u201d, la collezione VOLONTA&#8217;\u00a0DI FERRO \u00e8 stata realizzata in tempo di quarantena durante il Covid-19. Si tratta di incisioni monotipo su lastre di ferro, trattate con la fiamma ossidrica elettrica attraverso il metodo della \u201cscriccatura\u201d. Come specifica lo stesso <strong>Patrizio Alviti<\/strong> <em>&#8220;L\u2019idea \u00e8 quella di fondere tecnica dell\u2019acquerello e tecnica dell\u2019incisione in un doppio lavoro grafico dove la geometria delle lastre rappresenta la razionalit\u00e0 umana e l\u2019acquarello la parte emotiva dell\u2019individuo. <\/em><em>Ogni lastra \u00e8 annotazione di un momento, riflesso di un paesaggio interiore (non essendo stato possibile uscire), rifugio immaginario di attese e speranze, memoria di un\u2019emozione nonch\u00e9 teatro di un viaggio compiuto in tempo di quarantena e governato dalla volont\u00e0 di proporre un\u2019alternativa all\u2019immobilit\u00e0 imposta&#8221;.<\/em><\/p>\n","protected":false},"excerpt":{"rendered":"<p>I fratelli Patrizio e Cristiano Alviti &#8211; pittore il primo, scultore il secondo, autodidatti entrambi &#8211; si preparano a calcare nuovamente le scene italiane con il nome di ALVITIART partecipando alla BIAS 2020, dopo essere stati accuratamente selezionati insieme ad altri 100 artisti provenienti da tutto il mondo. Biennale d\u2019Arte Sacra delle Religioni dell\u2019Umanit\u00e0, che rimarr\u00e0 attiva sino almeno alla fine di Ottobre 2020, la BIAS \u00e8 un\u2019esposizione transnazionale voluta<\/p>\n<p><a class=\"continue-reading\" href=\"https:\/\/www.article-marketing.eu\/comunicatistampa\/alviti-art-presente-alla-3-edizione-di-bias-2020\/\">Continue reading&#8230;<\/a><\/p>\n","protected":false},"author":722,"featured_media":0,"comment_status":"open","ping_status":"open","sticky":false,"template":"","format":"gallery","meta":{"_monsterinsights_skip_tracking":false,"_monsterinsights_sitenote_active":false,"_monsterinsights_sitenote_note":"","_monsterinsights_sitenote_category":0,"footnotes":""},"categories":[407],"tags":[6282,571,1950,6283,6284,6286,6285,6287,5072],"class_list":["post-15099","post","type-post","status-publish","format-gallery","hentry","category-arte-e-cultura","tag-alvitiart","tag-arte","tag-arte-contemporanea","tag-arte-sacra-contemporanea","tag-bias-2020","tag-cristiano-alviti","tag-incisioni","tag-patrizio-alviti","tag-scultura","post_format-post-format-gallery"],"yoast_head":"<!-- This site is optimized with the Yoast SEO plugin v27.3 - https:\/\/yoast.com\/product\/yoast-seo-wordpress\/ -->\n<title>ALVITI ART PRESENTE ALLA 3\u00b0 EDIZIONE DI BIAS 2020 - Article Marketing<\/title>\n<meta name=\"robots\" content=\"index, follow, max-snippet:-1, max-image-preview:large, max-video-preview:-1\" \/>\n<link rel=\"canonical\" href=\"https:\/\/www.article-marketing.eu\/comunicatistampa\/alviti-art-presente-alla-3-edizione-di-bias-2020\/\" \/>\n<meta property=\"og:locale\" content=\"it_IT\" \/>\n<meta property=\"og:type\" content=\"article\" \/>\n<meta property=\"og:title\" content=\"ALVITI ART PRESENTE ALLA 3\u00b0 EDIZIONE DI BIAS 2020 - Article Marketing\" \/>\n<meta property=\"og:description\" content=\"I fratelli Patrizio e Cristiano Alviti &#8211; pittore il primo, scultore il secondo, autodidatti entrambi &#8211; si preparano a calcare nuovamente le scene italiane con il nome di ALVITIART partecipando alla BIAS 2020, dopo essere stati accuratamente selezionati insieme ad altri 100 artisti provenienti da tutto il mondo. Biennale d\u2019Arte Sacra delle Religioni dell\u2019Umanit\u00e0, che rimarr\u00e0 attiva sino almeno alla fine di Ottobre 2020, la BIAS \u00e8 un\u2019esposizione transnazionale volutaContinue reading...\" \/>\n<meta property=\"og:url\" content=\"https:\/\/www.article-marketing.eu\/comunicatistampa\/alviti-art-presente-alla-3-edizione-di-bias-2020\/\" \/>\n<meta property=\"og:site_name\" content=\"Article Marketing\" \/>\n<meta property=\"article:published_time\" content=\"2020-06-22T16:20:32+00:00\" \/>\n<meta name=\"author\" content=\"Giordana Sapienza\" \/>\n<meta name=\"twitter:card\" content=\"summary_large_image\" \/>\n<meta name=\"twitter:label1\" content=\"Scritto da\" \/>\n\t<meta name=\"twitter:data1\" content=\"Giordana Sapienza\" \/>\n\t<meta name=\"twitter:label2\" content=\"Tempo di lettura stimato\" \/>\n\t<meta name=\"twitter:data2\" content=\"2 minuti\" \/>\n<script type=\"application\/ld+json\" class=\"yoast-schema-graph\">{\"@context\":\"https:\\\/\\\/schema.org\",\"@graph\":[{\"@type\":\"Article\",\"@id\":\"https:\\\/\\\/www.article-marketing.eu\\\/comunicatistampa\\\/alviti-art-presente-alla-3-edizione-di-bias-2020\\\/#article\",\"isPartOf\":{\"@id\":\"https:\\\/\\\/www.article-marketing.eu\\\/comunicatistampa\\\/alviti-art-presente-alla-3-edizione-di-bias-2020\\\/\"},\"author\":{\"name\":\"Giordana Sapienza\",\"@id\":\"https:\\\/\\\/www.article-marketing.eu\\\/comunicatistampa\\\/#\\\/schema\\\/person\\\/18be8627e543f6cac2547e3fb068fee6\"},\"headline\":\"ALVITI ART PRESENTE ALLA 3\u00b0 EDIZIONE DI BIAS 2020\",\"datePublished\":\"2020-06-22T16:20:32+00:00\",\"mainEntityOfPage\":{\"@id\":\"https:\\\/\\\/www.article-marketing.eu\\\/comunicatistampa\\\/alviti-art-presente-alla-3-edizione-di-bias-2020\\\/\"},\"wordCount\":470,\"commentCount\":0,\"keywords\":[\"alvitiart\",\"Arte\",\"arte contemporanea\",\"arte sacra contemporanea\",\"bias 2020\",\"cristiano alviti\",\"incisioni\",\"patrizio alviti\",\"scultura\"],\"articleSection\":[\"Arte e cultura\"],\"inLanguage\":\"it-IT\",\"potentialAction\":[{\"@type\":\"CommentAction\",\"name\":\"Comment\",\"target\":[\"https:\\\/\\\/www.article-marketing.eu\\\/comunicatistampa\\\/alviti-art-presente-alla-3-edizione-di-bias-2020\\\/#respond\"]}]},{\"@type\":\"WebPage\",\"@id\":\"https:\\\/\\\/www.article-marketing.eu\\\/comunicatistampa\\\/alviti-art-presente-alla-3-edizione-di-bias-2020\\\/\",\"url\":\"https:\\\/\\\/www.article-marketing.eu\\\/comunicatistampa\\\/alviti-art-presente-alla-3-edizione-di-bias-2020\\\/\",\"name\":\"ALVITI ART PRESENTE ALLA 3\u00b0 EDIZIONE DI BIAS 2020 - Article Marketing\",\"isPartOf\":{\"@id\":\"https:\\\/\\\/www.article-marketing.eu\\\/comunicatistampa\\\/#website\"},\"datePublished\":\"2020-06-22T16:20:32+00:00\",\"author\":{\"@id\":\"https:\\\/\\\/www.article-marketing.eu\\\/comunicatistampa\\\/#\\\/schema\\\/person\\\/18be8627e543f6cac2547e3fb068fee6\"},\"breadcrumb\":{\"@id\":\"https:\\\/\\\/www.article-marketing.eu\\\/comunicatistampa\\\/alviti-art-presente-alla-3-edizione-di-bias-2020\\\/#breadcrumb\"},\"inLanguage\":\"it-IT\",\"potentialAction\":[{\"@type\":\"ReadAction\",\"target\":[\"https:\\\/\\\/www.article-marketing.eu\\\/comunicatistampa\\\/alviti-art-presente-alla-3-edizione-di-bias-2020\\\/\"]}]},{\"@type\":\"BreadcrumbList\",\"@id\":\"https:\\\/\\\/www.article-marketing.eu\\\/comunicatistampa\\\/alviti-art-presente-alla-3-edizione-di-bias-2020\\\/#breadcrumb\",\"itemListElement\":[{\"@type\":\"ListItem\",\"position\":1,\"name\":\"Home\",\"item\":\"https:\\\/\\\/www.article-marketing.eu\\\/comunicatistampa\\\/\"},{\"@type\":\"ListItem\",\"position\":2,\"name\":\"ALVITI ART PRESENTE ALLA 3\u00b0 EDIZIONE DI BIAS 2020\"}]},{\"@type\":\"WebSite\",\"@id\":\"https:\\\/\\\/www.article-marketing.eu\\\/comunicatistampa\\\/#website\",\"url\":\"https:\\\/\\\/www.article-marketing.eu\\\/comunicatistampa\\\/\",\"name\":\"Article Marketing\",\"description\":\"article marketing &amp; press release\",\"potentialAction\":[{\"@type\":\"SearchAction\",\"target\":{\"@type\":\"EntryPoint\",\"urlTemplate\":\"https:\\\/\\\/www.article-marketing.eu\\\/comunicatistampa\\\/?s={search_term_string}\"},\"query-input\":{\"@type\":\"PropertyValueSpecification\",\"valueRequired\":true,\"valueName\":\"search_term_string\"}}],\"inLanguage\":\"it-IT\"},{\"@type\":\"Person\",\"@id\":\"https:\\\/\\\/www.article-marketing.eu\\\/comunicatistampa\\\/#\\\/schema\\\/person\\\/18be8627e543f6cac2547e3fb068fee6\",\"name\":\"Giordana Sapienza\",\"image\":{\"@type\":\"ImageObject\",\"inLanguage\":\"it-IT\",\"@id\":\"https:\\\/\\\/secure.gravatar.com\\\/avatar\\\/52ba9e6e2103d1ab61f40501a7ea1b8a92f1bacad544489c798db65418481df0?s=96&d=mm&r=g\",\"url\":\"https:\\\/\\\/secure.gravatar.com\\\/avatar\\\/52ba9e6e2103d1ab61f40501a7ea1b8a92f1bacad544489c798db65418481df0?s=96&d=mm&r=g\",\"contentUrl\":\"https:\\\/\\\/secure.gravatar.com\\\/avatar\\\/52ba9e6e2103d1ab61f40501a7ea1b8a92f1bacad544489c798db65418481df0?s=96&d=mm&r=g\",\"caption\":\"Giordana Sapienza\"},\"url\":\"https:\\\/\\\/www.article-marketing.eu\\\/comunicatistampa\\\/author\\\/giordana-sapienza\\\/\"}]}<\/script>\n<!-- \/ Yoast SEO plugin. -->","yoast_head_json":{"title":"ALVITI ART PRESENTE ALLA 3\u00b0 EDIZIONE DI BIAS 2020 - Article Marketing","robots":{"index":"index","follow":"follow","max-snippet":"max-snippet:-1","max-image-preview":"max-image-preview:large","max-video-preview":"max-video-preview:-1"},"canonical":"https:\/\/www.article-marketing.eu\/comunicatistampa\/alviti-art-presente-alla-3-edizione-di-bias-2020\/","og_locale":"it_IT","og_type":"article","og_title":"ALVITI ART PRESENTE ALLA 3\u00b0 EDIZIONE DI BIAS 2020 - Article Marketing","og_description":"I fratelli Patrizio e Cristiano Alviti &#8211; pittore il primo, scultore il secondo, autodidatti entrambi &#8211; si preparano a calcare nuovamente le scene italiane con il nome di ALVITIART partecipando alla BIAS 2020, dopo essere stati accuratamente selezionati insieme ad altri 100 artisti provenienti da tutto il mondo. Biennale d\u2019Arte Sacra delle Religioni dell\u2019Umanit\u00e0, che rimarr\u00e0 attiva sino almeno alla fine di Ottobre 2020, la BIAS \u00e8 un\u2019esposizione transnazionale volutaContinue reading...","og_url":"https:\/\/www.article-marketing.eu\/comunicatistampa\/alviti-art-presente-alla-3-edizione-di-bias-2020\/","og_site_name":"Article Marketing","article_published_time":"2020-06-22T16:20:32+00:00","author":"Giordana Sapienza","twitter_card":"summary_large_image","twitter_misc":{"Scritto da":"Giordana Sapienza","Tempo di lettura stimato":"2 minuti"},"schema":{"@context":"https:\/\/schema.org","@graph":[{"@type":"Article","@id":"https:\/\/www.article-marketing.eu\/comunicatistampa\/alviti-art-presente-alla-3-edizione-di-bias-2020\/#article","isPartOf":{"@id":"https:\/\/www.article-marketing.eu\/comunicatistampa\/alviti-art-presente-alla-3-edizione-di-bias-2020\/"},"author":{"name":"Giordana Sapienza","@id":"https:\/\/www.article-marketing.eu\/comunicatistampa\/#\/schema\/person\/18be8627e543f6cac2547e3fb068fee6"},"headline":"ALVITI ART PRESENTE ALLA 3\u00b0 EDIZIONE DI BIAS 2020","datePublished":"2020-06-22T16:20:32+00:00","mainEntityOfPage":{"@id":"https:\/\/www.article-marketing.eu\/comunicatistampa\/alviti-art-presente-alla-3-edizione-di-bias-2020\/"},"wordCount":470,"commentCount":0,"keywords":["alvitiart","Arte","arte contemporanea","arte sacra contemporanea","bias 2020","cristiano alviti","incisioni","patrizio alviti","scultura"],"articleSection":["Arte e cultura"],"inLanguage":"it-IT","potentialAction":[{"@type":"CommentAction","name":"Comment","target":["https:\/\/www.article-marketing.eu\/comunicatistampa\/alviti-art-presente-alla-3-edizione-di-bias-2020\/#respond"]}]},{"@type":"WebPage","@id":"https:\/\/www.article-marketing.eu\/comunicatistampa\/alviti-art-presente-alla-3-edizione-di-bias-2020\/","url":"https:\/\/www.article-marketing.eu\/comunicatistampa\/alviti-art-presente-alla-3-edizione-di-bias-2020\/","name":"ALVITI ART PRESENTE ALLA 3\u00b0 EDIZIONE DI BIAS 2020 - Article Marketing","isPartOf":{"@id":"https:\/\/www.article-marketing.eu\/comunicatistampa\/#website"},"datePublished":"2020-06-22T16:20:32+00:00","author":{"@id":"https:\/\/www.article-marketing.eu\/comunicatistampa\/#\/schema\/person\/18be8627e543f6cac2547e3fb068fee6"},"breadcrumb":{"@id":"https:\/\/www.article-marketing.eu\/comunicatistampa\/alviti-art-presente-alla-3-edizione-di-bias-2020\/#breadcrumb"},"inLanguage":"it-IT","potentialAction":[{"@type":"ReadAction","target":["https:\/\/www.article-marketing.eu\/comunicatistampa\/alviti-art-presente-alla-3-edizione-di-bias-2020\/"]}]},{"@type":"BreadcrumbList","@id":"https:\/\/www.article-marketing.eu\/comunicatistampa\/alviti-art-presente-alla-3-edizione-di-bias-2020\/#breadcrumb","itemListElement":[{"@type":"ListItem","position":1,"name":"Home","item":"https:\/\/www.article-marketing.eu\/comunicatistampa\/"},{"@type":"ListItem","position":2,"name":"ALVITI ART PRESENTE ALLA 3\u00b0 EDIZIONE DI BIAS 2020"}]},{"@type":"WebSite","@id":"https:\/\/www.article-marketing.eu\/comunicatistampa\/#website","url":"https:\/\/www.article-marketing.eu\/comunicatistampa\/","name":"Article Marketing","description":"article marketing &amp; press release","potentialAction":[{"@type":"SearchAction","target":{"@type":"EntryPoint","urlTemplate":"https:\/\/www.article-marketing.eu\/comunicatistampa\/?s={search_term_string}"},"query-input":{"@type":"PropertyValueSpecification","valueRequired":true,"valueName":"search_term_string"}}],"inLanguage":"it-IT"},{"@type":"Person","@id":"https:\/\/www.article-marketing.eu\/comunicatistampa\/#\/schema\/person\/18be8627e543f6cac2547e3fb068fee6","name":"Giordana Sapienza","image":{"@type":"ImageObject","inLanguage":"it-IT","@id":"https:\/\/secure.gravatar.com\/avatar\/52ba9e6e2103d1ab61f40501a7ea1b8a92f1bacad544489c798db65418481df0?s=96&d=mm&r=g","url":"https:\/\/secure.gravatar.com\/avatar\/52ba9e6e2103d1ab61f40501a7ea1b8a92f1bacad544489c798db65418481df0?s=96&d=mm&r=g","contentUrl":"https:\/\/secure.gravatar.com\/avatar\/52ba9e6e2103d1ab61f40501a7ea1b8a92f1bacad544489c798db65418481df0?s=96&d=mm&r=g","caption":"Giordana Sapienza"},"url":"https:\/\/www.article-marketing.eu\/comunicatistampa\/author\/giordana-sapienza\/"}]}},"_links":{"self":[{"href":"https:\/\/www.article-marketing.eu\/comunicatistampa\/wp-json\/wp\/v2\/posts\/15099","targetHints":{"allow":["GET"]}}],"collection":[{"href":"https:\/\/www.article-marketing.eu\/comunicatistampa\/wp-json\/wp\/v2\/posts"}],"about":[{"href":"https:\/\/www.article-marketing.eu\/comunicatistampa\/wp-json\/wp\/v2\/types\/post"}],"author":[{"embeddable":true,"href":"https:\/\/www.article-marketing.eu\/comunicatistampa\/wp-json\/wp\/v2\/users\/722"}],"replies":[{"embeddable":true,"href":"https:\/\/www.article-marketing.eu\/comunicatistampa\/wp-json\/wp\/v2\/comments?post=15099"}],"version-history":[{"count":2,"href":"https:\/\/www.article-marketing.eu\/comunicatistampa\/wp-json\/wp\/v2\/posts\/15099\/revisions"}],"predecessor-version":[{"id":15105,"href":"https:\/\/www.article-marketing.eu\/comunicatistampa\/wp-json\/wp\/v2\/posts\/15099\/revisions\/15105"}],"wp:attachment":[{"href":"https:\/\/www.article-marketing.eu\/comunicatistampa\/wp-json\/wp\/v2\/media?parent=15099"}],"wp:term":[{"taxonomy":"category","embeddable":true,"href":"https:\/\/www.article-marketing.eu\/comunicatistampa\/wp-json\/wp\/v2\/categories?post=15099"},{"taxonomy":"post_tag","embeddable":true,"href":"https:\/\/www.article-marketing.eu\/comunicatistampa\/wp-json\/wp\/v2\/tags?post=15099"}],"curies":[{"name":"wp","href":"https:\/\/api.w.org\/{rel}","templated":true}]}}