{"id":15120,"date":"2020-06-25T14:47:39","date_gmt":"2020-06-25T12:47:39","guid":{"rendered":"https:\/\/www.article-marketing.eu\/comunicatistampa\/?p=15120"},"modified":"2020-06-25T14:47:39","modified_gmt":"2020-06-25T12:47:39","slug":"sicurezza-e-coronavirus-la-parola-ai-coordinatori-di-cantiere","status":"publish","type":"post","link":"https:\/\/www.article-marketing.eu\/comunicatistampa\/sicurezza-e-coronavirus-la-parola-ai-coordinatori-di-cantiere\/","title":{"rendered":"Sicurezza e coronavirus: la parola ai coordinatori di cantiere"},"content":{"rendered":"<h2>Comunicato Stampa<\/h2>\n<h2><strong>Sicurezza e coronavirus: la parola ai coordinatori di cantiere<\/strong><\/h2>\n<p><strong>\u00a0<\/strong><\/p>\n<p><strong><em>Una ricerca tra gli attori della sicurezza per comprendere come il mondo del lavoro sta affrontando l\u2019emergenza COVID-19. Uno specifico questionario \u00e8 rivolto alle indicazioni e problematiche dei coordinatori di cantiere.<\/em><\/strong><\/p>\n<p>&nbsp;<\/p>\n<p>Nei <strong>cantieri edili<\/strong>, un settore lavorativo che, al di l\u00e0 dell\u2019attuale emergenza COVID-19, \u00e8 normalmente connotato da un\u2019incidenza elevata di infortuni, una delle figure pi\u00f9 rilevanti per la tutela della salute e sicurezza dei lavoratori \u00e8 il <strong>coordinatore per la sicurezza<\/strong>.<\/p>\n<p>\u00c8 evidente che nell\u2019emergenza correlata alla diffusione del <strong>virus SARS-CoV-2<\/strong> il ruolo del coordinatore diventa ancora pi\u00f9 significativo in relazione alla <strong>prevenzione e contenimento<\/strong> del rischio biologico correlato al nuovo coronavirus. Prevenzione e contenimento che sono organizzate anche da diversi <strong>protocolli condivisi<\/strong>, elaborati in questi mesi, di regolamentazione per il contenimento della diffusione del COVID\u201319 nei cantieri.<\/p>\n<p>Tuttavia in questa fase di riapertura di diverse imprese e cantieri sono state pi\u00f9 volte segnalate difficolt\u00e0 e criticit\u00e0 tra addetti ai lavori e, in particolare, tra i professionisti che svolgono le funzioni di coordinatore della sicurezza per l\u2019esecuzione (CSE). E non sono mancate anche le critiche e le proposte di modifiche dei protocolli in materia di cantieri.<\/p>\n<p>&nbsp;<\/p>\n<p><strong>Qual \u00e8 la situazione attuale dei coordinatori alla sicurezza nei cantieri? Come si sono organizzate le imprese? Come hanno implementato i protocolli anticontagio? Qual \u00e8 l\u2019atteggiamento dei committenti e la collaborazione con le altre figure rilevanti in materia di sicurezza? <\/strong><\/p>\n<p>&nbsp;<\/p>\n<p><strong>La ricerca su lavoro, sicurezza e formazione nell\u2019emergenza COVID-19<\/strong><\/p>\n<p>A dare la possibilit\u00e0 anche ai Coordinatori alla sicurezza di esprimersi su come il mondo del lavoro sta affrontando l\u2019emergenza \u00e8 la nuova ricerca dell\u2019<strong>Associazione Italiana Formatori ed Operatori della Sicurezza sul Lavoro<\/strong> (AiFOS) che &#8211; su impulso del suo Comitato Scientifico presieduto dall\u2019Ing. Marco Masi \u2013 si sviluppa attraverso due diversi <strong>questionari<\/strong>.<\/p>\n<p>Dei due questionari, che comprendono domande e raccolte di dati, in forma anonima, su vari temi in materia di sicurezza, un questionario \u00e8 rivolto a <strong>RSPP, consulenti, formatori e HSE manager<\/strong>. Mentre un secondo questionario \u00e8 rivolto espressamente ai <strong>coordinatori di cantiere<\/strong>.<\/p>\n<p>&nbsp;<\/p>\n<p>Il link per accedere ai due questionari:<\/p>\n<p><a href=\"https:\/\/aifos.org\/home\/news\/int\/nostre_attivita\/rapporto_aifos_2020\">https:\/\/aifos.org\/home\/news\/int\/nostre_attivita\/rapporto_aifos_2020<\/a><\/p>\n<p>&nbsp;<\/p>\n<p><strong>Il contenuto del questionario rivolto ai coordinatori<\/strong><\/p>\n<p>Ricordiamo che, al di l\u00e0 dell\u2019emergenza COVID-19, il D.Lgs. 81\/2008 assegna ai <strong>coordinatori alla sicurezza<\/strong> ruoli importanti:<\/p>\n<ul>\n<li><strong>coordinatore della sicurezza in fase di progettazione<\/strong>: redazione del piano di sicurezza e coordinamento; redazione del fascicolo tecnico; coordinamento nelle fasi di progettazione per assicurarsi che vengano applicate le misure generali di salvaguardia della sicurezza nei cantieri;<\/li>\n<li><strong>coordinatore della sicurezza in fase di esecuzione<\/strong>: verifica, coordinamento e controllo di tutte le imprese e i lavoratori autonomi che partecipano all\u2019esecuzione dell\u2019opera.<\/li>\n<\/ul>\n<p>&nbsp;<\/p>\n<p>Riguardo alla ricerca in materia di sicurezza ed emergenza COVID-19, queste sono le principali <strong>sezioni del questionario <\/strong>rivolte ai coordinatori:<\/p>\n<ul>\n<li>valutazione dei rischi, applicazione protocollo anticontagio, DPI e collaborazione soggetti sicurezza<\/li>\n<li>informazioni ai lavoratori<\/li>\n<li>attivit\u00e0 del coordinatore<\/li>\n<li>formazione salute e sicurezza<\/li>\n<li>impressioni generali e commenti.<\/li>\n<\/ul>\n<p>&nbsp;<\/p>\n<p>In relazione all\u2019attivit\u00e0 del coordinatore il questionario si sofferma, ad esempio, sulla redazione dei costi della sicurezza, sull\u2019attivit\u00e0 di sanificazione e sull\u2019atteggiamento riscontrato nei committenti, nei responsabili dei lavori, nelle imprese e tra i lavoratori.<\/p>\n<p><strong>\u00a0<\/strong><\/p>\n<p><strong>I questionari e il Rapporto AiFOS 2020<\/strong><\/p>\n<p>Il futuro <strong>Rapporto AiFOS 2020<\/strong> sar\u00e0 dunque dedicato al <strong>lavoro, sicurezza e formazione ai tempi del coronavirus<\/strong> e raccoglier\u00e0 i risultati della ricerca che saranno poi adeguatamente presentati, commentati e analizzati in specifici incontri.<\/p>\n<p>Segnaliamo che tutti i dati raccolti nei questionari verranno elaborati e analizzati esclusivamente in forma anonima e aggregata &#8211; nel pieno rispetto della normativa sulla privacy &#8211; e non saranno riconducibili a singoli operatori o singole aziende.<\/p>\n<p>Per comprendere come nei cantieri si sta affrontando la situazione emergenziale e con l\u2019obiettivo di apprendere dalle criticit\u00e0 per migliorare la gestione delle emergenze, invitiamo dunque tutti i<strong> coordinatori<\/strong> dei cantieri a supportare la ricerca compilando i questionari e diffondendo il link anche ad altri colleghi per ampliare il campione rappresentativo.<\/p>\n<p>&nbsp;<\/p>\n<p>Chi volesse avere <strong>informazioni<\/strong> su come visionare, ricevere, utilizzare i questionari pu\u00f2 fare riferimento a AiFOS via Branze, 45 &#8211; 25123 Brescia c\/o CSMT, Universit\u00e0 degli Studi di Brescia tel.030.6595031 &#8211; fax 030.6595040 www.aifos.it &#8211; <a href=\"mailto:relazioniesterne@aifos.it\">relazioniesterne@aifos.it<\/a>.<\/p>\n<p><em>\u00a0<\/em><\/p>\n<p><em>\u00a0<\/em><\/p>\n<p><em>25 giugno 2020<\/em><\/p>\n<p>&nbsp;<\/p>\n<p>Ufficio Stampa di AiFOS<\/p>\n<p><a href=\"mailto:ufficiostampa@aifos.it\">ufficiostampa@aifos.it<\/a><\/p>\n<p>http:\/\/www.aifos.it\/<\/p>\n","protected":false},"excerpt":{"rendered":"<p>Comunicato Stampa Sicurezza e coronavirus: la parola ai coordinatori di cantiere \u00a0 Una ricerca tra gli attori della sicurezza per comprendere come il mondo del lavoro sta affrontando l\u2019emergenza COVID-19. Uno specifico questionario \u00e8 rivolto alle indicazioni e problematiche dei coordinatori di cantiere. &nbsp; Nei cantieri edili, un settore lavorativo che, al di l\u00e0 dell\u2019attuale emergenza COVID-19, \u00e8 normalmente connotato da un\u2019incidenza elevata di infortuni, una delle figure pi\u00f9 rilevanti<\/p>\n<p><a class=\"continue-reading\" href=\"https:\/\/www.article-marketing.eu\/comunicatistampa\/sicurezza-e-coronavirus-la-parola-ai-coordinatori-di-cantiere\/\">Continue reading&#8230;<\/a><\/p>\n","protected":false},"author":881,"featured_media":0,"comment_status":"open","ping_status":"open","sticky":false,"template":"","format":"standard","meta":{"_monsterinsights_skip_tracking":false,"_monsterinsights_sitenote_active":false,"_monsterinsights_sitenote_note":"","_monsterinsights_sitenote_category":0,"footnotes":""},"categories":[78,386,369,395],"tags":[3301,3235,6301,633,6207,721,6211,6108,6209,6210,6208,1007,6024,6204],"class_list":["post-15120","post","type-post","status-publish","format-standard","hentry","category-comunicati-stampa","category-economia-e-lavoro","category-salute-e-benessere","category-web","tag-aifos","tag-brescia","tag-coordinatori","tag-edilizia","tag-emergenza-sanitaria-covid-19","tag-lavoro","tag-monitoraggio","tag-pandemia","tag-questionario","tag-rapporto-aifos-2020","tag-riapertura-delle-attivita-lavorative","tag-ricerca","tag-sars-cov-2","tag-sicurezza-e-formazione-ai-tempi-del-coronavirus"],"yoast_head":"<!-- This site is optimized with the Yoast SEO plugin v27.3 - https:\/\/yoast.com\/product\/yoast-seo-wordpress\/ -->\n<title>Sicurezza e coronavirus: la parola ai coordinatori di cantiere - Article Marketing<\/title>\n<meta name=\"robots\" content=\"index, follow, max-snippet:-1, max-image-preview:large, max-video-preview:-1\" \/>\n<link rel=\"canonical\" href=\"https:\/\/www.article-marketing.eu\/comunicatistampa\/sicurezza-e-coronavirus-la-parola-ai-coordinatori-di-cantiere\/\" \/>\n<meta property=\"og:locale\" content=\"it_IT\" \/>\n<meta property=\"og:type\" content=\"article\" \/>\n<meta property=\"og:title\" content=\"Sicurezza e coronavirus: la parola ai coordinatori di cantiere - Article Marketing\" \/>\n<meta property=\"og:description\" content=\"Comunicato Stampa Sicurezza e coronavirus: la parola ai coordinatori di cantiere \u00a0 Una ricerca tra gli attori della sicurezza per comprendere come il mondo del lavoro sta affrontando l\u2019emergenza COVID-19. Uno specifico questionario \u00e8 rivolto alle indicazioni e problematiche dei coordinatori di cantiere. &nbsp; Nei cantieri edili, un settore lavorativo che, al di l\u00e0 dell\u2019attuale emergenza COVID-19, \u00e8 normalmente connotato da un\u2019incidenza elevata di infortuni, una delle figure pi\u00f9 rilevantiContinue reading...\" \/>\n<meta property=\"og:url\" content=\"https:\/\/www.article-marketing.eu\/comunicatistampa\/sicurezza-e-coronavirus-la-parola-ai-coordinatori-di-cantiere\/\" \/>\n<meta property=\"og:site_name\" content=\"Article Marketing\" \/>\n<meta property=\"article:published_time\" content=\"2020-06-25T12:47:39+00:00\" \/>\n<meta name=\"author\" content=\"AIFUS\" \/>\n<meta name=\"twitter:card\" content=\"summary_large_image\" \/>\n<meta name=\"twitter:label1\" content=\"Scritto da\" \/>\n\t<meta name=\"twitter:data1\" content=\"AIFUS\" \/>\n\t<meta name=\"twitter:label2\" content=\"Tempo di lettura stimato\" \/>\n\t<meta name=\"twitter:data2\" content=\"4 minuti\" \/>\n<script type=\"application\/ld+json\" class=\"yoast-schema-graph\">{\"@context\":\"https:\\\/\\\/schema.org\",\"@graph\":[{\"@type\":\"Article\",\"@id\":\"https:\\\/\\\/www.article-marketing.eu\\\/comunicatistampa\\\/sicurezza-e-coronavirus-la-parola-ai-coordinatori-di-cantiere\\\/#article\",\"isPartOf\":{\"@id\":\"https:\\\/\\\/www.article-marketing.eu\\\/comunicatistampa\\\/sicurezza-e-coronavirus-la-parola-ai-coordinatori-di-cantiere\\\/\"},\"author\":{\"name\":\"AIFUS\",\"@id\":\"https:\\\/\\\/www.article-marketing.eu\\\/comunicatistampa\\\/#\\\/schema\\\/person\\\/d1985c4955ff71a05f49d68e3034b3cd\"},\"headline\":\"Sicurezza e coronavirus: la parola ai coordinatori di cantiere\",\"datePublished\":\"2020-06-25T12:47:39+00:00\",\"mainEntityOfPage\":{\"@id\":\"https:\\\/\\\/www.article-marketing.eu\\\/comunicatistampa\\\/sicurezza-e-coronavirus-la-parola-ai-coordinatori-di-cantiere\\\/\"},\"wordCount\":725,\"commentCount\":0,\"keywords\":[\"Aifos\",\"Brescia\",\"Coordinatori\",\"edilizia\",\"emergenza sanitaria COVID-19\",\"lavoro\",\"monitoraggio\",\"pandemia\",\"questionario\",\"Rapporto AiFOS 2020\",\"riapertura delle attivit\u00e0 lavorative\",\"ricerca\",\"SARS-CoV-2\",\"sicurezza e formazione ai tempi del coronavirus\"],\"articleSection\":[\"Comunicati stampa\",\"Economia e lavoro\",\"Salute e benessere\",\"Web\"],\"inLanguage\":\"it-IT\",\"potentialAction\":[{\"@type\":\"CommentAction\",\"name\":\"Comment\",\"target\":[\"https:\\\/\\\/www.article-marketing.eu\\\/comunicatistampa\\\/sicurezza-e-coronavirus-la-parola-ai-coordinatori-di-cantiere\\\/#respond\"]}]},{\"@type\":\"WebPage\",\"@id\":\"https:\\\/\\\/www.article-marketing.eu\\\/comunicatistampa\\\/sicurezza-e-coronavirus-la-parola-ai-coordinatori-di-cantiere\\\/\",\"url\":\"https:\\\/\\\/www.article-marketing.eu\\\/comunicatistampa\\\/sicurezza-e-coronavirus-la-parola-ai-coordinatori-di-cantiere\\\/\",\"name\":\"Sicurezza e coronavirus: la parola ai coordinatori di cantiere - Article Marketing\",\"isPartOf\":{\"@id\":\"https:\\\/\\\/www.article-marketing.eu\\\/comunicatistampa\\\/#website\"},\"datePublished\":\"2020-06-25T12:47:39+00:00\",\"author\":{\"@id\":\"https:\\\/\\\/www.article-marketing.eu\\\/comunicatistampa\\\/#\\\/schema\\\/person\\\/d1985c4955ff71a05f49d68e3034b3cd\"},\"breadcrumb\":{\"@id\":\"https:\\\/\\\/www.article-marketing.eu\\\/comunicatistampa\\\/sicurezza-e-coronavirus-la-parola-ai-coordinatori-di-cantiere\\\/#breadcrumb\"},\"inLanguage\":\"it-IT\",\"potentialAction\":[{\"@type\":\"ReadAction\",\"target\":[\"https:\\\/\\\/www.article-marketing.eu\\\/comunicatistampa\\\/sicurezza-e-coronavirus-la-parola-ai-coordinatori-di-cantiere\\\/\"]}]},{\"@type\":\"BreadcrumbList\",\"@id\":\"https:\\\/\\\/www.article-marketing.eu\\\/comunicatistampa\\\/sicurezza-e-coronavirus-la-parola-ai-coordinatori-di-cantiere\\\/#breadcrumb\",\"itemListElement\":[{\"@type\":\"ListItem\",\"position\":1,\"name\":\"Home\",\"item\":\"https:\\\/\\\/www.article-marketing.eu\\\/comunicatistampa\\\/\"},{\"@type\":\"ListItem\",\"position\":2,\"name\":\"Sicurezza e coronavirus: la parola ai coordinatori di cantiere\"}]},{\"@type\":\"WebSite\",\"@id\":\"https:\\\/\\\/www.article-marketing.eu\\\/comunicatistampa\\\/#website\",\"url\":\"https:\\\/\\\/www.article-marketing.eu\\\/comunicatistampa\\\/\",\"name\":\"Article Marketing\",\"description\":\"article marketing &amp; press release\",\"potentialAction\":[{\"@type\":\"SearchAction\",\"target\":{\"@type\":\"EntryPoint\",\"urlTemplate\":\"https:\\\/\\\/www.article-marketing.eu\\\/comunicatistampa\\\/?s={search_term_string}\"},\"query-input\":{\"@type\":\"PropertyValueSpecification\",\"valueRequired\":true,\"valueName\":\"search_term_string\"}}],\"inLanguage\":\"it-IT\"},{\"@type\":\"Person\",\"@id\":\"https:\\\/\\\/www.article-marketing.eu\\\/comunicatistampa\\\/#\\\/schema\\\/person\\\/d1985c4955ff71a05f49d68e3034b3cd\",\"name\":\"AIFUS\",\"image\":{\"@type\":\"ImageObject\",\"inLanguage\":\"it-IT\",\"@id\":\"https:\\\/\\\/secure.gravatar.com\\\/avatar\\\/05cf2a2ba057667571308b94c84f00ff48766ffac95710a87491a9b3ddcee484?s=96&d=mm&r=g\",\"url\":\"https:\\\/\\\/secure.gravatar.com\\\/avatar\\\/05cf2a2ba057667571308b94c84f00ff48766ffac95710a87491a9b3ddcee484?s=96&d=mm&r=g\",\"contentUrl\":\"https:\\\/\\\/secure.gravatar.com\\\/avatar\\\/05cf2a2ba057667571308b94c84f00ff48766ffac95710a87491a9b3ddcee484?s=96&d=mm&r=g\",\"caption\":\"AIFUS\"},\"url\":\"https:\\\/\\\/www.article-marketing.eu\\\/comunicatistampa\\\/author\\\/aifus\\\/\"}]}<\/script>\n<!-- \/ Yoast SEO plugin. -->","yoast_head_json":{"title":"Sicurezza e coronavirus: la parola ai coordinatori di cantiere - Article Marketing","robots":{"index":"index","follow":"follow","max-snippet":"max-snippet:-1","max-image-preview":"max-image-preview:large","max-video-preview":"max-video-preview:-1"},"canonical":"https:\/\/www.article-marketing.eu\/comunicatistampa\/sicurezza-e-coronavirus-la-parola-ai-coordinatori-di-cantiere\/","og_locale":"it_IT","og_type":"article","og_title":"Sicurezza e coronavirus: la parola ai coordinatori di cantiere - Article Marketing","og_description":"Comunicato Stampa Sicurezza e coronavirus: la parola ai coordinatori di cantiere \u00a0 Una ricerca tra gli attori della sicurezza per comprendere come il mondo del lavoro sta affrontando l\u2019emergenza COVID-19. Uno specifico questionario \u00e8 rivolto alle indicazioni e problematiche dei coordinatori di cantiere. &nbsp; Nei cantieri edili, un settore lavorativo che, al di l\u00e0 dell\u2019attuale emergenza COVID-19, \u00e8 normalmente connotato da un\u2019incidenza elevata di infortuni, una delle figure pi\u00f9 rilevantiContinue reading...","og_url":"https:\/\/www.article-marketing.eu\/comunicatistampa\/sicurezza-e-coronavirus-la-parola-ai-coordinatori-di-cantiere\/","og_site_name":"Article Marketing","article_published_time":"2020-06-25T12:47:39+00:00","author":"AIFUS","twitter_card":"summary_large_image","twitter_misc":{"Scritto da":"AIFUS","Tempo di lettura stimato":"4 minuti"},"schema":{"@context":"https:\/\/schema.org","@graph":[{"@type":"Article","@id":"https:\/\/www.article-marketing.eu\/comunicatistampa\/sicurezza-e-coronavirus-la-parola-ai-coordinatori-di-cantiere\/#article","isPartOf":{"@id":"https:\/\/www.article-marketing.eu\/comunicatistampa\/sicurezza-e-coronavirus-la-parola-ai-coordinatori-di-cantiere\/"},"author":{"name":"AIFUS","@id":"https:\/\/www.article-marketing.eu\/comunicatistampa\/#\/schema\/person\/d1985c4955ff71a05f49d68e3034b3cd"},"headline":"Sicurezza e coronavirus: la parola ai coordinatori di cantiere","datePublished":"2020-06-25T12:47:39+00:00","mainEntityOfPage":{"@id":"https:\/\/www.article-marketing.eu\/comunicatistampa\/sicurezza-e-coronavirus-la-parola-ai-coordinatori-di-cantiere\/"},"wordCount":725,"commentCount":0,"keywords":["Aifos","Brescia","Coordinatori","edilizia","emergenza sanitaria COVID-19","lavoro","monitoraggio","pandemia","questionario","Rapporto AiFOS 2020","riapertura delle attivit\u00e0 lavorative","ricerca","SARS-CoV-2","sicurezza e formazione ai tempi del coronavirus"],"articleSection":["Comunicati stampa","Economia e lavoro","Salute e benessere","Web"],"inLanguage":"it-IT","potentialAction":[{"@type":"CommentAction","name":"Comment","target":["https:\/\/www.article-marketing.eu\/comunicatistampa\/sicurezza-e-coronavirus-la-parola-ai-coordinatori-di-cantiere\/#respond"]}]},{"@type":"WebPage","@id":"https:\/\/www.article-marketing.eu\/comunicatistampa\/sicurezza-e-coronavirus-la-parola-ai-coordinatori-di-cantiere\/","url":"https:\/\/www.article-marketing.eu\/comunicatistampa\/sicurezza-e-coronavirus-la-parola-ai-coordinatori-di-cantiere\/","name":"Sicurezza e coronavirus: la parola ai coordinatori di cantiere - Article Marketing","isPartOf":{"@id":"https:\/\/www.article-marketing.eu\/comunicatistampa\/#website"},"datePublished":"2020-06-25T12:47:39+00:00","author":{"@id":"https:\/\/www.article-marketing.eu\/comunicatistampa\/#\/schema\/person\/d1985c4955ff71a05f49d68e3034b3cd"},"breadcrumb":{"@id":"https:\/\/www.article-marketing.eu\/comunicatistampa\/sicurezza-e-coronavirus-la-parola-ai-coordinatori-di-cantiere\/#breadcrumb"},"inLanguage":"it-IT","potentialAction":[{"@type":"ReadAction","target":["https:\/\/www.article-marketing.eu\/comunicatistampa\/sicurezza-e-coronavirus-la-parola-ai-coordinatori-di-cantiere\/"]}]},{"@type":"BreadcrumbList","@id":"https:\/\/www.article-marketing.eu\/comunicatistampa\/sicurezza-e-coronavirus-la-parola-ai-coordinatori-di-cantiere\/#breadcrumb","itemListElement":[{"@type":"ListItem","position":1,"name":"Home","item":"https:\/\/www.article-marketing.eu\/comunicatistampa\/"},{"@type":"ListItem","position":2,"name":"Sicurezza e coronavirus: la parola ai coordinatori di cantiere"}]},{"@type":"WebSite","@id":"https:\/\/www.article-marketing.eu\/comunicatistampa\/#website","url":"https:\/\/www.article-marketing.eu\/comunicatistampa\/","name":"Article Marketing","description":"article marketing &amp; press release","potentialAction":[{"@type":"SearchAction","target":{"@type":"EntryPoint","urlTemplate":"https:\/\/www.article-marketing.eu\/comunicatistampa\/?s={search_term_string}"},"query-input":{"@type":"PropertyValueSpecification","valueRequired":true,"valueName":"search_term_string"}}],"inLanguage":"it-IT"},{"@type":"Person","@id":"https:\/\/www.article-marketing.eu\/comunicatistampa\/#\/schema\/person\/d1985c4955ff71a05f49d68e3034b3cd","name":"AIFUS","image":{"@type":"ImageObject","inLanguage":"it-IT","@id":"https:\/\/secure.gravatar.com\/avatar\/05cf2a2ba057667571308b94c84f00ff48766ffac95710a87491a9b3ddcee484?s=96&d=mm&r=g","url":"https:\/\/secure.gravatar.com\/avatar\/05cf2a2ba057667571308b94c84f00ff48766ffac95710a87491a9b3ddcee484?s=96&d=mm&r=g","contentUrl":"https:\/\/secure.gravatar.com\/avatar\/05cf2a2ba057667571308b94c84f00ff48766ffac95710a87491a9b3ddcee484?s=96&d=mm&r=g","caption":"AIFUS"},"url":"https:\/\/www.article-marketing.eu\/comunicatistampa\/author\/aifus\/"}]}},"_links":{"self":[{"href":"https:\/\/www.article-marketing.eu\/comunicatistampa\/wp-json\/wp\/v2\/posts\/15120","targetHints":{"allow":["GET"]}}],"collection":[{"href":"https:\/\/www.article-marketing.eu\/comunicatistampa\/wp-json\/wp\/v2\/posts"}],"about":[{"href":"https:\/\/www.article-marketing.eu\/comunicatistampa\/wp-json\/wp\/v2\/types\/post"}],"author":[{"embeddable":true,"href":"https:\/\/www.article-marketing.eu\/comunicatistampa\/wp-json\/wp\/v2\/users\/881"}],"replies":[{"embeddable":true,"href":"https:\/\/www.article-marketing.eu\/comunicatistampa\/wp-json\/wp\/v2\/comments?post=15120"}],"version-history":[{"count":2,"href":"https:\/\/www.article-marketing.eu\/comunicatistampa\/wp-json\/wp\/v2\/posts\/15120\/revisions"}],"predecessor-version":[{"id":15122,"href":"https:\/\/www.article-marketing.eu\/comunicatistampa\/wp-json\/wp\/v2\/posts\/15120\/revisions\/15122"}],"wp:attachment":[{"href":"https:\/\/www.article-marketing.eu\/comunicatistampa\/wp-json\/wp\/v2\/media?parent=15120"}],"wp:term":[{"taxonomy":"category","embeddable":true,"href":"https:\/\/www.article-marketing.eu\/comunicatistampa\/wp-json\/wp\/v2\/categories?post=15120"},{"taxonomy":"post_tag","embeddable":true,"href":"https:\/\/www.article-marketing.eu\/comunicatistampa\/wp-json\/wp\/v2\/tags?post=15120"}],"curies":[{"name":"wp","href":"https:\/\/api.w.org\/{rel}","templated":true}]}}