{"id":15126,"date":"2020-06-25T16:30:13","date_gmt":"2020-06-25T14:30:13","guid":{"rendered":"https:\/\/www.article-marketing.eu\/comunicatistampa\/?p=15126"},"modified":"2020-06-25T16:30:13","modified_gmt":"2020-06-25T14:30:13","slug":"orecchini-con-perle-per-tutti-i-gusti","status":"publish","type":"post","link":"https:\/\/www.article-marketing.eu\/comunicatistampa\/orecchini-con-perle-per-tutti-i-gusti\/","title":{"rendered":"Orecchini con perle per tutti i gusti"},"content":{"rendered":"<p>Da sempre una delle cose che pi\u00f9 stanno a cuore ad ogni <strong>donna<\/strong> \u00e8 <strong>la valorizzazione di se stessa<\/strong>.<\/p>\n<p>Spesso noi donne prestiamo attenzione al taglio di capelli, cos\u00ec importante per valorizzare i lineamenti del viso \u2026 ma che dire degli <strong>accessori<\/strong>? Anch\u2019essi possono fare una grande differenza! E sono soprattutto gli <strong>orecchini<\/strong> a doversi adattare alla <strong>forma del nostro viso<\/strong>, anche se spesso sono sottovalutati.<\/p>\n<p>Di orecchini ce ne sono veramente moltissimi, ma senza alcun dubbio gli <a href=\"https:\/\/www.biffigioielli.com\">orecchini con le perle<\/a> sono sempre stati <strong>emblema di regalit\u00e0 ed eleganza<\/strong>. La <strong>perla<\/strong> infatti \u00e8 stata da sempre considerata una delle gemme pi\u00f9 preziose e per questo \u00e8 sempre stata <strong>simbolo<\/strong> del potere, del prestigio, dello stato sociale e della ricchezza, eterna protagonista dei monili reali da Oriente a Occidente.<\/p>\n<p>Ma come scegliere gli orecchini con perle pi\u00f9 adatti per ogni <strong>occasione<\/strong> e soprattutto per ogni <strong>persona<\/strong>?<\/p>\n<h2>Gli orecchini che meglio si adattano alla forma del nostro viso<\/h2>\n<p>Non sapete come scegliere gli orecchini con perle adatti al bel <strong>viso<\/strong> della vostra fidanzata?<\/p>\n<p>Vi trovate nel posto giusto! Di seguito troverete una breve rassegna dei principali tipi di orecchini, studiata apposta per valorizzare al meglio ogni volto.<\/p>\n<p>Per <strong>i volti dolci e arrotondati<\/strong> gli orecchini ideali sono quelli <strong>lunghi <\/strong>e<strong> pendenti<\/strong> che permettono di compensare la rotondit\u00e0 del viso, rendendolo pi\u00f9 affusolato.<\/p>\n<p>Che dire invece dei cosiddetti <strong>\u201cvisi a cuore\u201d<\/strong>, caratterizzati dal mento pi\u00f9 stretto, e di quelli con una forma un po\u2019 <strong>\u201csquadrata\u201d<\/strong>, con tratti leggermente spigolosi? In questi casi sono da evitare gli orecchini molto lunghi, ma dovrebbero essere privilegiati quelli <strong>tondeggianti<\/strong> o <strong>pendenti medio-lunghi<\/strong>.<\/p>\n<p>Anche <strong>i visi ovali<\/strong> e leggermente allungati devono essere valorizzati al meglio e sicuramente la scelta migliore ricade su modelli di orecchini preferibilmente attaccati al <strong>lobo<\/strong>.<\/p>\n<p>&nbsp;<\/p>\n<h2>Una grande variet\u00e0 di orecchini con perle<\/h2>\n<p><strong>Piccole sfere preziose<\/strong>, il <strong>simbolo di pura bellezza<\/strong>: ecco cosa sono gli orecchini con le perle Akoya giapponesi, le perle Australiane e le misteriose e affascinanti perle nere di Tahiti, arricchiti di <strong>diamanti<\/strong> e sostenuti da <strong>solide basi in oro bianco o giallo<\/strong>.<\/p>\n<p>Nello specifico le <strong>Perle Akoya<\/strong> derivano il nome dalla parola giapponese \u201cakoya-gai\u201d, usata in origine per designare le perle di acqua salata. Si tratta di perle che crescono tipicamente in un periodo che pu\u00f2 andare da 8 mesi a 2 anni e misurano di solito da 2 a 6 millimetri di diametro.<\/p>\n<p>Le <strong>Perle Tahitiane<\/strong> derivano il nome dall&#8217;isola tropicale della Polinesia francese. \u00a0La caratteristica principale della perla di Tahiti, che generalmente cresce in 4 o 5 anni, non \u00e8 tanto il suo diametro (di solito intorno ai 10-15 mm), quanto il tipico colore nero.<\/p>\n<p>Le <strong>Perle Australiane<\/strong> infine sono tra le pi\u00f9 rare e costose in commercio. I tempi di produzione della perla australiana variano dai\u00a0 3 ai 6 anni; di solito ha un diametro di 13 mm, ma pu\u00f2 variare da 8 mm a 20 mm di diametro.<\/p>\n<p>Concludiamo parlando di <strong>prezzi<\/strong>: il prezzo degli orecchini con perle pu\u00f2 andare dai 100 euro ai 1500 euro, ma \u00e8 possibile trovare molti <strong>sconti<\/strong> accattivanti.<\/p>\n","protected":false},"excerpt":{"rendered":"<p>Da sempre una delle cose che pi\u00f9 stanno a cuore ad ogni donna \u00e8 la valorizzazione di se stessa. Spesso noi donne prestiamo attenzione al taglio di capelli, cos\u00ec importante per valorizzare i lineamenti del viso \u2026 ma che dire degli accessori? Anch\u2019essi possono fare una grande differenza! E sono soprattutto gli orecchini a doversi adattare alla forma del nostro viso, anche se spesso sono sottovalutati. Di orecchini ce ne<\/p>\n<p><a class=\"continue-reading\" href=\"https:\/\/www.article-marketing.eu\/comunicatistampa\/orecchini-con-perle-per-tutti-i-gusti\/\">Continue reading&#8230;<\/a><\/p>\n","protected":false},"author":4591,"featured_media":0,"comment_status":"open","ping_status":"open","sticky":false,"template":"","format":"standard","meta":{"_monsterinsights_skip_tracking":false,"_monsterinsights_sitenote_active":false,"_monsterinsights_sitenote_note":"","_monsterinsights_sitenote_category":0,"footnotes":""},"categories":[393],"tags":[6306,6305,6307],"class_list":["post-15126","post","type-post","status-publish","format-standard","hentry","category-prodotti","tag-orecchini-con-perle","tag-orecchini-perle","tag-orecchini-raffinati"],"yoast_head":"<!-- This site is optimized with the Yoast SEO plugin v27.3 - https:\/\/yoast.com\/product\/yoast-seo-wordpress\/ -->\n<title>Orecchini con perle per tutti i gusti - Article Marketing<\/title>\n<meta name=\"robots\" content=\"index, follow, max-snippet:-1, max-image-preview:large, max-video-preview:-1\" \/>\n<link rel=\"canonical\" href=\"https:\/\/www.article-marketing.eu\/comunicatistampa\/orecchini-con-perle-per-tutti-i-gusti\/\" \/>\n<meta property=\"og:locale\" content=\"it_IT\" \/>\n<meta property=\"og:type\" content=\"article\" \/>\n<meta property=\"og:title\" content=\"Orecchini con perle per tutti i gusti - Article Marketing\" \/>\n<meta property=\"og:description\" content=\"Da sempre una delle cose che pi\u00f9 stanno a cuore ad ogni donna \u00e8 la valorizzazione di se stessa. Spesso noi donne prestiamo attenzione al taglio di capelli, cos\u00ec importante per valorizzare i lineamenti del viso \u2026 ma che dire degli accessori? Anch\u2019essi possono fare una grande differenza! E sono soprattutto gli orecchini a doversi adattare alla forma del nostro viso, anche se spesso sono sottovalutati. Di orecchini ce neContinue reading...\" \/>\n<meta property=\"og:url\" content=\"https:\/\/www.article-marketing.eu\/comunicatistampa\/orecchini-con-perle-per-tutti-i-gusti\/\" \/>\n<meta property=\"og:site_name\" content=\"Article Marketing\" \/>\n<meta property=\"article:published_time\" content=\"2020-06-25T14:30:13+00:00\" \/>\n<meta name=\"author\" content=\"Mimma Buononato\" \/>\n<meta name=\"twitter:card\" content=\"summary_large_image\" \/>\n<meta name=\"twitter:label1\" content=\"Scritto da\" \/>\n\t<meta name=\"twitter:data1\" content=\"Mimma Buononato\" \/>\n\t<meta name=\"twitter:label2\" content=\"Tempo di lettura stimato\" \/>\n\t<meta name=\"twitter:data2\" content=\"2 minuti\" \/>\n<script type=\"application\/ld+json\" class=\"yoast-schema-graph\">{\"@context\":\"https:\\\/\\\/schema.org\",\"@graph\":[{\"@type\":\"Article\",\"@id\":\"https:\\\/\\\/www.article-marketing.eu\\\/comunicatistampa\\\/orecchini-con-perle-per-tutti-i-gusti\\\/#article\",\"isPartOf\":{\"@id\":\"https:\\\/\\\/www.article-marketing.eu\\\/comunicatistampa\\\/orecchini-con-perle-per-tutti-i-gusti\\\/\"},\"author\":{\"name\":\"Mimma Buononato\",\"@id\":\"https:\\\/\\\/www.article-marketing.eu\\\/comunicatistampa\\\/#\\\/schema\\\/person\\\/062894afc841fe76f1e1484bfcd55911\"},\"headline\":\"Orecchini con perle per tutti i gusti\",\"datePublished\":\"2020-06-25T14:30:13+00:00\",\"mainEntityOfPage\":{\"@id\":\"https:\\\/\\\/www.article-marketing.eu\\\/comunicatistampa\\\/orecchini-con-perle-per-tutti-i-gusti\\\/\"},\"wordCount\":497,\"commentCount\":0,\"keywords\":[\"orecchini con perle\",\"orecchini perle\",\"orecchini raffinati\"],\"articleSection\":[\"Prodotti\"],\"inLanguage\":\"it-IT\",\"potentialAction\":[{\"@type\":\"CommentAction\",\"name\":\"Comment\",\"target\":[\"https:\\\/\\\/www.article-marketing.eu\\\/comunicatistampa\\\/orecchini-con-perle-per-tutti-i-gusti\\\/#respond\"]}]},{\"@type\":\"WebPage\",\"@id\":\"https:\\\/\\\/www.article-marketing.eu\\\/comunicatistampa\\\/orecchini-con-perle-per-tutti-i-gusti\\\/\",\"url\":\"https:\\\/\\\/www.article-marketing.eu\\\/comunicatistampa\\\/orecchini-con-perle-per-tutti-i-gusti\\\/\",\"name\":\"Orecchini con perle per tutti i gusti - Article Marketing\",\"isPartOf\":{\"@id\":\"https:\\\/\\\/www.article-marketing.eu\\\/comunicatistampa\\\/#website\"},\"datePublished\":\"2020-06-25T14:30:13+00:00\",\"author\":{\"@id\":\"https:\\\/\\\/www.article-marketing.eu\\\/comunicatistampa\\\/#\\\/schema\\\/person\\\/062894afc841fe76f1e1484bfcd55911\"},\"breadcrumb\":{\"@id\":\"https:\\\/\\\/www.article-marketing.eu\\\/comunicatistampa\\\/orecchini-con-perle-per-tutti-i-gusti\\\/#breadcrumb\"},\"inLanguage\":\"it-IT\",\"potentialAction\":[{\"@type\":\"ReadAction\",\"target\":[\"https:\\\/\\\/www.article-marketing.eu\\\/comunicatistampa\\\/orecchini-con-perle-per-tutti-i-gusti\\\/\"]}]},{\"@type\":\"BreadcrumbList\",\"@id\":\"https:\\\/\\\/www.article-marketing.eu\\\/comunicatistampa\\\/orecchini-con-perle-per-tutti-i-gusti\\\/#breadcrumb\",\"itemListElement\":[{\"@type\":\"ListItem\",\"position\":1,\"name\":\"Home\",\"item\":\"https:\\\/\\\/www.article-marketing.eu\\\/comunicatistampa\\\/\"},{\"@type\":\"ListItem\",\"position\":2,\"name\":\"Orecchini con perle per tutti i gusti\"}]},{\"@type\":\"WebSite\",\"@id\":\"https:\\\/\\\/www.article-marketing.eu\\\/comunicatistampa\\\/#website\",\"url\":\"https:\\\/\\\/www.article-marketing.eu\\\/comunicatistampa\\\/\",\"name\":\"Article Marketing\",\"description\":\"article marketing &amp; press release\",\"potentialAction\":[{\"@type\":\"SearchAction\",\"target\":{\"@type\":\"EntryPoint\",\"urlTemplate\":\"https:\\\/\\\/www.article-marketing.eu\\\/comunicatistampa\\\/?s={search_term_string}\"},\"query-input\":{\"@type\":\"PropertyValueSpecification\",\"valueRequired\":true,\"valueName\":\"search_term_string\"}}],\"inLanguage\":\"it-IT\"},{\"@type\":\"Person\",\"@id\":\"https:\\\/\\\/www.article-marketing.eu\\\/comunicatistampa\\\/#\\\/schema\\\/person\\\/062894afc841fe76f1e1484bfcd55911\",\"name\":\"Mimma Buononato\",\"image\":{\"@type\":\"ImageObject\",\"inLanguage\":\"it-IT\",\"@id\":\"https:\\\/\\\/secure.gravatar.com\\\/avatar\\\/925e9b04d2b66e2d40e8844c35de3f89fe928c15d17ac42f13ccbb2c7a127432?s=96&d=mm&r=g\",\"url\":\"https:\\\/\\\/secure.gravatar.com\\\/avatar\\\/925e9b04d2b66e2d40e8844c35de3f89fe928c15d17ac42f13ccbb2c7a127432?s=96&d=mm&r=g\",\"contentUrl\":\"https:\\\/\\\/secure.gravatar.com\\\/avatar\\\/925e9b04d2b66e2d40e8844c35de3f89fe928c15d17ac42f13ccbb2c7a127432?s=96&d=mm&r=g\",\"caption\":\"Mimma Buononato\"},\"url\":\"https:\\\/\\\/www.article-marketing.eu\\\/comunicatistampa\\\/author\\\/mimma-buononato\\\/\"}]}<\/script>\n<!-- \/ Yoast SEO plugin. -->","yoast_head_json":{"title":"Orecchini con perle per tutti i gusti - Article Marketing","robots":{"index":"index","follow":"follow","max-snippet":"max-snippet:-1","max-image-preview":"max-image-preview:large","max-video-preview":"max-video-preview:-1"},"canonical":"https:\/\/www.article-marketing.eu\/comunicatistampa\/orecchini-con-perle-per-tutti-i-gusti\/","og_locale":"it_IT","og_type":"article","og_title":"Orecchini con perle per tutti i gusti - Article Marketing","og_description":"Da sempre una delle cose che pi\u00f9 stanno a cuore ad ogni donna \u00e8 la valorizzazione di se stessa. Spesso noi donne prestiamo attenzione al taglio di capelli, cos\u00ec importante per valorizzare i lineamenti del viso \u2026 ma che dire degli accessori? Anch\u2019essi possono fare una grande differenza! E sono soprattutto gli orecchini a doversi adattare alla forma del nostro viso, anche se spesso sono sottovalutati. Di orecchini ce neContinue reading...","og_url":"https:\/\/www.article-marketing.eu\/comunicatistampa\/orecchini-con-perle-per-tutti-i-gusti\/","og_site_name":"Article Marketing","article_published_time":"2020-06-25T14:30:13+00:00","author":"Mimma Buononato","twitter_card":"summary_large_image","twitter_misc":{"Scritto da":"Mimma Buononato","Tempo di lettura stimato":"2 minuti"},"schema":{"@context":"https:\/\/schema.org","@graph":[{"@type":"Article","@id":"https:\/\/www.article-marketing.eu\/comunicatistampa\/orecchini-con-perle-per-tutti-i-gusti\/#article","isPartOf":{"@id":"https:\/\/www.article-marketing.eu\/comunicatistampa\/orecchini-con-perle-per-tutti-i-gusti\/"},"author":{"name":"Mimma Buononato","@id":"https:\/\/www.article-marketing.eu\/comunicatistampa\/#\/schema\/person\/062894afc841fe76f1e1484bfcd55911"},"headline":"Orecchini con perle per tutti i gusti","datePublished":"2020-06-25T14:30:13+00:00","mainEntityOfPage":{"@id":"https:\/\/www.article-marketing.eu\/comunicatistampa\/orecchini-con-perle-per-tutti-i-gusti\/"},"wordCount":497,"commentCount":0,"keywords":["orecchini con perle","orecchini perle","orecchini raffinati"],"articleSection":["Prodotti"],"inLanguage":"it-IT","potentialAction":[{"@type":"CommentAction","name":"Comment","target":["https:\/\/www.article-marketing.eu\/comunicatistampa\/orecchini-con-perle-per-tutti-i-gusti\/#respond"]}]},{"@type":"WebPage","@id":"https:\/\/www.article-marketing.eu\/comunicatistampa\/orecchini-con-perle-per-tutti-i-gusti\/","url":"https:\/\/www.article-marketing.eu\/comunicatistampa\/orecchini-con-perle-per-tutti-i-gusti\/","name":"Orecchini con perle per tutti i gusti - Article Marketing","isPartOf":{"@id":"https:\/\/www.article-marketing.eu\/comunicatistampa\/#website"},"datePublished":"2020-06-25T14:30:13+00:00","author":{"@id":"https:\/\/www.article-marketing.eu\/comunicatistampa\/#\/schema\/person\/062894afc841fe76f1e1484bfcd55911"},"breadcrumb":{"@id":"https:\/\/www.article-marketing.eu\/comunicatistampa\/orecchini-con-perle-per-tutti-i-gusti\/#breadcrumb"},"inLanguage":"it-IT","potentialAction":[{"@type":"ReadAction","target":["https:\/\/www.article-marketing.eu\/comunicatistampa\/orecchini-con-perle-per-tutti-i-gusti\/"]}]},{"@type":"BreadcrumbList","@id":"https:\/\/www.article-marketing.eu\/comunicatistampa\/orecchini-con-perle-per-tutti-i-gusti\/#breadcrumb","itemListElement":[{"@type":"ListItem","position":1,"name":"Home","item":"https:\/\/www.article-marketing.eu\/comunicatistampa\/"},{"@type":"ListItem","position":2,"name":"Orecchini con perle per tutti i gusti"}]},{"@type":"WebSite","@id":"https:\/\/www.article-marketing.eu\/comunicatistampa\/#website","url":"https:\/\/www.article-marketing.eu\/comunicatistampa\/","name":"Article Marketing","description":"article marketing &amp; press release","potentialAction":[{"@type":"SearchAction","target":{"@type":"EntryPoint","urlTemplate":"https:\/\/www.article-marketing.eu\/comunicatistampa\/?s={search_term_string}"},"query-input":{"@type":"PropertyValueSpecification","valueRequired":true,"valueName":"search_term_string"}}],"inLanguage":"it-IT"},{"@type":"Person","@id":"https:\/\/www.article-marketing.eu\/comunicatistampa\/#\/schema\/person\/062894afc841fe76f1e1484bfcd55911","name":"Mimma Buononato","image":{"@type":"ImageObject","inLanguage":"it-IT","@id":"https:\/\/secure.gravatar.com\/avatar\/925e9b04d2b66e2d40e8844c35de3f89fe928c15d17ac42f13ccbb2c7a127432?s=96&d=mm&r=g","url":"https:\/\/secure.gravatar.com\/avatar\/925e9b04d2b66e2d40e8844c35de3f89fe928c15d17ac42f13ccbb2c7a127432?s=96&d=mm&r=g","contentUrl":"https:\/\/secure.gravatar.com\/avatar\/925e9b04d2b66e2d40e8844c35de3f89fe928c15d17ac42f13ccbb2c7a127432?s=96&d=mm&r=g","caption":"Mimma Buononato"},"url":"https:\/\/www.article-marketing.eu\/comunicatistampa\/author\/mimma-buononato\/"}]}},"_links":{"self":[{"href":"https:\/\/www.article-marketing.eu\/comunicatistampa\/wp-json\/wp\/v2\/posts\/15126","targetHints":{"allow":["GET"]}}],"collection":[{"href":"https:\/\/www.article-marketing.eu\/comunicatistampa\/wp-json\/wp\/v2\/posts"}],"about":[{"href":"https:\/\/www.article-marketing.eu\/comunicatistampa\/wp-json\/wp\/v2\/types\/post"}],"author":[{"embeddable":true,"href":"https:\/\/www.article-marketing.eu\/comunicatistampa\/wp-json\/wp\/v2\/users\/4591"}],"replies":[{"embeddable":true,"href":"https:\/\/www.article-marketing.eu\/comunicatistampa\/wp-json\/wp\/v2\/comments?post=15126"}],"version-history":[{"count":2,"href":"https:\/\/www.article-marketing.eu\/comunicatistampa\/wp-json\/wp\/v2\/posts\/15126\/revisions"}],"predecessor-version":[{"id":15130,"href":"https:\/\/www.article-marketing.eu\/comunicatistampa\/wp-json\/wp\/v2\/posts\/15126\/revisions\/15130"}],"wp:attachment":[{"href":"https:\/\/www.article-marketing.eu\/comunicatistampa\/wp-json\/wp\/v2\/media?parent=15126"}],"wp:term":[{"taxonomy":"category","embeddable":true,"href":"https:\/\/www.article-marketing.eu\/comunicatistampa\/wp-json\/wp\/v2\/categories?post=15126"},{"taxonomy":"post_tag","embeddable":true,"href":"https:\/\/www.article-marketing.eu\/comunicatistampa\/wp-json\/wp\/v2\/tags?post=15126"}],"curies":[{"name":"wp","href":"https:\/\/api.w.org\/{rel}","templated":true}]}}