{"id":15183,"date":"2020-07-08T19:41:50","date_gmt":"2020-07-08T17:41:50","guid":{"rendered":"https:\/\/www.article-marketing.eu\/comunicatistampa\/?p=15183"},"modified":"2020-07-08T19:41:50","modified_gmt":"2020-07-08T17:41:50","slug":"reagire-alla-crisi-i-commercialisti-siano-alleati-degli-imprenditori","status":"publish","type":"post","link":"https:\/\/www.article-marketing.eu\/comunicatistampa\/reagire-alla-crisi-i-commercialisti-siano-alleati-degli-imprenditori\/","title":{"rendered":"Reagire alla crisi: i commercialisti siano alleati degli imprenditori"},"content":{"rendered":"<p>Investire sulle competenze. Riscoprirsi uniti. Imparare a reagire. Sono queste le leve fondamentali per ripartire secondo <strong>Simona Bonomelli, presidente dell\u2019Ordine dei Dottori Commercialisti e degli Esperti Contabili di Bergamo.<\/strong><\/p>\n<p>In carica da gennaio 2017, Simona Bonomelli ha ripercorso le condizioni dell\u2019economia globale, nazionale e provinciale, soffermandosi sulle conseguenze generate dai due mesi di lockdown. Dalla fine di febbraio la diffusione dell&#8217;epidemia di Covid-19 ha infatti determinato un forte impatto negativo sull&#8217;attivit\u00e0 economica con una contrazione del PIL nel primo trimestre del 4,7% e una riduzione degli occupati, soprattutto tra i dipendenti a termine. Le stesse prospettive della finanza pubblica sono state modificate dall&#8217;emergenza sanitaria: il rapporto tra il debito e il PIL, ad esempio, potrebbe aumentare di oltre 20 punti percentuali quest&#8217;anno, raggiungendo il 155,7%. Nel contempo, si \u00e8 attenuata la crescita dei consumi delle famiglie e vi \u00e8 stato un calo marcato nei servizi turistici, nella ristorazione, nel trasporto, nelle attivit\u00e0 ricreative e culturali. Un contesto nel quale i commercialisti sono stati chiamati a dare un importante contributo al Paese con le loro competenze e peculiarit\u00e0, manifestando proposte concrete al Governo. Da qui, il richiamo a una maggiore coesione e ad un\u2019attenzione crescente al ruolo della categoria.<\/p>\n<p>\u00ab<em>Sono numerose le sfide e le opportunit\u00e0 che noi professionisti siamo chiamati a cogliere, ad analizzare e a risolvere <\/em><em>nell\u2019ottica di un ruolo che non pu\u00f2 pi\u00f9 essere solo di comunicazione di nuovi obblighi e adempimenti, ma di alleanza nella gestione aziendale dell\u2019impresa. Durante la pandemia, abbiamo lavorato ininterrottamente per garantire assistenza a imprese e contribuenti, adattandoci in tempi rapidissimi e, non senza difficolta\u0300, a logiche di lavoro nuove. Questa esperienza e\u0300 stata per noi, come per tutto il mondo del lavoro, un importante banco di prova che pu\u00f2 aiutarci a cambiare e a migliorarci. Per farlo, dobbiamo investire sempre di pi\u00f9 nelle competenze, dobbiamo fare leva sulla capacit\u00e0 di adattarci, di reagire, di svilupparci, spingendo anche le imprese a fare lo stesso, e dobbiamo agire uniti, condividendo le nostre capacit\u00e0. Solo cos\u00ec potremo dare la necessaria forza al Paese per ambire a una nuova \u201cricrescita\u201d\u00bb<\/em> &#8211; ha dichiarato <strong>Simona Bonomelli, presidente <\/strong><strong>dell\u2019Ordine dei Dottori Commercialisti e degli Esperti Contabili di Bergamo. <\/strong><\/p>\n<p>Un richiamo forte che trova riscontro in molte delle sfide che attendono le imprese italiane, specie le PMI. Oltre alla ripartenza, l\u2019attenzione per il nuovo <strong>Codice della crisi e dell\u2019insolvenza d\u2019impresa<\/strong> (D. Lgs. n. 14\/2019) nel quale i professionisti sono chiamati ad avere un ruolo determinante. In molti casi, infatti, le PMI non hanno le competenze e gli strumenti necessari per osservare i nuovi adempimenti e i sistemi di allerta interna. Il ruolo dei commercialisti \u00e8 quindi fondamentale per far comprendere agli imprenditori la necessita\u0300 dell\u2019implementazione di un nuovo modello di gestione basato sui moderni sistemi di controllo.<\/p>\n<p>\u00ab<em>Le sfide di mercato che si stanno rapidamente e prepotentemente manifestando impongono all\u2019imprenditore un netto cambiamento del modus operandi, essendo ormai imprescindibile la necessita\u0300 di rilevare tempestivamente i segnali della crisi. Di conseguenza anche la nostra categoria deve essere pronta ad adattarsi alle nuove sfide del tempo, facendo leva sulle sue risorse professionali. \u00c8 questo l\u2019auspicio con cui vado a concludere il mio mandato in scadenza alle fine dell\u2019anno, un percorso che mi ha fatta crescer a livello personale e professionale, nella consapevolezza che ciascuno di noi e\u0300 un patrimonio fondamentale per il Paese e che le nostre risorse sono indispensabili per la crescita di ciascuno<\/em>\u00bb\u00a0&#8211; ha concluso <strong>Bonomelli<\/strong>.<\/p>\n<p>&nbsp;<\/p>\n<p><strong>DATI E ATTIVITA\u2019 DELL\u2019ODCEC<\/strong><\/p>\n<p>Gli iscritti, alla data del 31 dicembre 2019, sono complessivamente 1708 di cui 1696 all&#8217;elenco ordinario e 12 all&#8217;elenco speciale, oltre a 32 STP. Nel corso dell\u2019anno 2019 vi sono state 37 iscrizioni e 38 cancellazioni (di cui 6 decessi, 19 dimissioni, 10 trasferimenti, 3 radiazioni). Per quanto attiene ai Praticanti al 10 giugno 2020, n. 77 sono iscritti nella sezione A dei Commercialisti e n. 20 sono iscritti nella sezione B degli esperti contabili.<\/p>\n<p>Oltre alle attivit\u00e0 ordinarie \u00e8 proseguito il lavoro dell\u2019Organismo di Composizione della Crisi da sovraindebitamento e di liquidazione del patrimonio del debitore cos\u00ec come l\u2019attivit\u00e0 della Scuola di Alta Formazione della Lombardia attraverso la quale si sta cercando di favorire la specializzazione anche in aree che non sono mai state riconosciute a livello istituzionale.<\/p>\n<p>Per informazioni <a href=\"https:\/\/www.odcec.bg.it\/\">https:\/\/www.odcec.bg.it\/<\/a><\/p>\n","protected":false},"excerpt":{"rendered":"<p>Investire sulle competenze. Riscoprirsi uniti. Imparare a reagire. Sono queste le leve fondamentali per ripartire secondo Simona Bonomelli, presidente dell\u2019Ordine dei Dottori Commercialisti e degli Esperti Contabili di Bergamo. In carica da gennaio 2017, Simona Bonomelli ha ripercorso le condizioni dell\u2019economia globale, nazionale e provinciale, soffermandosi sulle conseguenze generate dai due mesi di lockdown. Dalla fine di febbraio la diffusione dell&#8217;epidemia di Covid-19 ha infatti determinato un forte impatto negativo<\/p>\n<p><a class=\"continue-reading\" href=\"https:\/\/www.article-marketing.eu\/comunicatistampa\/reagire-alla-crisi-i-commercialisti-siano-alleati-degli-imprenditori\/\">Continue reading&#8230;<\/a><\/p>\n","protected":false},"author":1855,"featured_media":0,"comment_status":"open","ping_status":"open","sticky":false,"template":"","format":"standard","meta":{"_monsterinsights_skip_tracking":false,"_monsterinsights_sitenote_active":false,"_monsterinsights_sitenote_note":"","_monsterinsights_sitenote_category":0,"footnotes":""},"categories":[386],"tags":[6334,5972,6332,6333,6335,5142,1324],"class_list":["post-15183","post","type-post","status-publish","format-standard","hentry","category-economia-e-lavoro","tag-assembleagenerale","tag-covid19","tag-odcec","tag-odcecbergamo","tag-simonabonomelli","tag-crisi","tag-imprese"],"yoast_head":"<!-- This site is optimized with the Yoast SEO plugin v27.3 - https:\/\/yoast.com\/product\/yoast-seo-wordpress\/ -->\n<title>Reagire alla crisi: i commercialisti siano alleati degli imprenditori - Article Marketing<\/title>\n<meta name=\"robots\" content=\"index, follow, max-snippet:-1, max-image-preview:large, max-video-preview:-1\" \/>\n<link rel=\"canonical\" href=\"https:\/\/www.article-marketing.eu\/comunicatistampa\/reagire-alla-crisi-i-commercialisti-siano-alleati-degli-imprenditori\/\" \/>\n<meta property=\"og:locale\" content=\"it_IT\" \/>\n<meta property=\"og:type\" content=\"article\" \/>\n<meta property=\"og:title\" content=\"Reagire alla crisi: i commercialisti siano alleati degli imprenditori - Article Marketing\" \/>\n<meta property=\"og:description\" content=\"Investire sulle competenze. Riscoprirsi uniti. Imparare a reagire. Sono queste le leve fondamentali per ripartire secondo Simona Bonomelli, presidente dell\u2019Ordine dei Dottori Commercialisti e degli Esperti Contabili di Bergamo. In carica da gennaio 2017, Simona Bonomelli ha ripercorso le condizioni dell\u2019economia globale, nazionale e provinciale, soffermandosi sulle conseguenze generate dai due mesi di lockdown. Dalla fine di febbraio la diffusione dell&#8217;epidemia di Covid-19 ha infatti determinato un forte impatto negativoContinue reading...\" \/>\n<meta property=\"og:url\" content=\"https:\/\/www.article-marketing.eu\/comunicatistampa\/reagire-alla-crisi-i-commercialisti-siano-alleati-degli-imprenditori\/\" \/>\n<meta property=\"og:site_name\" content=\"Article Marketing\" \/>\n<meta property=\"article:published_time\" content=\"2020-07-08T17:41:50+00:00\" \/>\n<meta name=\"author\" content=\"Redaclem\" \/>\n<meta name=\"twitter:card\" content=\"summary_large_image\" \/>\n<meta name=\"twitter:label1\" content=\"Scritto da\" \/>\n\t<meta name=\"twitter:data1\" content=\"Redaclem\" \/>\n\t<meta name=\"twitter:label2\" content=\"Tempo di lettura stimato\" \/>\n\t<meta name=\"twitter:data2\" content=\"3 minuti\" \/>\n<script type=\"application\/ld+json\" class=\"yoast-schema-graph\">{\"@context\":\"https:\\\/\\\/schema.org\",\"@graph\":[{\"@type\":\"Article\",\"@id\":\"https:\\\/\\\/www.article-marketing.eu\\\/comunicatistampa\\\/reagire-alla-crisi-i-commercialisti-siano-alleati-degli-imprenditori\\\/#article\",\"isPartOf\":{\"@id\":\"https:\\\/\\\/www.article-marketing.eu\\\/comunicatistampa\\\/reagire-alla-crisi-i-commercialisti-siano-alleati-degli-imprenditori\\\/\"},\"author\":{\"name\":\"Redaclem\",\"@id\":\"https:\\\/\\\/www.article-marketing.eu\\\/comunicatistampa\\\/#\\\/schema\\\/person\\\/c0aa725eee5df8460e0adf901fde0c88\"},\"headline\":\"Reagire alla crisi: i commercialisti siano alleati degli imprenditori\",\"datePublished\":\"2020-07-08T17:41:50+00:00\",\"mainEntityOfPage\":{\"@id\":\"https:\\\/\\\/www.article-marketing.eu\\\/comunicatistampa\\\/reagire-alla-crisi-i-commercialisti-siano-alleati-degli-imprenditori\\\/\"},\"wordCount\":708,\"commentCount\":0,\"keywords\":[\"#assembleagenerale\",\"#covid19\",\"#odcec\",\"#odcecbergamo\",\"#simonabonomelli\",\"crisi\",\"imprese\"],\"articleSection\":[\"Economia e lavoro\"],\"inLanguage\":\"it-IT\",\"potentialAction\":[{\"@type\":\"CommentAction\",\"name\":\"Comment\",\"target\":[\"https:\\\/\\\/www.article-marketing.eu\\\/comunicatistampa\\\/reagire-alla-crisi-i-commercialisti-siano-alleati-degli-imprenditori\\\/#respond\"]}]},{\"@type\":\"WebPage\",\"@id\":\"https:\\\/\\\/www.article-marketing.eu\\\/comunicatistampa\\\/reagire-alla-crisi-i-commercialisti-siano-alleati-degli-imprenditori\\\/\",\"url\":\"https:\\\/\\\/www.article-marketing.eu\\\/comunicatistampa\\\/reagire-alla-crisi-i-commercialisti-siano-alleati-degli-imprenditori\\\/\",\"name\":\"Reagire alla crisi: i commercialisti siano alleati degli imprenditori - Article Marketing\",\"isPartOf\":{\"@id\":\"https:\\\/\\\/www.article-marketing.eu\\\/comunicatistampa\\\/#website\"},\"datePublished\":\"2020-07-08T17:41:50+00:00\",\"author\":{\"@id\":\"https:\\\/\\\/www.article-marketing.eu\\\/comunicatistampa\\\/#\\\/schema\\\/person\\\/c0aa725eee5df8460e0adf901fde0c88\"},\"breadcrumb\":{\"@id\":\"https:\\\/\\\/www.article-marketing.eu\\\/comunicatistampa\\\/reagire-alla-crisi-i-commercialisti-siano-alleati-degli-imprenditori\\\/#breadcrumb\"},\"inLanguage\":\"it-IT\",\"potentialAction\":[{\"@type\":\"ReadAction\",\"target\":[\"https:\\\/\\\/www.article-marketing.eu\\\/comunicatistampa\\\/reagire-alla-crisi-i-commercialisti-siano-alleati-degli-imprenditori\\\/\"]}]},{\"@type\":\"BreadcrumbList\",\"@id\":\"https:\\\/\\\/www.article-marketing.eu\\\/comunicatistampa\\\/reagire-alla-crisi-i-commercialisti-siano-alleati-degli-imprenditori\\\/#breadcrumb\",\"itemListElement\":[{\"@type\":\"ListItem\",\"position\":1,\"name\":\"Home\",\"item\":\"https:\\\/\\\/www.article-marketing.eu\\\/comunicatistampa\\\/\"},{\"@type\":\"ListItem\",\"position\":2,\"name\":\"Reagire alla crisi: i commercialisti siano alleati degli imprenditori\"}]},{\"@type\":\"WebSite\",\"@id\":\"https:\\\/\\\/www.article-marketing.eu\\\/comunicatistampa\\\/#website\",\"url\":\"https:\\\/\\\/www.article-marketing.eu\\\/comunicatistampa\\\/\",\"name\":\"Article Marketing\",\"description\":\"article marketing &amp; press release\",\"potentialAction\":[{\"@type\":\"SearchAction\",\"target\":{\"@type\":\"EntryPoint\",\"urlTemplate\":\"https:\\\/\\\/www.article-marketing.eu\\\/comunicatistampa\\\/?s={search_term_string}\"},\"query-input\":{\"@type\":\"PropertyValueSpecification\",\"valueRequired\":true,\"valueName\":\"search_term_string\"}}],\"inLanguage\":\"it-IT\"},{\"@type\":\"Person\",\"@id\":\"https:\\\/\\\/www.article-marketing.eu\\\/comunicatistampa\\\/#\\\/schema\\\/person\\\/c0aa725eee5df8460e0adf901fde0c88\",\"name\":\"Redaclem\",\"image\":{\"@type\":\"ImageObject\",\"inLanguage\":\"it-IT\",\"@id\":\"https:\\\/\\\/secure.gravatar.com\\\/avatar\\\/4c7e41f332a0583344a91d7d39723533da9b2d0df7737c2d8c69553168c2191e?s=96&d=mm&r=g\",\"url\":\"https:\\\/\\\/secure.gravatar.com\\\/avatar\\\/4c7e41f332a0583344a91d7d39723533da9b2d0df7737c2d8c69553168c2191e?s=96&d=mm&r=g\",\"contentUrl\":\"https:\\\/\\\/secure.gravatar.com\\\/avatar\\\/4c7e41f332a0583344a91d7d39723533da9b2d0df7737c2d8c69553168c2191e?s=96&d=mm&r=g\",\"caption\":\"Redaclem\"},\"url\":\"https:\\\/\\\/www.article-marketing.eu\\\/comunicatistampa\\\/author\\\/redaclem\\\/\"}]}<\/script>\n<!-- \/ Yoast SEO plugin. -->","yoast_head_json":{"title":"Reagire alla crisi: i commercialisti siano alleati degli imprenditori - Article Marketing","robots":{"index":"index","follow":"follow","max-snippet":"max-snippet:-1","max-image-preview":"max-image-preview:large","max-video-preview":"max-video-preview:-1"},"canonical":"https:\/\/www.article-marketing.eu\/comunicatistampa\/reagire-alla-crisi-i-commercialisti-siano-alleati-degli-imprenditori\/","og_locale":"it_IT","og_type":"article","og_title":"Reagire alla crisi: i commercialisti siano alleati degli imprenditori - Article Marketing","og_description":"Investire sulle competenze. Riscoprirsi uniti. Imparare a reagire. Sono queste le leve fondamentali per ripartire secondo Simona Bonomelli, presidente dell\u2019Ordine dei Dottori Commercialisti e degli Esperti Contabili di Bergamo. In carica da gennaio 2017, Simona Bonomelli ha ripercorso le condizioni dell\u2019economia globale, nazionale e provinciale, soffermandosi sulle conseguenze generate dai due mesi di lockdown. Dalla fine di febbraio la diffusione dell&#8217;epidemia di Covid-19 ha infatti determinato un forte impatto negativoContinue reading...","og_url":"https:\/\/www.article-marketing.eu\/comunicatistampa\/reagire-alla-crisi-i-commercialisti-siano-alleati-degli-imprenditori\/","og_site_name":"Article Marketing","article_published_time":"2020-07-08T17:41:50+00:00","author":"Redaclem","twitter_card":"summary_large_image","twitter_misc":{"Scritto da":"Redaclem","Tempo di lettura stimato":"3 minuti"},"schema":{"@context":"https:\/\/schema.org","@graph":[{"@type":"Article","@id":"https:\/\/www.article-marketing.eu\/comunicatistampa\/reagire-alla-crisi-i-commercialisti-siano-alleati-degli-imprenditori\/#article","isPartOf":{"@id":"https:\/\/www.article-marketing.eu\/comunicatistampa\/reagire-alla-crisi-i-commercialisti-siano-alleati-degli-imprenditori\/"},"author":{"name":"Redaclem","@id":"https:\/\/www.article-marketing.eu\/comunicatistampa\/#\/schema\/person\/c0aa725eee5df8460e0adf901fde0c88"},"headline":"Reagire alla crisi: i commercialisti siano alleati degli imprenditori","datePublished":"2020-07-08T17:41:50+00:00","mainEntityOfPage":{"@id":"https:\/\/www.article-marketing.eu\/comunicatistampa\/reagire-alla-crisi-i-commercialisti-siano-alleati-degli-imprenditori\/"},"wordCount":708,"commentCount":0,"keywords":["#assembleagenerale","#covid19","#odcec","#odcecbergamo","#simonabonomelli","crisi","imprese"],"articleSection":["Economia e lavoro"],"inLanguage":"it-IT","potentialAction":[{"@type":"CommentAction","name":"Comment","target":["https:\/\/www.article-marketing.eu\/comunicatistampa\/reagire-alla-crisi-i-commercialisti-siano-alleati-degli-imprenditori\/#respond"]}]},{"@type":"WebPage","@id":"https:\/\/www.article-marketing.eu\/comunicatistampa\/reagire-alla-crisi-i-commercialisti-siano-alleati-degli-imprenditori\/","url":"https:\/\/www.article-marketing.eu\/comunicatistampa\/reagire-alla-crisi-i-commercialisti-siano-alleati-degli-imprenditori\/","name":"Reagire alla crisi: i commercialisti siano alleati degli imprenditori - Article Marketing","isPartOf":{"@id":"https:\/\/www.article-marketing.eu\/comunicatistampa\/#website"},"datePublished":"2020-07-08T17:41:50+00:00","author":{"@id":"https:\/\/www.article-marketing.eu\/comunicatistampa\/#\/schema\/person\/c0aa725eee5df8460e0adf901fde0c88"},"breadcrumb":{"@id":"https:\/\/www.article-marketing.eu\/comunicatistampa\/reagire-alla-crisi-i-commercialisti-siano-alleati-degli-imprenditori\/#breadcrumb"},"inLanguage":"it-IT","potentialAction":[{"@type":"ReadAction","target":["https:\/\/www.article-marketing.eu\/comunicatistampa\/reagire-alla-crisi-i-commercialisti-siano-alleati-degli-imprenditori\/"]}]},{"@type":"BreadcrumbList","@id":"https:\/\/www.article-marketing.eu\/comunicatistampa\/reagire-alla-crisi-i-commercialisti-siano-alleati-degli-imprenditori\/#breadcrumb","itemListElement":[{"@type":"ListItem","position":1,"name":"Home","item":"https:\/\/www.article-marketing.eu\/comunicatistampa\/"},{"@type":"ListItem","position":2,"name":"Reagire alla crisi: i commercialisti siano alleati degli imprenditori"}]},{"@type":"WebSite","@id":"https:\/\/www.article-marketing.eu\/comunicatistampa\/#website","url":"https:\/\/www.article-marketing.eu\/comunicatistampa\/","name":"Article Marketing","description":"article marketing &amp; press release","potentialAction":[{"@type":"SearchAction","target":{"@type":"EntryPoint","urlTemplate":"https:\/\/www.article-marketing.eu\/comunicatistampa\/?s={search_term_string}"},"query-input":{"@type":"PropertyValueSpecification","valueRequired":true,"valueName":"search_term_string"}}],"inLanguage":"it-IT"},{"@type":"Person","@id":"https:\/\/www.article-marketing.eu\/comunicatistampa\/#\/schema\/person\/c0aa725eee5df8460e0adf901fde0c88","name":"Redaclem","image":{"@type":"ImageObject","inLanguage":"it-IT","@id":"https:\/\/secure.gravatar.com\/avatar\/4c7e41f332a0583344a91d7d39723533da9b2d0df7737c2d8c69553168c2191e?s=96&d=mm&r=g","url":"https:\/\/secure.gravatar.com\/avatar\/4c7e41f332a0583344a91d7d39723533da9b2d0df7737c2d8c69553168c2191e?s=96&d=mm&r=g","contentUrl":"https:\/\/secure.gravatar.com\/avatar\/4c7e41f332a0583344a91d7d39723533da9b2d0df7737c2d8c69553168c2191e?s=96&d=mm&r=g","caption":"Redaclem"},"url":"https:\/\/www.article-marketing.eu\/comunicatistampa\/author\/redaclem\/"}]}},"_links":{"self":[{"href":"https:\/\/www.article-marketing.eu\/comunicatistampa\/wp-json\/wp\/v2\/posts\/15183","targetHints":{"allow":["GET"]}}],"collection":[{"href":"https:\/\/www.article-marketing.eu\/comunicatistampa\/wp-json\/wp\/v2\/posts"}],"about":[{"href":"https:\/\/www.article-marketing.eu\/comunicatistampa\/wp-json\/wp\/v2\/types\/post"}],"author":[{"embeddable":true,"href":"https:\/\/www.article-marketing.eu\/comunicatistampa\/wp-json\/wp\/v2\/users\/1855"}],"replies":[{"embeddable":true,"href":"https:\/\/www.article-marketing.eu\/comunicatistampa\/wp-json\/wp\/v2\/comments?post=15183"}],"version-history":[{"count":2,"href":"https:\/\/www.article-marketing.eu\/comunicatistampa\/wp-json\/wp\/v2\/posts\/15183\/revisions"}],"predecessor-version":[{"id":15208,"href":"https:\/\/www.article-marketing.eu\/comunicatistampa\/wp-json\/wp\/v2\/posts\/15183\/revisions\/15208"}],"wp:attachment":[{"href":"https:\/\/www.article-marketing.eu\/comunicatistampa\/wp-json\/wp\/v2\/media?parent=15183"}],"wp:term":[{"taxonomy":"category","embeddable":true,"href":"https:\/\/www.article-marketing.eu\/comunicatistampa\/wp-json\/wp\/v2\/categories?post=15183"},{"taxonomy":"post_tag","embeddable":true,"href":"https:\/\/www.article-marketing.eu\/comunicatistampa\/wp-json\/wp\/v2\/tags?post=15183"}],"curies":[{"name":"wp","href":"https:\/\/api.w.org\/{rel}","templated":true}]}}