{"id":15186,"date":"2020-07-08T19:42:02","date_gmt":"2020-07-08T17:42:02","guid":{"rendered":"https:\/\/www.article-marketing.eu\/comunicatistampa\/?p=15186"},"modified":"2020-07-08T19:42:02","modified_gmt":"2020-07-08T17:42:02","slug":"la-solidarieta-di-one-express-agli-operatori-della-logistica-nuovamente-frenati-dal-coronavirus","status":"publish","type":"post","link":"https:\/\/www.article-marketing.eu\/comunicatistampa\/la-solidarieta-di-one-express-agli-operatori-della-logistica-nuovamente-frenati-dal-coronavirus\/","title":{"rendered":"La solidariet\u00e0 di One Express agli operatori della logistica nuovamente frenati dal Coronavirus"},"content":{"rendered":"<p><em>Per voce del presidente Claudio Franceschelli, il Pallet Network italiano esprime la propria vicinanza agli addetti ai lavori, sempre in prima linea nell\u2019impegno a garantire la sicurezza di lavoratori e clienti<\/em><\/p>\n<p><strong>\u00a0<\/strong>Nell\u2019ultima settimana la paura per il <strong>Coronavirus<\/strong> \u00e8 tornata a farsi sentire, ma l\u2019allerta non \u00e8 mai venuta meno anche in questo ultimo periodo di relativa serenit\u00e0. A commentare la situazione attuale e i rischi, ma anche gli sforzi necessari per assicurare l\u2019incolumit\u00e0 delle persone e la continuit\u00e0 di servizio c\u2019\u00e8 <strong>One Express, il Pallet Network<\/strong> che riunisce oltre 120 aziende e che viaggia sulle strade di tutta Europa.<\/p>\n<p><em>\u201cNoi di One Express sappiamo quanto sia difficile garantire a tutti la massima sicurezza, ma esprimiamo la nostra solidariet\u00e0 a chi nonostante le precauzioni prese ha dovuto affrontare focolai di contagio in questi giorni<\/em> \u2013 afferma il Presidente Claudio Franceschelli che poi aggiunge \u2013 <em>va ricordato che qualsiasi Persona ha una vita e un comportamento in privato che sfuggono al controllo pi\u00f9 minuzioso di qualunque Manager o imprenditore<\/em>.\u201d<\/p>\n<p>Un aiuto in questo impegno alla neutralizzazione dei contagi \u00e8 venuto dalla costituzione stessa del Network, come specifica il Presidente: \u201c<em>Gli Autisti One Express che consegnano in tutta Italia, dipendono da una fitta rete di Affiliati, Imprenditori sempre attenti al pi\u00f9 piccolo dettaglio, forse ancora pi\u00f9 di altri, perch\u00e9 quasi sempre nelle loro aziende, spesso a dimensione familiare lavorano anche i loro Cari<\/em>\u201d.<\/p>\n<p><strong>Per One Express tale situazione deve rappresentare un monito per tutti al rispetto maniacale delle regole,<\/strong> un approccio che il Pallet ha adottato nei momenti pi\u00f9 cupi della pandemia e che continua a praticare tuttora con provvedimenti e controlli di sicurezza addirittura pi\u00f9 scrupolosi dei requisiti di legge. \u201c<em>Ci auguriamo che questo nostro impegno<\/em> \u2013 conclude Franceschelli \u2013 <em>che rappresenta anche un sacrificio per tutte le nostre Persone, possa rappresentare un ulteriore valore per continuare ad avere fiducia nella nostra organizzazione e contribuire insieme alla ripresa del nostro Paese<\/em>\u201d.<\/p>\n<p><a href=\"https:\/\/www.oneexpress.it\/it\/\">https:\/\/www.oneexpress.it\/it\/<\/a><\/p>\n","protected":false},"excerpt":{"rendered":"<p>Per voce del presidente Claudio Franceschelli, il Pallet Network italiano esprime la propria vicinanza agli addetti ai lavori, sempre in prima linea nell\u2019impegno a garantire la sicurezza di lavoratori e clienti \u00a0Nell\u2019ultima settimana la paura per il Coronavirus \u00e8 tornata a farsi sentire, ma l\u2019allerta non \u00e8 mai venuta meno anche in questo ultimo periodo di relativa serenit\u00e0. A commentare la situazione attuale e i rischi, ma anche gli sforzi<\/p>\n<p><a class=\"continue-reading\" href=\"https:\/\/www.article-marketing.eu\/comunicatistampa\/la-solidarieta-di-one-express-agli-operatori-della-logistica-nuovamente-frenati-dal-coronavirus\/\">Continue reading&#8230;<\/a><\/p>\n","protected":false},"author":397,"featured_media":0,"comment_status":"open","ping_status":"open","sticky":false,"template":"","format":"standard","meta":{"_monsterinsights_skip_tracking":false,"_monsterinsights_sitenote_active":false,"_monsterinsights_sitenote_note":"","_monsterinsights_sitenote_category":0,"footnotes":""},"categories":[78],"tags":[6336,2878,4873,5861],"class_list":["post-15186","post","type-post","status-publish","format-standard","hentry","category-comunicati-stampa","tag-claudio-franceschelli","tag-one-express","tag-pallet-network","tag-trasporto-su-pallet"],"yoast_head":"<!-- This site is optimized with the Yoast SEO plugin v27.3 - https:\/\/yoast.com\/product\/yoast-seo-wordpress\/ -->\n<title>La solidariet\u00e0 di One Express agli operatori della logistica nuovamente frenati dal Coronavirus - Article Marketing<\/title>\n<meta name=\"robots\" content=\"index, follow, max-snippet:-1, max-image-preview:large, max-video-preview:-1\" \/>\n<link rel=\"canonical\" href=\"https:\/\/www.article-marketing.eu\/comunicatistampa\/la-solidarieta-di-one-express-agli-operatori-della-logistica-nuovamente-frenati-dal-coronavirus\/\" \/>\n<meta property=\"og:locale\" content=\"it_IT\" \/>\n<meta property=\"og:type\" content=\"article\" \/>\n<meta property=\"og:title\" content=\"La solidariet\u00e0 di One Express agli operatori della logistica nuovamente frenati dal Coronavirus - Article Marketing\" \/>\n<meta property=\"og:description\" content=\"Per voce del presidente Claudio Franceschelli, il Pallet Network italiano esprime la propria vicinanza agli addetti ai lavori, sempre in prima linea nell\u2019impegno a garantire la sicurezza di lavoratori e clienti \u00a0Nell\u2019ultima settimana la paura per il Coronavirus \u00e8 tornata a farsi sentire, ma l\u2019allerta non \u00e8 mai venuta meno anche in questo ultimo periodo di relativa serenit\u00e0. A commentare la situazione attuale e i rischi, ma anche gli sforziContinue reading...\" \/>\n<meta property=\"og:url\" content=\"https:\/\/www.article-marketing.eu\/comunicatistampa\/la-solidarieta-di-one-express-agli-operatori-della-logistica-nuovamente-frenati-dal-coronavirus\/\" \/>\n<meta property=\"og:site_name\" content=\"Article Marketing\" \/>\n<meta property=\"article:published_time\" content=\"2020-07-08T17:42:02+00:00\" \/>\n<meta name=\"author\" content=\"Borderline Agency\" \/>\n<meta name=\"twitter:card\" content=\"summary_large_image\" \/>\n<meta name=\"twitter:label1\" content=\"Scritto da\" \/>\n\t<meta name=\"twitter:data1\" content=\"Borderline Agency\" \/>\n\t<meta name=\"twitter:label2\" content=\"Tempo di lettura stimato\" \/>\n\t<meta name=\"twitter:data2\" content=\"2 minuti\" \/>\n<script type=\"application\/ld+json\" class=\"yoast-schema-graph\">{\"@context\":\"https:\\\/\\\/schema.org\",\"@graph\":[{\"@type\":\"Article\",\"@id\":\"https:\\\/\\\/www.article-marketing.eu\\\/comunicatistampa\\\/la-solidarieta-di-one-express-agli-operatori-della-logistica-nuovamente-frenati-dal-coronavirus\\\/#article\",\"isPartOf\":{\"@id\":\"https:\\\/\\\/www.article-marketing.eu\\\/comunicatistampa\\\/la-solidarieta-di-one-express-agli-operatori-della-logistica-nuovamente-frenati-dal-coronavirus\\\/\"},\"author\":{\"name\":\"Borderline Agency\",\"@id\":\"https:\\\/\\\/www.article-marketing.eu\\\/comunicatistampa\\\/#\\\/schema\\\/person\\\/1c4ab1c7aad84347e26e78235da6ff1b\"},\"headline\":\"La solidariet\u00e0 di One Express agli operatori della logistica nuovamente frenati dal Coronavirus\",\"datePublished\":\"2020-07-08T17:42:02+00:00\",\"mainEntityOfPage\":{\"@id\":\"https:\\\/\\\/www.article-marketing.eu\\\/comunicatistampa\\\/la-solidarieta-di-one-express-agli-operatori-della-logistica-nuovamente-frenati-dal-coronavirus\\\/\"},\"wordCount\":334,\"commentCount\":0,\"keywords\":[\"Claudio Franceschelli\",\"One Express\",\"pallet network\",\"Trasporto su Pallet\"],\"articleSection\":[\"Comunicati stampa\"],\"inLanguage\":\"it-IT\",\"potentialAction\":[{\"@type\":\"CommentAction\",\"name\":\"Comment\",\"target\":[\"https:\\\/\\\/www.article-marketing.eu\\\/comunicatistampa\\\/la-solidarieta-di-one-express-agli-operatori-della-logistica-nuovamente-frenati-dal-coronavirus\\\/#respond\"]}]},{\"@type\":\"WebPage\",\"@id\":\"https:\\\/\\\/www.article-marketing.eu\\\/comunicatistampa\\\/la-solidarieta-di-one-express-agli-operatori-della-logistica-nuovamente-frenati-dal-coronavirus\\\/\",\"url\":\"https:\\\/\\\/www.article-marketing.eu\\\/comunicatistampa\\\/la-solidarieta-di-one-express-agli-operatori-della-logistica-nuovamente-frenati-dal-coronavirus\\\/\",\"name\":\"La solidariet\u00e0 di One Express agli operatori della logistica nuovamente frenati dal Coronavirus - Article Marketing\",\"isPartOf\":{\"@id\":\"https:\\\/\\\/www.article-marketing.eu\\\/comunicatistampa\\\/#website\"},\"datePublished\":\"2020-07-08T17:42:02+00:00\",\"author\":{\"@id\":\"https:\\\/\\\/www.article-marketing.eu\\\/comunicatistampa\\\/#\\\/schema\\\/person\\\/1c4ab1c7aad84347e26e78235da6ff1b\"},\"breadcrumb\":{\"@id\":\"https:\\\/\\\/www.article-marketing.eu\\\/comunicatistampa\\\/la-solidarieta-di-one-express-agli-operatori-della-logistica-nuovamente-frenati-dal-coronavirus\\\/#breadcrumb\"},\"inLanguage\":\"it-IT\",\"potentialAction\":[{\"@type\":\"ReadAction\",\"target\":[\"https:\\\/\\\/www.article-marketing.eu\\\/comunicatistampa\\\/la-solidarieta-di-one-express-agli-operatori-della-logistica-nuovamente-frenati-dal-coronavirus\\\/\"]}]},{\"@type\":\"BreadcrumbList\",\"@id\":\"https:\\\/\\\/www.article-marketing.eu\\\/comunicatistampa\\\/la-solidarieta-di-one-express-agli-operatori-della-logistica-nuovamente-frenati-dal-coronavirus\\\/#breadcrumb\",\"itemListElement\":[{\"@type\":\"ListItem\",\"position\":1,\"name\":\"Home\",\"item\":\"https:\\\/\\\/www.article-marketing.eu\\\/comunicatistampa\\\/\"},{\"@type\":\"ListItem\",\"position\":2,\"name\":\"La solidariet\u00e0 di One Express agli operatori della logistica nuovamente frenati dal Coronavirus\"}]},{\"@type\":\"WebSite\",\"@id\":\"https:\\\/\\\/www.article-marketing.eu\\\/comunicatistampa\\\/#website\",\"url\":\"https:\\\/\\\/www.article-marketing.eu\\\/comunicatistampa\\\/\",\"name\":\"Article Marketing\",\"description\":\"article marketing &amp; press release\",\"potentialAction\":[{\"@type\":\"SearchAction\",\"target\":{\"@type\":\"EntryPoint\",\"urlTemplate\":\"https:\\\/\\\/www.article-marketing.eu\\\/comunicatistampa\\\/?s={search_term_string}\"},\"query-input\":{\"@type\":\"PropertyValueSpecification\",\"valueRequired\":true,\"valueName\":\"search_term_string\"}}],\"inLanguage\":\"it-IT\"},{\"@type\":\"Person\",\"@id\":\"https:\\\/\\\/www.article-marketing.eu\\\/comunicatistampa\\\/#\\\/schema\\\/person\\\/1c4ab1c7aad84347e26e78235da6ff1b\",\"name\":\"Borderline Agency\",\"image\":{\"@type\":\"ImageObject\",\"inLanguage\":\"it-IT\",\"@id\":\"https:\\\/\\\/secure.gravatar.com\\\/avatar\\\/741fa053101610cb0be7dc835c116926549ae4ae2142ff35eac04d78fda61461?s=96&d=mm&r=g\",\"url\":\"https:\\\/\\\/secure.gravatar.com\\\/avatar\\\/741fa053101610cb0be7dc835c116926549ae4ae2142ff35eac04d78fda61461?s=96&d=mm&r=g\",\"contentUrl\":\"https:\\\/\\\/secure.gravatar.com\\\/avatar\\\/741fa053101610cb0be7dc835c116926549ae4ae2142ff35eac04d78fda61461?s=96&d=mm&r=g\",\"caption\":\"Borderline Agency\"},\"url\":\"https:\\\/\\\/www.article-marketing.eu\\\/comunicatistampa\\\/author\\\/borderline-agency\\\/\"}]}<\/script>\n<!-- \/ Yoast SEO plugin. -->","yoast_head_json":{"title":"La solidariet\u00e0 di One Express agli operatori della logistica nuovamente frenati dal Coronavirus - Article Marketing","robots":{"index":"index","follow":"follow","max-snippet":"max-snippet:-1","max-image-preview":"max-image-preview:large","max-video-preview":"max-video-preview:-1"},"canonical":"https:\/\/www.article-marketing.eu\/comunicatistampa\/la-solidarieta-di-one-express-agli-operatori-della-logistica-nuovamente-frenati-dal-coronavirus\/","og_locale":"it_IT","og_type":"article","og_title":"La solidariet\u00e0 di One Express agli operatori della logistica nuovamente frenati dal Coronavirus - Article Marketing","og_description":"Per voce del presidente Claudio Franceschelli, il Pallet Network italiano esprime la propria vicinanza agli addetti ai lavori, sempre in prima linea nell\u2019impegno a garantire la sicurezza di lavoratori e clienti \u00a0Nell\u2019ultima settimana la paura per il Coronavirus \u00e8 tornata a farsi sentire, ma l\u2019allerta non \u00e8 mai venuta meno anche in questo ultimo periodo di relativa serenit\u00e0. A commentare la situazione attuale e i rischi, ma anche gli sforziContinue reading...","og_url":"https:\/\/www.article-marketing.eu\/comunicatistampa\/la-solidarieta-di-one-express-agli-operatori-della-logistica-nuovamente-frenati-dal-coronavirus\/","og_site_name":"Article Marketing","article_published_time":"2020-07-08T17:42:02+00:00","author":"Borderline Agency","twitter_card":"summary_large_image","twitter_misc":{"Scritto da":"Borderline Agency","Tempo di lettura stimato":"2 minuti"},"schema":{"@context":"https:\/\/schema.org","@graph":[{"@type":"Article","@id":"https:\/\/www.article-marketing.eu\/comunicatistampa\/la-solidarieta-di-one-express-agli-operatori-della-logistica-nuovamente-frenati-dal-coronavirus\/#article","isPartOf":{"@id":"https:\/\/www.article-marketing.eu\/comunicatistampa\/la-solidarieta-di-one-express-agli-operatori-della-logistica-nuovamente-frenati-dal-coronavirus\/"},"author":{"name":"Borderline Agency","@id":"https:\/\/www.article-marketing.eu\/comunicatistampa\/#\/schema\/person\/1c4ab1c7aad84347e26e78235da6ff1b"},"headline":"La solidariet\u00e0 di One Express agli operatori della logistica nuovamente frenati dal Coronavirus","datePublished":"2020-07-08T17:42:02+00:00","mainEntityOfPage":{"@id":"https:\/\/www.article-marketing.eu\/comunicatistampa\/la-solidarieta-di-one-express-agli-operatori-della-logistica-nuovamente-frenati-dal-coronavirus\/"},"wordCount":334,"commentCount":0,"keywords":["Claudio Franceschelli","One Express","pallet network","Trasporto su Pallet"],"articleSection":["Comunicati stampa"],"inLanguage":"it-IT","potentialAction":[{"@type":"CommentAction","name":"Comment","target":["https:\/\/www.article-marketing.eu\/comunicatistampa\/la-solidarieta-di-one-express-agli-operatori-della-logistica-nuovamente-frenati-dal-coronavirus\/#respond"]}]},{"@type":"WebPage","@id":"https:\/\/www.article-marketing.eu\/comunicatistampa\/la-solidarieta-di-one-express-agli-operatori-della-logistica-nuovamente-frenati-dal-coronavirus\/","url":"https:\/\/www.article-marketing.eu\/comunicatistampa\/la-solidarieta-di-one-express-agli-operatori-della-logistica-nuovamente-frenati-dal-coronavirus\/","name":"La solidariet\u00e0 di One Express agli operatori della logistica nuovamente frenati dal Coronavirus - Article Marketing","isPartOf":{"@id":"https:\/\/www.article-marketing.eu\/comunicatistampa\/#website"},"datePublished":"2020-07-08T17:42:02+00:00","author":{"@id":"https:\/\/www.article-marketing.eu\/comunicatistampa\/#\/schema\/person\/1c4ab1c7aad84347e26e78235da6ff1b"},"breadcrumb":{"@id":"https:\/\/www.article-marketing.eu\/comunicatistampa\/la-solidarieta-di-one-express-agli-operatori-della-logistica-nuovamente-frenati-dal-coronavirus\/#breadcrumb"},"inLanguage":"it-IT","potentialAction":[{"@type":"ReadAction","target":["https:\/\/www.article-marketing.eu\/comunicatistampa\/la-solidarieta-di-one-express-agli-operatori-della-logistica-nuovamente-frenati-dal-coronavirus\/"]}]},{"@type":"BreadcrumbList","@id":"https:\/\/www.article-marketing.eu\/comunicatistampa\/la-solidarieta-di-one-express-agli-operatori-della-logistica-nuovamente-frenati-dal-coronavirus\/#breadcrumb","itemListElement":[{"@type":"ListItem","position":1,"name":"Home","item":"https:\/\/www.article-marketing.eu\/comunicatistampa\/"},{"@type":"ListItem","position":2,"name":"La solidariet\u00e0 di One Express agli operatori della logistica nuovamente frenati dal Coronavirus"}]},{"@type":"WebSite","@id":"https:\/\/www.article-marketing.eu\/comunicatistampa\/#website","url":"https:\/\/www.article-marketing.eu\/comunicatistampa\/","name":"Article Marketing","description":"article marketing &amp; press release","potentialAction":[{"@type":"SearchAction","target":{"@type":"EntryPoint","urlTemplate":"https:\/\/www.article-marketing.eu\/comunicatistampa\/?s={search_term_string}"},"query-input":{"@type":"PropertyValueSpecification","valueRequired":true,"valueName":"search_term_string"}}],"inLanguage":"it-IT"},{"@type":"Person","@id":"https:\/\/www.article-marketing.eu\/comunicatistampa\/#\/schema\/person\/1c4ab1c7aad84347e26e78235da6ff1b","name":"Borderline Agency","image":{"@type":"ImageObject","inLanguage":"it-IT","@id":"https:\/\/secure.gravatar.com\/avatar\/741fa053101610cb0be7dc835c116926549ae4ae2142ff35eac04d78fda61461?s=96&d=mm&r=g","url":"https:\/\/secure.gravatar.com\/avatar\/741fa053101610cb0be7dc835c116926549ae4ae2142ff35eac04d78fda61461?s=96&d=mm&r=g","contentUrl":"https:\/\/secure.gravatar.com\/avatar\/741fa053101610cb0be7dc835c116926549ae4ae2142ff35eac04d78fda61461?s=96&d=mm&r=g","caption":"Borderline Agency"},"url":"https:\/\/www.article-marketing.eu\/comunicatistampa\/author\/borderline-agency\/"}]}},"_links":{"self":[{"href":"https:\/\/www.article-marketing.eu\/comunicatistampa\/wp-json\/wp\/v2\/posts\/15186","targetHints":{"allow":["GET"]}}],"collection":[{"href":"https:\/\/www.article-marketing.eu\/comunicatistampa\/wp-json\/wp\/v2\/posts"}],"about":[{"href":"https:\/\/www.article-marketing.eu\/comunicatistampa\/wp-json\/wp\/v2\/types\/post"}],"author":[{"embeddable":true,"href":"https:\/\/www.article-marketing.eu\/comunicatistampa\/wp-json\/wp\/v2\/users\/397"}],"replies":[{"embeddable":true,"href":"https:\/\/www.article-marketing.eu\/comunicatistampa\/wp-json\/wp\/v2\/comments?post=15186"}],"version-history":[{"count":2,"href":"https:\/\/www.article-marketing.eu\/comunicatistampa\/wp-json\/wp\/v2\/posts\/15186\/revisions"}],"predecessor-version":[{"id":15209,"href":"https:\/\/www.article-marketing.eu\/comunicatistampa\/wp-json\/wp\/v2\/posts\/15186\/revisions\/15209"}],"wp:attachment":[{"href":"https:\/\/www.article-marketing.eu\/comunicatistampa\/wp-json\/wp\/v2\/media?parent=15186"}],"wp:term":[{"taxonomy":"category","embeddable":true,"href":"https:\/\/www.article-marketing.eu\/comunicatistampa\/wp-json\/wp\/v2\/categories?post=15186"},{"taxonomy":"post_tag","embeddable":true,"href":"https:\/\/www.article-marketing.eu\/comunicatistampa\/wp-json\/wp\/v2\/tags?post=15186"}],"curies":[{"name":"wp","href":"https:\/\/api.w.org\/{rel}","templated":true}]}}