{"id":15250,"date":"2020-07-14T18:20:33","date_gmt":"2020-07-14T16:20:33","guid":{"rendered":"https:\/\/www.article-marketing.eu\/comunicatistampa\/?p=15250"},"modified":"2020-07-14T18:20:33","modified_gmt":"2020-07-14T16:20:33","slug":"valorizza-il-tuo-look-con-gli-orologi-donna-festina","status":"publish","type":"post","link":"https:\/\/www.article-marketing.eu\/comunicatistampa\/valorizza-il-tuo-look-con-gli-orologi-donna-festina\/","title":{"rendered":"Valorizza il tuo look con gli orologi donna Festina"},"content":{"rendered":"<table width=\"100%\">\n<tbody>\n<tr>\n<td width=\"100%\">Per la maggior parte delle donne una delle cose pi\u00f9 importanti \u00e8 <strong>la valorizzazione di s\u00e9 stessa<\/strong>.<\/p>\n<p>Ci sono <strong>diversi modi<\/strong> per dedicarsi a questo: un nuovo taglio di capelli, la manicure, un nuovo capo di abbigliamento e anche <strong>un nuovo gioiello<\/strong>.<\/p>\n<p>Quando si pensa ad un bel gioiello, la prima cosa che viene in mente \u00e8 un anello, un paio di orecchini oppure una collana. Ma che dire invece di <a href=\"https:\/\/www.biffigioielli.com\/orologi-donna-49\/orologi-donna-festina\/\">un bell\u2019orologio<\/a>?<\/p>\n<p>Si pu\u00f2 dire con certezza che ormai <strong>l\u2019orologio<\/strong> non \u00e8 pi\u00f9 solamente <strong>uno strumento per leggere l\u2019ora<\/strong>, ma \u00e8 diventato ormai <strong>un modo di essere<\/strong>, un elemento capace di <strong>valorizzare<\/strong> al meglio la propria personalit\u00e0.<\/p>\n<p>&nbsp;<\/p>\n<h2>Come scegliere un buon orologio?<\/h2>\n<p>Abbiamo capito che un orologio dona <strong>carattere<\/strong>: il suo <strong>modello<\/strong>, la sua <strong>forma<\/strong> e il suo <strong>marchio<\/strong> dicono gi\u00e0 molto di noi con un semplice sguardo. Ecco perch\u00e9 \u00e8 importante fare <strong>una scelta ponderata e accurata<\/strong>. Prendiamo in considerazione alcuni semplici <strong>spunti di riflessione<\/strong>.<\/p>\n<p>Il primo grande dilemma riguarda la domanda: <strong>analogico<\/strong> o <strong>digitale<\/strong>? In questo caso bisogna pensare al motivo per cui stiamo acquistando il nostro orologio. Se sogniamo un accessorio elegante da usare in ogni occasione, il classico <strong>orologio con le lancette<\/strong> \u00e8 la scelta pi\u00f9 adatta: \u00e8 decisamente impossibile stancarsi di lui. Peraltro gli ultimi modelli hanno anche il <strong>quadrante luminoso<\/strong> che permette la lettura dell\u2019ora anche in un ambiente buio. Diversa \u00e8 la questione nel caso di <strong>una donna sportiva<\/strong> che vuole utilizzare il proprio orologio per <strong>misurare la temperatura<\/strong>, <strong>la frequenza cardiaca<\/strong> e in generale per <strong>monitorare l\u2019attivit\u00e0 fisica<\/strong>, il <strong>sonno<\/strong> e <strong>gestire gli obiettivi di fitness giornalieri<\/strong>.<\/p>\n<p>Il secondo dilemma riguarda invece <strong>la scelta del modello<\/strong>.<\/p>\n<p>&nbsp;<\/p>\n<h2>Una vasta scelta di orologi da donna Festina<\/h2>\n<p>Il mercato offre una vastissima scelta di modelli di <strong>orologio da donna<\/strong>.<\/p>\n<p>Gli <strong>orologi Festina da donna<\/strong>, qualsiasi sia la collezione che scegli, sono tutti con <strong>movimento al quarzo<\/strong>, con <strong>la dimensione della cassa<\/strong> che varia dai 28 mm ai 37 mm e <strong>un bracciale in acciaio<\/strong> (generalmente di 14 mm) 316L, eventualmente con <strong>chiusura di sicurezza<\/strong> (con pulsanti anche) e <strong>fibbia pieghevole<\/strong>. Alcuni modelli hanno anche <strong>un fondello a vite<\/strong> e <strong>corona a doppio scatto<\/strong> e anche degli <strong>zirconi sulla lunetta<\/strong> o a<strong>gli indici<\/strong>.<\/p>\n<p>Per quanto riguarda <strong>il quadrante<\/strong>, si pu\u00f2 dare libero sfogo alla fantasia e all&#8217;immaginazione. Si pu\u00f2 innanzitutto scegliere tra i quadranti <strong>con numeri romani o con numeri arabi<\/strong>, <strong>con o senza datario<\/strong>. Ci sono modelli con quadrante di colore <strong>blu, nero, argento, rosa, antracite, bianco, grigio<\/strong> con i numeri di vario colore. Alcuni modelli pi\u00f9 preziosi hanno il quadrante tempestato di <strong>cristalli blu<\/strong>, quello <strong>silver<\/strong> con numeri romani e zirconi agli indici, quello con <strong>cristalli Swarovski<\/strong> e persino quello in <strong>madreperla<\/strong>: tutti possono avere indici e numeri arabi o romani di vario colore e possono essere <strong>impreziositi<\/strong> con ulteriori dettagli.<\/p>\n<p>\u00c8 preferibile inoltre acquistare un modello in <strong>vetro minerale temprato<\/strong>, che permette al\u00a0vostro orologio\u00a0di aumentare la durezza e la resistenza alla pressione, agli agenti chimici e all&#8217;usura di tutti i giorni, e prodotti con <strong>una buona impermeabilit\u00e0<\/strong>. Si consiglia infine di prestare attenzione alla <strong>garanzia<\/strong>: 2 anni sono il minimo.<\/td>\n<\/tr>\n<\/tbody>\n<\/table>\n","protected":false},"excerpt":{"rendered":"<p>Per la maggior parte delle donne una delle cose pi\u00f9 importanti \u00e8 la valorizzazione di s\u00e9 stessa. Ci sono diversi modi per dedicarsi a questo: un nuovo taglio di capelli, la manicure, un nuovo capo di abbigliamento e anche un nuovo gioiello. Quando si pensa ad un bel gioiello, la prima cosa che viene in mente \u00e8 un anello, un paio di orecchini oppure una collana. Ma che dire invece<\/p>\n<p><a class=\"continue-reading\" href=\"https:\/\/www.article-marketing.eu\/comunicatistampa\/valorizza-il-tuo-look-con-gli-orologi-donna-festina\/\">Continue reading&#8230;<\/a><\/p>\n","protected":false},"author":983,"featured_media":0,"comment_status":"open","ping_status":"open","sticky":false,"template":"","format":"standard","meta":{"_monsterinsights_skip_tracking":false,"_monsterinsights_sitenote_active":false,"_monsterinsights_sitenote_note":"","_monsterinsights_sitenote_category":0,"footnotes":""},"categories":[363],"tags":[6355,6357,6356],"class_list":["post-15250","post","type-post","status-publish","format-standard","hentry","category-abbigliamento-e-accessori","tag-festina-orologio-donna","tag-orologi-per-donna","tag-orologio-donna"],"yoast_head":"<!-- This site is optimized with the Yoast SEO plugin v27.3 - https:\/\/yoast.com\/product\/yoast-seo-wordpress\/ -->\n<title>Valorizza il tuo look con gli orologi donna Festina - Article Marketing<\/title>\n<meta name=\"robots\" content=\"index, follow, max-snippet:-1, max-image-preview:large, max-video-preview:-1\" \/>\n<link rel=\"canonical\" href=\"https:\/\/www.article-marketing.eu\/comunicatistampa\/valorizza-il-tuo-look-con-gli-orologi-donna-festina\/\" \/>\n<meta property=\"og:locale\" content=\"it_IT\" \/>\n<meta property=\"og:type\" content=\"article\" \/>\n<meta property=\"og:title\" content=\"Valorizza il tuo look con gli orologi donna Festina - Article Marketing\" \/>\n<meta property=\"og:description\" content=\"Per la maggior parte delle donne una delle cose pi\u00f9 importanti \u00e8 la valorizzazione di s\u00e9 stessa. Ci sono diversi modi per dedicarsi a questo: un nuovo taglio di capelli, la manicure, un nuovo capo di abbigliamento e anche un nuovo gioiello. Quando si pensa ad un bel gioiello, la prima cosa che viene in mente \u00e8 un anello, un paio di orecchini oppure una collana. Ma che dire inveceContinue reading...\" \/>\n<meta property=\"og:url\" content=\"https:\/\/www.article-marketing.eu\/comunicatistampa\/valorizza-il-tuo-look-con-gli-orologi-donna-festina\/\" \/>\n<meta property=\"og:site_name\" content=\"Article Marketing\" \/>\n<meta property=\"article:published_time\" content=\"2020-07-14T16:20:33+00:00\" \/>\n<meta name=\"author\" content=\"Sofia Barbieri\" \/>\n<meta name=\"twitter:card\" content=\"summary_large_image\" \/>\n<meta name=\"twitter:label1\" content=\"Scritto da\" \/>\n\t<meta name=\"twitter:data1\" content=\"Sofia Barbieri\" \/>\n\t<meta name=\"twitter:label2\" content=\"Tempo di lettura stimato\" \/>\n\t<meta name=\"twitter:data2\" content=\"3 minuti\" \/>\n<script type=\"application\/ld+json\" class=\"yoast-schema-graph\">{\"@context\":\"https:\\\/\\\/schema.org\",\"@graph\":[{\"@type\":\"Article\",\"@id\":\"https:\\\/\\\/www.article-marketing.eu\\\/comunicatistampa\\\/valorizza-il-tuo-look-con-gli-orologi-donna-festina\\\/#article\",\"isPartOf\":{\"@id\":\"https:\\\/\\\/www.article-marketing.eu\\\/comunicatistampa\\\/valorizza-il-tuo-look-con-gli-orologi-donna-festina\\\/\"},\"author\":{\"name\":\"Sofia Barbieri\",\"@id\":\"https:\\\/\\\/www.article-marketing.eu\\\/comunicatistampa\\\/#\\\/schema\\\/person\\\/f45a9a7c402da6be5c3afee97259f911\"},\"headline\":\"Valorizza il tuo look con gli orologi donna Festina\",\"datePublished\":\"2020-07-14T16:20:33+00:00\",\"mainEntityOfPage\":{\"@id\":\"https:\\\/\\\/www.article-marketing.eu\\\/comunicatistampa\\\/valorizza-il-tuo-look-con-gli-orologi-donna-festina\\\/\"},\"wordCount\":523,\"commentCount\":0,\"keywords\":[\"festina orologio donna\",\"orologi per donna\",\"orologio donna\"],\"articleSection\":[\"Abbigliamento e accessori\"],\"inLanguage\":\"it-IT\",\"potentialAction\":[{\"@type\":\"CommentAction\",\"name\":\"Comment\",\"target\":[\"https:\\\/\\\/www.article-marketing.eu\\\/comunicatistampa\\\/valorizza-il-tuo-look-con-gli-orologi-donna-festina\\\/#respond\"]}]},{\"@type\":\"WebPage\",\"@id\":\"https:\\\/\\\/www.article-marketing.eu\\\/comunicatistampa\\\/valorizza-il-tuo-look-con-gli-orologi-donna-festina\\\/\",\"url\":\"https:\\\/\\\/www.article-marketing.eu\\\/comunicatistampa\\\/valorizza-il-tuo-look-con-gli-orologi-donna-festina\\\/\",\"name\":\"Valorizza il tuo look con gli orologi donna Festina - Article Marketing\",\"isPartOf\":{\"@id\":\"https:\\\/\\\/www.article-marketing.eu\\\/comunicatistampa\\\/#website\"},\"datePublished\":\"2020-07-14T16:20:33+00:00\",\"author\":{\"@id\":\"https:\\\/\\\/www.article-marketing.eu\\\/comunicatistampa\\\/#\\\/schema\\\/person\\\/f45a9a7c402da6be5c3afee97259f911\"},\"breadcrumb\":{\"@id\":\"https:\\\/\\\/www.article-marketing.eu\\\/comunicatistampa\\\/valorizza-il-tuo-look-con-gli-orologi-donna-festina\\\/#breadcrumb\"},\"inLanguage\":\"it-IT\",\"potentialAction\":[{\"@type\":\"ReadAction\",\"target\":[\"https:\\\/\\\/www.article-marketing.eu\\\/comunicatistampa\\\/valorizza-il-tuo-look-con-gli-orologi-donna-festina\\\/\"]}]},{\"@type\":\"BreadcrumbList\",\"@id\":\"https:\\\/\\\/www.article-marketing.eu\\\/comunicatistampa\\\/valorizza-il-tuo-look-con-gli-orologi-donna-festina\\\/#breadcrumb\",\"itemListElement\":[{\"@type\":\"ListItem\",\"position\":1,\"name\":\"Home\",\"item\":\"https:\\\/\\\/www.article-marketing.eu\\\/comunicatistampa\\\/\"},{\"@type\":\"ListItem\",\"position\":2,\"name\":\"Valorizza il tuo look con gli orologi donna Festina\"}]},{\"@type\":\"WebSite\",\"@id\":\"https:\\\/\\\/www.article-marketing.eu\\\/comunicatistampa\\\/#website\",\"url\":\"https:\\\/\\\/www.article-marketing.eu\\\/comunicatistampa\\\/\",\"name\":\"Article Marketing\",\"description\":\"article marketing &amp; press release\",\"potentialAction\":[{\"@type\":\"SearchAction\",\"target\":{\"@type\":\"EntryPoint\",\"urlTemplate\":\"https:\\\/\\\/www.article-marketing.eu\\\/comunicatistampa\\\/?s={search_term_string}\"},\"query-input\":{\"@type\":\"PropertyValueSpecification\",\"valueRequired\":true,\"valueName\":\"search_term_string\"}}],\"inLanguage\":\"it-IT\"},{\"@type\":\"Person\",\"@id\":\"https:\\\/\\\/www.article-marketing.eu\\\/comunicatistampa\\\/#\\\/schema\\\/person\\\/f45a9a7c402da6be5c3afee97259f911\",\"name\":\"Sofia Barbieri\",\"image\":{\"@type\":\"ImageObject\",\"inLanguage\":\"it-IT\",\"@id\":\"https:\\\/\\\/secure.gravatar.com\\\/avatar\\\/3ec4141881de2841e969a3ceae39527d88c1a33819219b9854ba1e1828efa7b3?s=96&d=mm&r=g\",\"url\":\"https:\\\/\\\/secure.gravatar.com\\\/avatar\\\/3ec4141881de2841e969a3ceae39527d88c1a33819219b9854ba1e1828efa7b3?s=96&d=mm&r=g\",\"contentUrl\":\"https:\\\/\\\/secure.gravatar.com\\\/avatar\\\/3ec4141881de2841e969a3ceae39527d88c1a33819219b9854ba1e1828efa7b3?s=96&d=mm&r=g\",\"caption\":\"Sofia Barbieri\"},\"url\":\"https:\\\/\\\/www.article-marketing.eu\\\/comunicatistampa\\\/author\\\/sofia-barbieri\\\/\"}]}<\/script>\n<!-- \/ Yoast SEO plugin. -->","yoast_head_json":{"title":"Valorizza il tuo look con gli orologi donna Festina - Article Marketing","robots":{"index":"index","follow":"follow","max-snippet":"max-snippet:-1","max-image-preview":"max-image-preview:large","max-video-preview":"max-video-preview:-1"},"canonical":"https:\/\/www.article-marketing.eu\/comunicatistampa\/valorizza-il-tuo-look-con-gli-orologi-donna-festina\/","og_locale":"it_IT","og_type":"article","og_title":"Valorizza il tuo look con gli orologi donna Festina - Article Marketing","og_description":"Per la maggior parte delle donne una delle cose pi\u00f9 importanti \u00e8 la valorizzazione di s\u00e9 stessa. Ci sono diversi modi per dedicarsi a questo: un nuovo taglio di capelli, la manicure, un nuovo capo di abbigliamento e anche un nuovo gioiello. Quando si pensa ad un bel gioiello, la prima cosa che viene in mente \u00e8 un anello, un paio di orecchini oppure una collana. Ma che dire inveceContinue reading...","og_url":"https:\/\/www.article-marketing.eu\/comunicatistampa\/valorizza-il-tuo-look-con-gli-orologi-donna-festina\/","og_site_name":"Article Marketing","article_published_time":"2020-07-14T16:20:33+00:00","author":"Sofia Barbieri","twitter_card":"summary_large_image","twitter_misc":{"Scritto da":"Sofia Barbieri","Tempo di lettura stimato":"3 minuti"},"schema":{"@context":"https:\/\/schema.org","@graph":[{"@type":"Article","@id":"https:\/\/www.article-marketing.eu\/comunicatistampa\/valorizza-il-tuo-look-con-gli-orologi-donna-festina\/#article","isPartOf":{"@id":"https:\/\/www.article-marketing.eu\/comunicatistampa\/valorizza-il-tuo-look-con-gli-orologi-donna-festina\/"},"author":{"name":"Sofia Barbieri","@id":"https:\/\/www.article-marketing.eu\/comunicatistampa\/#\/schema\/person\/f45a9a7c402da6be5c3afee97259f911"},"headline":"Valorizza il tuo look con gli orologi donna Festina","datePublished":"2020-07-14T16:20:33+00:00","mainEntityOfPage":{"@id":"https:\/\/www.article-marketing.eu\/comunicatistampa\/valorizza-il-tuo-look-con-gli-orologi-donna-festina\/"},"wordCount":523,"commentCount":0,"keywords":["festina orologio donna","orologi per donna","orologio donna"],"articleSection":["Abbigliamento e accessori"],"inLanguage":"it-IT","potentialAction":[{"@type":"CommentAction","name":"Comment","target":["https:\/\/www.article-marketing.eu\/comunicatistampa\/valorizza-il-tuo-look-con-gli-orologi-donna-festina\/#respond"]}]},{"@type":"WebPage","@id":"https:\/\/www.article-marketing.eu\/comunicatistampa\/valorizza-il-tuo-look-con-gli-orologi-donna-festina\/","url":"https:\/\/www.article-marketing.eu\/comunicatistampa\/valorizza-il-tuo-look-con-gli-orologi-donna-festina\/","name":"Valorizza il tuo look con gli orologi donna Festina - Article Marketing","isPartOf":{"@id":"https:\/\/www.article-marketing.eu\/comunicatistampa\/#website"},"datePublished":"2020-07-14T16:20:33+00:00","author":{"@id":"https:\/\/www.article-marketing.eu\/comunicatistampa\/#\/schema\/person\/f45a9a7c402da6be5c3afee97259f911"},"breadcrumb":{"@id":"https:\/\/www.article-marketing.eu\/comunicatistampa\/valorizza-il-tuo-look-con-gli-orologi-donna-festina\/#breadcrumb"},"inLanguage":"it-IT","potentialAction":[{"@type":"ReadAction","target":["https:\/\/www.article-marketing.eu\/comunicatistampa\/valorizza-il-tuo-look-con-gli-orologi-donna-festina\/"]}]},{"@type":"BreadcrumbList","@id":"https:\/\/www.article-marketing.eu\/comunicatistampa\/valorizza-il-tuo-look-con-gli-orologi-donna-festina\/#breadcrumb","itemListElement":[{"@type":"ListItem","position":1,"name":"Home","item":"https:\/\/www.article-marketing.eu\/comunicatistampa\/"},{"@type":"ListItem","position":2,"name":"Valorizza il tuo look con gli orologi donna Festina"}]},{"@type":"WebSite","@id":"https:\/\/www.article-marketing.eu\/comunicatistampa\/#website","url":"https:\/\/www.article-marketing.eu\/comunicatistampa\/","name":"Article Marketing","description":"article marketing &amp; press release","potentialAction":[{"@type":"SearchAction","target":{"@type":"EntryPoint","urlTemplate":"https:\/\/www.article-marketing.eu\/comunicatistampa\/?s={search_term_string}"},"query-input":{"@type":"PropertyValueSpecification","valueRequired":true,"valueName":"search_term_string"}}],"inLanguage":"it-IT"},{"@type":"Person","@id":"https:\/\/www.article-marketing.eu\/comunicatistampa\/#\/schema\/person\/f45a9a7c402da6be5c3afee97259f911","name":"Sofia Barbieri","image":{"@type":"ImageObject","inLanguage":"it-IT","@id":"https:\/\/secure.gravatar.com\/avatar\/3ec4141881de2841e969a3ceae39527d88c1a33819219b9854ba1e1828efa7b3?s=96&d=mm&r=g","url":"https:\/\/secure.gravatar.com\/avatar\/3ec4141881de2841e969a3ceae39527d88c1a33819219b9854ba1e1828efa7b3?s=96&d=mm&r=g","contentUrl":"https:\/\/secure.gravatar.com\/avatar\/3ec4141881de2841e969a3ceae39527d88c1a33819219b9854ba1e1828efa7b3?s=96&d=mm&r=g","caption":"Sofia Barbieri"},"url":"https:\/\/www.article-marketing.eu\/comunicatistampa\/author\/sofia-barbieri\/"}]}},"_links":{"self":[{"href":"https:\/\/www.article-marketing.eu\/comunicatistampa\/wp-json\/wp\/v2\/posts\/15250","targetHints":{"allow":["GET"]}}],"collection":[{"href":"https:\/\/www.article-marketing.eu\/comunicatistampa\/wp-json\/wp\/v2\/posts"}],"about":[{"href":"https:\/\/www.article-marketing.eu\/comunicatistampa\/wp-json\/wp\/v2\/types\/post"}],"author":[{"embeddable":true,"href":"https:\/\/www.article-marketing.eu\/comunicatistampa\/wp-json\/wp\/v2\/users\/983"}],"replies":[{"embeddable":true,"href":"https:\/\/www.article-marketing.eu\/comunicatistampa\/wp-json\/wp\/v2\/comments?post=15250"}],"version-history":[{"count":2,"href":"https:\/\/www.article-marketing.eu\/comunicatistampa\/wp-json\/wp\/v2\/posts\/15250\/revisions"}],"predecessor-version":[{"id":15264,"href":"https:\/\/www.article-marketing.eu\/comunicatistampa\/wp-json\/wp\/v2\/posts\/15250\/revisions\/15264"}],"wp:attachment":[{"href":"https:\/\/www.article-marketing.eu\/comunicatistampa\/wp-json\/wp\/v2\/media?parent=15250"}],"wp:term":[{"taxonomy":"category","embeddable":true,"href":"https:\/\/www.article-marketing.eu\/comunicatistampa\/wp-json\/wp\/v2\/categories?post=15250"},{"taxonomy":"post_tag","embeddable":true,"href":"https:\/\/www.article-marketing.eu\/comunicatistampa\/wp-json\/wp\/v2\/tags?post=15250"}],"curies":[{"name":"wp","href":"https:\/\/api.w.org\/{rel}","templated":true}]}}