{"id":15436,"date":"2020-08-04T01:42:13","date_gmt":"2020-08-03T23:42:13","guid":{"rendered":"https:\/\/www.article-marketing.eu\/comunicatistampa\/?p=15436"},"modified":"2020-08-04T01:42:13","modified_gmt":"2020-08-03T23:42:13","slug":"mapping-riflessivo-sul-contagio-del-covid-19-le-tre-italie-fragilita-dellabitare-mobile-e-urbanizzato","status":"publish","type":"post","link":"https:\/\/www.article-marketing.eu\/comunicatistampa\/mapping-riflessivo-sul-contagio-del-covid-19-le-tre-italie-fragilita-dellabitare-mobile-e-urbanizzato\/","title":{"rendered":"Mapping riflessivo sul contagio del covid-19. Le tre Italie: fragilit\u00e0 dell\u2019abitare mobile e urbanizzato."},"content":{"rendered":"<p>Per contribuire a dare una risposta al perch\u00e9 la diffusione del contagio da Coronavirus abbia assunto determinate proporzioni in Lombardia, un gruppo di ricercatori dell\u2019Universit\u00e0 degli studi di Bergamo, guidato dalla <strong>direttrice del Centro studi sul territorio Emanuela Casti, <\/strong>ha intrapreso una ricerca che, utilizzando il <em>mapping riflessivo<\/em>, indaga la diffusione del contagio mettendo in rapporto gli aspetti sociali e ambientali del territorio (<strong>popolazione, mobilit\u00e0, lavoro, inquinamento<\/strong>), a scala nazionale, della Lombardia e della provincia di Bergamo.<\/p>\n<p>Dopo una prima analisi dei risultati condotta in fase 1 e la presentazione del rapporto sull\u2019evoluzione del contagio in relazione ai territori, il gruppo di lavoro presenta il terzo rapporto della ricerca dal titolo <strong><em>\u201cLe tre Italie: fragilit\u00e0 dell\u2019abitare mobile e urbanizzato\u201d <\/em><\/strong>che mette in evidenza le <strong>fasi epidemiche (<\/strong>insorgenza, diffusione epidemica e decrescita), le <strong>dinamiche spazio-temporali<\/strong>del contagio e individua gli aspetti critici che hanno inciso sull\u2019intensit\u00e0 e gravit\u00e0 del contagio.<\/p>\n<p><em>\u00abDal rapporto emerge una <strong>suddivisionedei territori contagiati<\/strong>, le <strong>Tre Italie<\/strong>\u2013 spiega la prof.ssa Emanuela Casti, direttrice del CST dell\u2019Universit\u00e0 degli studi di Bergamo -. L<strong>a prima<\/strong>\u00e8 costituita dalle province lombarde di <strong>Bergamo, Milano, Bresci<\/strong>a, in base ai numeri assoluti, e <strong>Lodi, Cremona, Piacenza<\/strong>in base all\u2019indice di contagio calcolato su 100.000 abitanti. Entrambe appartengono alla <strong>dorsale sud-nord nella parte orientale della Region<\/strong>e, dove sono stati riconosciuti i primi focolai e dove l\u2019intensit\u00e0 degli scambi e della mobilit\u00e0 degli abitanti hanno favorito la diffusione del virus. La <strong>seconda Italia<\/strong>\u00e8 rappresentata da <strong>province <\/strong>diEmilia-Romagna, Piemonte, Veneto, Liguria e alcune grandi citt\u00e0 come Firenze e Roma. Infine, la <strong>terza Italia<\/strong>ricomprende il <strong>resto del territorio nazionale<\/strong>. Tale tripartizione si \u00e8 <strong>mantenuta nel tempo<\/strong>, vale a dire che il contagio si \u00e8 intensificato nelle prime aree colpite ma <strong>non si \u00e8 progressivamente diffuso<\/strong>sull\u2019intera Penisola<\/em>\u00bb.<\/p>\n<p>La <strong>forte differenza regionale<\/strong>dell\u2019intensit\u00e0 e della distribuzione del contagio ha consolidato l\u2019ipotesi iniziale della ricerca secondo cui fattori di ordine socio-territoriali possono aver inciso nella diffusione del virus come le differenti condizioni morfologico-climatiche, la loro influenza sull\u2019inquinamento d alcuni aspetti dell\u2019abitare mobile e urbanizzato che intervengono nella diffusione del contagio.<\/p>\n<p>In sintesi, il terzo rapporto analizza, interpreta, valuta l\u2019epidemia in Italia e individua le <strong>fragilit\u00e0 socio-territoriali del nostro modello di vita mobile e urbanizzato<\/strong>che vanno, non solamente tenute in conto, ma piuttosto prese in carico quale perno per ripensare un <strong>nuovo modo di abitare<\/strong>il territorio che sia <strong>pi\u00f9 protetto, pi\u00f9 equilibrato e pi\u00f9 ambientalista<\/strong>.<\/p>\n<p>I risultati della ricerca sono consultabili <strong>open-source<\/strong>:<\/p>\n<p>&#8211; sito del CST: <a href=\"https:\/\/cst.unibg.it\/it\/ricerca\/progetti-ricerca\">https:\/\/cst.unibg.it\/it\/ricerca\/progetti-ricerca<\/a><\/p>\n<p>&#8211; sito A.Ge.I.: <a href=\"https:\/\/www.ageiweb.it\/iniziative-agei\/progetto-atlante-covid-19\/\">https:\/\/www.ageiweb.it\/iniziative-agei\/progetto-atlante-covid-19\/<\/a><\/p>\n","protected":false},"excerpt":{"rendered":"<p>Per contribuire a dare una risposta al perch\u00e9 la diffusione del contagio da Coronavirus abbia assunto determinate proporzioni in Lombardia, un gruppo di ricercatori dell\u2019Universit\u00e0 degli studi di Bergamo, guidato dalla direttrice del Centro studi sul territorio Emanuela Casti, ha intrapreso una ricerca che, utilizzando il mapping riflessivo, indaga la diffusione del contagio mettendo in rapporto gli aspetti sociali e ambientali del territorio (popolazione, mobilit\u00e0, lavoro, inquinamento), a scala nazionale,<\/p>\n<p><a class=\"continue-reading\" href=\"https:\/\/www.article-marketing.eu\/comunicatistampa\/mapping-riflessivo-sul-contagio-del-covid-19-le-tre-italie-fragilita-dellabitare-mobile-e-urbanizzato\/\">Continue reading&#8230;<\/a><\/p>\n","protected":false},"author":1855,"featured_media":0,"comment_status":"open","ping_status":"open","sticky":false,"template":"","format":"standard","meta":{"_monsterinsights_skip_tracking":false,"_monsterinsights_sitenote_active":false,"_monsterinsights_sitenote_note":"","_monsterinsights_sitenote_category":0,"footnotes":""},"categories":[369],"tags":[6423],"class_list":["post-15436","post","type-post","status-publish","format-standard","hentry","category-salute-e-benessere","tag-unibg-universitadeglistudidibergamo-covid-19-letreitalie"],"yoast_head":"<!-- This site is optimized with the Yoast SEO plugin v27.3 - https:\/\/yoast.com\/product\/yoast-seo-wordpress\/ -->\n<title>Mapping riflessivo sul contagio del covid-19. Le tre Italie: fragilit\u00e0 dell\u2019abitare mobile e urbanizzato. - Article Marketing<\/title>\n<meta name=\"robots\" content=\"index, follow, max-snippet:-1, max-image-preview:large, max-video-preview:-1\" \/>\n<link rel=\"canonical\" href=\"https:\/\/www.article-marketing.eu\/comunicatistampa\/mapping-riflessivo-sul-contagio-del-covid-19-le-tre-italie-fragilita-dellabitare-mobile-e-urbanizzato\/\" \/>\n<meta property=\"og:locale\" content=\"it_IT\" \/>\n<meta property=\"og:type\" content=\"article\" \/>\n<meta property=\"og:title\" content=\"Mapping riflessivo sul contagio del covid-19. Le tre Italie: fragilit\u00e0 dell\u2019abitare mobile e urbanizzato. - Article Marketing\" \/>\n<meta property=\"og:description\" content=\"Per contribuire a dare una risposta al perch\u00e9 la diffusione del contagio da Coronavirus abbia assunto determinate proporzioni in Lombardia, un gruppo di ricercatori dell\u2019Universit\u00e0 degli studi di Bergamo, guidato dalla direttrice del Centro studi sul territorio Emanuela Casti, ha intrapreso una ricerca che, utilizzando il mapping riflessivo, indaga la diffusione del contagio mettendo in rapporto gli aspetti sociali e ambientali del territorio (popolazione, mobilit\u00e0, lavoro, inquinamento), a scala nazionale,Continue reading...\" \/>\n<meta property=\"og:url\" content=\"https:\/\/www.article-marketing.eu\/comunicatistampa\/mapping-riflessivo-sul-contagio-del-covid-19-le-tre-italie-fragilita-dellabitare-mobile-e-urbanizzato\/\" \/>\n<meta property=\"og:site_name\" content=\"Article Marketing\" \/>\n<meta property=\"article:published_time\" content=\"2020-08-03T23:42:13+00:00\" \/>\n<meta name=\"author\" content=\"Redaclem\" \/>\n<meta name=\"twitter:card\" content=\"summary_large_image\" \/>\n<meta name=\"twitter:label1\" content=\"Scritto da\" \/>\n\t<meta name=\"twitter:data1\" content=\"Redaclem\" \/>\n\t<meta name=\"twitter:label2\" content=\"Tempo di lettura stimato\" \/>\n\t<meta name=\"twitter:data2\" content=\"2 minuti\" \/>\n<script type=\"application\/ld+json\" class=\"yoast-schema-graph\">{\"@context\":\"https:\\\/\\\/schema.org\",\"@graph\":[{\"@type\":\"Article\",\"@id\":\"https:\\\/\\\/www.article-marketing.eu\\\/comunicatistampa\\\/mapping-riflessivo-sul-contagio-del-covid-19-le-tre-italie-fragilita-dellabitare-mobile-e-urbanizzato\\\/#article\",\"isPartOf\":{\"@id\":\"https:\\\/\\\/www.article-marketing.eu\\\/comunicatistampa\\\/mapping-riflessivo-sul-contagio-del-covid-19-le-tre-italie-fragilita-dellabitare-mobile-e-urbanizzato\\\/\"},\"author\":{\"name\":\"Redaclem\",\"@id\":\"https:\\\/\\\/www.article-marketing.eu\\\/comunicatistampa\\\/#\\\/schema\\\/person\\\/c0aa725eee5df8460e0adf901fde0c88\"},\"headline\":\"Mapping riflessivo sul contagio del covid-19. Le tre Italie: fragilit\u00e0 dell\u2019abitare mobile e urbanizzato.\",\"datePublished\":\"2020-08-03T23:42:13+00:00\",\"mainEntityOfPage\":{\"@id\":\"https:\\\/\\\/www.article-marketing.eu\\\/comunicatistampa\\\/mapping-riflessivo-sul-contagio-del-covid-19-le-tre-italie-fragilita-dellabitare-mobile-e-urbanizzato\\\/\"},\"wordCount\":443,\"commentCount\":0,\"keywords\":[\"#unibg; #universit\u00e0deglistudidibergamo; #covid-19; #letreitalie\"],\"articleSection\":[\"Salute e benessere\"],\"inLanguage\":\"it-IT\",\"potentialAction\":[{\"@type\":\"CommentAction\",\"name\":\"Comment\",\"target\":[\"https:\\\/\\\/www.article-marketing.eu\\\/comunicatistampa\\\/mapping-riflessivo-sul-contagio-del-covid-19-le-tre-italie-fragilita-dellabitare-mobile-e-urbanizzato\\\/#respond\"]}]},{\"@type\":\"WebPage\",\"@id\":\"https:\\\/\\\/www.article-marketing.eu\\\/comunicatistampa\\\/mapping-riflessivo-sul-contagio-del-covid-19-le-tre-italie-fragilita-dellabitare-mobile-e-urbanizzato\\\/\",\"url\":\"https:\\\/\\\/www.article-marketing.eu\\\/comunicatistampa\\\/mapping-riflessivo-sul-contagio-del-covid-19-le-tre-italie-fragilita-dellabitare-mobile-e-urbanizzato\\\/\",\"name\":\"Mapping riflessivo sul contagio del covid-19. Le tre Italie: fragilit\u00e0 dell\u2019abitare mobile e urbanizzato. - Article Marketing\",\"isPartOf\":{\"@id\":\"https:\\\/\\\/www.article-marketing.eu\\\/comunicatistampa\\\/#website\"},\"datePublished\":\"2020-08-03T23:42:13+00:00\",\"author\":{\"@id\":\"https:\\\/\\\/www.article-marketing.eu\\\/comunicatistampa\\\/#\\\/schema\\\/person\\\/c0aa725eee5df8460e0adf901fde0c88\"},\"breadcrumb\":{\"@id\":\"https:\\\/\\\/www.article-marketing.eu\\\/comunicatistampa\\\/mapping-riflessivo-sul-contagio-del-covid-19-le-tre-italie-fragilita-dellabitare-mobile-e-urbanizzato\\\/#breadcrumb\"},\"inLanguage\":\"it-IT\",\"potentialAction\":[{\"@type\":\"ReadAction\",\"target\":[\"https:\\\/\\\/www.article-marketing.eu\\\/comunicatistampa\\\/mapping-riflessivo-sul-contagio-del-covid-19-le-tre-italie-fragilita-dellabitare-mobile-e-urbanizzato\\\/\"]}]},{\"@type\":\"BreadcrumbList\",\"@id\":\"https:\\\/\\\/www.article-marketing.eu\\\/comunicatistampa\\\/mapping-riflessivo-sul-contagio-del-covid-19-le-tre-italie-fragilita-dellabitare-mobile-e-urbanizzato\\\/#breadcrumb\",\"itemListElement\":[{\"@type\":\"ListItem\",\"position\":1,\"name\":\"Home\",\"item\":\"https:\\\/\\\/www.article-marketing.eu\\\/comunicatistampa\\\/\"},{\"@type\":\"ListItem\",\"position\":2,\"name\":\"Mapping riflessivo sul contagio del covid-19. Le tre Italie: fragilit\u00e0 dell\u2019abitare mobile e urbanizzato.\"}]},{\"@type\":\"WebSite\",\"@id\":\"https:\\\/\\\/www.article-marketing.eu\\\/comunicatistampa\\\/#website\",\"url\":\"https:\\\/\\\/www.article-marketing.eu\\\/comunicatistampa\\\/\",\"name\":\"Article Marketing\",\"description\":\"article marketing &amp; press release\",\"potentialAction\":[{\"@type\":\"SearchAction\",\"target\":{\"@type\":\"EntryPoint\",\"urlTemplate\":\"https:\\\/\\\/www.article-marketing.eu\\\/comunicatistampa\\\/?s={search_term_string}\"},\"query-input\":{\"@type\":\"PropertyValueSpecification\",\"valueRequired\":true,\"valueName\":\"search_term_string\"}}],\"inLanguage\":\"it-IT\"},{\"@type\":\"Person\",\"@id\":\"https:\\\/\\\/www.article-marketing.eu\\\/comunicatistampa\\\/#\\\/schema\\\/person\\\/c0aa725eee5df8460e0adf901fde0c88\",\"name\":\"Redaclem\",\"image\":{\"@type\":\"ImageObject\",\"inLanguage\":\"it-IT\",\"@id\":\"https:\\\/\\\/secure.gravatar.com\\\/avatar\\\/4c7e41f332a0583344a91d7d39723533da9b2d0df7737c2d8c69553168c2191e?s=96&d=mm&r=g\",\"url\":\"https:\\\/\\\/secure.gravatar.com\\\/avatar\\\/4c7e41f332a0583344a91d7d39723533da9b2d0df7737c2d8c69553168c2191e?s=96&d=mm&r=g\",\"contentUrl\":\"https:\\\/\\\/secure.gravatar.com\\\/avatar\\\/4c7e41f332a0583344a91d7d39723533da9b2d0df7737c2d8c69553168c2191e?s=96&d=mm&r=g\",\"caption\":\"Redaclem\"},\"url\":\"https:\\\/\\\/www.article-marketing.eu\\\/comunicatistampa\\\/author\\\/redaclem\\\/\"}]}<\/script>\n<!-- \/ Yoast SEO plugin. -->","yoast_head_json":{"title":"Mapping riflessivo sul contagio del covid-19. Le tre Italie: fragilit\u00e0 dell\u2019abitare mobile e urbanizzato. - Article Marketing","robots":{"index":"index","follow":"follow","max-snippet":"max-snippet:-1","max-image-preview":"max-image-preview:large","max-video-preview":"max-video-preview:-1"},"canonical":"https:\/\/www.article-marketing.eu\/comunicatistampa\/mapping-riflessivo-sul-contagio-del-covid-19-le-tre-italie-fragilita-dellabitare-mobile-e-urbanizzato\/","og_locale":"it_IT","og_type":"article","og_title":"Mapping riflessivo sul contagio del covid-19. Le tre Italie: fragilit\u00e0 dell\u2019abitare mobile e urbanizzato. - Article Marketing","og_description":"Per contribuire a dare una risposta al perch\u00e9 la diffusione del contagio da Coronavirus abbia assunto determinate proporzioni in Lombardia, un gruppo di ricercatori dell\u2019Universit\u00e0 degli studi di Bergamo, guidato dalla direttrice del Centro studi sul territorio Emanuela Casti, ha intrapreso una ricerca che, utilizzando il mapping riflessivo, indaga la diffusione del contagio mettendo in rapporto gli aspetti sociali e ambientali del territorio (popolazione, mobilit\u00e0, lavoro, inquinamento), a scala nazionale,Continue reading...","og_url":"https:\/\/www.article-marketing.eu\/comunicatistampa\/mapping-riflessivo-sul-contagio-del-covid-19-le-tre-italie-fragilita-dellabitare-mobile-e-urbanizzato\/","og_site_name":"Article Marketing","article_published_time":"2020-08-03T23:42:13+00:00","author":"Redaclem","twitter_card":"summary_large_image","twitter_misc":{"Scritto da":"Redaclem","Tempo di lettura stimato":"2 minuti"},"schema":{"@context":"https:\/\/schema.org","@graph":[{"@type":"Article","@id":"https:\/\/www.article-marketing.eu\/comunicatistampa\/mapping-riflessivo-sul-contagio-del-covid-19-le-tre-italie-fragilita-dellabitare-mobile-e-urbanizzato\/#article","isPartOf":{"@id":"https:\/\/www.article-marketing.eu\/comunicatistampa\/mapping-riflessivo-sul-contagio-del-covid-19-le-tre-italie-fragilita-dellabitare-mobile-e-urbanizzato\/"},"author":{"name":"Redaclem","@id":"https:\/\/www.article-marketing.eu\/comunicatistampa\/#\/schema\/person\/c0aa725eee5df8460e0adf901fde0c88"},"headline":"Mapping riflessivo sul contagio del covid-19. Le tre Italie: fragilit\u00e0 dell\u2019abitare mobile e urbanizzato.","datePublished":"2020-08-03T23:42:13+00:00","mainEntityOfPage":{"@id":"https:\/\/www.article-marketing.eu\/comunicatistampa\/mapping-riflessivo-sul-contagio-del-covid-19-le-tre-italie-fragilita-dellabitare-mobile-e-urbanizzato\/"},"wordCount":443,"commentCount":0,"keywords":["#unibg; #universit\u00e0deglistudidibergamo; #covid-19; #letreitalie"],"articleSection":["Salute e benessere"],"inLanguage":"it-IT","potentialAction":[{"@type":"CommentAction","name":"Comment","target":["https:\/\/www.article-marketing.eu\/comunicatistampa\/mapping-riflessivo-sul-contagio-del-covid-19-le-tre-italie-fragilita-dellabitare-mobile-e-urbanizzato\/#respond"]}]},{"@type":"WebPage","@id":"https:\/\/www.article-marketing.eu\/comunicatistampa\/mapping-riflessivo-sul-contagio-del-covid-19-le-tre-italie-fragilita-dellabitare-mobile-e-urbanizzato\/","url":"https:\/\/www.article-marketing.eu\/comunicatistampa\/mapping-riflessivo-sul-contagio-del-covid-19-le-tre-italie-fragilita-dellabitare-mobile-e-urbanizzato\/","name":"Mapping riflessivo sul contagio del covid-19. Le tre Italie: fragilit\u00e0 dell\u2019abitare mobile e urbanizzato. - Article Marketing","isPartOf":{"@id":"https:\/\/www.article-marketing.eu\/comunicatistampa\/#website"},"datePublished":"2020-08-03T23:42:13+00:00","author":{"@id":"https:\/\/www.article-marketing.eu\/comunicatistampa\/#\/schema\/person\/c0aa725eee5df8460e0adf901fde0c88"},"breadcrumb":{"@id":"https:\/\/www.article-marketing.eu\/comunicatistampa\/mapping-riflessivo-sul-contagio-del-covid-19-le-tre-italie-fragilita-dellabitare-mobile-e-urbanizzato\/#breadcrumb"},"inLanguage":"it-IT","potentialAction":[{"@type":"ReadAction","target":["https:\/\/www.article-marketing.eu\/comunicatistampa\/mapping-riflessivo-sul-contagio-del-covid-19-le-tre-italie-fragilita-dellabitare-mobile-e-urbanizzato\/"]}]},{"@type":"BreadcrumbList","@id":"https:\/\/www.article-marketing.eu\/comunicatistampa\/mapping-riflessivo-sul-contagio-del-covid-19-le-tre-italie-fragilita-dellabitare-mobile-e-urbanizzato\/#breadcrumb","itemListElement":[{"@type":"ListItem","position":1,"name":"Home","item":"https:\/\/www.article-marketing.eu\/comunicatistampa\/"},{"@type":"ListItem","position":2,"name":"Mapping riflessivo sul contagio del covid-19. Le tre Italie: fragilit\u00e0 dell\u2019abitare mobile e urbanizzato."}]},{"@type":"WebSite","@id":"https:\/\/www.article-marketing.eu\/comunicatistampa\/#website","url":"https:\/\/www.article-marketing.eu\/comunicatistampa\/","name":"Article Marketing","description":"article marketing &amp; press release","potentialAction":[{"@type":"SearchAction","target":{"@type":"EntryPoint","urlTemplate":"https:\/\/www.article-marketing.eu\/comunicatistampa\/?s={search_term_string}"},"query-input":{"@type":"PropertyValueSpecification","valueRequired":true,"valueName":"search_term_string"}}],"inLanguage":"it-IT"},{"@type":"Person","@id":"https:\/\/www.article-marketing.eu\/comunicatistampa\/#\/schema\/person\/c0aa725eee5df8460e0adf901fde0c88","name":"Redaclem","image":{"@type":"ImageObject","inLanguage":"it-IT","@id":"https:\/\/secure.gravatar.com\/avatar\/4c7e41f332a0583344a91d7d39723533da9b2d0df7737c2d8c69553168c2191e?s=96&d=mm&r=g","url":"https:\/\/secure.gravatar.com\/avatar\/4c7e41f332a0583344a91d7d39723533da9b2d0df7737c2d8c69553168c2191e?s=96&d=mm&r=g","contentUrl":"https:\/\/secure.gravatar.com\/avatar\/4c7e41f332a0583344a91d7d39723533da9b2d0df7737c2d8c69553168c2191e?s=96&d=mm&r=g","caption":"Redaclem"},"url":"https:\/\/www.article-marketing.eu\/comunicatistampa\/author\/redaclem\/"}]}},"_links":{"self":[{"href":"https:\/\/www.article-marketing.eu\/comunicatistampa\/wp-json\/wp\/v2\/posts\/15436","targetHints":{"allow":["GET"]}}],"collection":[{"href":"https:\/\/www.article-marketing.eu\/comunicatistampa\/wp-json\/wp\/v2\/posts"}],"about":[{"href":"https:\/\/www.article-marketing.eu\/comunicatistampa\/wp-json\/wp\/v2\/types\/post"}],"author":[{"embeddable":true,"href":"https:\/\/www.article-marketing.eu\/comunicatistampa\/wp-json\/wp\/v2\/users\/1855"}],"replies":[{"embeddable":true,"href":"https:\/\/www.article-marketing.eu\/comunicatistampa\/wp-json\/wp\/v2\/comments?post=15436"}],"version-history":[{"count":2,"href":"https:\/\/www.article-marketing.eu\/comunicatistampa\/wp-json\/wp\/v2\/posts\/15436\/revisions"}],"predecessor-version":[{"id":15446,"href":"https:\/\/www.article-marketing.eu\/comunicatistampa\/wp-json\/wp\/v2\/posts\/15436\/revisions\/15446"}],"wp:attachment":[{"href":"https:\/\/www.article-marketing.eu\/comunicatistampa\/wp-json\/wp\/v2\/media?parent=15436"}],"wp:term":[{"taxonomy":"category","embeddable":true,"href":"https:\/\/www.article-marketing.eu\/comunicatistampa\/wp-json\/wp\/v2\/categories?post=15436"},{"taxonomy":"post_tag","embeddable":true,"href":"https:\/\/www.article-marketing.eu\/comunicatistampa\/wp-json\/wp\/v2\/tags?post=15436"}],"curies":[{"name":"wp","href":"https:\/\/api.w.org\/{rel}","templated":true}]}}