{"id":15471,"date":"2020-08-06T00:21:21","date_gmt":"2020-08-05T22:21:21","guid":{"rendered":"https:\/\/www.article-marketing.eu\/comunicatistampa\/?p=15471"},"modified":"2020-08-06T00:21:21","modified_gmt":"2020-08-05T22:21:21","slug":"costi-di-casa-ecco-le-tariffe-aumentate-dopo-lemergenza-covid","status":"publish","type":"post","link":"https:\/\/www.article-marketing.eu\/comunicatistampa\/costi-di-casa-ecco-le-tariffe-aumentate-dopo-lemergenza-covid\/","title":{"rendered":"Costi di casa: ecco le tariffe aumentate dopo l\u2019emergenza Covid"},"content":{"rendered":"<p>Quali effetti ha avuto il Covid-19 sulle principali voci di spesa domestica e come sono cambiate le tariffe nei mesi pre e post lockdown? Per rispondere a questa domanda <strong><a href=\"https:\/\/www.facile.it\/\">Facile.it<\/a><\/strong> ha passato in rassegna e confrontato i prezzi offerti dagli operatori a gennaio e a giugno 2020, scoprendo che alcune spese, come l\u2019RC auto (-1%), il tasso dei mutui (-22,1%), la bolletta della luce (-3%) e del gas (-4,4%) sono diminuite, mentre altre come i tassi dei prestiti (+6,1%) e il costo della telefonia fissa (+4,6%) sono aumentate, \u00a0altre ancora, ovvero la telefonia mobile e i costi dei conti correnti sono rimaste sostanzialmente invariate. Come approfittare del calo delle tariffe e proteggersi dagli aumenti? Ecco l\u2019analisi*, e i consigli, di Facile.it.<\/p>\n<p><strong>Rc auto<\/strong><\/p>\n<p>La prima voce di spesa finita sotto la lente \u00e8 l\u2019RC auto; come \u00e8 noto, durante il periodo di lockdown, complice il calo del numero di auto e moto in circolazione e dei sinistri stradali denunciati, le tariffe assicurative sono diminuite sensibilmente, registrando tra marzo e aprile valori ai minimi storici. Un trend che si \u00e8 per\u00f2 invertito a partire da maggio, quando il ritorno in strada di molti veicoli ha determinato un graduale aumento dei prezzi RC auto. La buona notizia \u00e8 che la risalita dei prezzi non li ha ancora riportati ai livelli pre Covid; secondo l\u2019osservatorio RC auto di Facile.it, per assicurare un veicolo a quattro ruote a giugno 2020 occorrevano, in media, 531,32 euro, vale a dire <strong>quasi l\u20191% in meno rispetto a inizio anno<\/strong>; il 3,6% in meno se confrontato con i valori rilevati a giugno 2019.<\/p>\n<p><strong>Consiglio:<\/strong> chi ha l\u2019assicurazione in scadenza o sta approfittando del periodo di comporto, farebbe bene a <strong>rinnovarla quanto prima<\/strong>. Le famiglie che hanno pi\u00f9 di un veicolo e di diversa tipologia possono inoltre approfittare anche dell\u2019RC familiare; secondo l\u2019analisi di Facile.it, fino ad oggi, chi \u00e8 riuscito ad utilizzarla ha risparmiato, in media, fino al 54%.<\/p>\n<p><strong>Mutui<\/strong><\/p>\n<p>Buone notizie arrivano anche dal fronte dei mutui: i <strong>tassi sono rimasti estremamente<\/strong> bassi per tutto il primo semestre dell\u2019anno, con un nuovo minimo storico toccato dal fisso nel mese di marzo. Secondo l\u2019osservatorio Facile.it \u2013 Mutui.it, considerando un mutuo fisso al 70% di importo pari a 126.000 euro da restituire in 25 anni, il miglior tasso (Taeg) disponibile a giugno 2020 era pari a 0,95%, vale a dire il 22% in meno rispetto al tasso rilevato a gennaio 2020 (1,22%). In valori assoluti, il finanziamento erogato a giugno aveva una <strong>rata mensile di 469 euro<\/strong>, ovvero \u2013 su tutta la durata del mutuo &#8211; un <strong>risparmio di 3.000 euro<\/strong> rispetto a chi ha sottoscritto lo stesso tipo di finanziamento a gennaio 2020 e, addirittura, di <strong>10.500 euro<\/strong> rispetto a chi lo ha ottenuto dodici mesi fa.<\/p>\n<p><strong>Consiglio:<\/strong> questo \u00e8 un <strong>ottimo periodo per surrogare<\/strong> il mutuo se si ha un variabile, per valutare di passare al fisso, dato che la distanza tra i due \u00e8 ai minimi. Per chi \u00e8 alle prese con l\u2019acquisto della casa e la richiesta di un finanziamento, il suggerimento \u00e8 di farlo il prima possibile; i tassi dovrebbero rimanere bassi ancora a lungo, ma qualora la situazione economica generale dovesse peggiorare, le banche potrebbero scegliere di irrigidire i criteri di concessione del credito.<\/p>\n<p><strong>\u00a0<\/strong><\/p>\n<p><strong>\u00a0<\/strong><\/p>\n<p><strong>Prestiti personali<\/strong><\/p>\n<p>Il settore dei prestiti personali, e pi\u00f9 in generale quello del credito al consumo, \u00e8 strettamente connesso ai consumi e ha pertanto risentito pesantemente sia del lockdown, sia del peggioramento delle condizioni lavorative degli italiani. E proprio questo elemento, unito al pericolo che nei prossimi mesi la situazione possa ulteriormente complicarsi, ha spinto molte societ\u00e0 del credito a <strong>ritoccare al rialzo i Taeg<\/strong> offerti alla clientela. Secondo l\u2019analisi di Facile.it e Prestiti.it, considerando un prestito da 10.000 euro da restituire in 5 anni, il Taeg medio disponibile online \u00e8 passato dal 6,25% di gennaio 2020 al 6,63% di giugno 2020 (+6,1%), con un aumento di circa 90 euro in pi\u00f9 di interessi per tutta la durata del finanziamento.<\/p>\n<p><strong>Consiglio<\/strong>: nonostante l\u2019aumento generalizzato, il settore dei prestiti personali \u00e8 caratterizzato da un\u2019accesa competizione tra le societ\u00e0 del credito e non mancano le finanziarie che offrono tassi estremamente competitivi; ecco perch\u00e9, in una fase storica in cui i costi tendono a crescere, risulta ancora pi\u00f9 importante &#8211; se si vuole risparmiare \u2013 <strong>il confronto<\/strong> tra le offerte di aziende diverse.<\/p>\n<p><strong>Telefonia fissa e mobile<\/strong><\/p>\n<p>Notizie in chiaroscuro arrivano dal mondo della telefonia. Guardando alle tariffe di <strong>telefonia mobile, non sono stati rilevati cambiamenti significativi<\/strong> nell\u2019offerta pre e post Covid; secondo l\u2019analisi di Facile.it, a giugno 2020 la tariffa media mensile per una nuova SIM, con chiamate illimitate e 50 GB di traffico dati, era pari a <strong>13 euro<\/strong>, valore in linea con quello rilevato a inizio anno.<\/p>\n<p>Sul fronte delle tariffe di <strong>Internet Casa<\/strong>, invece, l\u2019analisi di Facile.it ha evidenziato un <strong>lieve aumento del costo <\/strong>delle offerte proposte ai nuovi clienti. Se, a gennaio 2020, il canone mensile era pari, in media, a 27,68 euro al mese, a giugno 2020 \u00e8 <strong>aumentato del 4,6%<\/strong> arrivando, sempre in media, a 28,94 euro.<\/p>\n<p><strong>Consiglio: <\/strong>la competizione tra gli operatori di telefonia mobile \u00e8 serrata e spesso sono disponibili offerte estremamente vantaggiose riservate a chi sceglie di <strong>cambiare operatore<\/strong> e che potrebbero contribuire a ridurre di molto la spesa mensile. Sempre pi\u00f9 societ\u00e0, inoltre, offrono <strong>soluzioni a pacchetto<\/strong> che includono sia la telefonia mobile sia internet casa; un\u2019ottima soluzione per abbattere il costo complessivo.<\/p>\n<p><strong>Luce e gas<\/strong><\/p>\n<p>Se si analizza l\u2019andamento delle tariffe <strong>luce e gas<\/strong> <strong>del mercato libero <\/strong>emerge che, a partire da inizio anno, i prezzi offerti ai consumatori <strong>sono mediamente calati<\/strong>. Secondo le simulazioni di Facile.it, guardando alle migliori tariffe disponibili sul portale, una famiglia con un consumo annuo di 2.700 kWh, a gennaio 2020 spendeva, in media, 45,26 euro al mese per la corrente elettrica; a partire da luglio, a parit\u00e0 di consumi, la bolletta mensile \u00e8 <strong>diminuita del 3%<\/strong>, stabilizzandosi a <strong>43,92 euro<\/strong>.<\/p>\n<p>Calo ancor pi\u00f9 consistente se si guarda alle tariffe del gas; in questo caso, per una famiglia con un consumo annuo di 1400 smc, la spesa media mensile \u00e8 <strong>diminuita del 4,4%,<\/strong> passando da 86,18 euro di gennaio a 82,43 euro di luglio.<\/p>\n<p><strong>Consiglio<\/strong>: sebbene le tariffe siano scese, per molti italiani i consumi di energia e gas, a causa del lockdown e dello smart working, sono aumentati, con un conseguente aumento della bolletta finale. Per chi fosse ancora nel mercato tutelato, il suggerimento \u00e8 <strong>di valutare il passaggio al mercato libero<\/strong>; questo potrebbe <strong>abbattere la bolletta elettrica fino al 30<\/strong>% e quella del gas <strong>fino al 16%.<\/strong> Chi \u00e8 gi\u00e0 nel mercato libero, invece, potrebbe valutare di cambiare tipologia di tariffa, passando da una bioraria ad una monoraria o viceversa.<\/p>\n<p><strong>Conti correnti<\/strong><\/p>\n<p>Guardando ai conti correnti disponibili su Facile.it, non emergono differenze dal punto di vista dei costi fissi o variabili rispetto alle offerte rilevate a inizio anno. Va detto, per\u00f2, che negli ultimi mesi alcuni Istituti di credito hanno avviato <strong>campagne promozionali online<\/strong> offrendo ai nuovi clienti condizioni particolarmente vantaggiose, con canone azzerato o scontato, mentre altri istituti hanno puntato, come leva promozionale, su buoni regalo che vengono dati a chi sceglie di aprire un conto corrente.<\/p>\n<p><strong>Consiglio:<\/strong> l\u2019offerta di conti correnti a canone annuo zero \u00e8 ancora solida; se si sceglie di cambiare, per\u00f2, \u00e8 importante fare una valutazione completa del nuovo conto, <strong>considerando anche i costi variabili<\/strong> delle singole operazioni, altrimenti il rischio \u00e8 di avere brutte sorprese a fine anno.<\/p>\n<p><strong>Noleggio a lungo termine<\/strong><\/p>\n<p>Il settore del noleggio a lungo termine rivolti ai privati, pesantemente colpito dal periodo di lockdown, ha adattato le proprie politiche al nuovo scenario. Se, da un punto di vista del canone, non sono state riscontrate variazioni &#8211; secondo l\u2019analisi di Facile.it, la tariffa media \u00e8 rimasta ferma a 350 euro al mese &#8211; novit\u00e0 importanti sono state introdotte riguardo all\u2019anticipo.<\/p>\n<p>Per far fronte alla scarsa liquidit\u00e0 da parte delle famiglie, alcune societ\u00e0 del settore hanno potenziato le offerte di veicoli ad <strong>anticipo zero<\/strong>, mentre normalmente viene chiesto un anticipo che, per i modelli base, parte dai 3.000 euro.<\/p>\n<p>In virt\u00f9 dell\u2019emergenza, poi, le aziende del settore hanno iniziato a valutare con pi\u00f9 flessibilit\u00e0 la possibilit\u00e0 di sospendere i contratti in corso o disdire gli ordini, alle volte implementando anche servizi aggiuntivi come la sanificazione dei veicoli e la consegna\/ritiro del mezzo a domicilio.<\/p>\n<p><strong>Consiglio:<\/strong>\u00a0nella scelta dell&#8217;auto da noleggiare a lungo termine, soprattutto se percorrete lunghe distanze, \u00e8 fondamentale fare <strong>attenzione\u00a0al chilometraggio massimo incluso<\/strong> nel canone mensile. Eviterete cos\u00ec di dover pagare pi\u00f9 del previsto a fine contratto.<\/p>\n","protected":false},"excerpt":{"rendered":"<p>Quali effetti ha avuto il Covid-19 sulle principali voci di spesa domestica e come sono cambiate le tariffe nei mesi pre e post lockdown? Per rispondere a questa domanda Facile.it ha passato in rassegna e confrontato i prezzi offerti dagli operatori a gennaio e a giugno 2020, scoprendo che alcune spese, come l\u2019RC auto (-1%), il tasso dei mutui (-22,1%), la bolletta della luce (-3%) e del gas (-4,4%) sono<\/p>\n<p><a class=\"continue-reading\" href=\"https:\/\/www.article-marketing.eu\/comunicatistampa\/costi-di-casa-ecco-le-tariffe-aumentate-dopo-lemergenza-covid\/\">Continue reading&#8230;<\/a><\/p>\n","protected":false},"author":62,"featured_media":0,"comment_status":"open","ping_status":"open","sticky":false,"template":"","format":"standard","meta":{"_monsterinsights_skip_tracking":false,"_monsterinsights_sitenote_active":false,"_monsterinsights_sitenote_note":"","_monsterinsights_sitenote_category":0,"footnotes":""},"categories":[78,386],"tags":[6082,3084,3455,300,559,3406,662,796,1618],"class_list":["post-15471","post","type-post","status-publish","format-standard","hentry","category-comunicati-stampa","category-economia-e-lavoro","tag-covid","tag-adsl","tag-aumenti","tag-costi","tag-mutui","tag-prestiti","tag-rc-auto","tag-tariffe","tag-telefonia"],"yoast_head":"<!-- This site is optimized with the Yoast SEO plugin v27.3 - https:\/\/yoast.com\/product\/yoast-seo-wordpress\/ -->\n<title>Costi di casa: ecco le tariffe aumentate dopo l\u2019emergenza Covid - Article Marketing<\/title>\n<meta name=\"robots\" content=\"index, follow, max-snippet:-1, max-image-preview:large, max-video-preview:-1\" \/>\n<link rel=\"canonical\" href=\"https:\/\/www.article-marketing.eu\/comunicatistampa\/costi-di-casa-ecco-le-tariffe-aumentate-dopo-lemergenza-covid\/\" \/>\n<meta property=\"og:locale\" content=\"it_IT\" \/>\n<meta property=\"og:type\" content=\"article\" \/>\n<meta property=\"og:title\" content=\"Costi di casa: ecco le tariffe aumentate dopo l\u2019emergenza Covid - Article Marketing\" \/>\n<meta property=\"og:description\" content=\"Quali effetti ha avuto il Covid-19 sulle principali voci di spesa domestica e come sono cambiate le tariffe nei mesi pre e post lockdown? Per rispondere a questa domanda Facile.it ha passato in rassegna e confrontato i prezzi offerti dagli operatori a gennaio e a giugno 2020, scoprendo che alcune spese, come l\u2019RC auto (-1%), il tasso dei mutui (-22,1%), la bolletta della luce (-3%) e del gas (-4,4%) sonoContinue reading...\" \/>\n<meta property=\"og:url\" content=\"https:\/\/www.article-marketing.eu\/comunicatistampa\/costi-di-casa-ecco-le-tariffe-aumentate-dopo-lemergenza-covid\/\" \/>\n<meta property=\"og:site_name\" content=\"Article Marketing\" \/>\n<meta property=\"article:published_time\" content=\"2020-08-05T22:21:21+00:00\" \/>\n<meta name=\"author\" content=\"Facile.it\" \/>\n<meta name=\"twitter:card\" content=\"summary_large_image\" \/>\n<meta name=\"twitter:label1\" content=\"Scritto da\" \/>\n\t<meta name=\"twitter:data1\" content=\"Facile.it\" \/>\n\t<meta name=\"twitter:label2\" content=\"Tempo di lettura stimato\" \/>\n\t<meta name=\"twitter:data2\" content=\"7 minuti\" \/>\n<script type=\"application\/ld+json\" class=\"yoast-schema-graph\">{\"@context\":\"https:\\\/\\\/schema.org\",\"@graph\":[{\"@type\":\"Article\",\"@id\":\"https:\\\/\\\/www.article-marketing.eu\\\/comunicatistampa\\\/costi-di-casa-ecco-le-tariffe-aumentate-dopo-lemergenza-covid\\\/#article\",\"isPartOf\":{\"@id\":\"https:\\\/\\\/www.article-marketing.eu\\\/comunicatistampa\\\/costi-di-casa-ecco-le-tariffe-aumentate-dopo-lemergenza-covid\\\/\"},\"author\":{\"name\":\"Facile.it\",\"@id\":\"https:\\\/\\\/www.article-marketing.eu\\\/comunicatistampa\\\/#\\\/schema\\\/person\\\/1deca6d9e0cf173abfe76a90ef261a2a\"},\"headline\":\"Costi di casa: ecco le tariffe aumentate dopo l\u2019emergenza Covid\",\"datePublished\":\"2020-08-05T22:21:21+00:00\",\"mainEntityOfPage\":{\"@id\":\"https:\\\/\\\/www.article-marketing.eu\\\/comunicatistampa\\\/costi-di-casa-ecco-le-tariffe-aumentate-dopo-lemergenza-covid\\\/\"},\"wordCount\":1397,\"commentCount\":0,\"keywords\":[\"#covid\",\"ADSL\",\"aumenti\",\"costi\",\"mutui\",\"prestiti\",\"rc auto\",\"tariffe\",\"telefonia\"],\"articleSection\":[\"Comunicati stampa\",\"Economia e lavoro\"],\"inLanguage\":\"it-IT\",\"potentialAction\":[{\"@type\":\"CommentAction\",\"name\":\"Comment\",\"target\":[\"https:\\\/\\\/www.article-marketing.eu\\\/comunicatistampa\\\/costi-di-casa-ecco-le-tariffe-aumentate-dopo-lemergenza-covid\\\/#respond\"]}]},{\"@type\":\"WebPage\",\"@id\":\"https:\\\/\\\/www.article-marketing.eu\\\/comunicatistampa\\\/costi-di-casa-ecco-le-tariffe-aumentate-dopo-lemergenza-covid\\\/\",\"url\":\"https:\\\/\\\/www.article-marketing.eu\\\/comunicatistampa\\\/costi-di-casa-ecco-le-tariffe-aumentate-dopo-lemergenza-covid\\\/\",\"name\":\"Costi di casa: ecco le tariffe aumentate dopo l\u2019emergenza Covid - Article Marketing\",\"isPartOf\":{\"@id\":\"https:\\\/\\\/www.article-marketing.eu\\\/comunicatistampa\\\/#website\"},\"datePublished\":\"2020-08-05T22:21:21+00:00\",\"author\":{\"@id\":\"https:\\\/\\\/www.article-marketing.eu\\\/comunicatistampa\\\/#\\\/schema\\\/person\\\/1deca6d9e0cf173abfe76a90ef261a2a\"},\"breadcrumb\":{\"@id\":\"https:\\\/\\\/www.article-marketing.eu\\\/comunicatistampa\\\/costi-di-casa-ecco-le-tariffe-aumentate-dopo-lemergenza-covid\\\/#breadcrumb\"},\"inLanguage\":\"it-IT\",\"potentialAction\":[{\"@type\":\"ReadAction\",\"target\":[\"https:\\\/\\\/www.article-marketing.eu\\\/comunicatistampa\\\/costi-di-casa-ecco-le-tariffe-aumentate-dopo-lemergenza-covid\\\/\"]}]},{\"@type\":\"BreadcrumbList\",\"@id\":\"https:\\\/\\\/www.article-marketing.eu\\\/comunicatistampa\\\/costi-di-casa-ecco-le-tariffe-aumentate-dopo-lemergenza-covid\\\/#breadcrumb\",\"itemListElement\":[{\"@type\":\"ListItem\",\"position\":1,\"name\":\"Home\",\"item\":\"https:\\\/\\\/www.article-marketing.eu\\\/comunicatistampa\\\/\"},{\"@type\":\"ListItem\",\"position\":2,\"name\":\"Costi di casa: ecco le tariffe aumentate dopo l\u2019emergenza Covid\"}]},{\"@type\":\"WebSite\",\"@id\":\"https:\\\/\\\/www.article-marketing.eu\\\/comunicatistampa\\\/#website\",\"url\":\"https:\\\/\\\/www.article-marketing.eu\\\/comunicatistampa\\\/\",\"name\":\"Article Marketing\",\"description\":\"article marketing &amp; press release\",\"potentialAction\":[{\"@type\":\"SearchAction\",\"target\":{\"@type\":\"EntryPoint\",\"urlTemplate\":\"https:\\\/\\\/www.article-marketing.eu\\\/comunicatistampa\\\/?s={search_term_string}\"},\"query-input\":{\"@type\":\"PropertyValueSpecification\",\"valueRequired\":true,\"valueName\":\"search_term_string\"}}],\"inLanguage\":\"it-IT\"},{\"@type\":\"Person\",\"@id\":\"https:\\\/\\\/www.article-marketing.eu\\\/comunicatistampa\\\/#\\\/schema\\\/person\\\/1deca6d9e0cf173abfe76a90ef261a2a\",\"name\":\"Facile.it\",\"image\":{\"@type\":\"ImageObject\",\"inLanguage\":\"it-IT\",\"@id\":\"https:\\\/\\\/secure.gravatar.com\\\/avatar\\\/2623775dfcd174bde1a788a4bc028e9035747fa40886953f4954f56c45cf4b34?s=96&d=mm&r=g\",\"url\":\"https:\\\/\\\/secure.gravatar.com\\\/avatar\\\/2623775dfcd174bde1a788a4bc028e9035747fa40886953f4954f56c45cf4b34?s=96&d=mm&r=g\",\"contentUrl\":\"https:\\\/\\\/secure.gravatar.com\\\/avatar\\\/2623775dfcd174bde1a788a4bc028e9035747fa40886953f4954f56c45cf4b34?s=96&d=mm&r=g\",\"caption\":\"Facile.it\"},\"url\":\"https:\\\/\\\/www.article-marketing.eu\\\/comunicatistampa\\\/author\\\/facile-it\\\/\"}]}<\/script>\n<!-- \/ Yoast SEO plugin. -->","yoast_head_json":{"title":"Costi di casa: ecco le tariffe aumentate dopo l\u2019emergenza Covid - Article Marketing","robots":{"index":"index","follow":"follow","max-snippet":"max-snippet:-1","max-image-preview":"max-image-preview:large","max-video-preview":"max-video-preview:-1"},"canonical":"https:\/\/www.article-marketing.eu\/comunicatistampa\/costi-di-casa-ecco-le-tariffe-aumentate-dopo-lemergenza-covid\/","og_locale":"it_IT","og_type":"article","og_title":"Costi di casa: ecco le tariffe aumentate dopo l\u2019emergenza Covid - Article Marketing","og_description":"Quali effetti ha avuto il Covid-19 sulle principali voci di spesa domestica e come sono cambiate le tariffe nei mesi pre e post lockdown? Per rispondere a questa domanda Facile.it ha passato in rassegna e confrontato i prezzi offerti dagli operatori a gennaio e a giugno 2020, scoprendo che alcune spese, come l\u2019RC auto (-1%), il tasso dei mutui (-22,1%), la bolletta della luce (-3%) e del gas (-4,4%) sonoContinue reading...","og_url":"https:\/\/www.article-marketing.eu\/comunicatistampa\/costi-di-casa-ecco-le-tariffe-aumentate-dopo-lemergenza-covid\/","og_site_name":"Article Marketing","article_published_time":"2020-08-05T22:21:21+00:00","author":"Facile.it","twitter_card":"summary_large_image","twitter_misc":{"Scritto da":"Facile.it","Tempo di lettura stimato":"7 minuti"},"schema":{"@context":"https:\/\/schema.org","@graph":[{"@type":"Article","@id":"https:\/\/www.article-marketing.eu\/comunicatistampa\/costi-di-casa-ecco-le-tariffe-aumentate-dopo-lemergenza-covid\/#article","isPartOf":{"@id":"https:\/\/www.article-marketing.eu\/comunicatistampa\/costi-di-casa-ecco-le-tariffe-aumentate-dopo-lemergenza-covid\/"},"author":{"name":"Facile.it","@id":"https:\/\/www.article-marketing.eu\/comunicatistampa\/#\/schema\/person\/1deca6d9e0cf173abfe76a90ef261a2a"},"headline":"Costi di casa: ecco le tariffe aumentate dopo l\u2019emergenza Covid","datePublished":"2020-08-05T22:21:21+00:00","mainEntityOfPage":{"@id":"https:\/\/www.article-marketing.eu\/comunicatistampa\/costi-di-casa-ecco-le-tariffe-aumentate-dopo-lemergenza-covid\/"},"wordCount":1397,"commentCount":0,"keywords":["#covid","ADSL","aumenti","costi","mutui","prestiti","rc auto","tariffe","telefonia"],"articleSection":["Comunicati stampa","Economia e lavoro"],"inLanguage":"it-IT","potentialAction":[{"@type":"CommentAction","name":"Comment","target":["https:\/\/www.article-marketing.eu\/comunicatistampa\/costi-di-casa-ecco-le-tariffe-aumentate-dopo-lemergenza-covid\/#respond"]}]},{"@type":"WebPage","@id":"https:\/\/www.article-marketing.eu\/comunicatistampa\/costi-di-casa-ecco-le-tariffe-aumentate-dopo-lemergenza-covid\/","url":"https:\/\/www.article-marketing.eu\/comunicatistampa\/costi-di-casa-ecco-le-tariffe-aumentate-dopo-lemergenza-covid\/","name":"Costi di casa: ecco le tariffe aumentate dopo l\u2019emergenza Covid - Article Marketing","isPartOf":{"@id":"https:\/\/www.article-marketing.eu\/comunicatistampa\/#website"},"datePublished":"2020-08-05T22:21:21+00:00","author":{"@id":"https:\/\/www.article-marketing.eu\/comunicatistampa\/#\/schema\/person\/1deca6d9e0cf173abfe76a90ef261a2a"},"breadcrumb":{"@id":"https:\/\/www.article-marketing.eu\/comunicatistampa\/costi-di-casa-ecco-le-tariffe-aumentate-dopo-lemergenza-covid\/#breadcrumb"},"inLanguage":"it-IT","potentialAction":[{"@type":"ReadAction","target":["https:\/\/www.article-marketing.eu\/comunicatistampa\/costi-di-casa-ecco-le-tariffe-aumentate-dopo-lemergenza-covid\/"]}]},{"@type":"BreadcrumbList","@id":"https:\/\/www.article-marketing.eu\/comunicatistampa\/costi-di-casa-ecco-le-tariffe-aumentate-dopo-lemergenza-covid\/#breadcrumb","itemListElement":[{"@type":"ListItem","position":1,"name":"Home","item":"https:\/\/www.article-marketing.eu\/comunicatistampa\/"},{"@type":"ListItem","position":2,"name":"Costi di casa: ecco le tariffe aumentate dopo l\u2019emergenza Covid"}]},{"@type":"WebSite","@id":"https:\/\/www.article-marketing.eu\/comunicatistampa\/#website","url":"https:\/\/www.article-marketing.eu\/comunicatistampa\/","name":"Article Marketing","description":"article marketing &amp; press release","potentialAction":[{"@type":"SearchAction","target":{"@type":"EntryPoint","urlTemplate":"https:\/\/www.article-marketing.eu\/comunicatistampa\/?s={search_term_string}"},"query-input":{"@type":"PropertyValueSpecification","valueRequired":true,"valueName":"search_term_string"}}],"inLanguage":"it-IT"},{"@type":"Person","@id":"https:\/\/www.article-marketing.eu\/comunicatistampa\/#\/schema\/person\/1deca6d9e0cf173abfe76a90ef261a2a","name":"Facile.it","image":{"@type":"ImageObject","inLanguage":"it-IT","@id":"https:\/\/secure.gravatar.com\/avatar\/2623775dfcd174bde1a788a4bc028e9035747fa40886953f4954f56c45cf4b34?s=96&d=mm&r=g","url":"https:\/\/secure.gravatar.com\/avatar\/2623775dfcd174bde1a788a4bc028e9035747fa40886953f4954f56c45cf4b34?s=96&d=mm&r=g","contentUrl":"https:\/\/secure.gravatar.com\/avatar\/2623775dfcd174bde1a788a4bc028e9035747fa40886953f4954f56c45cf4b34?s=96&d=mm&r=g","caption":"Facile.it"},"url":"https:\/\/www.article-marketing.eu\/comunicatistampa\/author\/facile-it\/"}]}},"_links":{"self":[{"href":"https:\/\/www.article-marketing.eu\/comunicatistampa\/wp-json\/wp\/v2\/posts\/15471","targetHints":{"allow":["GET"]}}],"collection":[{"href":"https:\/\/www.article-marketing.eu\/comunicatistampa\/wp-json\/wp\/v2\/posts"}],"about":[{"href":"https:\/\/www.article-marketing.eu\/comunicatistampa\/wp-json\/wp\/v2\/types\/post"}],"author":[{"embeddable":true,"href":"https:\/\/www.article-marketing.eu\/comunicatistampa\/wp-json\/wp\/v2\/users\/62"}],"replies":[{"embeddable":true,"href":"https:\/\/www.article-marketing.eu\/comunicatistampa\/wp-json\/wp\/v2\/comments?post=15471"}],"version-history":[{"count":2,"href":"https:\/\/www.article-marketing.eu\/comunicatistampa\/wp-json\/wp\/v2\/posts\/15471\/revisions"}],"predecessor-version":[{"id":15494,"href":"https:\/\/www.article-marketing.eu\/comunicatistampa\/wp-json\/wp\/v2\/posts\/15471\/revisions\/15494"}],"wp:attachment":[{"href":"https:\/\/www.article-marketing.eu\/comunicatistampa\/wp-json\/wp\/v2\/media?parent=15471"}],"wp:term":[{"taxonomy":"category","embeddable":true,"href":"https:\/\/www.article-marketing.eu\/comunicatistampa\/wp-json\/wp\/v2\/categories?post=15471"},{"taxonomy":"post_tag","embeddable":true,"href":"https:\/\/www.article-marketing.eu\/comunicatistampa\/wp-json\/wp\/v2\/tags?post=15471"}],"curies":[{"name":"wp","href":"https:\/\/api.w.org\/{rel}","templated":true}]}}