{"id":15620,"date":"2020-08-17T16:30:19","date_gmt":"2020-08-17T14:30:19","guid":{"rendered":"https:\/\/www.article-marketing.eu\/comunicatistampa\/?p=15620"},"modified":"2020-08-17T16:30:19","modified_gmt":"2020-08-17T14:30:19","slug":"uso-delle-etichette-per-vestiti","status":"publish","type":"post","link":"https:\/\/www.article-marketing.eu\/comunicatistampa\/uso-delle-etichette-per-vestiti\/","title":{"rendered":"Uso delle etichette per vestiti"},"content":{"rendered":"<p>Ci sono molte ragioni per cui i vestiti e altri attrezzi devono essere etichettati. I bambini vanno a scuola, all&#8217;asilo nido o al campo o si uniscono a una squadra sportiva e vorresti che tutti i vestiti e le attrezzature tornino a casa con loro.<\/p>\n<p>Quando gli anziani o qualcuno con esigenze fisiche o emotive si recano in un&#8217;assistenza infermieristica o in una struttura di residenza assistita, la maggior parte delle istituzioni richiede che tutti gli indumenti lavabili siano etichettati prima di essere portati nella lavanderia della struttura.<\/p>\n<h2>3 modi per etichettare i vestiti<\/h2>\n<h3>Etichette da cucire<\/h3>\n<p>\u00c8 possibile ordinare bellissime etichette in tessuto in alcuni negozi online come <a href=\"https:\/\/www.dutchlabelshop.com\/it\/\">Dutch Label Shop<\/a>, dove le puoi personalizzare per identificare e valorizzare i tuoi indumenti. Possono essere progettate con un nome o un monogramma a scopo di identificazione. Sono adorabili ma cucirle richiede un po di tempo.<\/p>\n<p>Non esiste un unico modo per etichettare i vestiti a causa dei diversi tipi di tessuti e del modo in cui l&#8217;indumento \u00e8 progettato. Le opzioni di etichettatura variano in termini di costi di etichetta permanente o meno.<\/p>\n<h3>Nastro adesivo<\/h3>\n<p>Un piccolo pezzo di nastro adesivo e un pennarello indelebile possono essere utilizzati per etichettare i vestiti. Scrivi il nome sul nastro e incollalo sul tessuto. Coprire il nastro con un panno pressante e riscaldare con un ferro da stiro asciutto per 10-15 secondi. Il nastro finir\u00e0 per staccarsi dopo diversi lavaggi, ma \u00e8 una buona soluzione a breve termine.<\/p>\n<h3>Marcatori per lavanderia<\/h3>\n<p>Il modo pi\u00f9 semplice e meno costoso per etichettare i vestiti \u00e8 con un pennarello indelebile per bucato. L&#8217;inchiostro indelebile dura per molti viaggi in lavatrice ed \u00e8 veloce da usare. Lo svantaggio \u00e8 che l&#8217;inchiostro pu\u00f2 scorrere attraverso il tessuto verso l&#8217;esterno di un indumento. E, una volta che lo fa, la macchia \u00e8 permanente.<\/p>\n<p>Se usi un pennarello, scrivi sempre il nome del proprietario sull&#8217;etichetta di cura o su una cucitura interna. Proteggi l&#8217;esterno dell&#8217;indumento posizionando un po &#8216;di cartone sotto l&#8217;area dell&#8217;etichetta per raccogliere l&#8217;inchiostro che sanguina.<\/p>\n<p>Un altro svantaggio dell&#8217;utilizzo di un pennarello indelebile \u00e8 che potresti anche avere alcuni destinatari infelici che non sono contenti se il nome di un fratello maggiore \u00e8 sulla maglietta. Un buon suggerimento \u00e8 usare solo il cognome della famiglia. Va inoltre notato che la maggior parte degli articoli contrassegnati con inchiostro indelebile non sono accettati dai negozi di spedizione per la rivendita e non sono utilizzabili da enti di beneficenza che distribuiscono indumenti usati poich\u00e9 il nome \u00e8 visibile.<\/p>\n","protected":false},"excerpt":{"rendered":"<p>Ci sono molte ragioni per cui i vestiti e altri attrezzi devono essere etichettati. I bambini vanno a scuola, all&#8217;asilo nido o al campo o si uniscono a una squadra sportiva e vorresti che tutti i vestiti e le attrezzature tornino a casa con loro. Quando gli anziani o qualcuno con esigenze fisiche o emotive si recano in un&#8217;assistenza infermieristica o in una struttura di residenza assistita, la maggior parte<\/p>\n<p><a class=\"continue-reading\" href=\"https:\/\/www.article-marketing.eu\/comunicatistampa\/uso-delle-etichette-per-vestiti\/\">Continue reading&#8230;<\/a><\/p>\n","protected":false},"author":5971,"featured_media":0,"comment_status":"open","ping_status":"open","sticky":false,"template":"","format":"standard","meta":{"_monsterinsights_skip_tracking":false,"_monsterinsights_sitenote_active":false,"_monsterinsights_sitenote_note":"","_monsterinsights_sitenote_category":0,"footnotes":""},"categories":[393],"tags":[],"class_list":["post-15620","post","type-post","status-publish","format-standard","hentry","category-prodotti"],"yoast_head":"<!-- This site is optimized with the Yoast SEO plugin v27.3 - https:\/\/yoast.com\/product\/yoast-seo-wordpress\/ -->\n<title>Uso delle etichette per vestiti - Article Marketing<\/title>\n<meta name=\"description\" content=\"Ci sono molte ragioni per cui i vestiti e altri attrezzi devono essere etichettati. I bambini vanno a scuola, all&#039;asilo nido o al campo.\" \/>\n<meta name=\"robots\" content=\"index, follow, max-snippet:-1, max-image-preview:large, max-video-preview:-1\" \/>\n<link rel=\"canonical\" href=\"https:\/\/www.article-marketing.eu\/comunicatistampa\/uso-delle-etichette-per-vestiti\/\" \/>\n<meta property=\"og:locale\" content=\"it_IT\" \/>\n<meta property=\"og:type\" content=\"article\" \/>\n<meta property=\"og:title\" content=\"Uso delle etichette per vestiti - Article Marketing\" \/>\n<meta property=\"og:description\" content=\"Ci sono molte ragioni per cui i vestiti e altri attrezzi devono essere etichettati. I bambini vanno a scuola, all&#039;asilo nido o al campo.\" \/>\n<meta property=\"og:url\" content=\"https:\/\/www.article-marketing.eu\/comunicatistampa\/uso-delle-etichette-per-vestiti\/\" \/>\n<meta property=\"og:site_name\" content=\"Article Marketing\" \/>\n<meta property=\"article:published_time\" content=\"2020-08-17T14:30:19+00:00\" \/>\n<meta name=\"author\" content=\"Adrian\" \/>\n<meta name=\"twitter:card\" content=\"summary_large_image\" \/>\n<meta name=\"twitter:label1\" content=\"Scritto da\" \/>\n\t<meta name=\"twitter:data1\" content=\"Adrian\" \/>\n\t<meta name=\"twitter:label2\" content=\"Tempo di lettura stimato\" \/>\n\t<meta name=\"twitter:data2\" content=\"2 minuti\" \/>\n<script type=\"application\/ld+json\" class=\"yoast-schema-graph\">{\"@context\":\"https:\\\/\\\/schema.org\",\"@graph\":[{\"@type\":\"Article\",\"@id\":\"https:\\\/\\\/www.article-marketing.eu\\\/comunicatistampa\\\/uso-delle-etichette-per-vestiti\\\/#article\",\"isPartOf\":{\"@id\":\"https:\\\/\\\/www.article-marketing.eu\\\/comunicatistampa\\\/uso-delle-etichette-per-vestiti\\\/\"},\"author\":{\"name\":\"Adrian\",\"@id\":\"https:\\\/\\\/www.article-marketing.eu\\\/comunicatistampa\\\/#\\\/schema\\\/person\\\/68510fe9a513e3251618dcac7f82a91e\"},\"headline\":\"Uso delle etichette per vestiti\",\"datePublished\":\"2020-08-17T14:30:19+00:00\",\"mainEntityOfPage\":{\"@id\":\"https:\\\/\\\/www.article-marketing.eu\\\/comunicatistampa\\\/uso-delle-etichette-per-vestiti\\\/\"},\"wordCount\":411,\"commentCount\":0,\"articleSection\":[\"Prodotti\"],\"inLanguage\":\"it-IT\",\"potentialAction\":[{\"@type\":\"CommentAction\",\"name\":\"Comment\",\"target\":[\"https:\\\/\\\/www.article-marketing.eu\\\/comunicatistampa\\\/uso-delle-etichette-per-vestiti\\\/#respond\"]}]},{\"@type\":\"WebPage\",\"@id\":\"https:\\\/\\\/www.article-marketing.eu\\\/comunicatistampa\\\/uso-delle-etichette-per-vestiti\\\/\",\"url\":\"https:\\\/\\\/www.article-marketing.eu\\\/comunicatistampa\\\/uso-delle-etichette-per-vestiti\\\/\",\"name\":\"Uso delle etichette per vestiti - Article Marketing\",\"isPartOf\":{\"@id\":\"https:\\\/\\\/www.article-marketing.eu\\\/comunicatistampa\\\/#website\"},\"datePublished\":\"2020-08-17T14:30:19+00:00\",\"author\":{\"@id\":\"https:\\\/\\\/www.article-marketing.eu\\\/comunicatistampa\\\/#\\\/schema\\\/person\\\/68510fe9a513e3251618dcac7f82a91e\"},\"description\":\"Ci sono molte ragioni per cui i vestiti e altri attrezzi devono essere etichettati. I bambini vanno a scuola, all'asilo nido o al campo.\",\"breadcrumb\":{\"@id\":\"https:\\\/\\\/www.article-marketing.eu\\\/comunicatistampa\\\/uso-delle-etichette-per-vestiti\\\/#breadcrumb\"},\"inLanguage\":\"it-IT\",\"potentialAction\":[{\"@type\":\"ReadAction\",\"target\":[\"https:\\\/\\\/www.article-marketing.eu\\\/comunicatistampa\\\/uso-delle-etichette-per-vestiti\\\/\"]}]},{\"@type\":\"BreadcrumbList\",\"@id\":\"https:\\\/\\\/www.article-marketing.eu\\\/comunicatistampa\\\/uso-delle-etichette-per-vestiti\\\/#breadcrumb\",\"itemListElement\":[{\"@type\":\"ListItem\",\"position\":1,\"name\":\"Home\",\"item\":\"https:\\\/\\\/www.article-marketing.eu\\\/comunicatistampa\\\/\"},{\"@type\":\"ListItem\",\"position\":2,\"name\":\"Uso delle etichette per vestiti\"}]},{\"@type\":\"WebSite\",\"@id\":\"https:\\\/\\\/www.article-marketing.eu\\\/comunicatistampa\\\/#website\",\"url\":\"https:\\\/\\\/www.article-marketing.eu\\\/comunicatistampa\\\/\",\"name\":\"Article Marketing\",\"description\":\"article marketing &amp; press release\",\"potentialAction\":[{\"@type\":\"SearchAction\",\"target\":{\"@type\":\"EntryPoint\",\"urlTemplate\":\"https:\\\/\\\/www.article-marketing.eu\\\/comunicatistampa\\\/?s={search_term_string}\"},\"query-input\":{\"@type\":\"PropertyValueSpecification\",\"valueRequired\":true,\"valueName\":\"search_term_string\"}}],\"inLanguage\":\"it-IT\"},{\"@type\":\"Person\",\"@id\":\"https:\\\/\\\/www.article-marketing.eu\\\/comunicatistampa\\\/#\\\/schema\\\/person\\\/68510fe9a513e3251618dcac7f82a91e\",\"name\":\"Adrian\",\"image\":{\"@type\":\"ImageObject\",\"inLanguage\":\"it-IT\",\"@id\":\"https:\\\/\\\/secure.gravatar.com\\\/avatar\\\/e1395d0291721594ec8825146515b069b27d15c08ac3c984320bf6e219260881?s=96&d=mm&r=g\",\"url\":\"https:\\\/\\\/secure.gravatar.com\\\/avatar\\\/e1395d0291721594ec8825146515b069b27d15c08ac3c984320bf6e219260881?s=96&d=mm&r=g\",\"contentUrl\":\"https:\\\/\\\/secure.gravatar.com\\\/avatar\\\/e1395d0291721594ec8825146515b069b27d15c08ac3c984320bf6e219260881?s=96&d=mm&r=g\",\"caption\":\"Adrian\"},\"url\":\"https:\\\/\\\/www.article-marketing.eu\\\/comunicatistampa\\\/author\\\/adrian\\\/\"}]}<\/script>\n<!-- \/ Yoast SEO plugin. -->","yoast_head_json":{"title":"Uso delle etichette per vestiti - Article Marketing","description":"Ci sono molte ragioni per cui i vestiti e altri attrezzi devono essere etichettati. I bambini vanno a scuola, all'asilo nido o al campo.","robots":{"index":"index","follow":"follow","max-snippet":"max-snippet:-1","max-image-preview":"max-image-preview:large","max-video-preview":"max-video-preview:-1"},"canonical":"https:\/\/www.article-marketing.eu\/comunicatistampa\/uso-delle-etichette-per-vestiti\/","og_locale":"it_IT","og_type":"article","og_title":"Uso delle etichette per vestiti - Article Marketing","og_description":"Ci sono molte ragioni per cui i vestiti e altri attrezzi devono essere etichettati. I bambini vanno a scuola, all'asilo nido o al campo.","og_url":"https:\/\/www.article-marketing.eu\/comunicatistampa\/uso-delle-etichette-per-vestiti\/","og_site_name":"Article Marketing","article_published_time":"2020-08-17T14:30:19+00:00","author":"Adrian","twitter_card":"summary_large_image","twitter_misc":{"Scritto da":"Adrian","Tempo di lettura stimato":"2 minuti"},"schema":{"@context":"https:\/\/schema.org","@graph":[{"@type":"Article","@id":"https:\/\/www.article-marketing.eu\/comunicatistampa\/uso-delle-etichette-per-vestiti\/#article","isPartOf":{"@id":"https:\/\/www.article-marketing.eu\/comunicatistampa\/uso-delle-etichette-per-vestiti\/"},"author":{"name":"Adrian","@id":"https:\/\/www.article-marketing.eu\/comunicatistampa\/#\/schema\/person\/68510fe9a513e3251618dcac7f82a91e"},"headline":"Uso delle etichette per vestiti","datePublished":"2020-08-17T14:30:19+00:00","mainEntityOfPage":{"@id":"https:\/\/www.article-marketing.eu\/comunicatistampa\/uso-delle-etichette-per-vestiti\/"},"wordCount":411,"commentCount":0,"articleSection":["Prodotti"],"inLanguage":"it-IT","potentialAction":[{"@type":"CommentAction","name":"Comment","target":["https:\/\/www.article-marketing.eu\/comunicatistampa\/uso-delle-etichette-per-vestiti\/#respond"]}]},{"@type":"WebPage","@id":"https:\/\/www.article-marketing.eu\/comunicatistampa\/uso-delle-etichette-per-vestiti\/","url":"https:\/\/www.article-marketing.eu\/comunicatistampa\/uso-delle-etichette-per-vestiti\/","name":"Uso delle etichette per vestiti - Article Marketing","isPartOf":{"@id":"https:\/\/www.article-marketing.eu\/comunicatistampa\/#website"},"datePublished":"2020-08-17T14:30:19+00:00","author":{"@id":"https:\/\/www.article-marketing.eu\/comunicatistampa\/#\/schema\/person\/68510fe9a513e3251618dcac7f82a91e"},"description":"Ci sono molte ragioni per cui i vestiti e altri attrezzi devono essere etichettati. I bambini vanno a scuola, all'asilo nido o al campo.","breadcrumb":{"@id":"https:\/\/www.article-marketing.eu\/comunicatistampa\/uso-delle-etichette-per-vestiti\/#breadcrumb"},"inLanguage":"it-IT","potentialAction":[{"@type":"ReadAction","target":["https:\/\/www.article-marketing.eu\/comunicatistampa\/uso-delle-etichette-per-vestiti\/"]}]},{"@type":"BreadcrumbList","@id":"https:\/\/www.article-marketing.eu\/comunicatistampa\/uso-delle-etichette-per-vestiti\/#breadcrumb","itemListElement":[{"@type":"ListItem","position":1,"name":"Home","item":"https:\/\/www.article-marketing.eu\/comunicatistampa\/"},{"@type":"ListItem","position":2,"name":"Uso delle etichette per vestiti"}]},{"@type":"WebSite","@id":"https:\/\/www.article-marketing.eu\/comunicatistampa\/#website","url":"https:\/\/www.article-marketing.eu\/comunicatistampa\/","name":"Article Marketing","description":"article marketing &amp; press release","potentialAction":[{"@type":"SearchAction","target":{"@type":"EntryPoint","urlTemplate":"https:\/\/www.article-marketing.eu\/comunicatistampa\/?s={search_term_string}"},"query-input":{"@type":"PropertyValueSpecification","valueRequired":true,"valueName":"search_term_string"}}],"inLanguage":"it-IT"},{"@type":"Person","@id":"https:\/\/www.article-marketing.eu\/comunicatistampa\/#\/schema\/person\/68510fe9a513e3251618dcac7f82a91e","name":"Adrian","image":{"@type":"ImageObject","inLanguage":"it-IT","@id":"https:\/\/secure.gravatar.com\/avatar\/e1395d0291721594ec8825146515b069b27d15c08ac3c984320bf6e219260881?s=96&d=mm&r=g","url":"https:\/\/secure.gravatar.com\/avatar\/e1395d0291721594ec8825146515b069b27d15c08ac3c984320bf6e219260881?s=96&d=mm&r=g","contentUrl":"https:\/\/secure.gravatar.com\/avatar\/e1395d0291721594ec8825146515b069b27d15c08ac3c984320bf6e219260881?s=96&d=mm&r=g","caption":"Adrian"},"url":"https:\/\/www.article-marketing.eu\/comunicatistampa\/author\/adrian\/"}]}},"_links":{"self":[{"href":"https:\/\/www.article-marketing.eu\/comunicatistampa\/wp-json\/wp\/v2\/posts\/15620","targetHints":{"allow":["GET"]}}],"collection":[{"href":"https:\/\/www.article-marketing.eu\/comunicatistampa\/wp-json\/wp\/v2\/posts"}],"about":[{"href":"https:\/\/www.article-marketing.eu\/comunicatistampa\/wp-json\/wp\/v2\/types\/post"}],"author":[{"embeddable":true,"href":"https:\/\/www.article-marketing.eu\/comunicatistampa\/wp-json\/wp\/v2\/users\/5971"}],"replies":[{"embeddable":true,"href":"https:\/\/www.article-marketing.eu\/comunicatistampa\/wp-json\/wp\/v2\/comments?post=15620"}],"version-history":[{"count":2,"href":"https:\/\/www.article-marketing.eu\/comunicatistampa\/wp-json\/wp\/v2\/posts\/15620\/revisions"}],"predecessor-version":[{"id":15642,"href":"https:\/\/www.article-marketing.eu\/comunicatistampa\/wp-json\/wp\/v2\/posts\/15620\/revisions\/15642"}],"wp:attachment":[{"href":"https:\/\/www.article-marketing.eu\/comunicatistampa\/wp-json\/wp\/v2\/media?parent=15620"}],"wp:term":[{"taxonomy":"category","embeddable":true,"href":"https:\/\/www.article-marketing.eu\/comunicatistampa\/wp-json\/wp\/v2\/categories?post=15620"},{"taxonomy":"post_tag","embeddable":true,"href":"https:\/\/www.article-marketing.eu\/comunicatistampa\/wp-json\/wp\/v2\/tags?post=15620"}],"curies":[{"name":"wp","href":"https:\/\/api.w.org\/{rel}","templated":true}]}}