{"id":15700,"date":"2020-08-24T19:25:05","date_gmt":"2020-08-24T17:25:05","guid":{"rendered":"https:\/\/www.article-marketing.eu\/comunicatistampa\/?p=15700"},"modified":"2020-08-24T19:25:05","modified_gmt":"2020-08-24T17:25:05","slug":"la-bellezza-dellarredo-giardino-in-polyrattan","status":"publish","type":"post","link":"https:\/\/www.article-marketing.eu\/comunicatistampa\/la-bellezza-dellarredo-giardino-in-polyrattan\/","title":{"rendered":"La bellezza dell&#8217;arredo giardino in polyrattan"},"content":{"rendered":"<p>D\u2019estate il giardino \u00e8 uno spazio che viene vissuto al 100%. Per questo motivo \u00e8 fondamentale avere dei mobili di <b>arredo giardino,<\/b> un piccolo <b>salotto da esterno<\/b> che sia al contempo esteticamente gradevole, comodo ed economico. <a href=\"https:\/\/www.eurobrico.com\/it\/prodotti\/arredo-giardino\/\">Da Eurobrico sono disponibili diversi elementi per l\u2019arredo giardino<\/a> realizzati con materiali resistenti e durevoli, come il polyrattan. Questa tipologia di arredo giardino \u00e8 riconoscibile, per via delle tipiche fibre intrecciate tipiche del legno rattan, che creano suggestioni dal sapore vintage, ma con materiali molto attuali. Il polyrattan viene particolarmente utilizzato ed \u00e8 sicuramente attualissimo: lo potete trovare in diverse tipologie di mobili per l&#8217;arredo giardino, che rendono pi\u00f9 belle ed eleganti le verande, i portici, i giardini e gli spazi verdi di ogni casa.<\/p>\n<h2>Scopri il polyrattan per l\u2019arredo giardino<\/h2>\n<p>Il polyrattan \u00e8 un tipo di materiale che, in quanto ad effetto visivo \u00e8 simile al rattan, legno che deriva dalla lavorazione di un particolare tipo di palma. Il polyrattan \u00e8 la scelta ideale per un <b>salottino da esterno economico<\/b>, che potr\u00e0 essere inserito in un portico o in una veranda. Un <b>set giardino in <\/b><b>polyrattan<\/b> di Eurobrico sar\u00e0 capace di resistere agli agenti atmosferici, poich\u00e9 si tratta di un materiale molto particolare che non \u00e8 n\u00e9 legno n\u00e9 plastica, ed \u00e8 solido e resistente nel tempo.<\/p>\n<h2><img loading=\"lazy\" decoding=\"async\" src=\"https:\/\/www.eurobrico.com\/foto\/foto_ftp\/ING\/000378797_FR_salottino-Bahia-da-esterno-arredo-giardino-3.jpg\" alt=\"arredo giardino in polyrattan\" width=\"900\" height=\"1000\" \/><\/h2>\n<h2>Perch\u00e9 scegliere un set arredo giardino in polyrattan?<\/h2>\n<p>I <b>salotti da esterno<\/b> per l\u2019arredo giardino Eurobrico in polyrattan sono:<\/p>\n<ul>\n<li>leggeri, con tavoli e sedie facilmente trasportabili<\/li>\n<li>resistenti agli agenti atmosferici, agli urti e a danneggiamenti<\/li>\n<li>belli esteticamente<\/li>\n<li>facilmente lavabili: richiedono poca manutenzione.<\/li>\n<\/ul>\n<h2>L\u2019eleganza di un salotto in giardino<\/h2>\n<p>Scegliete da Eurobrico l\u2019<b>arredo giardino pi\u00f9 giusto per la vostra casa<\/b>: il marrone dar\u00e0 al set da giardino un tocco retr\u00f2, il bianco far\u00e0 pensare al mare. Personalizzate il vostro <b>salotto da giardino in polyrattan<\/b> con cuscini e schienali dedicati, per adattarlo alle vostre esigenze e ai vostri gusti.<\/p>\n","protected":false},"excerpt":{"rendered":"<p>D\u2019estate il giardino \u00e8 uno spazio che viene vissuto al 100%. Per questo motivo \u00e8 fondamentale avere dei mobili di arredo giardino, un piccolo salotto da esterno che sia al contempo esteticamente gradevole, comodo ed economico. Da Eurobrico sono disponibili diversi elementi per l\u2019arredo giardino realizzati con materiali resistenti e durevoli, come il polyrattan. Questa tipologia di arredo giardino \u00e8 riconoscibile, per via delle tipiche fibre intrecciate tipiche del legno<\/p>\n<p><a class=\"continue-reading\" href=\"https:\/\/www.article-marketing.eu\/comunicatistampa\/la-bellezza-dellarredo-giardino-in-polyrattan\/\">Continue reading&#8230;<\/a><\/p>\n","protected":false},"author":679,"featured_media":0,"comment_status":"open","ping_status":"open","sticky":false,"template":"","format":"standard","meta":{"_monsterinsights_skip_tracking":false,"_monsterinsights_sitenote_active":false,"_monsterinsights_sitenote_note":"","_monsterinsights_sitenote_category":0,"footnotes":""},"categories":[405],"tags":[6500,6502,6501],"class_list":["post-15700","post","type-post","status-publish","format-standard","hentry","category-esterni","tag-arredo-giardino","tag-mobili-da-giardino","tag-salotto-giardino"],"yoast_head":"<!-- This site is optimized with the Yoast SEO plugin v27.3 - https:\/\/yoast.com\/product\/yoast-seo-wordpress\/ -->\n<title>La bellezza dell&#039;arredo giardino in polyrattan - Article Marketing<\/title>\n<meta name=\"robots\" content=\"index, follow, max-snippet:-1, max-image-preview:large, max-video-preview:-1\" \/>\n<link rel=\"canonical\" href=\"https:\/\/www.article-marketing.eu\/comunicatistampa\/la-bellezza-dellarredo-giardino-in-polyrattan\/\" \/>\n<meta property=\"og:locale\" content=\"it_IT\" \/>\n<meta property=\"og:type\" content=\"article\" \/>\n<meta property=\"og:title\" content=\"La bellezza dell&#039;arredo giardino in polyrattan - Article Marketing\" \/>\n<meta property=\"og:description\" content=\"D\u2019estate il giardino \u00e8 uno spazio che viene vissuto al 100%. Per questo motivo \u00e8 fondamentale avere dei mobili di arredo giardino, un piccolo salotto da esterno che sia al contempo esteticamente gradevole, comodo ed economico. Da Eurobrico sono disponibili diversi elementi per l\u2019arredo giardino realizzati con materiali resistenti e durevoli, come il polyrattan. Questa tipologia di arredo giardino \u00e8 riconoscibile, per via delle tipiche fibre intrecciate tipiche del legnoContinue reading...\" \/>\n<meta property=\"og:url\" content=\"https:\/\/www.article-marketing.eu\/comunicatistampa\/la-bellezza-dellarredo-giardino-in-polyrattan\/\" \/>\n<meta property=\"og:site_name\" content=\"Article Marketing\" \/>\n<meta property=\"article:published_time\" content=\"2020-08-24T17:25:05+00:00\" \/>\n<meta property=\"og:image\" content=\"https:\/\/www.eurobrico.com\/foto\/foto_ftp\/ING\/000378797_FR_salottino-Bahia-da-esterno-arredo-giardino-3.jpg\" \/>\n<meta name=\"author\" content=\"eleonoragasparella\" \/>\n<meta name=\"twitter:card\" content=\"summary_large_image\" \/>\n<meta name=\"twitter:label1\" content=\"Scritto da\" \/>\n\t<meta name=\"twitter:data1\" content=\"eleonoragasparella\" \/>\n\t<meta name=\"twitter:label2\" content=\"Tempo di lettura stimato\" \/>\n\t<meta name=\"twitter:data2\" content=\"2 minuti\" \/>\n<script type=\"application\/ld+json\" class=\"yoast-schema-graph\">{\"@context\":\"https:\\\/\\\/schema.org\",\"@graph\":[{\"@type\":\"Article\",\"@id\":\"https:\\\/\\\/www.article-marketing.eu\\\/comunicatistampa\\\/la-bellezza-dellarredo-giardino-in-polyrattan\\\/#article\",\"isPartOf\":{\"@id\":\"https:\\\/\\\/www.article-marketing.eu\\\/comunicatistampa\\\/la-bellezza-dellarredo-giardino-in-polyrattan\\\/\"},\"author\":{\"name\":\"eleonoragasparella\",\"@id\":\"https:\\\/\\\/www.article-marketing.eu\\\/comunicatistampa\\\/#\\\/schema\\\/person\\\/2c22d5dadd1f824d4135761590a80be2\"},\"headline\":\"La bellezza dell&#8217;arredo giardino in polyrattan\",\"datePublished\":\"2020-08-24T17:25:05+00:00\",\"mainEntityOfPage\":{\"@id\":\"https:\\\/\\\/www.article-marketing.eu\\\/comunicatistampa\\\/la-bellezza-dellarredo-giardino-in-polyrattan\\\/\"},\"wordCount\":313,\"commentCount\":0,\"image\":{\"@id\":\"https:\\\/\\\/www.article-marketing.eu\\\/comunicatistampa\\\/la-bellezza-dellarredo-giardino-in-polyrattan\\\/#primaryimage\"},\"thumbnailUrl\":\"https:\\\/\\\/www.eurobrico.com\\\/foto\\\/foto_ftp\\\/ING\\\/000378797_FR_salottino-Bahia-da-esterno-arredo-giardino-3.jpg\",\"keywords\":[\"arredo giardino\",\"mobili da giardino\",\"salotto giardino\"],\"articleSection\":[\"Esterni\"],\"inLanguage\":\"it-IT\",\"potentialAction\":[{\"@type\":\"CommentAction\",\"name\":\"Comment\",\"target\":[\"https:\\\/\\\/www.article-marketing.eu\\\/comunicatistampa\\\/la-bellezza-dellarredo-giardino-in-polyrattan\\\/#respond\"]}]},{\"@type\":\"WebPage\",\"@id\":\"https:\\\/\\\/www.article-marketing.eu\\\/comunicatistampa\\\/la-bellezza-dellarredo-giardino-in-polyrattan\\\/\",\"url\":\"https:\\\/\\\/www.article-marketing.eu\\\/comunicatistampa\\\/la-bellezza-dellarredo-giardino-in-polyrattan\\\/\",\"name\":\"La bellezza dell'arredo giardino in polyrattan - Article Marketing\",\"isPartOf\":{\"@id\":\"https:\\\/\\\/www.article-marketing.eu\\\/comunicatistampa\\\/#website\"},\"primaryImageOfPage\":{\"@id\":\"https:\\\/\\\/www.article-marketing.eu\\\/comunicatistampa\\\/la-bellezza-dellarredo-giardino-in-polyrattan\\\/#primaryimage\"},\"image\":{\"@id\":\"https:\\\/\\\/www.article-marketing.eu\\\/comunicatistampa\\\/la-bellezza-dellarredo-giardino-in-polyrattan\\\/#primaryimage\"},\"thumbnailUrl\":\"https:\\\/\\\/www.eurobrico.com\\\/foto\\\/foto_ftp\\\/ING\\\/000378797_FR_salottino-Bahia-da-esterno-arredo-giardino-3.jpg\",\"datePublished\":\"2020-08-24T17:25:05+00:00\",\"author\":{\"@id\":\"https:\\\/\\\/www.article-marketing.eu\\\/comunicatistampa\\\/#\\\/schema\\\/person\\\/2c22d5dadd1f824d4135761590a80be2\"},\"breadcrumb\":{\"@id\":\"https:\\\/\\\/www.article-marketing.eu\\\/comunicatistampa\\\/la-bellezza-dellarredo-giardino-in-polyrattan\\\/#breadcrumb\"},\"inLanguage\":\"it-IT\",\"potentialAction\":[{\"@type\":\"ReadAction\",\"target\":[\"https:\\\/\\\/www.article-marketing.eu\\\/comunicatistampa\\\/la-bellezza-dellarredo-giardino-in-polyrattan\\\/\"]}]},{\"@type\":\"ImageObject\",\"inLanguage\":\"it-IT\",\"@id\":\"https:\\\/\\\/www.article-marketing.eu\\\/comunicatistampa\\\/la-bellezza-dellarredo-giardino-in-polyrattan\\\/#primaryimage\",\"url\":\"https:\\\/\\\/www.eurobrico.com\\\/foto\\\/foto_ftp\\\/ING\\\/000378797_FR_salottino-Bahia-da-esterno-arredo-giardino-3.jpg\",\"contentUrl\":\"https:\\\/\\\/www.eurobrico.com\\\/foto\\\/foto_ftp\\\/ING\\\/000378797_FR_salottino-Bahia-da-esterno-arredo-giardino-3.jpg\"},{\"@type\":\"BreadcrumbList\",\"@id\":\"https:\\\/\\\/www.article-marketing.eu\\\/comunicatistampa\\\/la-bellezza-dellarredo-giardino-in-polyrattan\\\/#breadcrumb\",\"itemListElement\":[{\"@type\":\"ListItem\",\"position\":1,\"name\":\"Home\",\"item\":\"https:\\\/\\\/www.article-marketing.eu\\\/comunicatistampa\\\/\"},{\"@type\":\"ListItem\",\"position\":2,\"name\":\"La bellezza dell&#8217;arredo giardino in polyrattan\"}]},{\"@type\":\"WebSite\",\"@id\":\"https:\\\/\\\/www.article-marketing.eu\\\/comunicatistampa\\\/#website\",\"url\":\"https:\\\/\\\/www.article-marketing.eu\\\/comunicatistampa\\\/\",\"name\":\"Article Marketing\",\"description\":\"article marketing &amp; press release\",\"potentialAction\":[{\"@type\":\"SearchAction\",\"target\":{\"@type\":\"EntryPoint\",\"urlTemplate\":\"https:\\\/\\\/www.article-marketing.eu\\\/comunicatistampa\\\/?s={search_term_string}\"},\"query-input\":{\"@type\":\"PropertyValueSpecification\",\"valueRequired\":true,\"valueName\":\"search_term_string\"}}],\"inLanguage\":\"it-IT\"},{\"@type\":\"Person\",\"@id\":\"https:\\\/\\\/www.article-marketing.eu\\\/comunicatistampa\\\/#\\\/schema\\\/person\\\/2c22d5dadd1f824d4135761590a80be2\",\"name\":\"eleonoragasparella\",\"image\":{\"@type\":\"ImageObject\",\"inLanguage\":\"it-IT\",\"@id\":\"https:\\\/\\\/secure.gravatar.com\\\/avatar\\\/2870ba1e2d41906cd6ddc8c0998c4db30b5853575fe7d527d101eafc7df512f8?s=96&d=mm&r=g\",\"url\":\"https:\\\/\\\/secure.gravatar.com\\\/avatar\\\/2870ba1e2d41906cd6ddc8c0998c4db30b5853575fe7d527d101eafc7df512f8?s=96&d=mm&r=g\",\"contentUrl\":\"https:\\\/\\\/secure.gravatar.com\\\/avatar\\\/2870ba1e2d41906cd6ddc8c0998c4db30b5853575fe7d527d101eafc7df512f8?s=96&d=mm&r=g\",\"caption\":\"eleonoragasparella\"},\"url\":\"https:\\\/\\\/www.article-marketing.eu\\\/comunicatistampa\\\/author\\\/eleonoragasparella\\\/\"}]}<\/script>\n<!-- \/ Yoast SEO plugin. -->","yoast_head_json":{"title":"La bellezza dell'arredo giardino in polyrattan - Article Marketing","robots":{"index":"index","follow":"follow","max-snippet":"max-snippet:-1","max-image-preview":"max-image-preview:large","max-video-preview":"max-video-preview:-1"},"canonical":"https:\/\/www.article-marketing.eu\/comunicatistampa\/la-bellezza-dellarredo-giardino-in-polyrattan\/","og_locale":"it_IT","og_type":"article","og_title":"La bellezza dell'arredo giardino in polyrattan - Article Marketing","og_description":"D\u2019estate il giardino \u00e8 uno spazio che viene vissuto al 100%. Per questo motivo \u00e8 fondamentale avere dei mobili di arredo giardino, un piccolo salotto da esterno che sia al contempo esteticamente gradevole, comodo ed economico. Da Eurobrico sono disponibili diversi elementi per l\u2019arredo giardino realizzati con materiali resistenti e durevoli, come il polyrattan. Questa tipologia di arredo giardino \u00e8 riconoscibile, per via delle tipiche fibre intrecciate tipiche del legnoContinue reading...","og_url":"https:\/\/www.article-marketing.eu\/comunicatistampa\/la-bellezza-dellarredo-giardino-in-polyrattan\/","og_site_name":"Article Marketing","article_published_time":"2020-08-24T17:25:05+00:00","og_image":[{"url":"https:\/\/www.eurobrico.com\/foto\/foto_ftp\/ING\/000378797_FR_salottino-Bahia-da-esterno-arredo-giardino-3.jpg","type":"","width":"","height":""}],"author":"eleonoragasparella","twitter_card":"summary_large_image","twitter_misc":{"Scritto da":"eleonoragasparella","Tempo di lettura stimato":"2 minuti"},"schema":{"@context":"https:\/\/schema.org","@graph":[{"@type":"Article","@id":"https:\/\/www.article-marketing.eu\/comunicatistampa\/la-bellezza-dellarredo-giardino-in-polyrattan\/#article","isPartOf":{"@id":"https:\/\/www.article-marketing.eu\/comunicatistampa\/la-bellezza-dellarredo-giardino-in-polyrattan\/"},"author":{"name":"eleonoragasparella","@id":"https:\/\/www.article-marketing.eu\/comunicatistampa\/#\/schema\/person\/2c22d5dadd1f824d4135761590a80be2"},"headline":"La bellezza dell&#8217;arredo giardino in polyrattan","datePublished":"2020-08-24T17:25:05+00:00","mainEntityOfPage":{"@id":"https:\/\/www.article-marketing.eu\/comunicatistampa\/la-bellezza-dellarredo-giardino-in-polyrattan\/"},"wordCount":313,"commentCount":0,"image":{"@id":"https:\/\/www.article-marketing.eu\/comunicatistampa\/la-bellezza-dellarredo-giardino-in-polyrattan\/#primaryimage"},"thumbnailUrl":"https:\/\/www.eurobrico.com\/foto\/foto_ftp\/ING\/000378797_FR_salottino-Bahia-da-esterno-arredo-giardino-3.jpg","keywords":["arredo giardino","mobili da giardino","salotto giardino"],"articleSection":["Esterni"],"inLanguage":"it-IT","potentialAction":[{"@type":"CommentAction","name":"Comment","target":["https:\/\/www.article-marketing.eu\/comunicatistampa\/la-bellezza-dellarredo-giardino-in-polyrattan\/#respond"]}]},{"@type":"WebPage","@id":"https:\/\/www.article-marketing.eu\/comunicatistampa\/la-bellezza-dellarredo-giardino-in-polyrattan\/","url":"https:\/\/www.article-marketing.eu\/comunicatistampa\/la-bellezza-dellarredo-giardino-in-polyrattan\/","name":"La bellezza dell'arredo giardino in polyrattan - Article Marketing","isPartOf":{"@id":"https:\/\/www.article-marketing.eu\/comunicatistampa\/#website"},"primaryImageOfPage":{"@id":"https:\/\/www.article-marketing.eu\/comunicatistampa\/la-bellezza-dellarredo-giardino-in-polyrattan\/#primaryimage"},"image":{"@id":"https:\/\/www.article-marketing.eu\/comunicatistampa\/la-bellezza-dellarredo-giardino-in-polyrattan\/#primaryimage"},"thumbnailUrl":"https:\/\/www.eurobrico.com\/foto\/foto_ftp\/ING\/000378797_FR_salottino-Bahia-da-esterno-arredo-giardino-3.jpg","datePublished":"2020-08-24T17:25:05+00:00","author":{"@id":"https:\/\/www.article-marketing.eu\/comunicatistampa\/#\/schema\/person\/2c22d5dadd1f824d4135761590a80be2"},"breadcrumb":{"@id":"https:\/\/www.article-marketing.eu\/comunicatistampa\/la-bellezza-dellarredo-giardino-in-polyrattan\/#breadcrumb"},"inLanguage":"it-IT","potentialAction":[{"@type":"ReadAction","target":["https:\/\/www.article-marketing.eu\/comunicatistampa\/la-bellezza-dellarredo-giardino-in-polyrattan\/"]}]},{"@type":"ImageObject","inLanguage":"it-IT","@id":"https:\/\/www.article-marketing.eu\/comunicatistampa\/la-bellezza-dellarredo-giardino-in-polyrattan\/#primaryimage","url":"https:\/\/www.eurobrico.com\/foto\/foto_ftp\/ING\/000378797_FR_salottino-Bahia-da-esterno-arredo-giardino-3.jpg","contentUrl":"https:\/\/www.eurobrico.com\/foto\/foto_ftp\/ING\/000378797_FR_salottino-Bahia-da-esterno-arredo-giardino-3.jpg"},{"@type":"BreadcrumbList","@id":"https:\/\/www.article-marketing.eu\/comunicatistampa\/la-bellezza-dellarredo-giardino-in-polyrattan\/#breadcrumb","itemListElement":[{"@type":"ListItem","position":1,"name":"Home","item":"https:\/\/www.article-marketing.eu\/comunicatistampa\/"},{"@type":"ListItem","position":2,"name":"La bellezza dell&#8217;arredo giardino in polyrattan"}]},{"@type":"WebSite","@id":"https:\/\/www.article-marketing.eu\/comunicatistampa\/#website","url":"https:\/\/www.article-marketing.eu\/comunicatistampa\/","name":"Article Marketing","description":"article marketing &amp; press release","potentialAction":[{"@type":"SearchAction","target":{"@type":"EntryPoint","urlTemplate":"https:\/\/www.article-marketing.eu\/comunicatistampa\/?s={search_term_string}"},"query-input":{"@type":"PropertyValueSpecification","valueRequired":true,"valueName":"search_term_string"}}],"inLanguage":"it-IT"},{"@type":"Person","@id":"https:\/\/www.article-marketing.eu\/comunicatistampa\/#\/schema\/person\/2c22d5dadd1f824d4135761590a80be2","name":"eleonoragasparella","image":{"@type":"ImageObject","inLanguage":"it-IT","@id":"https:\/\/secure.gravatar.com\/avatar\/2870ba1e2d41906cd6ddc8c0998c4db30b5853575fe7d527d101eafc7df512f8?s=96&d=mm&r=g","url":"https:\/\/secure.gravatar.com\/avatar\/2870ba1e2d41906cd6ddc8c0998c4db30b5853575fe7d527d101eafc7df512f8?s=96&d=mm&r=g","contentUrl":"https:\/\/secure.gravatar.com\/avatar\/2870ba1e2d41906cd6ddc8c0998c4db30b5853575fe7d527d101eafc7df512f8?s=96&d=mm&r=g","caption":"eleonoragasparella"},"url":"https:\/\/www.article-marketing.eu\/comunicatistampa\/author\/eleonoragasparella\/"}]}},"_links":{"self":[{"href":"https:\/\/www.article-marketing.eu\/comunicatistampa\/wp-json\/wp\/v2\/posts\/15700","targetHints":{"allow":["GET"]}}],"collection":[{"href":"https:\/\/www.article-marketing.eu\/comunicatistampa\/wp-json\/wp\/v2\/posts"}],"about":[{"href":"https:\/\/www.article-marketing.eu\/comunicatistampa\/wp-json\/wp\/v2\/types\/post"}],"author":[{"embeddable":true,"href":"https:\/\/www.article-marketing.eu\/comunicatistampa\/wp-json\/wp\/v2\/users\/679"}],"replies":[{"embeddable":true,"href":"https:\/\/www.article-marketing.eu\/comunicatistampa\/wp-json\/wp\/v2\/comments?post=15700"}],"version-history":[{"count":3,"href":"https:\/\/www.article-marketing.eu\/comunicatistampa\/wp-json\/wp\/v2\/posts\/15700\/revisions"}],"predecessor-version":[{"id":15710,"href":"https:\/\/www.article-marketing.eu\/comunicatistampa\/wp-json\/wp\/v2\/posts\/15700\/revisions\/15710"}],"wp:attachment":[{"href":"https:\/\/www.article-marketing.eu\/comunicatistampa\/wp-json\/wp\/v2\/media?parent=15700"}],"wp:term":[{"taxonomy":"category","embeddable":true,"href":"https:\/\/www.article-marketing.eu\/comunicatistampa\/wp-json\/wp\/v2\/categories?post=15700"},{"taxonomy":"post_tag","embeddable":true,"href":"https:\/\/www.article-marketing.eu\/comunicatistampa\/wp-json\/wp\/v2\/tags?post=15700"}],"curies":[{"name":"wp","href":"https:\/\/api.w.org\/{rel}","templated":true}]}}